{"id":12991,"date":"2009-03-06T18:08:33","date_gmt":"2009-03-06T17:08:33","guid":{"rendered":"http:\/\/www.visit-ulcinj.com\/blog\/?p=12991"},"modified":"2009-03-06T18:08:33","modified_gmt":"2009-03-06T17:08:33","slug":"mjekimi-i-semundjeve-kronike-me-faktore-natyrore-ne-rrethin-e-ulqinit","status":"publish","type":"post","link":"https:\/\/www.visit-ulcinj.com\/blog\/2009\/03\/06\/mjekimi-i-semundjeve-kronike-me-faktore-natyrore-ne-rrethin-e-ulqinit\/","title":{"rendered":"Mjekimi i s\u00ebmundjeve kronike me faktor\u00eb natyror\u00eb n\u00eb rrethin e Ulqinit"},"content":{"rendered":"<p><a href=\"http:\/\/www.visit-ulcinj.com\/blog\/wp-content\/uploads\/2009\/03\/libri-i-prim-dr-gani-karamanaga.jpg\"><img loading=\"lazy\" class=\"alignleft size-full wp-image-12992\" title=\"libri-i-prim-dr-gani-karamanaga\" src=\"http:\/\/www.visit-ulcinj.com\/blog\/wp-content\/uploads\/2009\/03\/libri-i-prim-dr-gani-karamanaga.jpg\" alt=\"libri-i-prim-dr-gani-karamanaga\" width=\"330\" height=\"484\" srcset=\"https:\/\/www.visit-ulcinj.com\/blog\/wp-content\/uploads\/2009\/03\/libri-i-prim-dr-gani-karamanaga.jpg 330w, https:\/\/www.visit-ulcinj.com\/blog\/wp-content\/uploads\/2009\/03\/libri-i-prim-dr-gani-karamanaga-204x300.jpg 204w\" sizes=\"(max-width: 330px) 100vw, 330px\" \/><\/a>N\u00eb punimin e vet, prim. Dr Gani Karamanaga merret me 7 faktor\u00eb natyror\u00eb n\u00eb rrethin e Ulqinit, t\u00eb cil\u00ebt mund t\u00eb p\u00ebrmir\u00ebsojn\u00eb sh\u00ebndetin, ose edhe t\u00eb sh\u00ebrojn\u00eb shum\u00eb s\u00ebmundje kronike. K\u00ebta jan\u00eb uji i detit me ngroht\u00ebsin\u00eb e p\u00ebrshtatshme n\u00eb koh\u00ebn e ver\u00ebs, uji mineral sulfurik me temperatur\u00eb 140C, kripa e detit me p\u00ebrqen-drime t\u00eb ndryshme, r\u00ebra e nxeht\u00eb me nj\u00eb radioaktivitet t\u00eb leht\u00eb, balta mjekuese me ndikim termik dhe kimik, kripa e but\u00eb e l\u00ebngshme prej kripores s\u00eb Ulqinit, si dhe klima e but\u00eb bregdetare mediterane.<br \/>\nPra, jan\u00eb k\u00ebta t\u00eb gjith\u00eb faktor\u00ebt q\u00eb mund\u00ebsojn\u00eb zhvillimin e nj\u00eb turizmi sh\u00ebndet\u00ebsor.<br \/>\nN\u00eb suaza t\u00eb k\u00ebtyre faktor\u00ebve, autori Karamanaga p\u00ebrmend edhe aktivitete t\u00eb shumta rekreative. Sporti, notimi, sh\u00ebtitja n\u00eb bregdet n\u00ebn pisha ose n\u00ebp\u00ebr ullisht\u00eb, rrezatimi n\u00eb diell, jan\u00eb faktor\u00eb q\u00eb e rrisin imunitetin e organizmit, mund t\u00eb parandalojn\u00eb shfaqjen e s\u00ebmundjes, t\u00eb p\u00ebrmir\u00ebsojn\u00eb ose edhe t\u00eb sh\u00ebrojn\u00eb s\u00ebmundjen, si dhe t\u00eb shpejtojn\u00eb rehabilitimin e t\u00eb s\u00ebmurit. T\u00eb gjith\u00eb k\u00ebta faktor\u00eb natyror\u00eb mund t\u00eb shfryt\u00ebzohen gjat\u00eb krejt vitit.<br \/>\nK\u00ebta faktor\u00eb mund t\u00eb jen\u00eb t\u00eb dobish\u00ebm p\u00ebr mjekimin e s\u00ebmundjeve kronike gjinekologjike (posa\u00e7\u00ebrisht steriliteti par\u00ebsor dhe ai dyt\u00ebsor), p\u00ebr rehabilitimin mbas intervenimeve kirurgjike, p\u00ebr mjekimin dhe rehabilitimin e t\u00eb s\u00ebmur\u00ebve t\u00eb sistemit lokomotor, si edhe p\u00ebr disa s\u00ebmundje nervore dhe psikike, p\u00ebr mjekimin dhe rehabilitimin e disa s\u00ebmundjeve t\u00eb l\u00ebkur\u00ebs (duke p\u00ebrfshir\u00eb k\u00ebtu edhe sindrom\u00ebn varikoze pa varra), p\u00ebr mjekimin e astm\u00ebs dhe s\u00ebmundjeve pulmonare obstruktive kronike, pastaj t\u00eb organeve gastrointestinale dhe t\u00eb gj\u00ebndr\u00ebs tireoide.<br \/>\nAutori Karamanaga \u00ebsht\u00eb marr\u00eb koh\u00eb t\u00eb gjat\u00eb me mjekimin e astm\u00ebs bronkiale dhe t\u00eb s\u00ebmundjeve pulmonare obstruktive kronike. Ai v\u00ebrteton q\u00eb mikroklima e trev\u00ebs s\u00eb Ulqinit paraqet nj\u00eb faktor shum\u00eb t\u00eb r\u00ebnd\u00ebsish\u00ebm, ku gati gjat\u00eb krejt vitit mund t\u00eb aplikohen faktor\u00ebt natyror\u00eb p\u00ebr mjekimin dhe parandalimin e k\u00ebtyre s\u00ebmundjeve. K\u00ebtu posa\u00e7\u00ebrisht ndihmon aerosoli, i pasur me ozon, oksigjen, jod, natriumklorid. Aerosoli krijohet gjat\u00eb shpartallimit t\u00eb tallazeve n\u00ebp\u00ebr shk\u00ebmbinj. Aktivitetet rekreative nuk i ndalohen t\u00eb s\u00ebmurit. Astma dhe sporti mund t\u00eb q\u00ebndrojn\u00eb s\u00eb bashku.<br \/>\nN\u00eb baz\u00ebn e t\u00eb dh\u00ebnave t\u00eb autorit, lirisht mund t\u00eb thuhet, q\u00eb faktor\u00ebt natyror\u00eb t\u00eb Ulqinit, si terapi plot\u00ebsuese e asaj medikamentoze, e leht\u00ebsojn\u00eb dhe e p\u00ebrmir\u00ebsojn\u00eb astm\u00ebn bronkiale, si dhe s\u00ebmundjet pulmonare obstruktive kronike.<br \/>\nDhe n\u00eb fund nj\u00eb porosi. Ideja e autorit p\u00ebr zhvillimin e turizmit sh\u00ebndet\u00ebsor n\u00eb Ulqin duhet t\u00eb p\u00ebrkrahet prej t\u00eb gjith\u00ebve, e sidomos prej atyre n\u00eb pozita vendimmarr\u00ebse.<\/p>\n<p><strong><br \/>\nProf. Dr Sim\u00eb Gjon Dobreci <\/strong><\/p>\n<p><strong>Burimi \/ <\/strong><strong><a title=\"buzuku\" href=\"http:\/\/www.buzuku.cg.yu\/Arkivi\/Arkivi_1.htm\" target=\"_blank\"><span style=\"font-family: Tahoma; font-size: x-small;\">www.buzuku.cg.yu<\/span><\/a><\/strong><\/p>\n","protected":false},"excerpt":{"rendered":"<p>N\u00eb punimin e vet, prim. Dr Gani Karamanaga merret me 7 faktor\u00eb natyror\u00eb n\u00eb rrethin e Ulqinit, t\u00eb cil\u00ebt mund t\u00eb p\u00ebrmir\u00ebsojn\u00eb sh\u00ebndetin, ose edhe t\u00eb sh\u00ebrojn\u00eb shum\u00eb s\u00ebmundje kronike. K\u00ebta jan\u00eb uji i detit me ngroht\u00ebsin\u00eb e p\u00ebrshtatshme n\u00eb koh\u00ebn e ver\u00ebs, uji mineral sulfurik me temperatur\u00eb 140C, kripa e detit me p\u00ebrqen-drime t\u00eb [&hellip;]<\/p>\n","protected":false},"author":1,"featured_media":0,"comment_status":"open","ping_status":"closed","sticky":false,"template":"","format":"standard","meta":{"spay_email":"","jetpack_publicize_message":"","jetpack_is_tweetstorm":false,"jetpack_publicize_feature_enabled":true},"categories":[4],"tags":[7527,95,3478,7528,200,18,837],"jetpack_publicize_connections":[],"yoast_head":"<!-- This site is optimized with the Yoast SEO plugin v19.1 - https:\/\/yoast.com\/wordpress\/plugins\/seo\/ -->\n<title>Mjekimi i s\u00ebmundjeve kronike me faktor\u00eb natyror\u00eb n\u00eb rrethin e Ulqinit - Lajme nga Ulqini<\/title>\n<meta name=\"description\" content=\"N\u00eb punimin e vet, prim. Dr Gani Karamanaga merret me 7 faktor\u00eb natyror\u00eb n\u00eb rrethin e Ulqinit, t\u00eb cil\u00ebt mund t\u00eb p\u00ebrmir\u00ebsojn\u00eb sh\u00ebndetin, ose edhe t\u00eb\" \/>\n<meta name=\"robots\" content=\"index, follow, max-snippet:-1, max-image-preview:large, max-video-preview:-1\" \/>\n<link rel=\"canonical\" href=\"https:\/\/www.visit-ulcinj.com\/blog\/2009\/03\/06\/mjekimi-i-semundjeve-kronike-me-faktore-natyrore-ne-rrethin-e-ulqinit\/\" \/>\n<meta property=\"og:locale\" content=\"en_US\" \/>\n<meta property=\"og:type\" content=\"article\" \/>\n<meta property=\"og:title\" content=\"Mjekimi i s\u00ebmundjeve kronike me faktor\u00eb natyror\u00eb n\u00eb rrethin e Ulqinit - Lajme nga Ulqini\" \/>\n<meta property=\"og:description\" content=\"N\u00eb punimin e vet, prim. Dr Gani Karamanaga merret me 7 faktor\u00eb natyror\u00eb n\u00eb rrethin e Ulqinit, t\u00eb cil\u00ebt mund t\u00eb p\u00ebrmir\u00ebsojn\u00eb sh\u00ebndetin, ose edhe t\u00eb\" \/>\n<meta property=\"og:url\" content=\"https:\/\/www.visit-ulcinj.com\/blog\/2009\/03\/06\/mjekimi-i-semundjeve-kronike-me-faktore-natyrore-ne-rrethin-e-ulqinit\/\" \/>\n<meta property=\"og:site_name\" content=\"Lajme nga Ulqini\" \/>\n<meta property=\"article:published_time\" content=\"2009-03-06T17:08:33+00:00\" \/>\n<meta property=\"og:image\" content=\"http:\/\/www.visit-ulcinj.com\/blog\/wp-content\/uploads\/2009\/03\/libri-i-prim-dr-gani-karamanaga.jpg\" \/>\n<meta name=\"twitter:label1\" content=\"Written by\" \/>\n\t<meta name=\"twitter:data1\" content=\"ulqini\" \/>\n\t<meta name=\"twitter:label2\" content=\"Est. reading time\" \/>\n\t<meta name=\"twitter:data2\" content=\"2 minutes\" \/>\n<script type=\"application\/ld+json\" class=\"yoast-schema-graph\">{\"@context\":\"https:\/\/schema.org\",\"@graph\":[{\"@type\":\"WebSite\",\"@id\":\"https:\/\/www.visit-ulcinj.com\/blog\/#website\",\"url\":\"https:\/\/www.visit-ulcinj.com\/blog\/\",\"name\":\"Lajme nga Ulqini\",\"description\":\"Lajme,Vijesti,Ulqini,Ulqin,Crna Gora,Mali i Zi\",\"potentialAction\":[{\"@type\":\"SearchAction\",\"target\":{\"@type\":\"EntryPoint\",\"urlTemplate\":\"https:\/\/www.visit-ulcinj.com\/blog\/?s={search_term_string}\"},\"query-input\":\"required name=search_term_string\"}],\"inLanguage\":\"en-US\"},{\"@type\":\"ImageObject\",\"inLanguage\":\"en-US\",\"@id\":\"https:\/\/www.visit-ulcinj.com\/blog\/2009\/03\/06\/mjekimi-i-semundjeve-kronike-me-faktore-natyrore-ne-rrethin-e-ulqinit\/#primaryimage\",\"url\":\"https:\/\/www.visit-ulcinj.com\/blog\/wp-content\/uploads\/2009\/03\/libri-i-prim-dr-gani-karamanaga.jpg\",\"contentUrl\":\"https:\/\/www.visit-ulcinj.com\/blog\/wp-content\/uploads\/2009\/03\/libri-i-prim-dr-gani-karamanaga.jpg\",\"width\":\"330\",\"height\":\"484\"},{\"@type\":\"WebPage\",\"@id\":\"https:\/\/www.visit-ulcinj.com\/blog\/2009\/03\/06\/mjekimi-i-semundjeve-kronike-me-faktore-natyrore-ne-rrethin-e-ulqinit\/#webpage\",\"url\":\"https:\/\/www.visit-ulcinj.com\/blog\/2009\/03\/06\/mjekimi-i-semundjeve-kronike-me-faktore-natyrore-ne-rrethin-e-ulqinit\/\",\"name\":\"Mjekimi i s\u00ebmundjeve kronike me faktor\u00eb natyror\u00eb n\u00eb rrethin e Ulqinit - Lajme nga Ulqini\",\"isPartOf\":{\"@id\":\"https:\/\/www.visit-ulcinj.com\/blog\/#website\"},\"primaryImageOfPage\":{\"@id\":\"https:\/\/www.visit-ulcinj.com\/blog\/2009\/03\/06\/mjekimi-i-semundjeve-kronike-me-faktore-natyrore-ne-rrethin-e-ulqinit\/#primaryimage\"},\"datePublished\":\"2009-03-06T17:08:33+00:00\",\"dateModified\":\"2009-03-06T17:08:33+00:00\",\"author\":{\"@id\":\"https:\/\/www.visit-ulcinj.com\/blog\/#\/schema\/person\/dcab619c614d3038751c63bc2aadc06d\"},\"description\":\"N\u00eb punimin e vet, prim. Dr Gani Karamanaga merret me 7 faktor\u00eb natyror\u00eb n\u00eb rrethin e Ulqinit, t\u00eb cil\u00ebt mund t\u00eb p\u00ebrmir\u00ebsojn\u00eb sh\u00ebndetin, ose edhe t\u00eb\",\"breadcrumb\":{\"@id\":\"https:\/\/www.visit-ulcinj.com\/blog\/2009\/03\/06\/mjekimi-i-semundjeve-kronike-me-faktore-natyrore-ne-rrethin-e-ulqinit\/#breadcrumb\"},\"inLanguage\":\"en-US\",\"potentialAction\":[{\"@type\":\"ReadAction\",\"target\":[\"https:\/\/www.visit-ulcinj.com\/blog\/2009\/03\/06\/mjekimi-i-semundjeve-kronike-me-faktore-natyrore-ne-rrethin-e-ulqinit\/\"]}]},{\"@type\":\"BreadcrumbList\",\"@id\":\"https:\/\/www.visit-ulcinj.com\/blog\/2009\/03\/06\/mjekimi-i-semundjeve-kronike-me-faktore-natyrore-ne-rrethin-e-ulqinit\/#breadcrumb\",\"itemListElement\":[{\"@type\":\"ListItem\",\"position\":1,\"name\":\"Mjekimi i s\u00ebmundjeve kronike me faktor\u00eb natyror\u00eb n\u00eb rrethin e Ulqinit\"}]},{\"@type\":\"Person\",\"@id\":\"https:\/\/www.visit-ulcinj.com\/blog\/#\/schema\/person\/dcab619c614d3038751c63bc2aadc06d\",\"name\":\"ulqini\",\"sameAs\":[\"http:\/\/www.visit-ulcinj.com\"],\"url\":\"https:\/\/www.visit-ulcinj.com\/blog\/author\/admin\/\"}]}<\/script>\n<!-- \/ Yoast SEO plugin. -->","yoast_head_json":{"title":"Mjekimi i s\u00ebmundjeve kronike me faktor\u00eb natyror\u00eb n\u00eb rrethin e Ulqinit - Lajme nga Ulqini","description":"N\u00eb punimin e vet, prim. Dr Gani Karamanaga merret me 7 faktor\u00eb natyror\u00eb n\u00eb rrethin e Ulqinit, t\u00eb cil\u00ebt mund t\u00eb p\u00ebrmir\u00ebsojn\u00eb sh\u00ebndetin, ose edhe t\u00eb","robots":{"index":"index","follow":"follow","max-snippet":"max-snippet:-1","max-image-preview":"max-image-preview:large","max-video-preview":"max-video-preview:-1"},"canonical":"https:\/\/www.visit-ulcinj.com\/blog\/2009\/03\/06\/mjekimi-i-semundjeve-kronike-me-faktore-natyrore-ne-rrethin-e-ulqinit\/","og_locale":"en_US","og_type":"article","og_title":"Mjekimi i s\u00ebmundjeve kronike me faktor\u00eb natyror\u00eb n\u00eb rrethin e Ulqinit - Lajme nga Ulqini","og_description":"N\u00eb punimin e vet, prim. Dr Gani Karamanaga merret me 7 faktor\u00eb natyror\u00eb n\u00eb rrethin e Ulqinit, t\u00eb cil\u00ebt mund t\u00eb p\u00ebrmir\u00ebsojn\u00eb sh\u00ebndetin, ose edhe t\u00eb","og_url":"https:\/\/www.visit-ulcinj.com\/blog\/2009\/03\/06\/mjekimi-i-semundjeve-kronike-me-faktore-natyrore-ne-rrethin-e-ulqinit\/","og_site_name":"Lajme nga Ulqini","article_published_time":"2009-03-06T17:08:33+00:00","og_image":[{"url":"http:\/\/www.visit-ulcinj.com\/blog\/wp-content\/uploads\/2009\/03\/libri-i-prim-dr-gani-karamanaga.jpg"}],"twitter_misc":{"Written by":"ulqini","Est. reading time":"2 minutes"},"schema":{"@context":"https:\/\/schema.org","@graph":[{"@type":"WebSite","@id":"https:\/\/www.visit-ulcinj.com\/blog\/#website","url":"https:\/\/www.visit-ulcinj.com\/blog\/","name":"Lajme nga Ulqini","description":"Lajme,Vijesti,Ulqini,Ulqin,Crna Gora,Mali i Zi","potentialAction":[{"@type":"SearchAction","target":{"@type":"EntryPoint","urlTemplate":"https:\/\/www.visit-ulcinj.com\/blog\/?s={search_term_string}"},"query-input":"required name=search_term_string"}],"inLanguage":"en-US"},{"@type":"ImageObject","inLanguage":"en-US","@id":"https:\/\/www.visit-ulcinj.com\/blog\/2009\/03\/06\/mjekimi-i-semundjeve-kronike-me-faktore-natyrore-ne-rrethin-e-ulqinit\/#primaryimage","url":"https:\/\/www.visit-ulcinj.com\/blog\/wp-content\/uploads\/2009\/03\/libri-i-prim-dr-gani-karamanaga.jpg","contentUrl":"https:\/\/www.visit-ulcinj.com\/blog\/wp-content\/uploads\/2009\/03\/libri-i-prim-dr-gani-karamanaga.jpg","width":"330","height":"484"},{"@type":"WebPage","@id":"https:\/\/www.visit-ulcinj.com\/blog\/2009\/03\/06\/mjekimi-i-semundjeve-kronike-me-faktore-natyrore-ne-rrethin-e-ulqinit\/#webpage","url":"https:\/\/www.visit-ulcinj.com\/blog\/2009\/03\/06\/mjekimi-i-semundjeve-kronike-me-faktore-natyrore-ne-rrethin-e-ulqinit\/","name":"Mjekimi i s\u00ebmundjeve kronike me faktor\u00eb natyror\u00eb n\u00eb rrethin e Ulqinit - Lajme nga Ulqini","isPartOf":{"@id":"https:\/\/www.visit-ulcinj.com\/blog\/#website"},"primaryImageOfPage":{"@id":"https:\/\/www.visit-ulcinj.com\/blog\/2009\/03\/06\/mjekimi-i-semundjeve-kronike-me-faktore-natyrore-ne-rrethin-e-ulqinit\/#primaryimage"},"datePublished":"2009-03-06T17:08:33+00:00","dateModified":"2009-03-06T17:08:33+00:00","author":{"@id":"https:\/\/www.visit-ulcinj.com\/blog\/#\/schema\/person\/dcab619c614d3038751c63bc2aadc06d"},"description":"N\u00eb punimin e vet, prim. Dr Gani Karamanaga merret me 7 faktor\u00eb natyror\u00eb n\u00eb rrethin e Ulqinit, t\u00eb cil\u00ebt mund t\u00eb p\u00ebrmir\u00ebsojn\u00eb sh\u00ebndetin, ose edhe t\u00eb","breadcrumb":{"@id":"https:\/\/www.visit-ulcinj.com\/blog\/2009\/03\/06\/mjekimi-i-semundjeve-kronike-me-faktore-natyrore-ne-rrethin-e-ulqinit\/#breadcrumb"},"inLanguage":"en-US","potentialAction":[{"@type":"ReadAction","target":["https:\/\/www.visit-ulcinj.com\/blog\/2009\/03\/06\/mjekimi-i-semundjeve-kronike-me-faktore-natyrore-ne-rrethin-e-ulqinit\/"]}]},{"@type":"BreadcrumbList","@id":"https:\/\/www.visit-ulcinj.com\/blog\/2009\/03\/06\/mjekimi-i-semundjeve-kronike-me-faktore-natyrore-ne-rrethin-e-ulqinit\/#breadcrumb","itemListElement":[{"@type":"ListItem","position":1,"name":"Mjekimi i s\u00ebmundjeve kronike me faktor\u00eb natyror\u00eb n\u00eb rrethin e Ulqinit"}]},{"@type":"Person","@id":"https:\/\/www.visit-ulcinj.com\/blog\/#\/schema\/person\/dcab619c614d3038751c63bc2aadc06d","name":"ulqini","sameAs":["http:\/\/www.visit-ulcinj.com"],"url":"https:\/\/www.visit-ulcinj.com\/blog\/author\/admin\/"}]}},"jetpack_featured_media_url":"","jetpack_sharing_enabled":true,"jetpack_shortlink":"https:\/\/wp.me\/pe6lTn-3nx","_links":{"self":[{"href":"https:\/\/www.visit-ulcinj.com\/blog\/wp-json\/wp\/v2\/posts\/12991"}],"collection":[{"href":"https:\/\/www.visit-ulcinj.com\/blog\/wp-json\/wp\/v2\/posts"}],"about":[{"href":"https:\/\/www.visit-ulcinj.com\/blog\/wp-json\/wp\/v2\/types\/post"}],"author":[{"embeddable":true,"href":"https:\/\/www.visit-ulcinj.com\/blog\/wp-json\/wp\/v2\/users\/1"}],"replies":[{"embeddable":true,"href":"https:\/\/www.visit-ulcinj.com\/blog\/wp-json\/wp\/v2\/comments?post=12991"}],"version-history":[{"count":0,"href":"https:\/\/www.visit-ulcinj.com\/blog\/wp-json\/wp\/v2\/posts\/12991\/revisions"}],"wp:attachment":[{"href":"https:\/\/www.visit-ulcinj.com\/blog\/wp-json\/wp\/v2\/media?parent=12991"}],"wp:term":[{"taxonomy":"category","embeddable":true,"href":"https:\/\/www.visit-ulcinj.com\/blog\/wp-json\/wp\/v2\/categories?post=12991"},{"taxonomy":"post_tag","embeddable":true,"href":"https:\/\/www.visit-ulcinj.com\/blog\/wp-json\/wp\/v2\/tags?post=12991"}],"curies":[{"name":"wp","href":"https:\/\/api.w.org\/{rel}","templated":true}]}}