{"id":12995,"date":"2009-03-06T18:23:28","date_gmt":"2009-03-06T17:23:28","guid":{"rendered":"http:\/\/www.visit-ulcinj.com\/blog\/?p=12995"},"modified":"2009-03-06T18:29:24","modified_gmt":"2009-03-06T17:29:24","slug":"hajro-ulqinaku-barka-me-visare","status":"publish","type":"post","link":"https:\/\/www.visit-ulcinj.com\/blog\/2009\/03\/06\/hajro-ulqinaku-barka-me-visare\/","title":{"rendered":"Hajro Ulqinaku: Barka me visare"},"content":{"rendered":"<p><a href=\"http:\/\/www.visit-ulcinj.com\/blog\/wp-content\/uploads\/2009\/03\/libri-barka-me-visare-_hajro-ulqinaku.jpg\"><img loading=\"lazy\" class=\"alignleft size-full wp-image-12996\" title=\"libri-barka-me-visare-_hajro-ulqinaku\" src=\"http:\/\/www.visit-ulcinj.com\/blog\/wp-content\/uploads\/2009\/03\/libri-barka-me-visare-_hajro-ulqinaku.jpg\" alt=\"libri-barka-me-visare-_hajro-ulqinaku\" width=\"304\" height=\"487\" \/><\/a>Ende nuk ka mbaruar viti kalendarik dhe nga Asociacioni Ulqini nga Ulqini doli n\u00eb treg dhe nj\u00eb lib\u00ebr me shum\u00eb r\u00ebnd\u00ebsi e i cili \u00ebsht\u00eb i pesti me radh\u00eb k\u00ebt\u00eb vit.<br \/>\nB\u00ebhet fjal\u00eb p\u00ebr botimin e tret\u00eb t\u00eb Bark\u00ebs me visare t\u00eb autorit t\u00eb mir\u00ebnjohur nga Ulqini, z. Hajro Ulqinaku<br \/>\nBarka me visare si\u00e7 thot\u00eb edhe vet\u00eb autori \u00ebsht\u00eb nj\u00eb p\u00ebrmbledhje personale me tregimet m\u00eb t\u00eb bukura t\u00eb cilat ia ka kushtuar detit dhe vendlindjes, fakt ky i pamohuesh\u00ebm pasi q\u00eb ky lib\u00ebr edhe \u00ebsht\u00eb i parashikuar si lektyr\u00eb shkollore p\u00ebr klas\u00ebn e VI t\u00eb shkoll\u00ebs fillore t\u00eb reformuar.<br \/>\nLibri p\u00ebrmban 25 tregime me motive nga deti e q\u00eb padyshim se jan\u00eb shum\u00eb josh\u00ebse p\u00ebr lexuesit tan\u00eb t\u00eb vegj\u00ebl. Autori njeh mir\u00eb jet\u00ebn e njer\u00ebzve t\u00eb bregdetit e ve\u00e7mas shpirtin e etur t\u00eb f\u00ebmij\u00ebve kureshtar\u00eb t\u00eb etur p\u00ebr tema me motive dhe ide nga deti, bregdeti, ishujt, thesaret, pirat\u00ebt, peshkimin, ullishtat mij\u00ebvje\u00e7are. Q\u00eb t\u00eb jet\u00eb sa m\u00eb i k\u00ebndsh\u00ebm dhe m\u00eb i kapsh\u00ebm p\u00ebr lexuesin libri p\u00ebrmban edhe nj\u00eb fjalorth terminologjik t\u00eb fjal\u00ebve lokale t\u00eb cilat fliten n\u00eb Ulqin e q\u00eb kan\u00eb t\u00eb b\u00ebjn\u00eb p\u00ebr detin dhe objektet rreth tij.<br \/>\nLibri i k\u00ebtill\u00eb padyshim se \u00ebsht\u00eb nj\u00eb pasuri e madhe p\u00ebr let\u00ebrsin\u00eb shqipe. Ai paraqet plot\u00ebsim sado t\u00eb vog\u00ebl n\u00eb zbraz\u00ebsin\u00eb e krijuar n\u00eb munges\u00eb t\u00eb mjeteve m\u00ebsimore e posa\u00e7\u00ebrisht t\u00eb lektur\u00ebs shkollore.<br \/>\n<strong>Botoi Asociacioni ULQINI, Ulqin 2008<\/strong><\/p>\n<p><strong>Gazmend \u00c7itaku<\/strong><\/p>\n<p><strong>Burimi \/ <a title=\"buzuku\" href=\"http:\/\/www.buzuku.cg.yu\/Arkivi\/Arkivi_1.htm\" target=\"_blank\">www.buzuku.cg.yu<\/a><\/strong><\/p>\n<p><strong><!--YouTube Error: bad URL entered--><br \/>\n<\/strong><\/p>\n","protected":false},"excerpt":{"rendered":"<p>Ende nuk ka mbaruar viti kalendarik dhe nga Asociacioni Ulqini nga Ulqini doli n\u00eb treg dhe nj\u00eb lib\u00ebr me shum\u00eb r\u00ebnd\u00ebsi e i cili \u00ebsht\u00eb i pesti me radh\u00eb k\u00ebt\u00eb vit. B\u00ebhet fjal\u00eb p\u00ebr botimin e tret\u00eb t\u00eb Bark\u00ebs me visare t\u00eb autorit t\u00eb mir\u00ebnjohur nga Ulqini, z. Hajro Ulqinaku Barka me visare si\u00e7 thot\u00eb [&hellip;]<\/p>\n","protected":false},"author":1,"featured_media":0,"comment_status":"open","ping_status":"closed","sticky":false,"template":"","format":"standard","meta":{"spay_email":"","jetpack_publicize_message":"","jetpack_is_tweetstorm":false,"jetpack_publicize_feature_enabled":true},"categories":[4],"tags":[7532,7530,7529,2735,961,95,200,7531,18],"jetpack_publicize_connections":[],"yoast_head":"<!-- This site is optimized with the Yoast SEO plugin v19.1 - https:\/\/yoast.com\/wordpress\/plugins\/seo\/ -->\n<title>Hajro Ulqinaku: Barka me visare - Lajme nga Ulqini<\/title>\n<meta name=\"description\" content=\"Ende nuk ka mbaruar viti kalendarik dhe nga Asociacioni Ulqini nga Ulqini doli n\u00eb treg dhe nj\u00eb lib\u00ebr me shum\u00eb r\u00ebnd\u00ebsi e i cili \u00ebsht\u00eb i pesti me radh\u00eb k\u00ebt\u00eb\" \/>\n<meta name=\"robots\" content=\"index, follow, max-snippet:-1, max-image-preview:large, max-video-preview:-1\" \/>\n<link rel=\"canonical\" href=\"https:\/\/www.visit-ulcinj.com\/blog\/2009\/03\/06\/hajro-ulqinaku-barka-me-visare\/\" \/>\n<meta property=\"og:locale\" content=\"en_US\" \/>\n<meta property=\"og:type\" content=\"article\" \/>\n<meta property=\"og:title\" content=\"Hajro Ulqinaku: Barka me visare - Lajme nga Ulqini\" \/>\n<meta property=\"og:description\" content=\"Ende nuk ka mbaruar viti kalendarik dhe nga Asociacioni Ulqini nga Ulqini doli n\u00eb treg dhe nj\u00eb lib\u00ebr me shum\u00eb r\u00ebnd\u00ebsi e i cili \u00ebsht\u00eb i pesti me radh\u00eb k\u00ebt\u00eb\" \/>\n<meta property=\"og:url\" content=\"https:\/\/www.visit-ulcinj.com\/blog\/2009\/03\/06\/hajro-ulqinaku-barka-me-visare\/\" \/>\n<meta property=\"og:site_name\" content=\"Lajme nga Ulqini\" \/>\n<meta property=\"article:published_time\" content=\"2009-03-06T17:23:28+00:00\" \/>\n<meta property=\"article:modified_time\" content=\"2009-03-06T17:29:24+00:00\" \/>\n<meta property=\"og:image\" content=\"http:\/\/www.visit-ulcinj.com\/blog\/wp-content\/uploads\/2009\/03\/libri-barka-me-visare-_hajro-ulqinaku.jpg\" \/>\n<meta name=\"twitter:label1\" content=\"Written by\" \/>\n\t<meta name=\"twitter:data1\" content=\"ulqini\" \/>\n\t<meta name=\"twitter:label2\" content=\"Est. reading time\" \/>\n\t<meta name=\"twitter:data2\" content=\"1 minute\" \/>\n<script type=\"application\/ld+json\" class=\"yoast-schema-graph\">{\"@context\":\"https:\/\/schema.org\",\"@graph\":[{\"@type\":\"WebSite\",\"@id\":\"https:\/\/www.visit-ulcinj.com\/blog\/#website\",\"url\":\"https:\/\/www.visit-ulcinj.com\/blog\/\",\"name\":\"Lajme nga Ulqini\",\"description\":\"Lajme,Vijesti,Ulqini,Ulqin,Crna Gora,Mali i Zi\",\"potentialAction\":[{\"@type\":\"SearchAction\",\"target\":{\"@type\":\"EntryPoint\",\"urlTemplate\":\"https:\/\/www.visit-ulcinj.com\/blog\/?s={search_term_string}\"},\"query-input\":\"required name=search_term_string\"}],\"inLanguage\":\"en-US\"},{\"@type\":\"ImageObject\",\"inLanguage\":\"en-US\",\"@id\":\"https:\/\/www.visit-ulcinj.com\/blog\/2009\/03\/06\/hajro-ulqinaku-barka-me-visare\/#primaryimage\",\"url\":\"https:\/\/www.visit-ulcinj.com\/blog\/wp-content\/uploads\/2009\/03\/libri-barka-me-visare-_hajro-ulqinaku.jpg\",\"contentUrl\":\"https:\/\/www.visit-ulcinj.com\/blog\/wp-content\/uploads\/2009\/03\/libri-barka-me-visare-_hajro-ulqinaku.jpg\",\"width\":\"184\",\"height\":\"295\"},{\"@type\":\"WebPage\",\"@id\":\"https:\/\/www.visit-ulcinj.com\/blog\/2009\/03\/06\/hajro-ulqinaku-barka-me-visare\/#webpage\",\"url\":\"https:\/\/www.visit-ulcinj.com\/blog\/2009\/03\/06\/hajro-ulqinaku-barka-me-visare\/\",\"name\":\"Hajro Ulqinaku: Barka me visare - Lajme nga Ulqini\",\"isPartOf\":{\"@id\":\"https:\/\/www.visit-ulcinj.com\/blog\/#website\"},\"primaryImageOfPage\":{\"@id\":\"https:\/\/www.visit-ulcinj.com\/blog\/2009\/03\/06\/hajro-ulqinaku-barka-me-visare\/#primaryimage\"},\"datePublished\":\"2009-03-06T17:23:28+00:00\",\"dateModified\":\"2009-03-06T17:29:24+00:00\",\"author\":{\"@id\":\"https:\/\/www.visit-ulcinj.com\/blog\/#\/schema\/person\/dcab619c614d3038751c63bc2aadc06d\"},\"description\":\"Ende nuk ka mbaruar viti kalendarik dhe nga Asociacioni Ulqini nga Ulqini doli n\u00eb treg dhe nj\u00eb lib\u00ebr me shum\u00eb r\u00ebnd\u00ebsi e i cili \u00ebsht\u00eb i pesti me radh\u00eb k\u00ebt\u00eb\",\"breadcrumb\":{\"@id\":\"https:\/\/www.visit-ulcinj.com\/blog\/2009\/03\/06\/hajro-ulqinaku-barka-me-visare\/#breadcrumb\"},\"inLanguage\":\"en-US\",\"potentialAction\":[{\"@type\":\"ReadAction\",\"target\":[\"https:\/\/www.visit-ulcinj.com\/blog\/2009\/03\/06\/hajro-ulqinaku-barka-me-visare\/\"]}]},{\"@type\":\"BreadcrumbList\",\"@id\":\"https:\/\/www.visit-ulcinj.com\/blog\/2009\/03\/06\/hajro-ulqinaku-barka-me-visare\/#breadcrumb\",\"itemListElement\":[{\"@type\":\"ListItem\",\"position\":1,\"name\":\"Hajro Ulqinaku: Barka me visare\"}]},{\"@type\":\"Person\",\"@id\":\"https:\/\/www.visit-ulcinj.com\/blog\/#\/schema\/person\/dcab619c614d3038751c63bc2aadc06d\",\"name\":\"ulqini\",\"sameAs\":[\"http:\/\/www.visit-ulcinj.com\"],\"url\":\"https:\/\/www.visit-ulcinj.com\/blog\/author\/admin\/\"}]}<\/script>\n<!-- \/ Yoast SEO plugin. -->","yoast_head_json":{"title":"Hajro Ulqinaku: Barka me visare - Lajme nga Ulqini","description":"Ende nuk ka mbaruar viti kalendarik dhe nga Asociacioni Ulqini nga Ulqini doli n\u00eb treg dhe nj\u00eb lib\u00ebr me shum\u00eb r\u00ebnd\u00ebsi e i cili \u00ebsht\u00eb i pesti me radh\u00eb k\u00ebt\u00eb","robots":{"index":"index","follow":"follow","max-snippet":"max-snippet:-1","max-image-preview":"max-image-preview:large","max-video-preview":"max-video-preview:-1"},"canonical":"https:\/\/www.visit-ulcinj.com\/blog\/2009\/03\/06\/hajro-ulqinaku-barka-me-visare\/","og_locale":"en_US","og_type":"article","og_title":"Hajro Ulqinaku: Barka me visare - Lajme nga Ulqini","og_description":"Ende nuk ka mbaruar viti kalendarik dhe nga Asociacioni Ulqini nga Ulqini doli n\u00eb treg dhe nj\u00eb lib\u00ebr me shum\u00eb r\u00ebnd\u00ebsi e i cili \u00ebsht\u00eb i pesti me radh\u00eb k\u00ebt\u00eb","og_url":"https:\/\/www.visit-ulcinj.com\/blog\/2009\/03\/06\/hajro-ulqinaku-barka-me-visare\/","og_site_name":"Lajme nga Ulqini","article_published_time":"2009-03-06T17:23:28+00:00","article_modified_time":"2009-03-06T17:29:24+00:00","og_image":[{"url":"http:\/\/www.visit-ulcinj.com\/blog\/wp-content\/uploads\/2009\/03\/libri-barka-me-visare-_hajro-ulqinaku.jpg"}],"twitter_misc":{"Written by":"ulqini","Est. reading time":"1 minute"},"schema":{"@context":"https:\/\/schema.org","@graph":[{"@type":"WebSite","@id":"https:\/\/www.visit-ulcinj.com\/blog\/#website","url":"https:\/\/www.visit-ulcinj.com\/blog\/","name":"Lajme nga Ulqini","description":"Lajme,Vijesti,Ulqini,Ulqin,Crna Gora,Mali i Zi","potentialAction":[{"@type":"SearchAction","target":{"@type":"EntryPoint","urlTemplate":"https:\/\/www.visit-ulcinj.com\/blog\/?s={search_term_string}"},"query-input":"required name=search_term_string"}],"inLanguage":"en-US"},{"@type":"ImageObject","inLanguage":"en-US","@id":"https:\/\/www.visit-ulcinj.com\/blog\/2009\/03\/06\/hajro-ulqinaku-barka-me-visare\/#primaryimage","url":"https:\/\/www.visit-ulcinj.com\/blog\/wp-content\/uploads\/2009\/03\/libri-barka-me-visare-_hajro-ulqinaku.jpg","contentUrl":"https:\/\/www.visit-ulcinj.com\/blog\/wp-content\/uploads\/2009\/03\/libri-barka-me-visare-_hajro-ulqinaku.jpg","width":"184","height":"295"},{"@type":"WebPage","@id":"https:\/\/www.visit-ulcinj.com\/blog\/2009\/03\/06\/hajro-ulqinaku-barka-me-visare\/#webpage","url":"https:\/\/www.visit-ulcinj.com\/blog\/2009\/03\/06\/hajro-ulqinaku-barka-me-visare\/","name":"Hajro Ulqinaku: Barka me visare - Lajme nga Ulqini","isPartOf":{"@id":"https:\/\/www.visit-ulcinj.com\/blog\/#website"},"primaryImageOfPage":{"@id":"https:\/\/www.visit-ulcinj.com\/blog\/2009\/03\/06\/hajro-ulqinaku-barka-me-visare\/#primaryimage"},"datePublished":"2009-03-06T17:23:28+00:00","dateModified":"2009-03-06T17:29:24+00:00","author":{"@id":"https:\/\/www.visit-ulcinj.com\/blog\/#\/schema\/person\/dcab619c614d3038751c63bc2aadc06d"},"description":"Ende nuk ka mbaruar viti kalendarik dhe nga Asociacioni Ulqini nga Ulqini doli n\u00eb treg dhe nj\u00eb lib\u00ebr me shum\u00eb r\u00ebnd\u00ebsi e i cili \u00ebsht\u00eb i pesti me radh\u00eb k\u00ebt\u00eb","breadcrumb":{"@id":"https:\/\/www.visit-ulcinj.com\/blog\/2009\/03\/06\/hajro-ulqinaku-barka-me-visare\/#breadcrumb"},"inLanguage":"en-US","potentialAction":[{"@type":"ReadAction","target":["https:\/\/www.visit-ulcinj.com\/blog\/2009\/03\/06\/hajro-ulqinaku-barka-me-visare\/"]}]},{"@type":"BreadcrumbList","@id":"https:\/\/www.visit-ulcinj.com\/blog\/2009\/03\/06\/hajro-ulqinaku-barka-me-visare\/#breadcrumb","itemListElement":[{"@type":"ListItem","position":1,"name":"Hajro Ulqinaku: Barka me visare"}]},{"@type":"Person","@id":"https:\/\/www.visit-ulcinj.com\/blog\/#\/schema\/person\/dcab619c614d3038751c63bc2aadc06d","name":"ulqini","sameAs":["http:\/\/www.visit-ulcinj.com"],"url":"https:\/\/www.visit-ulcinj.com\/blog\/author\/admin\/"}]}},"jetpack_featured_media_url":"","jetpack_sharing_enabled":true,"jetpack_shortlink":"https:\/\/wp.me\/pe6lTn-3nB","_links":{"self":[{"href":"https:\/\/www.visit-ulcinj.com\/blog\/wp-json\/wp\/v2\/posts\/12995"}],"collection":[{"href":"https:\/\/www.visit-ulcinj.com\/blog\/wp-json\/wp\/v2\/posts"}],"about":[{"href":"https:\/\/www.visit-ulcinj.com\/blog\/wp-json\/wp\/v2\/types\/post"}],"author":[{"embeddable":true,"href":"https:\/\/www.visit-ulcinj.com\/blog\/wp-json\/wp\/v2\/users\/1"}],"replies":[{"embeddable":true,"href":"https:\/\/www.visit-ulcinj.com\/blog\/wp-json\/wp\/v2\/comments?post=12995"}],"version-history":[{"count":0,"href":"https:\/\/www.visit-ulcinj.com\/blog\/wp-json\/wp\/v2\/posts\/12995\/revisions"}],"wp:attachment":[{"href":"https:\/\/www.visit-ulcinj.com\/blog\/wp-json\/wp\/v2\/media?parent=12995"}],"wp:term":[{"taxonomy":"category","embeddable":true,"href":"https:\/\/www.visit-ulcinj.com\/blog\/wp-json\/wp\/v2\/categories?post=12995"},{"taxonomy":"post_tag","embeddable":true,"href":"https:\/\/www.visit-ulcinj.com\/blog\/wp-json\/wp\/v2\/tags?post=12995"}],"curies":[{"name":"wp","href":"https:\/\/api.w.org\/{rel}","templated":true}]}}