{"id":13000,"date":"2009-03-06T20:24:26","date_gmt":"2009-03-06T19:24:26","guid":{"rendered":"http:\/\/www.visit-ulcinj.com\/blog\/?p=13000"},"modified":"2009-03-06T20:24:26","modified_gmt":"2009-03-06T19:24:26","slug":"shqiperia-loje-miqesore-me-malin-e-zi-ne-podgorice","status":"publish","type":"post","link":"https:\/\/www.visit-ulcinj.com\/blog\/2009\/03\/06\/shqiperia-loje-miqesore-me-malin-e-zi-ne-podgorice\/","title":{"rendered":"Shqip\u00ebria loj\u00eb miq\u00ebsore me Malin e Zi n\u00eb Podgoric\u00eb"},"content":{"rendered":"<p><a href=\"http:\/\/www.visit-ulcinj.com\/blog\/wp-content\/uploads\/2009\/03\/lorik-cana.jpg\"><img loading=\"lazy\" class=\"alignleft size-full wp-image-13001\" title=\"lorik-cana\" src=\"http:\/\/www.visit-ulcinj.com\/blog\/wp-content\/uploads\/2009\/03\/lorik-cana.jpg\" alt=\"lorik-cana\" width=\"570\" height=\"320\" \/><\/a>Shqip\u00ebria do t\u00eb luaj\u00eb kund\u00ebr Malit t\u00eb Zi m\u00eb 12 gusht. Lajmin e ka konfirmuar sekretari i p\u00ebrgjithsh\u00ebm i Federat\u00ebs Shqiptare t\u00eb Futbollit, Arben Bici. Kontaktet kan\u00eb filluar para disa dit\u00ebsh dhe tani pritet vet\u00ebm zyrtarizimi. &#8220;Ne jemi n\u00eb kontakte me drejtuesit e Federat\u00ebs s\u00eb Malit t\u00eb Zi dhe kemi arritur nj\u00eb akord verbal. Shpresojm\u00eb q\u00eb kjo t\u00eb zyrtarizohet gjat\u00eb dit\u00ebve t\u00eb ardhshme &#8211; ka th\u00ebn\u00eb numri 2 i FSHF-s\u00eb. &#8211; Ndeshja, sipas t\u00eb gjitha gjasave do t\u00eb luhet n\u00eb Podgoric\u00eb. Mendojm\u00eb se kjo do t\u00eb jet\u00eb nj\u00eb test i vlefsh\u00ebm p\u00ebr Komb\u00ebtaren dhe nj\u00eb kund\u00ebrshtar si p\u00ebrfaq\u00ebsuesja e Malit t\u00eb Zi, \u00ebsht\u00eb padyshim i nj\u00eb niveli t\u00eb mir\u00eb q\u00eb i p\u00ebrputhet edhe k\u00ebrkesave t\u00eb skuadr\u00ebs son\u00eb dhe stafit drejtues t\u00eb saj&#8221;. Sekretari i p\u00ebrgjithsh\u00ebm pohoi se kan\u00eb nisur q\u00eb tani p\u00ebrgatitjet p\u00ebr ndeshjet eliminatore kund\u00ebr Hungaris\u00eb dhe Danimark\u00ebs dhe se Federata do t\u00eb b\u00ebj\u00eb t\u00eb pamundur\u00ebn q\u00eb gjith\u00e7ka t\u00eb b\u00ebhet sa m\u00eb mir\u00eb. &#8220;Nj\u00eb fitore kund\u00ebr Hungaris\u00eb, padyshim q\u00eb do t\u00eb p\u00ebrmir\u00ebsonte pozitat e p\u00ebrfaq\u00ebsueses son\u00eb dhe do t\u00eb korrigjonte n\u00eb nj\u00eb far\u00eb m\u00ebnyre edhe at\u00eb ndales\u00eb t\u00eb panevojshme ndaj Malt\u00ebs. Shpresojm\u00eb q\u00eb gj\u00ebrat t\u00eb shkojn\u00eb mir\u00eb dhe t\u00eb arrijm\u00eb objektivat q\u00eb i kemi v\u00ebn\u00eb vetes&#8221;, ka th\u00ebn\u00eb Bici. Kjo mund t\u00eb jet\u00eb miq\u00ebsorja e par\u00eb p\u00ebr p\u00ebrfaq\u00ebsuesen shqiptare.<\/p>\n<!--YouTube Error: bad URL entered-->\n","protected":false},"excerpt":{"rendered":"<p>Shqip\u00ebria do t\u00eb luaj\u00eb kund\u00ebr Malit t\u00eb Zi m\u00eb 12 gusht. Lajmin e ka konfirmuar sekretari i p\u00ebrgjithsh\u00ebm i Federat\u00ebs Shqiptare t\u00eb Futbollit, Arben Bici. Kontaktet kan\u00eb filluar para disa dit\u00ebsh dhe tani pritet vet\u00ebm zyrtarizimi. &#8220;Ne jemi n\u00eb kontakte me drejtuesit e Federat\u00ebs s\u00eb Malit t\u00eb Zi dhe kemi arritur nj\u00eb akord verbal. Shpresojm\u00eb [&hellip;]<\/p>\n","protected":false},"author":1,"featured_media":0,"comment_status":"open","ping_status":"closed","sticky":false,"template":"","format":"standard","meta":{"spay_email":"","jetpack_publicize_message":"","jetpack_is_tweetstorm":false,"jetpack_publicize_feature_enabled":true},"categories":[3],"tags":[7536,7535,7534,7533],"jetpack_publicize_connections":[],"yoast_head":"<!-- This site is optimized with the Yoast SEO plugin v19.1 - https:\/\/yoast.com\/wordpress\/plugins\/seo\/ -->\n<title>Shqip\u00ebria loj\u00eb miq\u00ebsore me Malin e Zi n\u00eb Podgoric\u00eb - Lajme nga Ulqini<\/title>\n<meta name=\"description\" content=\"Shqip\u00ebria do t\u00eb luaj\u00eb kund\u00ebr Malit t\u00eb Zi m\u00eb 12 gusht. Lajmin e ka konfirmuar sekretari i p\u00ebrgjithsh\u00ebm i Federat\u00ebs Shqiptare t\u00eb Futbollit, Arben Bici.\" \/>\n<meta name=\"robots\" content=\"index, follow, max-snippet:-1, max-image-preview:large, max-video-preview:-1\" \/>\n<link rel=\"canonical\" href=\"https:\/\/www.visit-ulcinj.com\/blog\/2009\/03\/06\/shqiperia-loje-miqesore-me-malin-e-zi-ne-podgorice\/\" \/>\n<meta property=\"og:locale\" content=\"en_US\" \/>\n<meta property=\"og:type\" content=\"article\" \/>\n<meta property=\"og:title\" content=\"Shqip\u00ebria loj\u00eb miq\u00ebsore me Malin e Zi n\u00eb Podgoric\u00eb - Lajme nga Ulqini\" \/>\n<meta property=\"og:description\" content=\"Shqip\u00ebria do t\u00eb luaj\u00eb kund\u00ebr Malit t\u00eb Zi m\u00eb 12 gusht. Lajmin e ka konfirmuar sekretari i p\u00ebrgjithsh\u00ebm i Federat\u00ebs Shqiptare t\u00eb Futbollit, Arben Bici.\" \/>\n<meta property=\"og:url\" content=\"https:\/\/www.visit-ulcinj.com\/blog\/2009\/03\/06\/shqiperia-loje-miqesore-me-malin-e-zi-ne-podgorice\/\" \/>\n<meta property=\"og:site_name\" content=\"Lajme nga Ulqini\" \/>\n<meta property=\"article:published_time\" content=\"2009-03-06T19:24:26+00:00\" \/>\n<meta property=\"og:image\" content=\"http:\/\/www.visit-ulcinj.com\/blog\/wp-content\/uploads\/2009\/03\/lorik-cana.jpg\" \/>\n<meta name=\"twitter:label1\" content=\"Written by\" \/>\n\t<meta name=\"twitter:data1\" content=\"ulqini\" \/>\n\t<meta name=\"twitter:label2\" content=\"Est. reading time\" \/>\n\t<meta name=\"twitter:data2\" content=\"1 minute\" \/>\n<script type=\"application\/ld+json\" class=\"yoast-schema-graph\">{\"@context\":\"https:\/\/schema.org\",\"@graph\":[{\"@type\":\"WebSite\",\"@id\":\"https:\/\/www.visit-ulcinj.com\/blog\/#website\",\"url\":\"https:\/\/www.visit-ulcinj.com\/blog\/\",\"name\":\"Lajme nga Ulqini\",\"description\":\"Lajme,Vijesti,Ulqini,Ulqin,Crna Gora,Mali i Zi\",\"potentialAction\":[{\"@type\":\"SearchAction\",\"target\":{\"@type\":\"EntryPoint\",\"urlTemplate\":\"https:\/\/www.visit-ulcinj.com\/blog\/?s={search_term_string}\"},\"query-input\":\"required name=search_term_string\"}],\"inLanguage\":\"en-US\"},{\"@type\":\"ImageObject\",\"inLanguage\":\"en-US\",\"@id\":\"https:\/\/www.visit-ulcinj.com\/blog\/2009\/03\/06\/shqiperia-loje-miqesore-me-malin-e-zi-ne-podgorice\/#primaryimage\",\"url\":\"https:\/\/www.visit-ulcinj.com\/blog\/wp-content\/uploads\/2009\/03\/lorik-cana.jpg\",\"contentUrl\":\"https:\/\/www.visit-ulcinj.com\/blog\/wp-content\/uploads\/2009\/03\/lorik-cana.jpg\",\"width\":\"560\",\"height\":\"320\"},{\"@type\":\"WebPage\",\"@id\":\"https:\/\/www.visit-ulcinj.com\/blog\/2009\/03\/06\/shqiperia-loje-miqesore-me-malin-e-zi-ne-podgorice\/#webpage\",\"url\":\"https:\/\/www.visit-ulcinj.com\/blog\/2009\/03\/06\/shqiperia-loje-miqesore-me-malin-e-zi-ne-podgorice\/\",\"name\":\"Shqip\u00ebria loj\u00eb miq\u00ebsore me Malin e Zi n\u00eb Podgoric\u00eb - Lajme nga Ulqini\",\"isPartOf\":{\"@id\":\"https:\/\/www.visit-ulcinj.com\/blog\/#website\"},\"primaryImageOfPage\":{\"@id\":\"https:\/\/www.visit-ulcinj.com\/blog\/2009\/03\/06\/shqiperia-loje-miqesore-me-malin-e-zi-ne-podgorice\/#primaryimage\"},\"datePublished\":\"2009-03-06T19:24:26+00:00\",\"dateModified\":\"2009-03-06T19:24:26+00:00\",\"author\":{\"@id\":\"https:\/\/www.visit-ulcinj.com\/blog\/#\/schema\/person\/dcab619c614d3038751c63bc2aadc06d\"},\"description\":\"Shqip\u00ebria do t\u00eb luaj\u00eb kund\u00ebr Malit t\u00eb Zi m\u00eb 12 gusht. Lajmin e ka konfirmuar sekretari i p\u00ebrgjithsh\u00ebm i Federat\u00ebs Shqiptare t\u00eb Futbollit, Arben Bici.\",\"breadcrumb\":{\"@id\":\"https:\/\/www.visit-ulcinj.com\/blog\/2009\/03\/06\/shqiperia-loje-miqesore-me-malin-e-zi-ne-podgorice\/#breadcrumb\"},\"inLanguage\":\"en-US\",\"potentialAction\":[{\"@type\":\"ReadAction\",\"target\":[\"https:\/\/www.visit-ulcinj.com\/blog\/2009\/03\/06\/shqiperia-loje-miqesore-me-malin-e-zi-ne-podgorice\/\"]}]},{\"@type\":\"BreadcrumbList\",\"@id\":\"https:\/\/www.visit-ulcinj.com\/blog\/2009\/03\/06\/shqiperia-loje-miqesore-me-malin-e-zi-ne-podgorice\/#breadcrumb\",\"itemListElement\":[{\"@type\":\"ListItem\",\"position\":1,\"name\":\"Shqip\u00ebria loj\u00eb miq\u00ebsore me Malin e Zi n\u00eb Podgoric\u00eb\"}]},{\"@type\":\"Person\",\"@id\":\"https:\/\/www.visit-ulcinj.com\/blog\/#\/schema\/person\/dcab619c614d3038751c63bc2aadc06d\",\"name\":\"ulqini\",\"sameAs\":[\"http:\/\/www.visit-ulcinj.com\"],\"url\":\"https:\/\/www.visit-ulcinj.com\/blog\/author\/admin\/\"}]}<\/script>\n<!-- \/ Yoast SEO plugin. -->","yoast_head_json":{"title":"Shqip\u00ebria loj\u00eb miq\u00ebsore me Malin e Zi n\u00eb Podgoric\u00eb - Lajme nga Ulqini","description":"Shqip\u00ebria do t\u00eb luaj\u00eb kund\u00ebr Malit t\u00eb Zi m\u00eb 12 gusht. Lajmin e ka konfirmuar sekretari i p\u00ebrgjithsh\u00ebm i Federat\u00ebs Shqiptare t\u00eb Futbollit, Arben Bici.","robots":{"index":"index","follow":"follow","max-snippet":"max-snippet:-1","max-image-preview":"max-image-preview:large","max-video-preview":"max-video-preview:-1"},"canonical":"https:\/\/www.visit-ulcinj.com\/blog\/2009\/03\/06\/shqiperia-loje-miqesore-me-malin-e-zi-ne-podgorice\/","og_locale":"en_US","og_type":"article","og_title":"Shqip\u00ebria loj\u00eb miq\u00ebsore me Malin e Zi n\u00eb Podgoric\u00eb - Lajme nga Ulqini","og_description":"Shqip\u00ebria do t\u00eb luaj\u00eb kund\u00ebr Malit t\u00eb Zi m\u00eb 12 gusht. Lajmin e ka konfirmuar sekretari i p\u00ebrgjithsh\u00ebm i Federat\u00ebs Shqiptare t\u00eb Futbollit, Arben Bici.","og_url":"https:\/\/www.visit-ulcinj.com\/blog\/2009\/03\/06\/shqiperia-loje-miqesore-me-malin-e-zi-ne-podgorice\/","og_site_name":"Lajme nga Ulqini","article_published_time":"2009-03-06T19:24:26+00:00","og_image":[{"url":"http:\/\/www.visit-ulcinj.com\/blog\/wp-content\/uploads\/2009\/03\/lorik-cana.jpg"}],"twitter_misc":{"Written by":"ulqini","Est. reading time":"1 minute"},"schema":{"@context":"https:\/\/schema.org","@graph":[{"@type":"WebSite","@id":"https:\/\/www.visit-ulcinj.com\/blog\/#website","url":"https:\/\/www.visit-ulcinj.com\/blog\/","name":"Lajme nga Ulqini","description":"Lajme,Vijesti,Ulqini,Ulqin,Crna Gora,Mali i Zi","potentialAction":[{"@type":"SearchAction","target":{"@type":"EntryPoint","urlTemplate":"https:\/\/www.visit-ulcinj.com\/blog\/?s={search_term_string}"},"query-input":"required name=search_term_string"}],"inLanguage":"en-US"},{"@type":"ImageObject","inLanguage":"en-US","@id":"https:\/\/www.visit-ulcinj.com\/blog\/2009\/03\/06\/shqiperia-loje-miqesore-me-malin-e-zi-ne-podgorice\/#primaryimage","url":"https:\/\/www.visit-ulcinj.com\/blog\/wp-content\/uploads\/2009\/03\/lorik-cana.jpg","contentUrl":"https:\/\/www.visit-ulcinj.com\/blog\/wp-content\/uploads\/2009\/03\/lorik-cana.jpg","width":"560","height":"320"},{"@type":"WebPage","@id":"https:\/\/www.visit-ulcinj.com\/blog\/2009\/03\/06\/shqiperia-loje-miqesore-me-malin-e-zi-ne-podgorice\/#webpage","url":"https:\/\/www.visit-ulcinj.com\/blog\/2009\/03\/06\/shqiperia-loje-miqesore-me-malin-e-zi-ne-podgorice\/","name":"Shqip\u00ebria loj\u00eb miq\u00ebsore me Malin e Zi n\u00eb Podgoric\u00eb - Lajme nga Ulqini","isPartOf":{"@id":"https:\/\/www.visit-ulcinj.com\/blog\/#website"},"primaryImageOfPage":{"@id":"https:\/\/www.visit-ulcinj.com\/blog\/2009\/03\/06\/shqiperia-loje-miqesore-me-malin-e-zi-ne-podgorice\/#primaryimage"},"datePublished":"2009-03-06T19:24:26+00:00","dateModified":"2009-03-06T19:24:26+00:00","author":{"@id":"https:\/\/www.visit-ulcinj.com\/blog\/#\/schema\/person\/dcab619c614d3038751c63bc2aadc06d"},"description":"Shqip\u00ebria do t\u00eb luaj\u00eb kund\u00ebr Malit t\u00eb Zi m\u00eb 12 gusht. Lajmin e ka konfirmuar sekretari i p\u00ebrgjithsh\u00ebm i Federat\u00ebs Shqiptare t\u00eb Futbollit, Arben Bici.","breadcrumb":{"@id":"https:\/\/www.visit-ulcinj.com\/blog\/2009\/03\/06\/shqiperia-loje-miqesore-me-malin-e-zi-ne-podgorice\/#breadcrumb"},"inLanguage":"en-US","potentialAction":[{"@type":"ReadAction","target":["https:\/\/www.visit-ulcinj.com\/blog\/2009\/03\/06\/shqiperia-loje-miqesore-me-malin-e-zi-ne-podgorice\/"]}]},{"@type":"BreadcrumbList","@id":"https:\/\/www.visit-ulcinj.com\/blog\/2009\/03\/06\/shqiperia-loje-miqesore-me-malin-e-zi-ne-podgorice\/#breadcrumb","itemListElement":[{"@type":"ListItem","position":1,"name":"Shqip\u00ebria loj\u00eb miq\u00ebsore me Malin e Zi n\u00eb Podgoric\u00eb"}]},{"@type":"Person","@id":"https:\/\/www.visit-ulcinj.com\/blog\/#\/schema\/person\/dcab619c614d3038751c63bc2aadc06d","name":"ulqini","sameAs":["http:\/\/www.visit-ulcinj.com"],"url":"https:\/\/www.visit-ulcinj.com\/blog\/author\/admin\/"}]}},"jetpack_featured_media_url":"","jetpack_sharing_enabled":true,"jetpack_shortlink":"https:\/\/wp.me\/pe6lTn-3nG","_links":{"self":[{"href":"https:\/\/www.visit-ulcinj.com\/blog\/wp-json\/wp\/v2\/posts\/13000"}],"collection":[{"href":"https:\/\/www.visit-ulcinj.com\/blog\/wp-json\/wp\/v2\/posts"}],"about":[{"href":"https:\/\/www.visit-ulcinj.com\/blog\/wp-json\/wp\/v2\/types\/post"}],"author":[{"embeddable":true,"href":"https:\/\/www.visit-ulcinj.com\/blog\/wp-json\/wp\/v2\/users\/1"}],"replies":[{"embeddable":true,"href":"https:\/\/www.visit-ulcinj.com\/blog\/wp-json\/wp\/v2\/comments?post=13000"}],"version-history":[{"count":0,"href":"https:\/\/www.visit-ulcinj.com\/blog\/wp-json\/wp\/v2\/posts\/13000\/revisions"}],"wp:attachment":[{"href":"https:\/\/www.visit-ulcinj.com\/blog\/wp-json\/wp\/v2\/media?parent=13000"}],"wp:term":[{"taxonomy":"category","embeddable":true,"href":"https:\/\/www.visit-ulcinj.com\/blog\/wp-json\/wp\/v2\/categories?post=13000"},{"taxonomy":"post_tag","embeddable":true,"href":"https:\/\/www.visit-ulcinj.com\/blog\/wp-json\/wp\/v2\/tags?post=13000"}],"curies":[{"name":"wp","href":"https:\/\/api.w.org\/{rel}","templated":true}]}}