{"id":1301,"date":"2008-04-18T09:29:45","date_gmt":"2008-04-18T14:29:45","guid":{"rendered":"http:\/\/www.visit-ulcinj.com\/blog\/?p=1301"},"modified":"2008-04-18T09:34:37","modified_gmt":"2008-04-18T14:34:37","slug":"crna-gora-ocekuje-pola-milijarde-evra-od-turizma","status":"publish","type":"post","link":"https:\/\/www.visit-ulcinj.com\/blog\/2008\/04\/18\/crna-gora-ocekuje-pola-milijarde-evra-od-turizma\/","title":{"rendered":"Crna Gora o?ekuje pola milijarde evra od turizma"},"content":{"rendered":"<p><a href=\"http:\/\/www.visit-ulcinj.com\/blog\/wp-content\/uploads\/2008\/04\/114923946_73d8d902c5.jpg\"><img loading=\"lazy\" class=\"alignleft attachment wp-att-1302\" style=\"float: left;\" src=\"http:\/\/www.visit-ulcinj.com\/blog\/wp-content\/uploads\/2008\/04\/114923946_73d8d902c5.thumbnail.jpg\" alt=\"ulcinj_stari grad\" width=\"200\" height=\"150\" \/><\/a>Crna Gora ?e ove godine od turizma zaraditi 550 miliona evra, procene su Predraga Nenezi?a, ministra turizma i za\u0161tite \u017eivotne sredine u Vladi Crne Gore.<br \/>\nNa konferenciji za novinare u Beogradu, on je pozvao turiste da gostuju u isklju?ivo registrovanim sme\u0161tajima. &#8220;Jedino turiste koji borave u registrovanim sme\u0161tajima mo\u017eemo za\u0161titi u svakom pogledu. Takvi sme\u0161taji su ve? morali odrediti cene i ne?e ih mo?i menjati, odnosno mo?i ?e ih sni\u017eavati, ali ne i pove?ati&#8221;, ka\u017ee Nenezi?.<br \/>\nOn je dodao da ?e ove godine doma?a i strana vozila pla?ati eko-nadoknadu i to putni?ka vozila 10 evra, vozila preko osam sedi\u0161ta 30 , autobusi 80, a kamioni 150 evra. Nadoknada se pla?a za celu godinu bez obzira na broj ulazaka i vreme trajanja boravka.<br \/>\nSme\u0161tajni kapaciteti su ove godine pove?ani za 20 manjih hotela, a 18 pla\u017ea je dobilo Plavu zastavicu. Re? je o potvrdi zadovoljenja standarda za pla\u017ee koje je ustanovila istoimena organizacija sa sedi\u0161tem u Danskoj na osnovu 27 ispunjenih kriterijuma.<br \/>\n&#8220;Pro\u0161le godine u Crnoj Gori je radilo 5.000 ljudi iz Srbije, a ove godine o?ekujemo 6.000. Pored toga, Crnoj Gori je potrebno oko 1.000 stru?nioh ljudi za sektor turizma&#8221;, dodao je Nenezi?.<img loading=\"lazy\" class=\"alignright\" style=\"float: right;\" src=\"http:\/\/www.winne.com\/montenegro\/images\/nenezic.gif\" alt=\"\" width=\"155\" height=\"127\" \/><br \/>\nCrnogorski ministar turizma rekao je da se od ove godine primenjuje Zakon o bezbednosti hrane, tako da su propisane koli?ine koje ?e biti mogu?e uneti u Crnu Goru, na primer, pet litara vode, litar alkoholnog pi?a, kilogram suvog vo?a i povr?a, proizvodi za ishranu dece.<br \/>\nNenezi? je rekao da od ove godine ruski avioni tipa Tupoljev i Ilju\u0161ev ne?e sletati na tivatski aerodrom jer stvaraju veliku buku. Ovim avionima bi?e jo\u0161 samo ove godine dozvoljeno sletanje na podgori?ki aerodrom.<\/p>\n<p><strong>EMportal<\/strong><\/p>\n<!-- vimeo error: not a vimeo video -->\n","protected":false},"excerpt":{"rendered":"<p><img loading=\"lazy\" class=\"alignleft attachment wp-att-1302\" style=\"float: left;\" src=\"http:\/\/www.visit-ulcinj.com\/blog\/wp-content\/uploads\/2008\/04\/114923946_73d8d902c5.thumbnail.jpg\" alt=\"ulcinj_stari grad\" width=\"140\" height=\"140\" \/><\/p>\n","protected":false},"author":1,"featured_media":0,"comment_status":"open","ping_status":"closed","sticky":false,"template":"","format":"standard","meta":{"spay_email":"","jetpack_publicize_message":"","jetpack_is_tweetstorm":false,"jetpack_publicize_feature_enabled":true},"categories":[15],"tags":[2560,20,2448],"jetpack_publicize_connections":[],"yoast_head":"<!-- This site is optimized with the Yoast SEO plugin v19.1 - https:\/\/yoast.com\/wordpress\/plugins\/seo\/ -->\n<title>Crna Gora o?ekuje pola milijarde evra od turizma - Lajme nga Ulqini<\/title>\n<meta name=\"robots\" content=\"index, follow, max-snippet:-1, max-image-preview:large, max-video-preview:-1\" \/>\n<link rel=\"canonical\" href=\"https:\/\/www.visit-ulcinj.com\/blog\/2008\/04\/18\/crna-gora-ocekuje-pola-milijarde-evra-od-turizma\/\" \/>\n<meta property=\"og:locale\" content=\"en_US\" \/>\n<meta property=\"og:type\" content=\"article\" \/>\n<meta property=\"og:title\" content=\"Crna Gora o?ekuje pola milijarde evra od turizma - Lajme nga Ulqini\" \/>\n<meta property=\"og:url\" content=\"https:\/\/www.visit-ulcinj.com\/blog\/2008\/04\/18\/crna-gora-ocekuje-pola-milijarde-evra-od-turizma\/\" \/>\n<meta property=\"og:site_name\" content=\"Lajme nga Ulqini\" \/>\n<meta property=\"article:published_time\" content=\"2008-04-18T14:29:45+00:00\" \/>\n<meta property=\"article:modified_time\" content=\"2008-04-18T14:34:37+00:00\" \/>\n<meta property=\"og:image\" content=\"http:\/\/www.visit-ulcinj.com\/blog\/wp-content\/uploads\/2008\/04\/114923946_73d8d902c5.thumbnail.jpg\" \/>\n<meta name=\"twitter:label1\" content=\"Written by\" \/>\n\t<meta name=\"twitter:data1\" content=\"ulqini\" \/>\n\t<meta name=\"twitter:label2\" content=\"Est. reading time\" \/>\n\t<meta name=\"twitter:data2\" content=\"2 minutes\" \/>\n<script type=\"application\/ld+json\" class=\"yoast-schema-graph\">{\"@context\":\"https:\/\/schema.org\",\"@graph\":[{\"@type\":\"WebSite\",\"@id\":\"https:\/\/www.visit-ulcinj.com\/blog\/#website\",\"url\":\"https:\/\/www.visit-ulcinj.com\/blog\/\",\"name\":\"Lajme nga Ulqini\",\"description\":\"Lajme,Vijesti,Ulqini,Ulqin,Crna Gora,Mali i Zi\",\"potentialAction\":[{\"@type\":\"SearchAction\",\"target\":{\"@type\":\"EntryPoint\",\"urlTemplate\":\"https:\/\/www.visit-ulcinj.com\/blog\/?s={search_term_string}\"},\"query-input\":\"required name=search_term_string\"}],\"inLanguage\":\"en-US\"},{\"@type\":\"ImageObject\",\"inLanguage\":\"en-US\",\"@id\":\"https:\/\/www.visit-ulcinj.com\/blog\/2008\/04\/18\/crna-gora-ocekuje-pola-milijarde-evra-od-turizma\/#primaryimage\",\"url\":\"http:\/\/www.visit-ulcinj.com\/blog\/wp-content\/uploads\/2008\/04\/114923946_73d8d902c5.thumbnail.jpg\",\"contentUrl\":\"http:\/\/www.visit-ulcinj.com\/blog\/wp-content\/uploads\/2008\/04\/114923946_73d8d902c5.thumbnail.jpg\"},{\"@type\":\"WebPage\",\"@id\":\"https:\/\/www.visit-ulcinj.com\/blog\/2008\/04\/18\/crna-gora-ocekuje-pola-milijarde-evra-od-turizma\/#webpage\",\"url\":\"https:\/\/www.visit-ulcinj.com\/blog\/2008\/04\/18\/crna-gora-ocekuje-pola-milijarde-evra-od-turizma\/\",\"name\":\"Crna Gora o?ekuje pola milijarde evra od turizma - Lajme nga Ulqini\",\"isPartOf\":{\"@id\":\"https:\/\/www.visit-ulcinj.com\/blog\/#website\"},\"primaryImageOfPage\":{\"@id\":\"https:\/\/www.visit-ulcinj.com\/blog\/2008\/04\/18\/crna-gora-ocekuje-pola-milijarde-evra-od-turizma\/#primaryimage\"},\"datePublished\":\"2008-04-18T14:29:45+00:00\",\"dateModified\":\"2008-04-18T14:34:37+00:00\",\"author\":{\"@id\":\"https:\/\/www.visit-ulcinj.com\/blog\/#\/schema\/person\/dcab619c614d3038751c63bc2aadc06d\"},\"breadcrumb\":{\"@id\":\"https:\/\/www.visit-ulcinj.com\/blog\/2008\/04\/18\/crna-gora-ocekuje-pola-milijarde-evra-od-turizma\/#breadcrumb\"},\"inLanguage\":\"en-US\",\"potentialAction\":[{\"@type\":\"ReadAction\",\"target\":[\"https:\/\/www.visit-ulcinj.com\/blog\/2008\/04\/18\/crna-gora-ocekuje-pola-milijarde-evra-od-turizma\/\"]}]},{\"@type\":\"BreadcrumbList\",\"@id\":\"https:\/\/www.visit-ulcinj.com\/blog\/2008\/04\/18\/crna-gora-ocekuje-pola-milijarde-evra-od-turizma\/#breadcrumb\",\"itemListElement\":[{\"@type\":\"ListItem\",\"position\":1,\"name\":\"Crna Gora o?ekuje pola milijarde evra od turizma\"}]},{\"@type\":\"Person\",\"@id\":\"https:\/\/www.visit-ulcinj.com\/blog\/#\/schema\/person\/dcab619c614d3038751c63bc2aadc06d\",\"name\":\"ulqini\",\"sameAs\":[\"http:\/\/www.visit-ulcinj.com\"],\"url\":\"https:\/\/www.visit-ulcinj.com\/blog\/author\/admin\/\"}]}<\/script>\n<!-- \/ Yoast SEO plugin. -->","yoast_head_json":{"title":"Crna Gora o?ekuje pola milijarde evra od turizma - Lajme nga Ulqini","robots":{"index":"index","follow":"follow","max-snippet":"max-snippet:-1","max-image-preview":"max-image-preview:large","max-video-preview":"max-video-preview:-1"},"canonical":"https:\/\/www.visit-ulcinj.com\/blog\/2008\/04\/18\/crna-gora-ocekuje-pola-milijarde-evra-od-turizma\/","og_locale":"en_US","og_type":"article","og_title":"Crna Gora o?ekuje pola milijarde evra od turizma - Lajme nga Ulqini","og_url":"https:\/\/www.visit-ulcinj.com\/blog\/2008\/04\/18\/crna-gora-ocekuje-pola-milijarde-evra-od-turizma\/","og_site_name":"Lajme nga Ulqini","article_published_time":"2008-04-18T14:29:45+00:00","article_modified_time":"2008-04-18T14:34:37+00:00","og_image":[{"url":"http:\/\/www.visit-ulcinj.com\/blog\/wp-content\/uploads\/2008\/04\/114923946_73d8d902c5.thumbnail.jpg"}],"twitter_misc":{"Written by":"ulqini","Est. reading time":"2 minutes"},"schema":{"@context":"https:\/\/schema.org","@graph":[{"@type":"WebSite","@id":"https:\/\/www.visit-ulcinj.com\/blog\/#website","url":"https:\/\/www.visit-ulcinj.com\/blog\/","name":"Lajme nga Ulqini","description":"Lajme,Vijesti,Ulqini,Ulqin,Crna Gora,Mali i Zi","potentialAction":[{"@type":"SearchAction","target":{"@type":"EntryPoint","urlTemplate":"https:\/\/www.visit-ulcinj.com\/blog\/?s={search_term_string}"},"query-input":"required name=search_term_string"}],"inLanguage":"en-US"},{"@type":"ImageObject","inLanguage":"en-US","@id":"https:\/\/www.visit-ulcinj.com\/blog\/2008\/04\/18\/crna-gora-ocekuje-pola-milijarde-evra-od-turizma\/#primaryimage","url":"http:\/\/www.visit-ulcinj.com\/blog\/wp-content\/uploads\/2008\/04\/114923946_73d8d902c5.thumbnail.jpg","contentUrl":"http:\/\/www.visit-ulcinj.com\/blog\/wp-content\/uploads\/2008\/04\/114923946_73d8d902c5.thumbnail.jpg"},{"@type":"WebPage","@id":"https:\/\/www.visit-ulcinj.com\/blog\/2008\/04\/18\/crna-gora-ocekuje-pola-milijarde-evra-od-turizma\/#webpage","url":"https:\/\/www.visit-ulcinj.com\/blog\/2008\/04\/18\/crna-gora-ocekuje-pola-milijarde-evra-od-turizma\/","name":"Crna Gora o?ekuje pola milijarde evra od turizma - Lajme nga Ulqini","isPartOf":{"@id":"https:\/\/www.visit-ulcinj.com\/blog\/#website"},"primaryImageOfPage":{"@id":"https:\/\/www.visit-ulcinj.com\/blog\/2008\/04\/18\/crna-gora-ocekuje-pola-milijarde-evra-od-turizma\/#primaryimage"},"datePublished":"2008-04-18T14:29:45+00:00","dateModified":"2008-04-18T14:34:37+00:00","author":{"@id":"https:\/\/www.visit-ulcinj.com\/blog\/#\/schema\/person\/dcab619c614d3038751c63bc2aadc06d"},"breadcrumb":{"@id":"https:\/\/www.visit-ulcinj.com\/blog\/2008\/04\/18\/crna-gora-ocekuje-pola-milijarde-evra-od-turizma\/#breadcrumb"},"inLanguage":"en-US","potentialAction":[{"@type":"ReadAction","target":["https:\/\/www.visit-ulcinj.com\/blog\/2008\/04\/18\/crna-gora-ocekuje-pola-milijarde-evra-od-turizma\/"]}]},{"@type":"BreadcrumbList","@id":"https:\/\/www.visit-ulcinj.com\/blog\/2008\/04\/18\/crna-gora-ocekuje-pola-milijarde-evra-od-turizma\/#breadcrumb","itemListElement":[{"@type":"ListItem","position":1,"name":"Crna Gora o?ekuje pola milijarde evra od turizma"}]},{"@type":"Person","@id":"https:\/\/www.visit-ulcinj.com\/blog\/#\/schema\/person\/dcab619c614d3038751c63bc2aadc06d","name":"ulqini","sameAs":["http:\/\/www.visit-ulcinj.com"],"url":"https:\/\/www.visit-ulcinj.com\/blog\/author\/admin\/"}]}},"jetpack_featured_media_url":"","jetpack_sharing_enabled":true,"jetpack_shortlink":"https:\/\/wp.me\/pe6lTn-kZ","_links":{"self":[{"href":"https:\/\/www.visit-ulcinj.com\/blog\/wp-json\/wp\/v2\/posts\/1301"}],"collection":[{"href":"https:\/\/www.visit-ulcinj.com\/blog\/wp-json\/wp\/v2\/posts"}],"about":[{"href":"https:\/\/www.visit-ulcinj.com\/blog\/wp-json\/wp\/v2\/types\/post"}],"author":[{"embeddable":true,"href":"https:\/\/www.visit-ulcinj.com\/blog\/wp-json\/wp\/v2\/users\/1"}],"replies":[{"embeddable":true,"href":"https:\/\/www.visit-ulcinj.com\/blog\/wp-json\/wp\/v2\/comments?post=1301"}],"version-history":[{"count":0,"href":"https:\/\/www.visit-ulcinj.com\/blog\/wp-json\/wp\/v2\/posts\/1301\/revisions"}],"wp:attachment":[{"href":"https:\/\/www.visit-ulcinj.com\/blog\/wp-json\/wp\/v2\/media?parent=1301"}],"wp:term":[{"taxonomy":"category","embeddable":true,"href":"https:\/\/www.visit-ulcinj.com\/blog\/wp-json\/wp\/v2\/categories?post=1301"},{"taxonomy":"post_tag","embeddable":true,"href":"https:\/\/www.visit-ulcinj.com\/blog\/wp-json\/wp\/v2\/tags?post=1301"}],"curies":[{"name":"wp","href":"https:\/\/api.w.org\/{rel}","templated":true}]}}