{"id":13016,"date":"2009-03-07T10:27:28","date_gmt":"2009-03-07T09:27:28","guid":{"rendered":"http:\/\/www.visit-ulcinj.com\/blog\/?p=13016"},"modified":"2009-03-07T10:27:28","modified_gmt":"2009-03-07T09:27:28","slug":"nominimet-7-8-marsi-po-afron","status":"publish","type":"post","link":"https:\/\/www.visit-ulcinj.com\/blog\/2009\/03\/07\/nominimet-7-8-marsi-po-afron\/","title":{"rendered":"Nominimet : 7-8 Marsi po afron"},"content":{"rendered":"<p><em><span class=\"newsdate\"><span style=\"font-style: normal;\"><a href=\"http:\/\/www.visit-ulcinj.com\/blog\/wp-content\/uploads\/2009\/03\/7-8-marsi.jpg\"><img loading=\"lazy\" class=\"alignleft size-full wp-image-13017\" title=\"7-8-marsi-nominimet-big-brother-albania\" src=\"http:\/\/www.visit-ulcinj.com\/blog\/wp-content\/uploads\/2009\/03\/7-8-marsi.jpg\" alt=\"7-8-marsi-nominimet-big-brother-albania\" width=\"300\" height=\"205\" \/><\/a><\/span>04\/03\/09 11:45<\/span><\/em><\/p>\n<p>Dritani, Aida, Lirita dhe Bjordi q\u00ebndrojn\u00eb n\u00eb kop\u00ebsht p\u00ebr t\u00eb pir\u00eb kafen e m\u00ebngjesit. Ata diskutojn\u00eb se si do t\u2019i organizojn\u00eb dit\u00ebt e 7-8 Marsit. Dritani pyet n\u00ebse do t\u2019u b\u00ebjn\u00eb dhurata vajzave q\u00eb jan\u00eb n\u00eb sht\u00ebpi. Aida i thot\u00eb se do ta d\u00ebshironte nj\u00eb dhurat\u00eb dhe se do t\u2019u k\u00ebrkonte t\u00eb gjith\u00ebve nga nj\u00eb bluz\u00eb si kujtim, kurse Lirita do q\u00eb t\u2019ia sjellin tek krevati n\u00eb m\u00ebngjes dhurat\u00ebn e p\u00ebrgatitur p\u00ebr t\u00eb. Bjordi shpreh d\u00ebshir\u00ebn q\u00eb at\u00eb dit\u00eb ai t\u00eb gatuaj\u00eb dhe Dritani i plot\u00ebson mendimin duke i th\u00ebn\u00eb se djemt\u00eb do t\u00eb mendojn\u00eb p\u00ebr t\u00eb gjitha, kurse vajzat do t\u00eb p\u00ebrgatiten p\u00ebr fest\u00ebn e tyre dhe se nuk do t\u00eb b\u00ebjn\u00eb asgj\u00eb tjet\u00ebr. Ai u thot\u00eb vajzave se do t\u2019u plot\u00ebsojn\u00eb cdo d\u00ebshir\u00eb duke filluar q\u00eb nga gatimet e tyre t\u00eb preferuara. Lirita k\u00ebrkon q\u00eb 8 Mars t\u00eb ket\u00eb cdo dit\u00eb, pasi i p\u00eblqen shum\u00eb ideja q\u00eb djemt\u00eb t\u2019u plot\u00ebsojn\u00eb d\u00ebshirat. Aida i uron vetes t\u00eb jet\u00eb ende ato dit\u00eb n\u00eb sht\u00ebpi e t\u2019i shijoj\u00eb k\u00ebto p\u00ebrkujdesje. Dritani kujtohet se edhe p\u00ebr 7 Marsin duhet t\u00eb organizojn\u00eb dicka dhe Lirita i thot\u00eb se Adelajd\u00ebs, meq\u00eb \u00ebsht\u00eb m\u00ebsuese, do t\u2019i dhurojn\u00eb nj\u00eb buqet\u00eb me lule. Adi, i cili vjen n\u00eb ato momente, u thot\u00eb vajzave se madje do t\u2019i mbajn\u00eb n\u00eb krah at\u00eb dit\u00eb, t\u00eb pakt\u00ebn p\u00ebr nj\u00eb or\u00eb, q\u00eb ato t\u00eb mos lodhen fare. Bjordi i thot\u00eb Adit se me k\u00ebt\u00eb q\u00eb tha e ka hak nj\u00eb t\u00eb rrahur por Adi vazhdon t\u2019ia argumentoj\u00eb m\u00eb se seriozisht, kurse vajzat duke vazhduar shakan\u00eb e Adit, thon\u00eb se do t\u00eb dob\u00ebsohen 2 kilogram q\u00eb t\u00eb mos peshojn\u00eb shum\u00eb.<\/p>\n","protected":false},"excerpt":{"rendered":"<p>04\/03\/09 11:45 Dritani, Aida, Lirita dhe Bjordi q\u00ebndrojn\u00eb n\u00eb kop\u00ebsht p\u00ebr t\u00eb pir\u00eb kafen e m\u00ebngjesit. Ata diskutojn\u00eb se si do t\u2019i organizojn\u00eb dit\u00ebt e 7-8 Marsit. Dritani pyet n\u00ebse do t\u2019u b\u00ebjn\u00eb dhurata vajzave q\u00eb jan\u00eb n\u00eb sht\u00ebpi. Aida i thot\u00eb se do ta d\u00ebshironte nj\u00eb dhurat\u00eb dhe se do t\u2019u k\u00ebrkonte t\u00eb gjith\u00ebve [&hellip;]<\/p>\n","protected":false},"author":1,"featured_media":0,"comment_status":"open","ping_status":"closed","sticky":false,"template":"","format":"standard","meta":{"spay_email":"","jetpack_publicize_message":"","jetpack_is_tweetstorm":false,"jetpack_publicize_feature_enabled":true},"categories":[6502],"tags":[6566,5057,6506,6712,7129,6905,7541,6757,7542,6891,6693,6887],"jetpack_publicize_connections":[],"yoast_head":"<!-- This site is optimized with the Yoast SEO plugin v19.1 - https:\/\/yoast.com\/wordpress\/plugins\/seo\/ -->\n<title>Nominimet : 7-8 Marsi po afron - Big Brother Albania<\/title>\n<meta name=\"description\" content=\"Big Brother Albania - Dritani, Aida, Lirita dhe Bjordi q\u00c3\u00abndrojn\u00c3\u00ab n\u00c3\u00ab kop\u00c3\u00absht p\u00c3\u00abr t\u00c3\u00ab pir\u00c3\u00ab kafen e m\u00c3\u00abngjesit.\" \/>\n<meta name=\"robots\" content=\"index, follow, max-snippet:-1, max-image-preview:large, max-video-preview:-1\" \/>\n<link rel=\"canonical\" href=\"https:\/\/www.visit-ulcinj.com\/blog\/2009\/03\/07\/nominimet-7-8-marsi-po-afron\/\" \/>\n<meta property=\"og:locale\" content=\"en_US\" \/>\n<meta property=\"og:type\" content=\"article\" \/>\n<meta property=\"og:title\" content=\"Nominimet : 7-8 Marsi po afron - Big Brother Albania\" \/>\n<meta property=\"og:description\" content=\"Big Brother Albania - Dritani, Aida, Lirita dhe Bjordi q\u00c3\u00abndrojn\u00c3\u00ab n\u00c3\u00ab kop\u00c3\u00absht p\u00c3\u00abr t\u00c3\u00ab pir\u00c3\u00ab kafen e m\u00c3\u00abngjesit.\" \/>\n<meta property=\"og:url\" content=\"https:\/\/www.visit-ulcinj.com\/blog\/2009\/03\/07\/nominimet-7-8-marsi-po-afron\/\" \/>\n<meta property=\"og:site_name\" content=\"Lajme nga Ulqini\" \/>\n<meta property=\"article:published_time\" content=\"2009-03-07T09:27:28+00:00\" \/>\n<meta property=\"og:image\" content=\"http:\/\/www.visit-ulcinj.com\/blog\/wp-content\/uploads\/2009\/03\/7-8-marsi.jpg\" \/>\n<meta name=\"twitter:label1\" content=\"Written by\" \/>\n\t<meta name=\"twitter:data1\" content=\"ulqini\" \/>\n\t<meta name=\"twitter:label2\" content=\"Est. reading time\" \/>\n\t<meta name=\"twitter:data2\" content=\"2 minutes\" \/>\n<script type=\"application\/ld+json\" class=\"yoast-schema-graph\">{\"@context\":\"https:\/\/schema.org\",\"@graph\":[{\"@type\":\"WebSite\",\"@id\":\"https:\/\/www.visit-ulcinj.com\/blog\/#website\",\"url\":\"https:\/\/www.visit-ulcinj.com\/blog\/\",\"name\":\"Lajme nga Ulqini\",\"description\":\"Lajme,Vijesti,Ulqini,Ulqin,Crna Gora,Mali i Zi\",\"potentialAction\":[{\"@type\":\"SearchAction\",\"target\":{\"@type\":\"EntryPoint\",\"urlTemplate\":\"https:\/\/www.visit-ulcinj.com\/blog\/?s={search_term_string}\"},\"query-input\":\"required name=search_term_string\"}],\"inLanguage\":\"en-US\"},{\"@type\":\"ImageObject\",\"inLanguage\":\"en-US\",\"@id\":\"https:\/\/www.visit-ulcinj.com\/blog\/2009\/03\/07\/nominimet-7-8-marsi-po-afron\/#primaryimage\",\"url\":\"http:\/\/www.visit-ulcinj.com\/blog\/wp-content\/uploads\/2009\/03\/7-8-marsi.jpg\",\"contentUrl\":\"http:\/\/www.visit-ulcinj.com\/blog\/wp-content\/uploads\/2009\/03\/7-8-marsi.jpg\"},{\"@type\":\"WebPage\",\"@id\":\"https:\/\/www.visit-ulcinj.com\/blog\/2009\/03\/07\/nominimet-7-8-marsi-po-afron\/#webpage\",\"url\":\"https:\/\/www.visit-ulcinj.com\/blog\/2009\/03\/07\/nominimet-7-8-marsi-po-afron\/\",\"name\":\"Nominimet : 7-8 Marsi po afron - Big Brother Albania\",\"isPartOf\":{\"@id\":\"https:\/\/www.visit-ulcinj.com\/blog\/#website\"},\"primaryImageOfPage\":{\"@id\":\"https:\/\/www.visit-ulcinj.com\/blog\/2009\/03\/07\/nominimet-7-8-marsi-po-afron\/#primaryimage\"},\"datePublished\":\"2009-03-07T09:27:28+00:00\",\"dateModified\":\"2009-03-07T09:27:28+00:00\",\"author\":{\"@id\":\"https:\/\/www.visit-ulcinj.com\/blog\/#\/schema\/person\/dcab619c614d3038751c63bc2aadc06d\"},\"description\":\"Big Brother Albania - Dritani, Aida, Lirita dhe Bjordi q\u00c3\u00abndrojn\u00c3\u00ab n\u00c3\u00ab kop\u00c3\u00absht p\u00c3\u00abr t\u00c3\u00ab pir\u00c3\u00ab kafen e m\u00c3\u00abngjesit.\",\"breadcrumb\":{\"@id\":\"https:\/\/www.visit-ulcinj.com\/blog\/2009\/03\/07\/nominimet-7-8-marsi-po-afron\/#breadcrumb\"},\"inLanguage\":\"en-US\",\"potentialAction\":[{\"@type\":\"ReadAction\",\"target\":[\"https:\/\/www.visit-ulcinj.com\/blog\/2009\/03\/07\/nominimet-7-8-marsi-po-afron\/\"]}]},{\"@type\":\"BreadcrumbList\",\"@id\":\"https:\/\/www.visit-ulcinj.com\/blog\/2009\/03\/07\/nominimet-7-8-marsi-po-afron\/#breadcrumb\",\"itemListElement\":[{\"@type\":\"ListItem\",\"position\":1,\"name\":\"Nominimet : 7-8 Marsi po afron\"}]},{\"@type\":\"Person\",\"@id\":\"https:\/\/www.visit-ulcinj.com\/blog\/#\/schema\/person\/dcab619c614d3038751c63bc2aadc06d\",\"name\":\"ulqini\",\"sameAs\":[\"http:\/\/www.visit-ulcinj.com\"],\"url\":\"https:\/\/www.visit-ulcinj.com\/blog\/author\/admin\/\"}]}<\/script>\n<!-- \/ Yoast SEO plugin. -->","yoast_head_json":{"title":"Nominimet : 7-8 Marsi po afron - Big Brother Albania","description":"Big Brother Albania - Dritani, Aida, Lirita dhe Bjordi q\u00c3\u00abndrojn\u00c3\u00ab n\u00c3\u00ab kop\u00c3\u00absht p\u00c3\u00abr t\u00c3\u00ab pir\u00c3\u00ab kafen e m\u00c3\u00abngjesit.","robots":{"index":"index","follow":"follow","max-snippet":"max-snippet:-1","max-image-preview":"max-image-preview:large","max-video-preview":"max-video-preview:-1"},"canonical":"https:\/\/www.visit-ulcinj.com\/blog\/2009\/03\/07\/nominimet-7-8-marsi-po-afron\/","og_locale":"en_US","og_type":"article","og_title":"Nominimet : 7-8 Marsi po afron - Big Brother Albania","og_description":"Big Brother Albania - Dritani, Aida, Lirita dhe Bjordi q\u00c3\u00abndrojn\u00c3\u00ab n\u00c3\u00ab kop\u00c3\u00absht p\u00c3\u00abr t\u00c3\u00ab pir\u00c3\u00ab kafen e m\u00c3\u00abngjesit.","og_url":"https:\/\/www.visit-ulcinj.com\/blog\/2009\/03\/07\/nominimet-7-8-marsi-po-afron\/","og_site_name":"Lajme nga Ulqini","article_published_time":"2009-03-07T09:27:28+00:00","og_image":[{"url":"http:\/\/www.visit-ulcinj.com\/blog\/wp-content\/uploads\/2009\/03\/7-8-marsi.jpg"}],"twitter_misc":{"Written by":"ulqini","Est. reading time":"2 minutes"},"schema":{"@context":"https:\/\/schema.org","@graph":[{"@type":"WebSite","@id":"https:\/\/www.visit-ulcinj.com\/blog\/#website","url":"https:\/\/www.visit-ulcinj.com\/blog\/","name":"Lajme nga Ulqini","description":"Lajme,Vijesti,Ulqini,Ulqin,Crna Gora,Mali i Zi","potentialAction":[{"@type":"SearchAction","target":{"@type":"EntryPoint","urlTemplate":"https:\/\/www.visit-ulcinj.com\/blog\/?s={search_term_string}"},"query-input":"required name=search_term_string"}],"inLanguage":"en-US"},{"@type":"ImageObject","inLanguage":"en-US","@id":"https:\/\/www.visit-ulcinj.com\/blog\/2009\/03\/07\/nominimet-7-8-marsi-po-afron\/#primaryimage","url":"http:\/\/www.visit-ulcinj.com\/blog\/wp-content\/uploads\/2009\/03\/7-8-marsi.jpg","contentUrl":"http:\/\/www.visit-ulcinj.com\/blog\/wp-content\/uploads\/2009\/03\/7-8-marsi.jpg"},{"@type":"WebPage","@id":"https:\/\/www.visit-ulcinj.com\/blog\/2009\/03\/07\/nominimet-7-8-marsi-po-afron\/#webpage","url":"https:\/\/www.visit-ulcinj.com\/blog\/2009\/03\/07\/nominimet-7-8-marsi-po-afron\/","name":"Nominimet : 7-8 Marsi po afron - Big Brother Albania","isPartOf":{"@id":"https:\/\/www.visit-ulcinj.com\/blog\/#website"},"primaryImageOfPage":{"@id":"https:\/\/www.visit-ulcinj.com\/blog\/2009\/03\/07\/nominimet-7-8-marsi-po-afron\/#primaryimage"},"datePublished":"2009-03-07T09:27:28+00:00","dateModified":"2009-03-07T09:27:28+00:00","author":{"@id":"https:\/\/www.visit-ulcinj.com\/blog\/#\/schema\/person\/dcab619c614d3038751c63bc2aadc06d"},"description":"Big Brother Albania - Dritani, Aida, Lirita dhe Bjordi q\u00c3\u00abndrojn\u00c3\u00ab n\u00c3\u00ab kop\u00c3\u00absht p\u00c3\u00abr t\u00c3\u00ab pir\u00c3\u00ab kafen e m\u00c3\u00abngjesit.","breadcrumb":{"@id":"https:\/\/www.visit-ulcinj.com\/blog\/2009\/03\/07\/nominimet-7-8-marsi-po-afron\/#breadcrumb"},"inLanguage":"en-US","potentialAction":[{"@type":"ReadAction","target":["https:\/\/www.visit-ulcinj.com\/blog\/2009\/03\/07\/nominimet-7-8-marsi-po-afron\/"]}]},{"@type":"BreadcrumbList","@id":"https:\/\/www.visit-ulcinj.com\/blog\/2009\/03\/07\/nominimet-7-8-marsi-po-afron\/#breadcrumb","itemListElement":[{"@type":"ListItem","position":1,"name":"Nominimet : 7-8 Marsi po afron"}]},{"@type":"Person","@id":"https:\/\/www.visit-ulcinj.com\/blog\/#\/schema\/person\/dcab619c614d3038751c63bc2aadc06d","name":"ulqini","sameAs":["http:\/\/www.visit-ulcinj.com"],"url":"https:\/\/www.visit-ulcinj.com\/blog\/author\/admin\/"}]}},"jetpack_featured_media_url":"","jetpack_sharing_enabled":true,"jetpack_shortlink":"https:\/\/wp.me\/pe6lTn-3nW","_links":{"self":[{"href":"https:\/\/www.visit-ulcinj.com\/blog\/wp-json\/wp\/v2\/posts\/13016"}],"collection":[{"href":"https:\/\/www.visit-ulcinj.com\/blog\/wp-json\/wp\/v2\/posts"}],"about":[{"href":"https:\/\/www.visit-ulcinj.com\/blog\/wp-json\/wp\/v2\/types\/post"}],"author":[{"embeddable":true,"href":"https:\/\/www.visit-ulcinj.com\/blog\/wp-json\/wp\/v2\/users\/1"}],"replies":[{"embeddable":true,"href":"https:\/\/www.visit-ulcinj.com\/blog\/wp-json\/wp\/v2\/comments?post=13016"}],"version-history":[{"count":0,"href":"https:\/\/www.visit-ulcinj.com\/blog\/wp-json\/wp\/v2\/posts\/13016\/revisions"}],"wp:attachment":[{"href":"https:\/\/www.visit-ulcinj.com\/blog\/wp-json\/wp\/v2\/media?parent=13016"}],"wp:term":[{"taxonomy":"category","embeddable":true,"href":"https:\/\/www.visit-ulcinj.com\/blog\/wp-json\/wp\/v2\/categories?post=13016"},{"taxonomy":"post_tag","embeddable":true,"href":"https:\/\/www.visit-ulcinj.com\/blog\/wp-json\/wp\/v2\/tags?post=13016"}],"curies":[{"name":"wp","href":"https:\/\/api.w.org\/{rel}","templated":true}]}}