{"id":13020,"date":"2009-03-07T10:31:47","date_gmt":"2009-03-07T09:31:47","guid":{"rendered":"http:\/\/www.visit-ulcinj.com\/blog\/?p=13020"},"modified":"2009-03-07T10:31:47","modified_gmt":"2009-03-07T09:31:47","slug":"bjordi-dhe-adi-do-te-durojme-dhe-do-te-fitojme","status":"publish","type":"post","link":"https:\/\/www.visit-ulcinj.com\/blog\/2009\/03\/07\/bjordi-dhe-adi-do-te-durojme-dhe-do-te-fitojme\/","title":{"rendered":"Bjordi dhe Adi &#8211; Do t\u00eb durojm\u00eb dhe do t\u00eb fitojm\u00eb"},"content":{"rendered":"<p><em><span class=\"newsdate\"><a href=\"http:\/\/www.visit-ulcinj.com\/blog\/wp-content\/uploads\/2009\/03\/bjordiadi.jpg\"><img loading=\"lazy\" class=\"alignleft size-full wp-image-13021\" title=\"bjordi-adi-big-brother-albania\" src=\"http:\/\/www.visit-ulcinj.com\/blog\/wp-content\/uploads\/2009\/03\/bjordiadi.jpg\" alt=\"bjordi-adi-big-brother-albania\" width=\"300\" height=\"205\" \/><\/a>04\/03\/09 12:12<\/span><\/em><\/p>\n<p>Bjordi dhe Adi bisedojn\u00eb se u mungojn\u00eb disa aktivitete t\u00eb cilat i praktikonin kur ishin jasht\u00eb sht\u00ebpis\u00eb se Big Brother. Adi thot\u00eb se i mungon loja e futbollit q\u00eb zhvillonte me shok\u00ebt. Por megjithat\u00eb ai thot\u00eb se ja vlen t\u00eb sakrifikojn\u00eb pasi do t\u00eb fitojn\u00eb. Ai i thot\u00eb Bjordit t\u00eb durojn\u00eb aq koh\u00eb sa loja u ka rezervuar fatin p\u00ebr t\u00eb q\u00ebndruar n\u00eb sht\u00ebpi se n\u00eb fund do t\u00eb dalin t\u00eb fituar. Bjordi i thot\u00eb se ai do t\u00eb duroj\u00eb tre muaj kurse vet\u00eb nuk i dihet. Ai i thot\u00eb Adit se i duket tip shum\u00eb i duruesh\u00ebm dhe Adi e aprovon k\u00ebt\u00eb mendim dhe i thot\u00eb se e ka provuar veten q\u00eb duron. Bjordi e pyet se cfar\u00eb surprize do t\u2019i p\u00eblqente q\u00eb t\u2019i b\u00ebnin dhe Adi i p\u00ebrgjigjet se do t\u00eb donte t\u2019i sillnin ekipin e futbollit e t\u00eb zhvillonte nj\u00eb loj\u00eb me ta sikur edhe pes\u00eb minuta por ai vazhdon se disa nga miqt\u00eb e tij nuk do t\u00eb donin t\u00eb dilnin n\u00eb televizion. Bjordi i thot\u00eb se dhe ai do t\u00eb d\u00ebshironte t\u2019i vinte shoq\u00ebria q\u00eb ka n\u00eb Lecco, por ata jan\u00eb shum\u00eb larg dhe do t\u00eb mjaftohej me kush\u00ebrinjt\u00eb q\u00eb ndodhen k\u00ebtu.\u00a0<br \/>\nBjordi e pyet Adin se si do t\u2019i shpenzonte parat\u00eb n\u00eb rast se do t\u00eb dilte i pari dhe Adi i thot\u00eb se do t\u00eb merrej me rregullimin e sht\u00ebpis\u00eb dhe nj\u00eb pjes\u00eb do t\u2019i mbante si kursime p\u00ebr t\u00eb ardhmen. Bjordi e pyet Adin n\u00ebse i p\u00eblqen q\u00eb t\u00eb merret me spektakle dhe Adi i p\u00ebrgjigjet se i p\u00eblqen por, jo cdo kush ja del mban\u00eb sepse edhe se d\u00ebshira nuk t\u00eb mungon, duhet shum\u00eb parap\u00ebrgatitje q\u00eb t\u00eb mos d\u00ebshtosh q\u00eb n\u00eb fillim. Bjordi i thot\u00eb se i p\u00eblqen t\u00eb b\u00ebj\u00eb rolin e komikut. P\u00ebr Adin, k\u00ebt\u00eb mund ta realizoj\u00eb vet\u00ebm para t\u00eb af\u00ebrmve kurse me t\u00eb tjer\u00ebt nuk e b\u00ebn dot. Ai i tregon Bjordit se disa komik\u00eb tek Portokallia, edhe pse nuk jan\u00eb aktor\u00eb, arrijn\u00eb ta realizojn\u00eb personazhin e tyre fal\u00eb pun\u00ebs me p\u00ebrkushtim. M\u00eb pas djemt\u00eb vazhdojn\u00eb t\u00eb flasin se si do t\u2019i imitojn\u00eb ata tek Portokallia.<\/p>\n","protected":false},"excerpt":{"rendered":"<p>04\/03\/09 12:12 Bjordi dhe Adi bisedojn\u00eb se u mungojn\u00eb disa aktivitete t\u00eb cilat i praktikonin kur ishin jasht\u00eb sht\u00ebpis\u00eb se Big Brother. Adi thot\u00eb se i mungon loja e futbollit q\u00eb zhvillonte me shok\u00ebt. Por megjithat\u00eb ai thot\u00eb se ja vlen t\u00eb sakrifikojn\u00eb pasi do t\u00eb fitojn\u00eb. Ai i thot\u00eb Bjordit t\u00eb durojn\u00eb aq koh\u00eb [&hellip;]<\/p>\n","protected":false},"author":1,"featured_media":0,"comment_status":"open","ping_status":"closed","sticky":false,"template":"","format":"standard","meta":{"spay_email":"","jetpack_publicize_message":"","jetpack_is_tweetstorm":false,"jetpack_publicize_feature_enabled":true},"categories":[6502],"tags":[1414,5057,6506,6712,7129,6665,7544,7543,6891,6693,6887],"jetpack_publicize_connections":[],"yoast_head":"<!-- This site is optimized with the Yoast SEO plugin v19.1 - https:\/\/yoast.com\/wordpress\/plugins\/seo\/ -->\n<title>Bjordi dhe Adi - Do t\u00c3\u00ab durojm\u00c3\u00ab dhe do t\u00c3\u00ab fitojm\u00c3\u00ab - Big Brother Albania<\/title>\n<meta name=\"description\" content=\"Big Brother Albania - Bjordi dhe Adi bisedojn\u00c3\u00ab se u mungojn\u00c3\u00ab disa aktivitete t\u00c3\u00ab cilat i praktikonin kur ishin jasht\u00c3\u00ab sht\u00c3\u00abpis\u00c3\u00ab se Big Brother. Adi thot\u00c3\u00ab se i mungon loja e futbollit q\u00c3\u00ab zhvillonte me shok\u00c3\u00abt.\" \/>\n<meta name=\"robots\" content=\"index, follow, max-snippet:-1, max-image-preview:large, max-video-preview:-1\" \/>\n<link rel=\"canonical\" href=\"https:\/\/www.visit-ulcinj.com\/blog\/2009\/03\/07\/bjordi-dhe-adi-do-te-durojme-dhe-do-te-fitojme\/\" \/>\n<meta property=\"og:locale\" content=\"en_US\" \/>\n<meta property=\"og:type\" content=\"article\" \/>\n<meta property=\"og:title\" content=\"Bjordi dhe Adi - Do t\u00c3\u00ab durojm\u00c3\u00ab dhe do t\u00c3\u00ab fitojm\u00c3\u00ab - Big Brother Albania\" \/>\n<meta property=\"og:description\" content=\"Big Brother Albania - Bjordi dhe Adi bisedojn\u00c3\u00ab se u mungojn\u00c3\u00ab disa aktivitete t\u00c3\u00ab cilat i praktikonin kur ishin jasht\u00c3\u00ab sht\u00c3\u00abpis\u00c3\u00ab se Big Brother. Adi thot\u00c3\u00ab se i mungon loja e futbollit q\u00c3\u00ab zhvillonte me shok\u00c3\u00abt.\" \/>\n<meta property=\"og:url\" content=\"https:\/\/www.visit-ulcinj.com\/blog\/2009\/03\/07\/bjordi-dhe-adi-do-te-durojme-dhe-do-te-fitojme\/\" \/>\n<meta property=\"og:site_name\" content=\"Lajme nga Ulqini\" \/>\n<meta property=\"article:published_time\" content=\"2009-03-07T09:31:47+00:00\" \/>\n<meta property=\"og:image\" content=\"http:\/\/www.visit-ulcinj.com\/blog\/wp-content\/uploads\/2009\/03\/bjordiadi.jpg\" \/>\n<meta name=\"twitter:label1\" content=\"Written by\" \/>\n\t<meta name=\"twitter:data1\" content=\"ulqini\" \/>\n\t<meta name=\"twitter:label2\" content=\"Est. reading time\" \/>\n\t<meta name=\"twitter:data2\" content=\"2 minutes\" \/>\n<script type=\"application\/ld+json\" class=\"yoast-schema-graph\">{\"@context\":\"https:\/\/schema.org\",\"@graph\":[{\"@type\":\"WebSite\",\"@id\":\"https:\/\/www.visit-ulcinj.com\/blog\/#website\",\"url\":\"https:\/\/www.visit-ulcinj.com\/blog\/\",\"name\":\"Lajme nga Ulqini\",\"description\":\"Lajme,Vijesti,Ulqini,Ulqin,Crna Gora,Mali i Zi\",\"potentialAction\":[{\"@type\":\"SearchAction\",\"target\":{\"@type\":\"EntryPoint\",\"urlTemplate\":\"https:\/\/www.visit-ulcinj.com\/blog\/?s={search_term_string}\"},\"query-input\":\"required name=search_term_string\"}],\"inLanguage\":\"en-US\"},{\"@type\":\"ImageObject\",\"inLanguage\":\"en-US\",\"@id\":\"https:\/\/www.visit-ulcinj.com\/blog\/2009\/03\/07\/bjordi-dhe-adi-do-te-durojme-dhe-do-te-fitojme\/#primaryimage\",\"url\":\"http:\/\/www.visit-ulcinj.com\/blog\/wp-content\/uploads\/2009\/03\/bjordiadi.jpg\",\"contentUrl\":\"http:\/\/www.visit-ulcinj.com\/blog\/wp-content\/uploads\/2009\/03\/bjordiadi.jpg\"},{\"@type\":\"WebPage\",\"@id\":\"https:\/\/www.visit-ulcinj.com\/blog\/2009\/03\/07\/bjordi-dhe-adi-do-te-durojme-dhe-do-te-fitojme\/#webpage\",\"url\":\"https:\/\/www.visit-ulcinj.com\/blog\/2009\/03\/07\/bjordi-dhe-adi-do-te-durojme-dhe-do-te-fitojme\/\",\"name\":\"Bjordi dhe Adi - Do t\u00c3\u00ab durojm\u00c3\u00ab dhe do t\u00c3\u00ab fitojm\u00c3\u00ab - Big Brother Albania\",\"isPartOf\":{\"@id\":\"https:\/\/www.visit-ulcinj.com\/blog\/#website\"},\"primaryImageOfPage\":{\"@id\":\"https:\/\/www.visit-ulcinj.com\/blog\/2009\/03\/07\/bjordi-dhe-adi-do-te-durojme-dhe-do-te-fitojme\/#primaryimage\"},\"datePublished\":\"2009-03-07T09:31:47+00:00\",\"dateModified\":\"2009-03-07T09:31:47+00:00\",\"author\":{\"@id\":\"https:\/\/www.visit-ulcinj.com\/blog\/#\/schema\/person\/dcab619c614d3038751c63bc2aadc06d\"},\"description\":\"Big Brother Albania - Bjordi dhe Adi bisedojn\u00c3\u00ab se u mungojn\u00c3\u00ab disa aktivitete t\u00c3\u00ab cilat i praktikonin kur ishin jasht\u00c3\u00ab sht\u00c3\u00abpis\u00c3\u00ab se Big Brother. Adi thot\u00c3\u00ab se i mungon loja e futbollit q\u00c3\u00ab zhvillonte me shok\u00c3\u00abt.\",\"breadcrumb\":{\"@id\":\"https:\/\/www.visit-ulcinj.com\/blog\/2009\/03\/07\/bjordi-dhe-adi-do-te-durojme-dhe-do-te-fitojme\/#breadcrumb\"},\"inLanguage\":\"en-US\",\"potentialAction\":[{\"@type\":\"ReadAction\",\"target\":[\"https:\/\/www.visit-ulcinj.com\/blog\/2009\/03\/07\/bjordi-dhe-adi-do-te-durojme-dhe-do-te-fitojme\/\"]}]},{\"@type\":\"BreadcrumbList\",\"@id\":\"https:\/\/www.visit-ulcinj.com\/blog\/2009\/03\/07\/bjordi-dhe-adi-do-te-durojme-dhe-do-te-fitojme\/#breadcrumb\",\"itemListElement\":[{\"@type\":\"ListItem\",\"position\":1,\"name\":\"Bjordi dhe Adi &#8211; Do t\u00eb durojm\u00eb dhe do t\u00eb fitojm\u00eb\"}]},{\"@type\":\"Person\",\"@id\":\"https:\/\/www.visit-ulcinj.com\/blog\/#\/schema\/person\/dcab619c614d3038751c63bc2aadc06d\",\"name\":\"ulqini\",\"sameAs\":[\"http:\/\/www.visit-ulcinj.com\"],\"url\":\"https:\/\/www.visit-ulcinj.com\/blog\/author\/admin\/\"}]}<\/script>\n<!-- \/ Yoast SEO plugin. -->","yoast_head_json":{"title":"Bjordi dhe Adi - Do t\u00c3\u00ab durojm\u00c3\u00ab dhe do t\u00c3\u00ab fitojm\u00c3\u00ab - Big Brother Albania","description":"Big Brother Albania - Bjordi dhe Adi bisedojn\u00c3\u00ab se u mungojn\u00c3\u00ab disa aktivitete t\u00c3\u00ab cilat i praktikonin kur ishin jasht\u00c3\u00ab sht\u00c3\u00abpis\u00c3\u00ab se Big Brother. Adi thot\u00c3\u00ab se i mungon loja e futbollit q\u00c3\u00ab zhvillonte me shok\u00c3\u00abt.","robots":{"index":"index","follow":"follow","max-snippet":"max-snippet:-1","max-image-preview":"max-image-preview:large","max-video-preview":"max-video-preview:-1"},"canonical":"https:\/\/www.visit-ulcinj.com\/blog\/2009\/03\/07\/bjordi-dhe-adi-do-te-durojme-dhe-do-te-fitojme\/","og_locale":"en_US","og_type":"article","og_title":"Bjordi dhe Adi - Do t\u00c3\u00ab durojm\u00c3\u00ab dhe do t\u00c3\u00ab fitojm\u00c3\u00ab - Big Brother Albania","og_description":"Big Brother Albania - Bjordi dhe Adi bisedojn\u00c3\u00ab se u mungojn\u00c3\u00ab disa aktivitete t\u00c3\u00ab cilat i praktikonin kur ishin jasht\u00c3\u00ab sht\u00c3\u00abpis\u00c3\u00ab se Big Brother. Adi thot\u00c3\u00ab se i mungon loja e futbollit q\u00c3\u00ab zhvillonte me shok\u00c3\u00abt.","og_url":"https:\/\/www.visit-ulcinj.com\/blog\/2009\/03\/07\/bjordi-dhe-adi-do-te-durojme-dhe-do-te-fitojme\/","og_site_name":"Lajme nga Ulqini","article_published_time":"2009-03-07T09:31:47+00:00","og_image":[{"url":"http:\/\/www.visit-ulcinj.com\/blog\/wp-content\/uploads\/2009\/03\/bjordiadi.jpg"}],"twitter_misc":{"Written by":"ulqini","Est. reading time":"2 minutes"},"schema":{"@context":"https:\/\/schema.org","@graph":[{"@type":"WebSite","@id":"https:\/\/www.visit-ulcinj.com\/blog\/#website","url":"https:\/\/www.visit-ulcinj.com\/blog\/","name":"Lajme nga Ulqini","description":"Lajme,Vijesti,Ulqini,Ulqin,Crna Gora,Mali i Zi","potentialAction":[{"@type":"SearchAction","target":{"@type":"EntryPoint","urlTemplate":"https:\/\/www.visit-ulcinj.com\/blog\/?s={search_term_string}"},"query-input":"required name=search_term_string"}],"inLanguage":"en-US"},{"@type":"ImageObject","inLanguage":"en-US","@id":"https:\/\/www.visit-ulcinj.com\/blog\/2009\/03\/07\/bjordi-dhe-adi-do-te-durojme-dhe-do-te-fitojme\/#primaryimage","url":"http:\/\/www.visit-ulcinj.com\/blog\/wp-content\/uploads\/2009\/03\/bjordiadi.jpg","contentUrl":"http:\/\/www.visit-ulcinj.com\/blog\/wp-content\/uploads\/2009\/03\/bjordiadi.jpg"},{"@type":"WebPage","@id":"https:\/\/www.visit-ulcinj.com\/blog\/2009\/03\/07\/bjordi-dhe-adi-do-te-durojme-dhe-do-te-fitojme\/#webpage","url":"https:\/\/www.visit-ulcinj.com\/blog\/2009\/03\/07\/bjordi-dhe-adi-do-te-durojme-dhe-do-te-fitojme\/","name":"Bjordi dhe Adi - Do t\u00c3\u00ab durojm\u00c3\u00ab dhe do t\u00c3\u00ab fitojm\u00c3\u00ab - Big Brother Albania","isPartOf":{"@id":"https:\/\/www.visit-ulcinj.com\/blog\/#website"},"primaryImageOfPage":{"@id":"https:\/\/www.visit-ulcinj.com\/blog\/2009\/03\/07\/bjordi-dhe-adi-do-te-durojme-dhe-do-te-fitojme\/#primaryimage"},"datePublished":"2009-03-07T09:31:47+00:00","dateModified":"2009-03-07T09:31:47+00:00","author":{"@id":"https:\/\/www.visit-ulcinj.com\/blog\/#\/schema\/person\/dcab619c614d3038751c63bc2aadc06d"},"description":"Big Brother Albania - Bjordi dhe Adi bisedojn\u00c3\u00ab se u mungojn\u00c3\u00ab disa aktivitete t\u00c3\u00ab cilat i praktikonin kur ishin jasht\u00c3\u00ab sht\u00c3\u00abpis\u00c3\u00ab se Big Brother. Adi thot\u00c3\u00ab se i mungon loja e futbollit q\u00c3\u00ab zhvillonte me shok\u00c3\u00abt.","breadcrumb":{"@id":"https:\/\/www.visit-ulcinj.com\/blog\/2009\/03\/07\/bjordi-dhe-adi-do-te-durojme-dhe-do-te-fitojme\/#breadcrumb"},"inLanguage":"en-US","potentialAction":[{"@type":"ReadAction","target":["https:\/\/www.visit-ulcinj.com\/blog\/2009\/03\/07\/bjordi-dhe-adi-do-te-durojme-dhe-do-te-fitojme\/"]}]},{"@type":"BreadcrumbList","@id":"https:\/\/www.visit-ulcinj.com\/blog\/2009\/03\/07\/bjordi-dhe-adi-do-te-durojme-dhe-do-te-fitojme\/#breadcrumb","itemListElement":[{"@type":"ListItem","position":1,"name":"Bjordi dhe Adi &#8211; Do t\u00eb durojm\u00eb dhe do t\u00eb fitojm\u00eb"}]},{"@type":"Person","@id":"https:\/\/www.visit-ulcinj.com\/blog\/#\/schema\/person\/dcab619c614d3038751c63bc2aadc06d","name":"ulqini","sameAs":["http:\/\/www.visit-ulcinj.com"],"url":"https:\/\/www.visit-ulcinj.com\/blog\/author\/admin\/"}]}},"jetpack_featured_media_url":"","jetpack_sharing_enabled":true,"jetpack_shortlink":"https:\/\/wp.me\/pe6lTn-3o0","_links":{"self":[{"href":"https:\/\/www.visit-ulcinj.com\/blog\/wp-json\/wp\/v2\/posts\/13020"}],"collection":[{"href":"https:\/\/www.visit-ulcinj.com\/blog\/wp-json\/wp\/v2\/posts"}],"about":[{"href":"https:\/\/www.visit-ulcinj.com\/blog\/wp-json\/wp\/v2\/types\/post"}],"author":[{"embeddable":true,"href":"https:\/\/www.visit-ulcinj.com\/blog\/wp-json\/wp\/v2\/users\/1"}],"replies":[{"embeddable":true,"href":"https:\/\/www.visit-ulcinj.com\/blog\/wp-json\/wp\/v2\/comments?post=13020"}],"version-history":[{"count":0,"href":"https:\/\/www.visit-ulcinj.com\/blog\/wp-json\/wp\/v2\/posts\/13020\/revisions"}],"wp:attachment":[{"href":"https:\/\/www.visit-ulcinj.com\/blog\/wp-json\/wp\/v2\/media?parent=13020"}],"wp:term":[{"taxonomy":"category","embeddable":true,"href":"https:\/\/www.visit-ulcinj.com\/blog\/wp-json\/wp\/v2\/categories?post=13020"},{"taxonomy":"post_tag","embeddable":true,"href":"https:\/\/www.visit-ulcinj.com\/blog\/wp-json\/wp\/v2\/tags?post=13020"}],"curies":[{"name":"wp","href":"https:\/\/api.w.org\/{rel}","templated":true}]}}