{"id":13023,"date":"2009-03-07T10:36:23","date_gmt":"2009-03-07T09:36:23","guid":{"rendered":"http:\/\/www.visit-ulcinj.com\/blog\/?p=13023"},"modified":"2009-03-07T10:36:23","modified_gmt":"2009-03-07T09:36:23","slug":"bika-mbreme-kam-rrahur-bjordin","status":"publish","type":"post","link":"https:\/\/www.visit-ulcinj.com\/blog\/2009\/03\/07\/bika-mbreme-kam-rrahur-bjordin\/","title":{"rendered":"Bika &#8211; Mbr\u00ebm\u00eb kam rrahur Bjordin"},"content":{"rendered":"<p><em><span class=\"newsdate\"><a href=\"http:\/\/www.visit-ulcinj.com\/blog\/wp-content\/uploads\/2009\/03\/bika.jpg\"><img loading=\"lazy\" class=\"alignleft size-full wp-image-13024\" title=\"bika-big-brother-albania\" src=\"http:\/\/www.visit-ulcinj.com\/blog\/wp-content\/uploads\/2009\/03\/bika.jpg\" alt=\"bika-big-brother-albania\" width=\"300\" height=\"205\" \/><\/a>04\/03\/09 12:22<\/span><\/em><\/p>\n<p>Bika i tregon Dritanit se mbr\u00ebm\u00eb ka rrahur Bjordin sepse e ka gjetur mbi krevatin e saj dhe Bjordi as q\u00eb kisht\u00eb nd\u00ebr mend t\u00eb l\u00ebvizte prej andej. Ai i ka th\u00ebn\u00eb Bik\u00ebs se donte t\u00eb flinte me t\u00eb kurse ajo e ka kapur p\u00ebr krahu p\u00ebr ta nxjerr\u00eb jasht\u00eb dhom\u00ebs. Edhe Adela ka k\u00ebmb\u00ebngulur q\u00eb Bjordi t\u00eb largohej dhe e ka ndihmuar Bik\u00ebn t\u2019ia arrij\u00eb q\u00ebllimit. Por, Bjordi si nj\u00eb djal\u00eb insistues \u00ebsht\u00eb futur s\u00ebrish n\u00eb dhom\u00ebn e vajzave. Kjo e ka detyruar Bik\u00ebn q\u00eb t\u00eb marr\u00eb bishtin e shtup\u00ebs e ta largoj\u00eb prej andej. Bika i tregon Dritanit se u b\u00eb nj\u00eb situat\u00eb shum\u00eb komike dhe se nuk kan\u00eb reshtur s\u00eb qeshuri. Pas Bjordit, ka filluar edhe Arjoni t\u00eb ngacmoj\u00eb Bik\u00ebn por ajo e ka \u201ck\u00ebrc\u00ebnuar\u201d edhe at\u00eb me bishtin e shtup\u00ebs. Arjoni i \u00ebsht\u00eb afruar Bik\u00ebs dhe t\u00eb dy kan\u00eb filluar t\u00eb zihen e t\u00eb b\u00ebjn\u00eb sherr me shaka. Ajo i thot\u00eb duke qeshur Dritanit se k\u00ebshtu t\u00eb gjen kur i lejon gjithmon\u00eb dhe ai ja kthen se k\u00ebto marr\u00ebdh\u00ebnie jan\u00eb t\u00eb nevojshme p\u00ebr t\u00eb kaluar koh\u00ebn.<\/p>\n","protected":false},"excerpt":{"rendered":"<p>04\/03\/09 12:22 Bika i tregon Dritanit se mbr\u00ebm\u00eb ka rrahur Bjordin sepse e ka gjetur mbi krevatin e saj dhe Bjordi as q\u00eb kisht\u00eb nd\u00ebr mend t\u00eb l\u00ebvizte prej andej. Ai i ka th\u00ebn\u00eb Bik\u00ebs se donte t\u00eb flinte me t\u00eb kurse ajo e ka kapur p\u00ebr krahu p\u00ebr ta nxjerr\u00eb jasht\u00eb dhom\u00ebs. Edhe Adela [&hellip;]<\/p>\n","protected":false},"author":1,"featured_media":0,"comment_status":"open","ping_status":"closed","sticky":false,"template":"","format":"standard","meta":{"spay_email":"","jetpack_publicize_message":"","jetpack_is_tweetstorm":false,"jetpack_publicize_feature_enabled":true},"categories":[6502],"tags":[6562,5057,6506,6712,7129,6740,6665,6568,262,6891,6693,6887],"jetpack_publicize_connections":[],"yoast_head":"<!-- This site is optimized with the Yoast SEO plugin v19.1 - https:\/\/yoast.com\/wordpress\/plugins\/seo\/ -->\n<title>Bika - Mbr\u00c3\u00abm\u00c3\u00ab kam rrahur Bjordin | Big Brother Albania<\/title>\n<meta name=\"description\" content=\"Big Brother Albania - Bika i tregon Dritanit se mbr\u00c3\u00abm\u00c3\u00ab ka rrahur Bjordin sepse e ka gjetur mbi krevatin e saj dhe Bjordi as q\u00c3\u00ab kisht\u00c3\u00ab nd\u00c3\u00abr mend t\u00c3\u00ab l\u00c3\u00abvizte prej andej\" \/>\n<meta name=\"robots\" content=\"index, follow, max-snippet:-1, max-image-preview:large, max-video-preview:-1\" \/>\n<link rel=\"canonical\" href=\"https:\/\/www.visit-ulcinj.com\/blog\/2009\/03\/07\/bika-mbreme-kam-rrahur-bjordin\/\" \/>\n<meta property=\"og:locale\" content=\"en_US\" \/>\n<meta property=\"og:type\" content=\"article\" \/>\n<meta property=\"og:title\" content=\"Bika - Mbr\u00c3\u00abm\u00c3\u00ab kam rrahur Bjordin | Big Brother Albania\" \/>\n<meta property=\"og:description\" content=\"Big Brother Albania - Bika i tregon Dritanit se mbr\u00c3\u00abm\u00c3\u00ab ka rrahur Bjordin sepse e ka gjetur mbi krevatin e saj dhe Bjordi as q\u00c3\u00ab kisht\u00c3\u00ab nd\u00c3\u00abr mend t\u00c3\u00ab l\u00c3\u00abvizte prej andej\" \/>\n<meta property=\"og:url\" content=\"https:\/\/www.visit-ulcinj.com\/blog\/2009\/03\/07\/bika-mbreme-kam-rrahur-bjordin\/\" \/>\n<meta property=\"og:site_name\" content=\"Lajme nga Ulqini\" \/>\n<meta property=\"article:published_time\" content=\"2009-03-07T09:36:23+00:00\" \/>\n<meta property=\"og:image\" content=\"http:\/\/www.visit-ulcinj.com\/blog\/wp-content\/uploads\/2009\/03\/bika.jpg\" \/>\n<meta name=\"twitter:label1\" content=\"Written by\" \/>\n\t<meta name=\"twitter:data1\" content=\"ulqini\" \/>\n\t<meta name=\"twitter:label2\" content=\"Est. reading time\" \/>\n\t<meta name=\"twitter:data2\" content=\"1 minute\" \/>\n<script type=\"application\/ld+json\" class=\"yoast-schema-graph\">{\"@context\":\"https:\/\/schema.org\",\"@graph\":[{\"@type\":\"WebSite\",\"@id\":\"https:\/\/www.visit-ulcinj.com\/blog\/#website\",\"url\":\"https:\/\/www.visit-ulcinj.com\/blog\/\",\"name\":\"Lajme nga Ulqini\",\"description\":\"Lajme,Vijesti,Ulqini,Ulqin,Crna Gora,Mali i Zi\",\"potentialAction\":[{\"@type\":\"SearchAction\",\"target\":{\"@type\":\"EntryPoint\",\"urlTemplate\":\"https:\/\/www.visit-ulcinj.com\/blog\/?s={search_term_string}\"},\"query-input\":\"required name=search_term_string\"}],\"inLanguage\":\"en-US\"},{\"@type\":\"ImageObject\",\"inLanguage\":\"en-US\",\"@id\":\"https:\/\/www.visit-ulcinj.com\/blog\/2009\/03\/07\/bika-mbreme-kam-rrahur-bjordin\/#primaryimage\",\"url\":\"http:\/\/www.visit-ulcinj.com\/blog\/wp-content\/uploads\/2009\/03\/bika.jpg\",\"contentUrl\":\"http:\/\/www.visit-ulcinj.com\/blog\/wp-content\/uploads\/2009\/03\/bika.jpg\"},{\"@type\":\"WebPage\",\"@id\":\"https:\/\/www.visit-ulcinj.com\/blog\/2009\/03\/07\/bika-mbreme-kam-rrahur-bjordin\/#webpage\",\"url\":\"https:\/\/www.visit-ulcinj.com\/blog\/2009\/03\/07\/bika-mbreme-kam-rrahur-bjordin\/\",\"name\":\"Bika - Mbr\u00c3\u00abm\u00c3\u00ab kam rrahur Bjordin | Big Brother Albania\",\"isPartOf\":{\"@id\":\"https:\/\/www.visit-ulcinj.com\/blog\/#website\"},\"primaryImageOfPage\":{\"@id\":\"https:\/\/www.visit-ulcinj.com\/blog\/2009\/03\/07\/bika-mbreme-kam-rrahur-bjordin\/#primaryimage\"},\"datePublished\":\"2009-03-07T09:36:23+00:00\",\"dateModified\":\"2009-03-07T09:36:23+00:00\",\"author\":{\"@id\":\"https:\/\/www.visit-ulcinj.com\/blog\/#\/schema\/person\/dcab619c614d3038751c63bc2aadc06d\"},\"description\":\"Big Brother Albania - Bika i tregon Dritanit se mbr\u00c3\u00abm\u00c3\u00ab ka rrahur Bjordin sepse e ka gjetur mbi krevatin e saj dhe Bjordi as q\u00c3\u00ab kisht\u00c3\u00ab nd\u00c3\u00abr mend t\u00c3\u00ab l\u00c3\u00abvizte prej andej\",\"breadcrumb\":{\"@id\":\"https:\/\/www.visit-ulcinj.com\/blog\/2009\/03\/07\/bika-mbreme-kam-rrahur-bjordin\/#breadcrumb\"},\"inLanguage\":\"en-US\",\"potentialAction\":[{\"@type\":\"ReadAction\",\"target\":[\"https:\/\/www.visit-ulcinj.com\/blog\/2009\/03\/07\/bika-mbreme-kam-rrahur-bjordin\/\"]}]},{\"@type\":\"BreadcrumbList\",\"@id\":\"https:\/\/www.visit-ulcinj.com\/blog\/2009\/03\/07\/bika-mbreme-kam-rrahur-bjordin\/#breadcrumb\",\"itemListElement\":[{\"@type\":\"ListItem\",\"position\":1,\"name\":\"Bika &#8211; Mbr\u00ebm\u00eb kam rrahur Bjordin\"}]},{\"@type\":\"Person\",\"@id\":\"https:\/\/www.visit-ulcinj.com\/blog\/#\/schema\/person\/dcab619c614d3038751c63bc2aadc06d\",\"name\":\"ulqini\",\"sameAs\":[\"http:\/\/www.visit-ulcinj.com\"],\"url\":\"https:\/\/www.visit-ulcinj.com\/blog\/author\/admin\/\"}]}<\/script>\n<!-- \/ Yoast SEO plugin. -->","yoast_head_json":{"title":"Bika - Mbr\u00c3\u00abm\u00c3\u00ab kam rrahur Bjordin | Big Brother Albania","description":"Big Brother Albania - Bika i tregon Dritanit se mbr\u00c3\u00abm\u00c3\u00ab ka rrahur Bjordin sepse e ka gjetur mbi krevatin e saj dhe Bjordi as q\u00c3\u00ab kisht\u00c3\u00ab nd\u00c3\u00abr mend t\u00c3\u00ab l\u00c3\u00abvizte prej andej","robots":{"index":"index","follow":"follow","max-snippet":"max-snippet:-1","max-image-preview":"max-image-preview:large","max-video-preview":"max-video-preview:-1"},"canonical":"https:\/\/www.visit-ulcinj.com\/blog\/2009\/03\/07\/bika-mbreme-kam-rrahur-bjordin\/","og_locale":"en_US","og_type":"article","og_title":"Bika - Mbr\u00c3\u00abm\u00c3\u00ab kam rrahur Bjordin | Big Brother Albania","og_description":"Big Brother Albania - Bika i tregon Dritanit se mbr\u00c3\u00abm\u00c3\u00ab ka rrahur Bjordin sepse e ka gjetur mbi krevatin e saj dhe Bjordi as q\u00c3\u00ab kisht\u00c3\u00ab nd\u00c3\u00abr mend t\u00c3\u00ab l\u00c3\u00abvizte prej andej","og_url":"https:\/\/www.visit-ulcinj.com\/blog\/2009\/03\/07\/bika-mbreme-kam-rrahur-bjordin\/","og_site_name":"Lajme nga Ulqini","article_published_time":"2009-03-07T09:36:23+00:00","og_image":[{"url":"http:\/\/www.visit-ulcinj.com\/blog\/wp-content\/uploads\/2009\/03\/bika.jpg"}],"twitter_misc":{"Written by":"ulqini","Est. reading time":"1 minute"},"schema":{"@context":"https:\/\/schema.org","@graph":[{"@type":"WebSite","@id":"https:\/\/www.visit-ulcinj.com\/blog\/#website","url":"https:\/\/www.visit-ulcinj.com\/blog\/","name":"Lajme nga Ulqini","description":"Lajme,Vijesti,Ulqini,Ulqin,Crna Gora,Mali i Zi","potentialAction":[{"@type":"SearchAction","target":{"@type":"EntryPoint","urlTemplate":"https:\/\/www.visit-ulcinj.com\/blog\/?s={search_term_string}"},"query-input":"required name=search_term_string"}],"inLanguage":"en-US"},{"@type":"ImageObject","inLanguage":"en-US","@id":"https:\/\/www.visit-ulcinj.com\/blog\/2009\/03\/07\/bika-mbreme-kam-rrahur-bjordin\/#primaryimage","url":"http:\/\/www.visit-ulcinj.com\/blog\/wp-content\/uploads\/2009\/03\/bika.jpg","contentUrl":"http:\/\/www.visit-ulcinj.com\/blog\/wp-content\/uploads\/2009\/03\/bika.jpg"},{"@type":"WebPage","@id":"https:\/\/www.visit-ulcinj.com\/blog\/2009\/03\/07\/bika-mbreme-kam-rrahur-bjordin\/#webpage","url":"https:\/\/www.visit-ulcinj.com\/blog\/2009\/03\/07\/bika-mbreme-kam-rrahur-bjordin\/","name":"Bika - Mbr\u00c3\u00abm\u00c3\u00ab kam rrahur Bjordin | Big Brother Albania","isPartOf":{"@id":"https:\/\/www.visit-ulcinj.com\/blog\/#website"},"primaryImageOfPage":{"@id":"https:\/\/www.visit-ulcinj.com\/blog\/2009\/03\/07\/bika-mbreme-kam-rrahur-bjordin\/#primaryimage"},"datePublished":"2009-03-07T09:36:23+00:00","dateModified":"2009-03-07T09:36:23+00:00","author":{"@id":"https:\/\/www.visit-ulcinj.com\/blog\/#\/schema\/person\/dcab619c614d3038751c63bc2aadc06d"},"description":"Big Brother Albania - Bika i tregon Dritanit se mbr\u00c3\u00abm\u00c3\u00ab ka rrahur Bjordin sepse e ka gjetur mbi krevatin e saj dhe Bjordi as q\u00c3\u00ab kisht\u00c3\u00ab nd\u00c3\u00abr mend t\u00c3\u00ab l\u00c3\u00abvizte prej andej","breadcrumb":{"@id":"https:\/\/www.visit-ulcinj.com\/blog\/2009\/03\/07\/bika-mbreme-kam-rrahur-bjordin\/#breadcrumb"},"inLanguage":"en-US","potentialAction":[{"@type":"ReadAction","target":["https:\/\/www.visit-ulcinj.com\/blog\/2009\/03\/07\/bika-mbreme-kam-rrahur-bjordin\/"]}]},{"@type":"BreadcrumbList","@id":"https:\/\/www.visit-ulcinj.com\/blog\/2009\/03\/07\/bika-mbreme-kam-rrahur-bjordin\/#breadcrumb","itemListElement":[{"@type":"ListItem","position":1,"name":"Bika &#8211; Mbr\u00ebm\u00eb kam rrahur Bjordin"}]},{"@type":"Person","@id":"https:\/\/www.visit-ulcinj.com\/blog\/#\/schema\/person\/dcab619c614d3038751c63bc2aadc06d","name":"ulqini","sameAs":["http:\/\/www.visit-ulcinj.com"],"url":"https:\/\/www.visit-ulcinj.com\/blog\/author\/admin\/"}]}},"jetpack_featured_media_url":"","jetpack_sharing_enabled":true,"jetpack_shortlink":"https:\/\/wp.me\/pe6lTn-3o3","_links":{"self":[{"href":"https:\/\/www.visit-ulcinj.com\/blog\/wp-json\/wp\/v2\/posts\/13023"}],"collection":[{"href":"https:\/\/www.visit-ulcinj.com\/blog\/wp-json\/wp\/v2\/posts"}],"about":[{"href":"https:\/\/www.visit-ulcinj.com\/blog\/wp-json\/wp\/v2\/types\/post"}],"author":[{"embeddable":true,"href":"https:\/\/www.visit-ulcinj.com\/blog\/wp-json\/wp\/v2\/users\/1"}],"replies":[{"embeddable":true,"href":"https:\/\/www.visit-ulcinj.com\/blog\/wp-json\/wp\/v2\/comments?post=13023"}],"version-history":[{"count":0,"href":"https:\/\/www.visit-ulcinj.com\/blog\/wp-json\/wp\/v2\/posts\/13023\/revisions"}],"wp:attachment":[{"href":"https:\/\/www.visit-ulcinj.com\/blog\/wp-json\/wp\/v2\/media?parent=13023"}],"wp:term":[{"taxonomy":"category","embeddable":true,"href":"https:\/\/www.visit-ulcinj.com\/blog\/wp-json\/wp\/v2\/categories?post=13023"},{"taxonomy":"post_tag","embeddable":true,"href":"https:\/\/www.visit-ulcinj.com\/blog\/wp-json\/wp\/v2\/tags?post=13023"}],"curies":[{"name":"wp","href":"https:\/\/api.w.org\/{rel}","templated":true}]}}