{"id":13026,"date":"2009-03-07T10:41:35","date_gmt":"2009-03-07T09:41:35","guid":{"rendered":"http:\/\/www.visit-ulcinj.com\/blog\/?p=13026"},"modified":"2009-03-07T10:41:35","modified_gmt":"2009-03-07T09:41:35","slug":"bjordi-dhe-adi-batuta","status":"publish","type":"post","link":"https:\/\/www.visit-ulcinj.com\/blog\/2009\/03\/07\/bjordi-dhe-adi-batuta\/","title":{"rendered":"Bjordi dhe Adi &#8211; Batuta"},"content":{"rendered":"<p><em><span class=\"newsdate\"><span style=\"color: #0000ee; text-decoration: underline;\"><a href=\"http:\/\/www.visit-ulcinj.com\/blog\/wp-content\/uploads\/2009\/03\/bjordiadibatuta.jpg\"><img loading=\"lazy\" class=\"alignleft size-full wp-image-13028\" title=\"bjordi-adi-batuta-big-brother-albania\" src=\"http:\/\/www.visit-ulcinj.com\/blog\/wp-content\/uploads\/2009\/03\/bjordiadibatuta.jpg\" alt=\"bjordi-adi-batuta-big-brother-albania\" width=\"300\" height=\"205\" \/><\/a><\/span>04\/03\/09 12:50<\/span><\/em><\/p>\n<p>Bjordi dhe Adi vazhdojn\u00eb t\u00eb q\u00ebndrojn\u00eb n\u00eb kop\u00ebsht. Ata shk\u00ebmbejn\u00eb shum\u00eb batuta midis tyre edhe pse ato jan\u00eb pa lidhje. Edhe kur nisin t\u00eb b\u00ebjn\u00eb nj\u00eb bised\u00eb seriozisht, batutat dhe t\u00eb qeshurat nuk kan\u00eb t\u00eb munguar. Ata flasin me njeri-tjetrin n\u00eb k\u00ebt\u00eb form\u00eb prej dit\u00ebsh dhe t\u00eb dy arg\u00ebtohen shum\u00eb. Adi shpesh mundohet t\u2019i shpjegoj\u00eb Bjordit n\u00eb italisht dometh\u00ebnien e fjal\u00ebve q\u00eb p\u00ebrdor dhe situata b\u00ebhet edhe m\u00eb komike pasi shpesh nuk gjen fjal\u00ebt e p\u00ebrshtatshme.<\/p>\n","protected":false},"excerpt":{"rendered":"<p>04\/03\/09 12:50 Bjordi dhe Adi vazhdojn\u00eb t\u00eb q\u00ebndrojn\u00eb n\u00eb kop\u00ebsht. Ata shk\u00ebmbejn\u00eb shum\u00eb batuta midis tyre edhe pse ato jan\u00eb pa lidhje. Edhe kur nisin t\u00eb b\u00ebjn\u00eb nj\u00eb bised\u00eb seriozisht, batutat dhe t\u00eb qeshurat nuk kan\u00eb t\u00eb munguar. Ata flasin me njeri-tjetrin n\u00eb k\u00ebt\u00eb form\u00eb prej dit\u00ebsh dhe t\u00eb dy arg\u00ebtohen shum\u00eb. Adi shpesh mundohet [&hellip;]<\/p>\n","protected":false},"author":1,"featured_media":0,"comment_status":"open","ping_status":"closed","sticky":false,"template":"","format":"standard","meta":{"spay_email":"","jetpack_publicize_message":"","jetpack_is_tweetstorm":false,"jetpack_publicize_feature_enabled":true},"categories":[6502],"tags":[1414,7545,5057,6506,6712,7129,6665,7544,6891,6693,6887],"jetpack_publicize_connections":[],"yoast_head":"<!-- This site is optimized with the Yoast SEO plugin v19.1 - https:\/\/yoast.com\/wordpress\/plugins\/seo\/ -->\n<title>Bjordi dhe Adi - Batuta | Big Brother Albania<\/title>\n<meta name=\"description\" content=\"Big Brother Albania - Bjordi dhe Adi vazhdojn\u00c3\u00ab t\u00c3\u00ab q\u00c3\u00abndrojn\u00c3\u00ab n\u00c3\u00ab kop\u00c3\u00absht. Ata shk\u00c3\u00abmbejn\u00c3\u00ab shum\u00c3\u00ab batuta midis tyre edhe pse ato jan\u00c3\u00ab pa lidhje.\" \/>\n<meta name=\"robots\" content=\"index, follow, max-snippet:-1, max-image-preview:large, max-video-preview:-1\" \/>\n<link rel=\"canonical\" href=\"https:\/\/www.visit-ulcinj.com\/blog\/2009\/03\/07\/bjordi-dhe-adi-batuta\/\" \/>\n<meta property=\"og:locale\" content=\"en_US\" \/>\n<meta property=\"og:type\" content=\"article\" \/>\n<meta property=\"og:title\" content=\"Bjordi dhe Adi - Batuta | Big Brother Albania\" \/>\n<meta property=\"og:description\" content=\"Big Brother Albania - Bjordi dhe Adi vazhdojn\u00c3\u00ab t\u00c3\u00ab q\u00c3\u00abndrojn\u00c3\u00ab n\u00c3\u00ab kop\u00c3\u00absht. Ata shk\u00c3\u00abmbejn\u00c3\u00ab shum\u00c3\u00ab batuta midis tyre edhe pse ato jan\u00c3\u00ab pa lidhje.\" \/>\n<meta property=\"og:url\" content=\"https:\/\/www.visit-ulcinj.com\/blog\/2009\/03\/07\/bjordi-dhe-adi-batuta\/\" \/>\n<meta property=\"og:site_name\" content=\"Lajme nga Ulqini\" \/>\n<meta property=\"article:published_time\" content=\"2009-03-07T09:41:35+00:00\" \/>\n<meta property=\"og:image\" content=\"http:\/\/www.visit-ulcinj.com\/blog\/wp-content\/uploads\/2009\/03\/bjordiadibatuta.jpg\" \/>\n<meta name=\"twitter:label1\" content=\"Written by\" \/>\n\t<meta name=\"twitter:data1\" content=\"ulqini\" \/>\n<script type=\"application\/ld+json\" class=\"yoast-schema-graph\">{\"@context\":\"https:\/\/schema.org\",\"@graph\":[{\"@type\":\"WebSite\",\"@id\":\"https:\/\/www.visit-ulcinj.com\/blog\/#website\",\"url\":\"https:\/\/www.visit-ulcinj.com\/blog\/\",\"name\":\"Lajme nga Ulqini\",\"description\":\"Lajme,Vijesti,Ulqini,Ulqin,Crna Gora,Mali i Zi\",\"potentialAction\":[{\"@type\":\"SearchAction\",\"target\":{\"@type\":\"EntryPoint\",\"urlTemplate\":\"https:\/\/www.visit-ulcinj.com\/blog\/?s={search_term_string}\"},\"query-input\":\"required name=search_term_string\"}],\"inLanguage\":\"en-US\"},{\"@type\":\"ImageObject\",\"inLanguage\":\"en-US\",\"@id\":\"https:\/\/www.visit-ulcinj.com\/blog\/2009\/03\/07\/bjordi-dhe-adi-batuta\/#primaryimage\",\"url\":\"http:\/\/www.visit-ulcinj.com\/blog\/wp-content\/uploads\/2009\/03\/bjordiadibatuta.jpg\",\"contentUrl\":\"http:\/\/www.visit-ulcinj.com\/blog\/wp-content\/uploads\/2009\/03\/bjordiadibatuta.jpg\"},{\"@type\":\"WebPage\",\"@id\":\"https:\/\/www.visit-ulcinj.com\/blog\/2009\/03\/07\/bjordi-dhe-adi-batuta\/#webpage\",\"url\":\"https:\/\/www.visit-ulcinj.com\/blog\/2009\/03\/07\/bjordi-dhe-adi-batuta\/\",\"name\":\"Bjordi dhe Adi - Batuta | Big Brother Albania\",\"isPartOf\":{\"@id\":\"https:\/\/www.visit-ulcinj.com\/blog\/#website\"},\"primaryImageOfPage\":{\"@id\":\"https:\/\/www.visit-ulcinj.com\/blog\/2009\/03\/07\/bjordi-dhe-adi-batuta\/#primaryimage\"},\"datePublished\":\"2009-03-07T09:41:35+00:00\",\"dateModified\":\"2009-03-07T09:41:35+00:00\",\"author\":{\"@id\":\"https:\/\/www.visit-ulcinj.com\/blog\/#\/schema\/person\/dcab619c614d3038751c63bc2aadc06d\"},\"description\":\"Big Brother Albania - Bjordi dhe Adi vazhdojn\u00c3\u00ab t\u00c3\u00ab q\u00c3\u00abndrojn\u00c3\u00ab n\u00c3\u00ab kop\u00c3\u00absht. Ata shk\u00c3\u00abmbejn\u00c3\u00ab shum\u00c3\u00ab batuta midis tyre edhe pse ato jan\u00c3\u00ab pa lidhje.\",\"breadcrumb\":{\"@id\":\"https:\/\/www.visit-ulcinj.com\/blog\/2009\/03\/07\/bjordi-dhe-adi-batuta\/#breadcrumb\"},\"inLanguage\":\"en-US\",\"potentialAction\":[{\"@type\":\"ReadAction\",\"target\":[\"https:\/\/www.visit-ulcinj.com\/blog\/2009\/03\/07\/bjordi-dhe-adi-batuta\/\"]}]},{\"@type\":\"BreadcrumbList\",\"@id\":\"https:\/\/www.visit-ulcinj.com\/blog\/2009\/03\/07\/bjordi-dhe-adi-batuta\/#breadcrumb\",\"itemListElement\":[{\"@type\":\"ListItem\",\"position\":1,\"name\":\"Bjordi dhe Adi &#8211; Batuta\"}]},{\"@type\":\"Person\",\"@id\":\"https:\/\/www.visit-ulcinj.com\/blog\/#\/schema\/person\/dcab619c614d3038751c63bc2aadc06d\",\"name\":\"ulqini\",\"sameAs\":[\"http:\/\/www.visit-ulcinj.com\"],\"url\":\"https:\/\/www.visit-ulcinj.com\/blog\/author\/admin\/\"}]}<\/script>\n<!-- \/ Yoast SEO plugin. -->","yoast_head_json":{"title":"Bjordi dhe Adi - Batuta | Big Brother Albania","description":"Big Brother Albania - Bjordi dhe Adi vazhdojn\u00c3\u00ab t\u00c3\u00ab q\u00c3\u00abndrojn\u00c3\u00ab n\u00c3\u00ab kop\u00c3\u00absht. Ata shk\u00c3\u00abmbejn\u00c3\u00ab shum\u00c3\u00ab batuta midis tyre edhe pse ato jan\u00c3\u00ab pa lidhje.","robots":{"index":"index","follow":"follow","max-snippet":"max-snippet:-1","max-image-preview":"max-image-preview:large","max-video-preview":"max-video-preview:-1"},"canonical":"https:\/\/www.visit-ulcinj.com\/blog\/2009\/03\/07\/bjordi-dhe-adi-batuta\/","og_locale":"en_US","og_type":"article","og_title":"Bjordi dhe Adi - Batuta | Big Brother Albania","og_description":"Big Brother Albania - Bjordi dhe Adi vazhdojn\u00c3\u00ab t\u00c3\u00ab q\u00c3\u00abndrojn\u00c3\u00ab n\u00c3\u00ab kop\u00c3\u00absht. Ata shk\u00c3\u00abmbejn\u00c3\u00ab shum\u00c3\u00ab batuta midis tyre edhe pse ato jan\u00c3\u00ab pa lidhje.","og_url":"https:\/\/www.visit-ulcinj.com\/blog\/2009\/03\/07\/bjordi-dhe-adi-batuta\/","og_site_name":"Lajme nga Ulqini","article_published_time":"2009-03-07T09:41:35+00:00","og_image":[{"url":"http:\/\/www.visit-ulcinj.com\/blog\/wp-content\/uploads\/2009\/03\/bjordiadibatuta.jpg"}],"twitter_misc":{"Written by":"ulqini"},"schema":{"@context":"https:\/\/schema.org","@graph":[{"@type":"WebSite","@id":"https:\/\/www.visit-ulcinj.com\/blog\/#website","url":"https:\/\/www.visit-ulcinj.com\/blog\/","name":"Lajme nga Ulqini","description":"Lajme,Vijesti,Ulqini,Ulqin,Crna Gora,Mali i Zi","potentialAction":[{"@type":"SearchAction","target":{"@type":"EntryPoint","urlTemplate":"https:\/\/www.visit-ulcinj.com\/blog\/?s={search_term_string}"},"query-input":"required name=search_term_string"}],"inLanguage":"en-US"},{"@type":"ImageObject","inLanguage":"en-US","@id":"https:\/\/www.visit-ulcinj.com\/blog\/2009\/03\/07\/bjordi-dhe-adi-batuta\/#primaryimage","url":"http:\/\/www.visit-ulcinj.com\/blog\/wp-content\/uploads\/2009\/03\/bjordiadibatuta.jpg","contentUrl":"http:\/\/www.visit-ulcinj.com\/blog\/wp-content\/uploads\/2009\/03\/bjordiadibatuta.jpg"},{"@type":"WebPage","@id":"https:\/\/www.visit-ulcinj.com\/blog\/2009\/03\/07\/bjordi-dhe-adi-batuta\/#webpage","url":"https:\/\/www.visit-ulcinj.com\/blog\/2009\/03\/07\/bjordi-dhe-adi-batuta\/","name":"Bjordi dhe Adi - Batuta | Big Brother Albania","isPartOf":{"@id":"https:\/\/www.visit-ulcinj.com\/blog\/#website"},"primaryImageOfPage":{"@id":"https:\/\/www.visit-ulcinj.com\/blog\/2009\/03\/07\/bjordi-dhe-adi-batuta\/#primaryimage"},"datePublished":"2009-03-07T09:41:35+00:00","dateModified":"2009-03-07T09:41:35+00:00","author":{"@id":"https:\/\/www.visit-ulcinj.com\/blog\/#\/schema\/person\/dcab619c614d3038751c63bc2aadc06d"},"description":"Big Brother Albania - Bjordi dhe Adi vazhdojn\u00c3\u00ab t\u00c3\u00ab q\u00c3\u00abndrojn\u00c3\u00ab n\u00c3\u00ab kop\u00c3\u00absht. Ata shk\u00c3\u00abmbejn\u00c3\u00ab shum\u00c3\u00ab batuta midis tyre edhe pse ato jan\u00c3\u00ab pa lidhje.","breadcrumb":{"@id":"https:\/\/www.visit-ulcinj.com\/blog\/2009\/03\/07\/bjordi-dhe-adi-batuta\/#breadcrumb"},"inLanguage":"en-US","potentialAction":[{"@type":"ReadAction","target":["https:\/\/www.visit-ulcinj.com\/blog\/2009\/03\/07\/bjordi-dhe-adi-batuta\/"]}]},{"@type":"BreadcrumbList","@id":"https:\/\/www.visit-ulcinj.com\/blog\/2009\/03\/07\/bjordi-dhe-adi-batuta\/#breadcrumb","itemListElement":[{"@type":"ListItem","position":1,"name":"Bjordi dhe Adi &#8211; Batuta"}]},{"@type":"Person","@id":"https:\/\/www.visit-ulcinj.com\/blog\/#\/schema\/person\/dcab619c614d3038751c63bc2aadc06d","name":"ulqini","sameAs":["http:\/\/www.visit-ulcinj.com"],"url":"https:\/\/www.visit-ulcinj.com\/blog\/author\/admin\/"}]}},"jetpack_featured_media_url":"","jetpack_sharing_enabled":true,"jetpack_shortlink":"https:\/\/wp.me\/pe6lTn-3o6","_links":{"self":[{"href":"https:\/\/www.visit-ulcinj.com\/blog\/wp-json\/wp\/v2\/posts\/13026"}],"collection":[{"href":"https:\/\/www.visit-ulcinj.com\/blog\/wp-json\/wp\/v2\/posts"}],"about":[{"href":"https:\/\/www.visit-ulcinj.com\/blog\/wp-json\/wp\/v2\/types\/post"}],"author":[{"embeddable":true,"href":"https:\/\/www.visit-ulcinj.com\/blog\/wp-json\/wp\/v2\/users\/1"}],"replies":[{"embeddable":true,"href":"https:\/\/www.visit-ulcinj.com\/blog\/wp-json\/wp\/v2\/comments?post=13026"}],"version-history":[{"count":0,"href":"https:\/\/www.visit-ulcinj.com\/blog\/wp-json\/wp\/v2\/posts\/13026\/revisions"}],"wp:attachment":[{"href":"https:\/\/www.visit-ulcinj.com\/blog\/wp-json\/wp\/v2\/media?parent=13026"}],"wp:term":[{"taxonomy":"category","embeddable":true,"href":"https:\/\/www.visit-ulcinj.com\/blog\/wp-json\/wp\/v2\/categories?post=13026"},{"taxonomy":"post_tag","embeddable":true,"href":"https:\/\/www.visit-ulcinj.com\/blog\/wp-json\/wp\/v2\/tags?post=13026"}],"curies":[{"name":"wp","href":"https:\/\/api.w.org\/{rel}","templated":true}]}}