{"id":1303,"date":"2008-04-18T09:58:03","date_gmt":"2008-04-18T14:58:03","guid":{"rendered":"http:\/\/www.visit-ulcinj.com\/blog\/?p=1303"},"modified":"2008-04-18T09:58:03","modified_gmt":"2008-04-18T14:58:03","slug":"studiuesit-tane-ne-revista-nderkombetare","status":"publish","type":"post","link":"https:\/\/www.visit-ulcinj.com\/blog\/2008\/04\/18\/studiuesit-tane-ne-revista-nderkombetare\/","title":{"rendered":"Studiuesit tan\u00eb n\u00eb revista nd\u00ebrkomb\u00ebtare"},"content":{"rendered":"<p><a href=\"http:\/\/www.visit-ulcinj.com\/blog\/wp-content\/uploads\/2008\/04\/basri-capriqi.jpg\"><img loading=\"lazy\" class=\"alignleft attachment wp-att-1304\" style=\"float: left;\" src=\"http:\/\/www.visit-ulcinj.com\/blog\/wp-content\/uploads\/2008\/04\/basri-capriqi.thumbnail.jpg\" alt=\"Basri \u00c7apriqi_ulqin\" width=\"136\" height=\"200\" \/><\/a>Disa autor\u00eb (shqiptar\u00eb) nga Mali i Zi n\u00eb fush\u00ebn e artit dhe t\u00eb shkenc\u00eb tani m\u00eb jan\u00eb t\u00eb njohur n\u00eb p\u00ebrmasa komb\u00ebtare. Mir\u00ebpo, ata gjithnj\u00eb e m\u00eb shpesh botojn\u00eb edhe n\u00eb periodikun nd\u00ebrkomb\u00ebtar. K\u00ebshtu, para disa jav\u00ebsh revista e njohur &#8220;Sarajevske sveske&#8221; (Fletoret e Sarajev\u00ebs) q\u00eb del n\u00eb kryeqytetin e Bosnjes e Hercegovin\u00ebs me mb\u00ebshtetjen e shum\u00eb institucioneve dhe vendeve europiane, gjegj\u00ebsisht n\u00eb numrin 17\/2007, nd\u00ebr t\u00eb tjera sjell edhe kontributet studimore t\u00eb poetit dhe studiuesit t\u00eb njohur nga Ulqini, (tani jeton dhe punon, si ligj\u00ebrues universiteti, n\u00eb Prishtin\u00eb) Basri \u00c7apriqit me titullin &#8220;Kadare &#8211; nd\u00ebrtues i toposeve ballkanike&#8221; dhe t\u00eb poetit e studiuesit nga Tuzi (edhe ky jeton dhe punon, si profesor universiteti, n\u00eb Prishtin\u00eb) Anton Berishaj me titullin &#8220;N\u00eb k\u00ebrkim t\u00eb\u2026 teoris\u00eb &#8211; fragmente mbi sken\u00ebn teorike bashk\u00ebkohore n\u00eb Kosov\u00eb&#8221;. P\u00ebrve\u00e7 tyre, n\u00eb k\u00ebt\u00eb num\u00ebr t\u00eb revist\u00ebs n\u00eb fjal\u00eb botohen edhe studimet e dy autor\u00ebve t\u00eb tjer\u00eb shqiptar\u00eb, gjithashtu profesor\u00eb nga Universiteti i Prishtin\u00ebs. Agim Vinca \u00ebsht\u00eb autor i shkrimit me titull &#8220;Kritika letrare shqiptare n\u00eb qendr\u00ebn e re kulturore&#8221; dhe Rexhep Murtez Shala boton shkrimin &#8220;Kultura e sjelljes si kategori e komunikimit&#8221;.<br \/>\nNd\u00ebrkaq, matematikani David Kalaj, profesor n\u00eb Universitetin e Podgoric\u00ebs (nj\u00ebkoh\u00ebsisht kryen detyr\u00ebn e dekanit t\u00eb studimeve t\u00eb m\u00ebsuesis\u00eb n\u00eb gjuh\u00ebn shqipe n\u00eb Podgoric\u00eb), n\u00eb revist\u00ebn finlandeze &#8220;Annales Academiae Scientiarium fenicae&#8221; &#8211; Helsinki 2008) botoi, n\u00eb gjuh\u00ebn angleze, studimin &#8220;On harmonic quasiconformall self-mappings of the unit ball&#8221; (Mbi pasqyrimet kuazikonformale harmonike t\u00eb topit n\u00eb vetvete). David Kalaj \u00ebsht\u00eb nd\u00ebr matematikan\u00ebt m\u00eb prodhues n\u00eb l\u00ebm\u00ebn e shkenc\u00ebs, n\u00eb rajon, dhe punimet shkencore t\u00eb tij (mbi 23) jan\u00eb botuar n\u00eb shum\u00eb revista autoritative nd\u00ebrkomb\u00ebtare (p.sh. Journal D`Analyse Math, Israel Journal of Math, Mathematische Zeitschrift etj.etj.).<\/p>\n<p><strong>(Kohapress)<\/strong><\/p>\n","protected":false},"excerpt":{"rendered":"<p><img loading=\"lazy\" class=\"alignleft attachment wp-att-1304\" style=\"float: left;\" src=\"http:\/\/www.visit-ulcinj.com\/blog\/wp-content\/uploads\/2008\/04\/basri-capriqi.thumbnail.jpg\" alt=\"Basri \u00c7apriqi_ulqin\" width=\"140\" height=\"140\" \/><\/p>\n","protected":false},"author":1,"featured_media":0,"comment_status":"open","ping_status":"closed","sticky":false,"template":"","format":"standard","meta":{"spay_email":"","jetpack_publicize_message":"","jetpack_is_tweetstorm":false,"jetpack_publicize_feature_enabled":true},"categories":[4],"tags":[2563,951,2561,2562],"jetpack_publicize_connections":[],"yoast_head":"<!-- This site is optimized with the Yoast SEO plugin v19.1 - https:\/\/yoast.com\/wordpress\/plugins\/seo\/ -->\n<title>Studiuesit tan\u00eb n\u00eb revista nd\u00ebrkomb\u00ebtare - Lajme nga Ulqini<\/title>\n<meta name=\"robots\" content=\"index, follow, max-snippet:-1, max-image-preview:large, max-video-preview:-1\" \/>\n<link rel=\"canonical\" href=\"https:\/\/www.visit-ulcinj.com\/blog\/2008\/04\/18\/studiuesit-tane-ne-revista-nderkombetare\/\" \/>\n<meta property=\"og:locale\" content=\"en_US\" \/>\n<meta property=\"og:type\" content=\"article\" \/>\n<meta property=\"og:title\" content=\"Studiuesit tan\u00eb n\u00eb revista nd\u00ebrkomb\u00ebtare - Lajme nga Ulqini\" \/>\n<meta property=\"og:url\" content=\"https:\/\/www.visit-ulcinj.com\/blog\/2008\/04\/18\/studiuesit-tane-ne-revista-nderkombetare\/\" \/>\n<meta property=\"og:site_name\" content=\"Lajme nga Ulqini\" \/>\n<meta property=\"article:published_time\" content=\"2008-04-18T14:58:03+00:00\" \/>\n<meta property=\"og:image\" content=\"http:\/\/www.visit-ulcinj.com\/blog\/wp-content\/uploads\/2008\/04\/basri-capriqi.thumbnail.jpg\" \/>\n<meta name=\"twitter:label1\" content=\"Written by\" \/>\n\t<meta name=\"twitter:data1\" content=\"ulqini\" \/>\n\t<meta name=\"twitter:label2\" content=\"Est. reading time\" \/>\n\t<meta name=\"twitter:data2\" content=\"2 minutes\" \/>\n<script type=\"application\/ld+json\" class=\"yoast-schema-graph\">{\"@context\":\"https:\/\/schema.org\",\"@graph\":[{\"@type\":\"WebSite\",\"@id\":\"https:\/\/www.visit-ulcinj.com\/blog\/#website\",\"url\":\"https:\/\/www.visit-ulcinj.com\/blog\/\",\"name\":\"Lajme nga Ulqini\",\"description\":\"Lajme,Vijesti,Ulqini,Ulqin,Crna Gora,Mali i Zi\",\"potentialAction\":[{\"@type\":\"SearchAction\",\"target\":{\"@type\":\"EntryPoint\",\"urlTemplate\":\"https:\/\/www.visit-ulcinj.com\/blog\/?s={search_term_string}\"},\"query-input\":\"required name=search_term_string\"}],\"inLanguage\":\"en-US\"},{\"@type\":\"ImageObject\",\"inLanguage\":\"en-US\",\"@id\":\"https:\/\/www.visit-ulcinj.com\/blog\/2008\/04\/18\/studiuesit-tane-ne-revista-nderkombetare\/#primaryimage\",\"url\":\"http:\/\/www.visit-ulcinj.com\/blog\/wp-content\/uploads\/2008\/04\/basri-capriqi.thumbnail.jpg\",\"contentUrl\":\"http:\/\/www.visit-ulcinj.com\/blog\/wp-content\/uploads\/2008\/04\/basri-capriqi.thumbnail.jpg\"},{\"@type\":\"WebPage\",\"@id\":\"https:\/\/www.visit-ulcinj.com\/blog\/2008\/04\/18\/studiuesit-tane-ne-revista-nderkombetare\/#webpage\",\"url\":\"https:\/\/www.visit-ulcinj.com\/blog\/2008\/04\/18\/studiuesit-tane-ne-revista-nderkombetare\/\",\"name\":\"Studiuesit tan\u00eb n\u00eb revista nd\u00ebrkomb\u00ebtare - Lajme nga Ulqini\",\"isPartOf\":{\"@id\":\"https:\/\/www.visit-ulcinj.com\/blog\/#website\"},\"primaryImageOfPage\":{\"@id\":\"https:\/\/www.visit-ulcinj.com\/blog\/2008\/04\/18\/studiuesit-tane-ne-revista-nderkombetare\/#primaryimage\"},\"datePublished\":\"2008-04-18T14:58:03+00:00\",\"dateModified\":\"2008-04-18T14:58:03+00:00\",\"author\":{\"@id\":\"https:\/\/www.visit-ulcinj.com\/blog\/#\/schema\/person\/dcab619c614d3038751c63bc2aadc06d\"},\"breadcrumb\":{\"@id\":\"https:\/\/www.visit-ulcinj.com\/blog\/2008\/04\/18\/studiuesit-tane-ne-revista-nderkombetare\/#breadcrumb\"},\"inLanguage\":\"en-US\",\"potentialAction\":[{\"@type\":\"ReadAction\",\"target\":[\"https:\/\/www.visit-ulcinj.com\/blog\/2008\/04\/18\/studiuesit-tane-ne-revista-nderkombetare\/\"]}]},{\"@type\":\"BreadcrumbList\",\"@id\":\"https:\/\/www.visit-ulcinj.com\/blog\/2008\/04\/18\/studiuesit-tane-ne-revista-nderkombetare\/#breadcrumb\",\"itemListElement\":[{\"@type\":\"ListItem\",\"position\":1,\"name\":\"Studiuesit tan\u00eb n\u00eb revista nd\u00ebrkomb\u00ebtare\"}]},{\"@type\":\"Person\",\"@id\":\"https:\/\/www.visit-ulcinj.com\/blog\/#\/schema\/person\/dcab619c614d3038751c63bc2aadc06d\",\"name\":\"ulqini\",\"sameAs\":[\"http:\/\/www.visit-ulcinj.com\"],\"url\":\"https:\/\/www.visit-ulcinj.com\/blog\/author\/admin\/\"}]}<\/script>\n<!-- \/ Yoast SEO plugin. -->","yoast_head_json":{"title":"Studiuesit tan\u00eb n\u00eb revista nd\u00ebrkomb\u00ebtare - Lajme nga Ulqini","robots":{"index":"index","follow":"follow","max-snippet":"max-snippet:-1","max-image-preview":"max-image-preview:large","max-video-preview":"max-video-preview:-1"},"canonical":"https:\/\/www.visit-ulcinj.com\/blog\/2008\/04\/18\/studiuesit-tane-ne-revista-nderkombetare\/","og_locale":"en_US","og_type":"article","og_title":"Studiuesit tan\u00eb n\u00eb revista nd\u00ebrkomb\u00ebtare - Lajme nga Ulqini","og_url":"https:\/\/www.visit-ulcinj.com\/blog\/2008\/04\/18\/studiuesit-tane-ne-revista-nderkombetare\/","og_site_name":"Lajme nga Ulqini","article_published_time":"2008-04-18T14:58:03+00:00","og_image":[{"url":"http:\/\/www.visit-ulcinj.com\/blog\/wp-content\/uploads\/2008\/04\/basri-capriqi.thumbnail.jpg"}],"twitter_misc":{"Written by":"ulqini","Est. reading time":"2 minutes"},"schema":{"@context":"https:\/\/schema.org","@graph":[{"@type":"WebSite","@id":"https:\/\/www.visit-ulcinj.com\/blog\/#website","url":"https:\/\/www.visit-ulcinj.com\/blog\/","name":"Lajme nga Ulqini","description":"Lajme,Vijesti,Ulqini,Ulqin,Crna Gora,Mali i Zi","potentialAction":[{"@type":"SearchAction","target":{"@type":"EntryPoint","urlTemplate":"https:\/\/www.visit-ulcinj.com\/blog\/?s={search_term_string}"},"query-input":"required name=search_term_string"}],"inLanguage":"en-US"},{"@type":"ImageObject","inLanguage":"en-US","@id":"https:\/\/www.visit-ulcinj.com\/blog\/2008\/04\/18\/studiuesit-tane-ne-revista-nderkombetare\/#primaryimage","url":"http:\/\/www.visit-ulcinj.com\/blog\/wp-content\/uploads\/2008\/04\/basri-capriqi.thumbnail.jpg","contentUrl":"http:\/\/www.visit-ulcinj.com\/blog\/wp-content\/uploads\/2008\/04\/basri-capriqi.thumbnail.jpg"},{"@type":"WebPage","@id":"https:\/\/www.visit-ulcinj.com\/blog\/2008\/04\/18\/studiuesit-tane-ne-revista-nderkombetare\/#webpage","url":"https:\/\/www.visit-ulcinj.com\/blog\/2008\/04\/18\/studiuesit-tane-ne-revista-nderkombetare\/","name":"Studiuesit tan\u00eb n\u00eb revista nd\u00ebrkomb\u00ebtare - Lajme nga Ulqini","isPartOf":{"@id":"https:\/\/www.visit-ulcinj.com\/blog\/#website"},"primaryImageOfPage":{"@id":"https:\/\/www.visit-ulcinj.com\/blog\/2008\/04\/18\/studiuesit-tane-ne-revista-nderkombetare\/#primaryimage"},"datePublished":"2008-04-18T14:58:03+00:00","dateModified":"2008-04-18T14:58:03+00:00","author":{"@id":"https:\/\/www.visit-ulcinj.com\/blog\/#\/schema\/person\/dcab619c614d3038751c63bc2aadc06d"},"breadcrumb":{"@id":"https:\/\/www.visit-ulcinj.com\/blog\/2008\/04\/18\/studiuesit-tane-ne-revista-nderkombetare\/#breadcrumb"},"inLanguage":"en-US","potentialAction":[{"@type":"ReadAction","target":["https:\/\/www.visit-ulcinj.com\/blog\/2008\/04\/18\/studiuesit-tane-ne-revista-nderkombetare\/"]}]},{"@type":"BreadcrumbList","@id":"https:\/\/www.visit-ulcinj.com\/blog\/2008\/04\/18\/studiuesit-tane-ne-revista-nderkombetare\/#breadcrumb","itemListElement":[{"@type":"ListItem","position":1,"name":"Studiuesit tan\u00eb n\u00eb revista nd\u00ebrkomb\u00ebtare"}]},{"@type":"Person","@id":"https:\/\/www.visit-ulcinj.com\/blog\/#\/schema\/person\/dcab619c614d3038751c63bc2aadc06d","name":"ulqini","sameAs":["http:\/\/www.visit-ulcinj.com"],"url":"https:\/\/www.visit-ulcinj.com\/blog\/author\/admin\/"}]}},"jetpack_featured_media_url":"","jetpack_sharing_enabled":true,"jetpack_shortlink":"https:\/\/wp.me\/pe6lTn-l1","_links":{"self":[{"href":"https:\/\/www.visit-ulcinj.com\/blog\/wp-json\/wp\/v2\/posts\/1303"}],"collection":[{"href":"https:\/\/www.visit-ulcinj.com\/blog\/wp-json\/wp\/v2\/posts"}],"about":[{"href":"https:\/\/www.visit-ulcinj.com\/blog\/wp-json\/wp\/v2\/types\/post"}],"author":[{"embeddable":true,"href":"https:\/\/www.visit-ulcinj.com\/blog\/wp-json\/wp\/v2\/users\/1"}],"replies":[{"embeddable":true,"href":"https:\/\/www.visit-ulcinj.com\/blog\/wp-json\/wp\/v2\/comments?post=1303"}],"version-history":[{"count":0,"href":"https:\/\/www.visit-ulcinj.com\/blog\/wp-json\/wp\/v2\/posts\/1303\/revisions"}],"wp:attachment":[{"href":"https:\/\/www.visit-ulcinj.com\/blog\/wp-json\/wp\/v2\/media?parent=1303"}],"wp:term":[{"taxonomy":"category","embeddable":true,"href":"https:\/\/www.visit-ulcinj.com\/blog\/wp-json\/wp\/v2\/categories?post=1303"},{"taxonomy":"post_tag","embeddable":true,"href":"https:\/\/www.visit-ulcinj.com\/blog\/wp-json\/wp\/v2\/tags?post=1303"}],"curies":[{"name":"wp","href":"https:\/\/api.w.org\/{rel}","templated":true}]}}