{"id":13036,"date":"2009-03-07T10:50:40","date_gmt":"2009-03-07T09:50:40","guid":{"rendered":"http:\/\/www.visit-ulcinj.com\/blog\/?p=13036"},"modified":"2009-03-07T10:50:40","modified_gmt":"2009-03-07T09:50:40","slug":"mesida-e-kam-te-veshtire-te-flas-per-jeten-time","status":"publish","type":"post","link":"https:\/\/www.visit-ulcinj.com\/blog\/2009\/03\/07\/mesida-e-kam-te-veshtire-te-flas-per-jeten-time\/","title":{"rendered":"Mesida &#8211; E kam t\u00eb v\u00ebshtir\u00eb t\u00eb flas p\u00ebr jet\u00ebn time"},"content":{"rendered":"<p>\u00a0<\/p>\n<p><em><span class=\"newsdate\"><span style=\"font-style: normal;\"><a href=\"http:\/\/www.visit-ulcinj.com\/blog\/wp-content\/uploads\/2009\/03\/mesida-per-jeten-e-saj.jpg\"><img loading=\"lazy\" class=\"alignleft size-full wp-image-13037\" title=\"mesida-per-jeten-e-saj-big-brother-albania\" src=\"http:\/\/www.visit-ulcinj.com\/blog\/wp-content\/uploads\/2009\/03\/mesida-per-jeten-e-saj.jpg\" alt=\"mesida-per-jeten-e-saj-big-brother-albania\" width=\"300\" height=\"205\" \/><\/a><\/span>04\/03\/09 15:25<\/span><\/em><\/p>\n<p>Mesida bashk\u00ebbisedon me Arjonin dhe Zhuljet\u00ebn dhe ata e pyesin p\u00ebr jet\u00ebn q\u00eb b\u00ebnte para se t\u00eb futej n\u00eb sht\u00ebpin\u00eb e Big Brother. Ajo u tregon se jeton p\u00ebrkoh\u00ebsisht n\u00eb Tiran\u00eb por do t\u2019i p\u00eblqente q\u00eb t\u00eb transferohej s\u00eb shpejti e t\u00eb jetonte p\u00ebrfundimisht k\u00ebtu. Zhuljeta e pyet p\u00ebr shkoll\u00ebn dhe Mesida i p\u00ebrgjigjet se ka b\u00ebr\u00eb dy vite t\u00eb shkoll\u00ebs s\u00eb lart\u00eb p\u00ebr juridik n\u00eb vendin ku jetonte m\u00eb par\u00eb dhe se ajo shkoll\u00eb nuk i p\u00eblqen. Ajo u tregon atyre se \u00ebsht\u00eb futur n\u00eb k\u00ebt\u00eb shkoll\u00eb p\u00ebr hat\u00ebr t\u00eb babait t\u00eb saj dhe se vet\u00eb i p\u00eblqen t\u00eb studioj\u00eb p\u00ebr psikologji. Arjoni dhe Zhuljeta e pyesin at\u00eb p\u00ebr marr\u00ebdh\u00ebnien me babain dhe n\u00ebse jeton me t\u00eb apo jo. Mesida fillon t\u2019u tregoj\u00eb pak por, m\u00eb pas e mbyll bised\u00ebn dhe u thot\u00eb atyre se nuk i p\u00eblqen q\u00eb t\u00eb flas\u00eb shum\u00eb si p\u00ebr babain edhe p\u00ebr shkoll\u00ebn pasi \u00ebsht\u00eb nj\u00eb tem\u00eb q\u00eb e prek shum\u00eb. Ajo u k\u00ebrkon atyre q\u00eb t\u00eb mos e keqkuptojn\u00eb sepse nuk \u00ebsht\u00eb se do t\u2019u fsheh\u00eb asgj\u00eb, por thjesht e ka t\u00eb v\u00ebshtir\u00eb t\u2019u flas\u00eb p\u00ebr k\u00ebt\u00eb tem\u00eb.<\/p>\n","protected":false},"excerpt":{"rendered":"<p>\u00a0 04\/03\/09 15:25 Mesida bashk\u00ebbisedon me Arjonin dhe Zhuljet\u00ebn dhe ata e pyesin p\u00ebr jet\u00ebn q\u00eb b\u00ebnte para se t\u00eb futej n\u00eb sht\u00ebpin\u00eb e Big Brother. Ajo u tregon se jeton p\u00ebrkoh\u00ebsisht n\u00eb Tiran\u00eb por do t\u2019i p\u00eblqente q\u00eb t\u00eb transferohej s\u00eb shpejti e t\u00eb jetonte p\u00ebrfundimisht k\u00ebtu. Zhuljeta e pyet p\u00ebr shkoll\u00ebn dhe Mesida [&hellip;]<\/p>\n","protected":false},"author":1,"featured_media":0,"comment_status":"open","ping_status":"closed","sticky":false,"template":"","format":"standard","meta":{"spay_email":"","jetpack_publicize_message":"","jetpack_is_tweetstorm":false,"jetpack_publicize_feature_enabled":true},"categories":[6502],"tags":[6558,6525,5057,6506,6712,7129,7547,7365,7364,6891,6693,6887,6564,6536],"jetpack_publicize_connections":[],"yoast_head":"<!-- This site is optimized with the Yoast SEO plugin v19.1 - https:\/\/yoast.com\/wordpress\/plugins\/seo\/ -->\n<title>Mesida - E kam t\u00c3\u00ab v\u00c3\u00abshtir\u00c3\u00ab t\u00c3\u00ab flas p\u00c3\u00abr jet\u00c3\u00abn time | Big Brother Albania<\/title>\n<meta name=\"description\" content=\"Big Brother Albania - Mesida bashk\u00c3\u00abbisedon me Arjonin dhe Zhuljet\u00c3\u00abn dhe ata e pyesin p\u00c3\u00abr jet\u00c3\u00abn q\u00c3\u00ab b\u00c3\u00abnte para se t\u00c3\u00ab futej n\u00c3\u00ab sht\u00c3\u00abpin\u00c3\u00ab e Big Brother\" \/>\n<meta name=\"robots\" content=\"index, follow, max-snippet:-1, max-image-preview:large, max-video-preview:-1\" \/>\n<link rel=\"canonical\" href=\"https:\/\/www.visit-ulcinj.com\/blog\/2009\/03\/07\/mesida-e-kam-te-veshtire-te-flas-per-jeten-time\/\" \/>\n<meta property=\"og:locale\" content=\"en_US\" \/>\n<meta property=\"og:type\" content=\"article\" \/>\n<meta property=\"og:title\" content=\"Mesida - E kam t\u00c3\u00ab v\u00c3\u00abshtir\u00c3\u00ab t\u00c3\u00ab flas p\u00c3\u00abr jet\u00c3\u00abn time | Big Brother Albania\" \/>\n<meta property=\"og:description\" content=\"Big Brother Albania - Mesida bashk\u00c3\u00abbisedon me Arjonin dhe Zhuljet\u00c3\u00abn dhe ata e pyesin p\u00c3\u00abr jet\u00c3\u00abn q\u00c3\u00ab b\u00c3\u00abnte para se t\u00c3\u00ab futej n\u00c3\u00ab sht\u00c3\u00abpin\u00c3\u00ab e Big Brother\" \/>\n<meta property=\"og:url\" content=\"https:\/\/www.visit-ulcinj.com\/blog\/2009\/03\/07\/mesida-e-kam-te-veshtire-te-flas-per-jeten-time\/\" \/>\n<meta property=\"og:site_name\" content=\"Lajme nga Ulqini\" \/>\n<meta property=\"article:published_time\" content=\"2009-03-07T09:50:40+00:00\" \/>\n<meta property=\"og:image\" content=\"http:\/\/www.visit-ulcinj.com\/blog\/wp-content\/uploads\/2009\/03\/mesida-per-jeten-e-saj.jpg\" \/>\n<meta name=\"twitter:label1\" content=\"Written by\" \/>\n\t<meta name=\"twitter:data1\" content=\"ulqini\" \/>\n\t<meta name=\"twitter:label2\" content=\"Est. reading time\" \/>\n\t<meta name=\"twitter:data2\" content=\"1 minute\" \/>\n<script type=\"application\/ld+json\" class=\"yoast-schema-graph\">{\"@context\":\"https:\/\/schema.org\",\"@graph\":[{\"@type\":\"WebSite\",\"@id\":\"https:\/\/www.visit-ulcinj.com\/blog\/#website\",\"url\":\"https:\/\/www.visit-ulcinj.com\/blog\/\",\"name\":\"Lajme nga Ulqini\",\"description\":\"Lajme,Vijesti,Ulqini,Ulqin,Crna Gora,Mali i Zi\",\"potentialAction\":[{\"@type\":\"SearchAction\",\"target\":{\"@type\":\"EntryPoint\",\"urlTemplate\":\"https:\/\/www.visit-ulcinj.com\/blog\/?s={search_term_string}\"},\"query-input\":\"required name=search_term_string\"}],\"inLanguage\":\"en-US\"},{\"@type\":\"ImageObject\",\"inLanguage\":\"en-US\",\"@id\":\"https:\/\/www.visit-ulcinj.com\/blog\/2009\/03\/07\/mesida-e-kam-te-veshtire-te-flas-per-jeten-time\/#primaryimage\",\"url\":\"http:\/\/www.visit-ulcinj.com\/blog\/wp-content\/uploads\/2009\/03\/mesida-per-jeten-e-saj.jpg\",\"contentUrl\":\"http:\/\/www.visit-ulcinj.com\/blog\/wp-content\/uploads\/2009\/03\/mesida-per-jeten-e-saj.jpg\"},{\"@type\":\"WebPage\",\"@id\":\"https:\/\/www.visit-ulcinj.com\/blog\/2009\/03\/07\/mesida-e-kam-te-veshtire-te-flas-per-jeten-time\/#webpage\",\"url\":\"https:\/\/www.visit-ulcinj.com\/blog\/2009\/03\/07\/mesida-e-kam-te-veshtire-te-flas-per-jeten-time\/\",\"name\":\"Mesida - E kam t\u00c3\u00ab v\u00c3\u00abshtir\u00c3\u00ab t\u00c3\u00ab flas p\u00c3\u00abr jet\u00c3\u00abn time | Big Brother Albania\",\"isPartOf\":{\"@id\":\"https:\/\/www.visit-ulcinj.com\/blog\/#website\"},\"primaryImageOfPage\":{\"@id\":\"https:\/\/www.visit-ulcinj.com\/blog\/2009\/03\/07\/mesida-e-kam-te-veshtire-te-flas-per-jeten-time\/#primaryimage\"},\"datePublished\":\"2009-03-07T09:50:40+00:00\",\"dateModified\":\"2009-03-07T09:50:40+00:00\",\"author\":{\"@id\":\"https:\/\/www.visit-ulcinj.com\/blog\/#\/schema\/person\/dcab619c614d3038751c63bc2aadc06d\"},\"description\":\"Big Brother Albania - Mesida bashk\u00c3\u00abbisedon me Arjonin dhe Zhuljet\u00c3\u00abn dhe ata e pyesin p\u00c3\u00abr jet\u00c3\u00abn q\u00c3\u00ab b\u00c3\u00abnte para se t\u00c3\u00ab futej n\u00c3\u00ab sht\u00c3\u00abpin\u00c3\u00ab e Big Brother\",\"breadcrumb\":{\"@id\":\"https:\/\/www.visit-ulcinj.com\/blog\/2009\/03\/07\/mesida-e-kam-te-veshtire-te-flas-per-jeten-time\/#breadcrumb\"},\"inLanguage\":\"en-US\",\"potentialAction\":[{\"@type\":\"ReadAction\",\"target\":[\"https:\/\/www.visit-ulcinj.com\/blog\/2009\/03\/07\/mesida-e-kam-te-veshtire-te-flas-per-jeten-time\/\"]}]},{\"@type\":\"BreadcrumbList\",\"@id\":\"https:\/\/www.visit-ulcinj.com\/blog\/2009\/03\/07\/mesida-e-kam-te-veshtire-te-flas-per-jeten-time\/#breadcrumb\",\"itemListElement\":[{\"@type\":\"ListItem\",\"position\":1,\"name\":\"Mesida &#8211; E kam t\u00eb v\u00ebshtir\u00eb t\u00eb flas p\u00ebr jet\u00ebn time\"}]},{\"@type\":\"Person\",\"@id\":\"https:\/\/www.visit-ulcinj.com\/blog\/#\/schema\/person\/dcab619c614d3038751c63bc2aadc06d\",\"name\":\"ulqini\",\"sameAs\":[\"http:\/\/www.visit-ulcinj.com\"],\"url\":\"https:\/\/www.visit-ulcinj.com\/blog\/author\/admin\/\"}]}<\/script>\n<!-- \/ Yoast SEO plugin. -->","yoast_head_json":{"title":"Mesida - E kam t\u00c3\u00ab v\u00c3\u00abshtir\u00c3\u00ab t\u00c3\u00ab flas p\u00c3\u00abr jet\u00c3\u00abn time | Big Brother Albania","description":"Big Brother Albania - Mesida bashk\u00c3\u00abbisedon me Arjonin dhe Zhuljet\u00c3\u00abn dhe ata e pyesin p\u00c3\u00abr jet\u00c3\u00abn q\u00c3\u00ab b\u00c3\u00abnte para se t\u00c3\u00ab futej n\u00c3\u00ab sht\u00c3\u00abpin\u00c3\u00ab e Big Brother","robots":{"index":"index","follow":"follow","max-snippet":"max-snippet:-1","max-image-preview":"max-image-preview:large","max-video-preview":"max-video-preview:-1"},"canonical":"https:\/\/www.visit-ulcinj.com\/blog\/2009\/03\/07\/mesida-e-kam-te-veshtire-te-flas-per-jeten-time\/","og_locale":"en_US","og_type":"article","og_title":"Mesida - E kam t\u00c3\u00ab v\u00c3\u00abshtir\u00c3\u00ab t\u00c3\u00ab flas p\u00c3\u00abr jet\u00c3\u00abn time | Big Brother Albania","og_description":"Big Brother Albania - Mesida bashk\u00c3\u00abbisedon me Arjonin dhe Zhuljet\u00c3\u00abn dhe ata e pyesin p\u00c3\u00abr jet\u00c3\u00abn q\u00c3\u00ab b\u00c3\u00abnte para se t\u00c3\u00ab futej n\u00c3\u00ab sht\u00c3\u00abpin\u00c3\u00ab e Big Brother","og_url":"https:\/\/www.visit-ulcinj.com\/blog\/2009\/03\/07\/mesida-e-kam-te-veshtire-te-flas-per-jeten-time\/","og_site_name":"Lajme nga Ulqini","article_published_time":"2009-03-07T09:50:40+00:00","og_image":[{"url":"http:\/\/www.visit-ulcinj.com\/blog\/wp-content\/uploads\/2009\/03\/mesida-per-jeten-e-saj.jpg"}],"twitter_misc":{"Written by":"ulqini","Est. reading time":"1 minute"},"schema":{"@context":"https:\/\/schema.org","@graph":[{"@type":"WebSite","@id":"https:\/\/www.visit-ulcinj.com\/blog\/#website","url":"https:\/\/www.visit-ulcinj.com\/blog\/","name":"Lajme nga Ulqini","description":"Lajme,Vijesti,Ulqini,Ulqin,Crna Gora,Mali i Zi","potentialAction":[{"@type":"SearchAction","target":{"@type":"EntryPoint","urlTemplate":"https:\/\/www.visit-ulcinj.com\/blog\/?s={search_term_string}"},"query-input":"required name=search_term_string"}],"inLanguage":"en-US"},{"@type":"ImageObject","inLanguage":"en-US","@id":"https:\/\/www.visit-ulcinj.com\/blog\/2009\/03\/07\/mesida-e-kam-te-veshtire-te-flas-per-jeten-time\/#primaryimage","url":"http:\/\/www.visit-ulcinj.com\/blog\/wp-content\/uploads\/2009\/03\/mesida-per-jeten-e-saj.jpg","contentUrl":"http:\/\/www.visit-ulcinj.com\/blog\/wp-content\/uploads\/2009\/03\/mesida-per-jeten-e-saj.jpg"},{"@type":"WebPage","@id":"https:\/\/www.visit-ulcinj.com\/blog\/2009\/03\/07\/mesida-e-kam-te-veshtire-te-flas-per-jeten-time\/#webpage","url":"https:\/\/www.visit-ulcinj.com\/blog\/2009\/03\/07\/mesida-e-kam-te-veshtire-te-flas-per-jeten-time\/","name":"Mesida - E kam t\u00c3\u00ab v\u00c3\u00abshtir\u00c3\u00ab t\u00c3\u00ab flas p\u00c3\u00abr jet\u00c3\u00abn time | Big Brother Albania","isPartOf":{"@id":"https:\/\/www.visit-ulcinj.com\/blog\/#website"},"primaryImageOfPage":{"@id":"https:\/\/www.visit-ulcinj.com\/blog\/2009\/03\/07\/mesida-e-kam-te-veshtire-te-flas-per-jeten-time\/#primaryimage"},"datePublished":"2009-03-07T09:50:40+00:00","dateModified":"2009-03-07T09:50:40+00:00","author":{"@id":"https:\/\/www.visit-ulcinj.com\/blog\/#\/schema\/person\/dcab619c614d3038751c63bc2aadc06d"},"description":"Big Brother Albania - Mesida bashk\u00c3\u00abbisedon me Arjonin dhe Zhuljet\u00c3\u00abn dhe ata e pyesin p\u00c3\u00abr jet\u00c3\u00abn q\u00c3\u00ab b\u00c3\u00abnte para se t\u00c3\u00ab futej n\u00c3\u00ab sht\u00c3\u00abpin\u00c3\u00ab e Big Brother","breadcrumb":{"@id":"https:\/\/www.visit-ulcinj.com\/blog\/2009\/03\/07\/mesida-e-kam-te-veshtire-te-flas-per-jeten-time\/#breadcrumb"},"inLanguage":"en-US","potentialAction":[{"@type":"ReadAction","target":["https:\/\/www.visit-ulcinj.com\/blog\/2009\/03\/07\/mesida-e-kam-te-veshtire-te-flas-per-jeten-time\/"]}]},{"@type":"BreadcrumbList","@id":"https:\/\/www.visit-ulcinj.com\/blog\/2009\/03\/07\/mesida-e-kam-te-veshtire-te-flas-per-jeten-time\/#breadcrumb","itemListElement":[{"@type":"ListItem","position":1,"name":"Mesida &#8211; E kam t\u00eb v\u00ebshtir\u00eb t\u00eb flas p\u00ebr jet\u00ebn time"}]},{"@type":"Person","@id":"https:\/\/www.visit-ulcinj.com\/blog\/#\/schema\/person\/dcab619c614d3038751c63bc2aadc06d","name":"ulqini","sameAs":["http:\/\/www.visit-ulcinj.com"],"url":"https:\/\/www.visit-ulcinj.com\/blog\/author\/admin\/"}]}},"jetpack_featured_media_url":"","jetpack_sharing_enabled":true,"jetpack_shortlink":"https:\/\/wp.me\/pe6lTn-3og","_links":{"self":[{"href":"https:\/\/www.visit-ulcinj.com\/blog\/wp-json\/wp\/v2\/posts\/13036"}],"collection":[{"href":"https:\/\/www.visit-ulcinj.com\/blog\/wp-json\/wp\/v2\/posts"}],"about":[{"href":"https:\/\/www.visit-ulcinj.com\/blog\/wp-json\/wp\/v2\/types\/post"}],"author":[{"embeddable":true,"href":"https:\/\/www.visit-ulcinj.com\/blog\/wp-json\/wp\/v2\/users\/1"}],"replies":[{"embeddable":true,"href":"https:\/\/www.visit-ulcinj.com\/blog\/wp-json\/wp\/v2\/comments?post=13036"}],"version-history":[{"count":0,"href":"https:\/\/www.visit-ulcinj.com\/blog\/wp-json\/wp\/v2\/posts\/13036\/revisions"}],"wp:attachment":[{"href":"https:\/\/www.visit-ulcinj.com\/blog\/wp-json\/wp\/v2\/media?parent=13036"}],"wp:term":[{"taxonomy":"category","embeddable":true,"href":"https:\/\/www.visit-ulcinj.com\/blog\/wp-json\/wp\/v2\/categories?post=13036"},{"taxonomy":"post_tag","embeddable":true,"href":"https:\/\/www.visit-ulcinj.com\/blog\/wp-json\/wp\/v2\/tags?post=13036"}],"curies":[{"name":"wp","href":"https:\/\/api.w.org\/{rel}","templated":true}]}}