{"id":13039,"date":"2009-03-07T10:53:39","date_gmt":"2009-03-07T09:53:39","guid":{"rendered":"http:\/\/www.visit-ulcinj.com\/blog\/?p=13039"},"modified":"2009-03-07T10:53:39","modified_gmt":"2009-03-07T09:53:39","slug":"mesida-dhe-arjoni-jam-ende-e-vogel","status":"publish","type":"post","link":"https:\/\/www.visit-ulcinj.com\/blog\/2009\/03\/07\/mesida-dhe-arjoni-jam-ende-e-vogel\/","title":{"rendered":"Mesida dhe Arjoni : Jam ende e vog\u00ebl"},"content":{"rendered":"<p><a href=\"http:\/\/www.visit-ulcinj.com\/blog\/wp-content\/uploads\/2009\/03\/mesida-arjoni2.jpg\"><img loading=\"lazy\" class=\"alignleft size-full wp-image-13040\" title=\"mesida-arjoni-big-brother-albania\" src=\"http:\/\/www.visit-ulcinj.com\/blog\/wp-content\/uploads\/2009\/03\/mesida-arjoni2.jpg\" alt=\"mesida-arjoni-big-brother-albania\" width=\"300\" height=\"205\" \/><\/a><em>04\/03\/09 16:45<\/em><br \/>\nArjoni e pyet Mesid\u00ebn se cfar\u00eb pune d\u00ebshiron t\u00eb b\u00ebj\u00eb tani q\u00eb do t\u00eb q\u00ebndroj\u00eb n\u00eb Shqip\u00ebri. Ajo i thot\u00eb se nuk e di se cfar\u00eb mund t\u2019i ofroj\u00eb nj\u00eb vend si Shqip\u00ebria. Ai e pyet se cfar\u00eb pun\u00ebsh ka b\u00ebr\u00eb m\u00eb par\u00eb dhe Mesida i tregon se ka punuar si asistente tek t\u00eb moshuarit, n\u00eb restorante si kamariere dhe banakiere, si shit\u00ebse, si fotografe dhe t\u00eb gjitha k\u00ebto i ka b\u00ebr\u00eb gjat\u00eb periudh\u00ebs s\u00eb ver\u00ebs. Mesida tregon se \u00ebsht\u00eb shum\u00eb e lodhur me shkoll\u00ebn pasi n\u00eb cdo vend ku ka shkuar ka b\u00ebr\u00eb shkoll\u00eb gjuhe dhe shkoll\u00ebn q\u00eb vazhdonte. Ajo thot\u00eb se ndoshta ka b\u00ebr\u00eb m\u00eb shum\u00eb vite shkoll\u00eb se sa moshatar\u00ebt e saj. Ajo tregon se \u00ebsht\u00eb nga ato persona q\u00eb kur i hyjn\u00eb dickaje duan t\u00eb arrijn\u00eb maksimumin ose nuk e marrin p\u00ebrsip\u00ebr fare. Mesida thot\u00eb se t\u00eb tjer\u00ebt e shikojn\u00eb se \u00ebsht\u00eb m\u00eb e pjekur se moshatar\u00ebt e saj por ajo e konsideron veten ende t\u00eb vog\u00ebl. Ajo u tregon se nuk ka shum\u00eb vullnet p\u00ebr t\u00eb m\u00ebsuar por i mjafton q\u00eb t\u00eb lexoj\u00eb nj\u00eb dit\u00eb para provimit. N\u00eb k\u00ebt\u00eb m\u00ebnyr\u00eb ka marr provimin e teoris\u00eb p\u00ebr marrjen e patent\u00ebs. P\u00ebr t\u00eb asnj\u00ebher\u00eb nuk \u00ebsht\u00eb von\u00eb p\u00ebr asgj\u00eb.<\/p>\n","protected":false},"excerpt":{"rendered":"<p>04\/03\/09 16:45 Arjoni e pyet Mesid\u00ebn se cfar\u00eb pune d\u00ebshiron t\u00eb b\u00ebj\u00eb tani q\u00eb do t\u00eb q\u00ebndroj\u00eb n\u00eb Shqip\u00ebri. Ajo i thot\u00eb se nuk e di se cfar\u00eb mund t\u2019i ofroj\u00eb nj\u00eb vend si Shqip\u00ebria. Ai e pyet se cfar\u00eb pun\u00ebsh ka b\u00ebr\u00eb m\u00eb par\u00eb dhe Mesida i tregon se ka punuar si asistente tek [&hellip;]<\/p>\n","protected":false},"author":1,"featured_media":0,"comment_status":"open","ping_status":"closed","sticky":false,"template":"","format":"standard","meta":{"spay_email":"","jetpack_publicize_message":"","jetpack_is_tweetstorm":false,"jetpack_publicize_feature_enabled":true},"categories":[6502],"tags":[6558,6525,6738,5057,6506,6712,7129,7548,7365,7549,7364,6891,6693,6887],"jetpack_publicize_connections":[],"yoast_head":"<!-- This site is optimized with the Yoast SEO plugin v19.1 - https:\/\/yoast.com\/wordpress\/plugins\/seo\/ -->\n<title>Mesida dhe Arjoni :Jam ende e vog\u00c3\u00abl | Big Brother Albania<\/title>\n<meta name=\"description\" content=\"Big Brother Albania - Arjoni e pyet Mesid\u00c3\u00abn se cfar\u00c3\u00ab pune d\u00c3\u00abshiron t\u00c3\u00ab b\u00c3\u00abj\u00c3\u00ab tani q\u00c3\u00ab do t\u00c3\u00ab q\u00c3\u00abndroj\u00c3\u00ab n\u00c3\u00ab Shqip\u00c3\u00abri. Ajo i thot\u00c3\u00ab se nuk e di se cfar\u00c3\u00ab mund t\u00e2\u20ac\u2122i ofroj\u00c3\u00ab nj\u00c3\u00ab vend si Shqip\u00c3\u00abria.\" \/>\n<meta name=\"robots\" content=\"index, follow, max-snippet:-1, max-image-preview:large, max-video-preview:-1\" \/>\n<link rel=\"canonical\" href=\"https:\/\/www.visit-ulcinj.com\/blog\/2009\/03\/07\/mesida-dhe-arjoni-jam-ende-e-vogel\/\" \/>\n<meta property=\"og:locale\" content=\"en_US\" \/>\n<meta property=\"og:type\" content=\"article\" \/>\n<meta property=\"og:title\" content=\"Mesida dhe Arjoni :Jam ende e vog\u00c3\u00abl | Big Brother Albania\" \/>\n<meta property=\"og:description\" content=\"Big Brother Albania - Arjoni e pyet Mesid\u00c3\u00abn se cfar\u00c3\u00ab pune d\u00c3\u00abshiron t\u00c3\u00ab b\u00c3\u00abj\u00c3\u00ab tani q\u00c3\u00ab do t\u00c3\u00ab q\u00c3\u00abndroj\u00c3\u00ab n\u00c3\u00ab Shqip\u00c3\u00abri. Ajo i thot\u00c3\u00ab se nuk e di se cfar\u00c3\u00ab mund t\u00e2\u20ac\u2122i ofroj\u00c3\u00ab nj\u00c3\u00ab vend si Shqip\u00c3\u00abria.\" \/>\n<meta property=\"og:url\" content=\"https:\/\/www.visit-ulcinj.com\/blog\/2009\/03\/07\/mesida-dhe-arjoni-jam-ende-e-vogel\/\" \/>\n<meta property=\"og:site_name\" content=\"Lajme nga Ulqini\" \/>\n<meta property=\"article:published_time\" content=\"2009-03-07T09:53:39+00:00\" \/>\n<meta property=\"og:image\" content=\"http:\/\/www.visit-ulcinj.com\/blog\/wp-content\/uploads\/2009\/03\/mesida-arjoni2.jpg\" \/>\n<meta name=\"twitter:label1\" content=\"Written by\" \/>\n\t<meta name=\"twitter:data1\" content=\"ulqini\" \/>\n\t<meta name=\"twitter:label2\" content=\"Est. reading time\" \/>\n\t<meta name=\"twitter:data2\" content=\"1 minute\" \/>\n<script type=\"application\/ld+json\" class=\"yoast-schema-graph\">{\"@context\":\"https:\/\/schema.org\",\"@graph\":[{\"@type\":\"WebSite\",\"@id\":\"https:\/\/www.visit-ulcinj.com\/blog\/#website\",\"url\":\"https:\/\/www.visit-ulcinj.com\/blog\/\",\"name\":\"Lajme nga Ulqini\",\"description\":\"Lajme,Vijesti,Ulqini,Ulqin,Crna Gora,Mali i Zi\",\"potentialAction\":[{\"@type\":\"SearchAction\",\"target\":{\"@type\":\"EntryPoint\",\"urlTemplate\":\"https:\/\/www.visit-ulcinj.com\/blog\/?s={search_term_string}\"},\"query-input\":\"required name=search_term_string\"}],\"inLanguage\":\"en-US\"},{\"@type\":\"ImageObject\",\"inLanguage\":\"en-US\",\"@id\":\"https:\/\/www.visit-ulcinj.com\/blog\/2009\/03\/07\/mesida-dhe-arjoni-jam-ende-e-vogel\/#primaryimage\",\"url\":\"http:\/\/www.visit-ulcinj.com\/blog\/wp-content\/uploads\/2009\/03\/mesida-arjoni2.jpg\",\"contentUrl\":\"http:\/\/www.visit-ulcinj.com\/blog\/wp-content\/uploads\/2009\/03\/mesida-arjoni2.jpg\"},{\"@type\":\"WebPage\",\"@id\":\"https:\/\/www.visit-ulcinj.com\/blog\/2009\/03\/07\/mesida-dhe-arjoni-jam-ende-e-vogel\/#webpage\",\"url\":\"https:\/\/www.visit-ulcinj.com\/blog\/2009\/03\/07\/mesida-dhe-arjoni-jam-ende-e-vogel\/\",\"name\":\"Mesida dhe Arjoni :Jam ende e vog\u00c3\u00abl | Big Brother Albania\",\"isPartOf\":{\"@id\":\"https:\/\/www.visit-ulcinj.com\/blog\/#website\"},\"primaryImageOfPage\":{\"@id\":\"https:\/\/www.visit-ulcinj.com\/blog\/2009\/03\/07\/mesida-dhe-arjoni-jam-ende-e-vogel\/#primaryimage\"},\"datePublished\":\"2009-03-07T09:53:39+00:00\",\"dateModified\":\"2009-03-07T09:53:39+00:00\",\"author\":{\"@id\":\"https:\/\/www.visit-ulcinj.com\/blog\/#\/schema\/person\/dcab619c614d3038751c63bc2aadc06d\"},\"description\":\"Big Brother Albania - Arjoni e pyet Mesid\u00c3\u00abn se cfar\u00c3\u00ab pune d\u00c3\u00abshiron t\u00c3\u00ab b\u00c3\u00abj\u00c3\u00ab tani q\u00c3\u00ab do t\u00c3\u00ab q\u00c3\u00abndroj\u00c3\u00ab n\u00c3\u00ab Shqip\u00c3\u00abri. Ajo i thot\u00c3\u00ab se nuk e di se cfar\u00c3\u00ab mund t\u00e2\u20ac\u2122i ofroj\u00c3\u00ab nj\u00c3\u00ab vend si Shqip\u00c3\u00abria.\",\"breadcrumb\":{\"@id\":\"https:\/\/www.visit-ulcinj.com\/blog\/2009\/03\/07\/mesida-dhe-arjoni-jam-ende-e-vogel\/#breadcrumb\"},\"inLanguage\":\"en-US\",\"potentialAction\":[{\"@type\":\"ReadAction\",\"target\":[\"https:\/\/www.visit-ulcinj.com\/blog\/2009\/03\/07\/mesida-dhe-arjoni-jam-ende-e-vogel\/\"]}]},{\"@type\":\"BreadcrumbList\",\"@id\":\"https:\/\/www.visit-ulcinj.com\/blog\/2009\/03\/07\/mesida-dhe-arjoni-jam-ende-e-vogel\/#breadcrumb\",\"itemListElement\":[{\"@type\":\"ListItem\",\"position\":1,\"name\":\"Mesida dhe Arjoni : Jam ende e vog\u00ebl\"}]},{\"@type\":\"Person\",\"@id\":\"https:\/\/www.visit-ulcinj.com\/blog\/#\/schema\/person\/dcab619c614d3038751c63bc2aadc06d\",\"name\":\"ulqini\",\"sameAs\":[\"http:\/\/www.visit-ulcinj.com\"],\"url\":\"https:\/\/www.visit-ulcinj.com\/blog\/author\/admin\/\"}]}<\/script>\n<!-- \/ Yoast SEO plugin. -->","yoast_head_json":{"title":"Mesida dhe Arjoni :Jam ende e vog\u00c3\u00abl | Big Brother Albania","description":"Big Brother Albania - Arjoni e pyet Mesid\u00c3\u00abn se cfar\u00c3\u00ab pune d\u00c3\u00abshiron t\u00c3\u00ab b\u00c3\u00abj\u00c3\u00ab tani q\u00c3\u00ab do t\u00c3\u00ab q\u00c3\u00abndroj\u00c3\u00ab n\u00c3\u00ab Shqip\u00c3\u00abri. Ajo i thot\u00c3\u00ab se nuk e di se cfar\u00c3\u00ab mund t\u00e2\u20ac\u2122i ofroj\u00c3\u00ab nj\u00c3\u00ab vend si Shqip\u00c3\u00abria.","robots":{"index":"index","follow":"follow","max-snippet":"max-snippet:-1","max-image-preview":"max-image-preview:large","max-video-preview":"max-video-preview:-1"},"canonical":"https:\/\/www.visit-ulcinj.com\/blog\/2009\/03\/07\/mesida-dhe-arjoni-jam-ende-e-vogel\/","og_locale":"en_US","og_type":"article","og_title":"Mesida dhe Arjoni :Jam ende e vog\u00c3\u00abl | Big Brother Albania","og_description":"Big Brother Albania - Arjoni e pyet Mesid\u00c3\u00abn se cfar\u00c3\u00ab pune d\u00c3\u00abshiron t\u00c3\u00ab b\u00c3\u00abj\u00c3\u00ab tani q\u00c3\u00ab do t\u00c3\u00ab q\u00c3\u00abndroj\u00c3\u00ab n\u00c3\u00ab Shqip\u00c3\u00abri. Ajo i thot\u00c3\u00ab se nuk e di se cfar\u00c3\u00ab mund t\u00e2\u20ac\u2122i ofroj\u00c3\u00ab nj\u00c3\u00ab vend si Shqip\u00c3\u00abria.","og_url":"https:\/\/www.visit-ulcinj.com\/blog\/2009\/03\/07\/mesida-dhe-arjoni-jam-ende-e-vogel\/","og_site_name":"Lajme nga Ulqini","article_published_time":"2009-03-07T09:53:39+00:00","og_image":[{"url":"http:\/\/www.visit-ulcinj.com\/blog\/wp-content\/uploads\/2009\/03\/mesida-arjoni2.jpg"}],"twitter_misc":{"Written by":"ulqini","Est. reading time":"1 minute"},"schema":{"@context":"https:\/\/schema.org","@graph":[{"@type":"WebSite","@id":"https:\/\/www.visit-ulcinj.com\/blog\/#website","url":"https:\/\/www.visit-ulcinj.com\/blog\/","name":"Lajme nga Ulqini","description":"Lajme,Vijesti,Ulqini,Ulqin,Crna Gora,Mali i Zi","potentialAction":[{"@type":"SearchAction","target":{"@type":"EntryPoint","urlTemplate":"https:\/\/www.visit-ulcinj.com\/blog\/?s={search_term_string}"},"query-input":"required name=search_term_string"}],"inLanguage":"en-US"},{"@type":"ImageObject","inLanguage":"en-US","@id":"https:\/\/www.visit-ulcinj.com\/blog\/2009\/03\/07\/mesida-dhe-arjoni-jam-ende-e-vogel\/#primaryimage","url":"http:\/\/www.visit-ulcinj.com\/blog\/wp-content\/uploads\/2009\/03\/mesida-arjoni2.jpg","contentUrl":"http:\/\/www.visit-ulcinj.com\/blog\/wp-content\/uploads\/2009\/03\/mesida-arjoni2.jpg"},{"@type":"WebPage","@id":"https:\/\/www.visit-ulcinj.com\/blog\/2009\/03\/07\/mesida-dhe-arjoni-jam-ende-e-vogel\/#webpage","url":"https:\/\/www.visit-ulcinj.com\/blog\/2009\/03\/07\/mesida-dhe-arjoni-jam-ende-e-vogel\/","name":"Mesida dhe Arjoni :Jam ende e vog\u00c3\u00abl | Big Brother Albania","isPartOf":{"@id":"https:\/\/www.visit-ulcinj.com\/blog\/#website"},"primaryImageOfPage":{"@id":"https:\/\/www.visit-ulcinj.com\/blog\/2009\/03\/07\/mesida-dhe-arjoni-jam-ende-e-vogel\/#primaryimage"},"datePublished":"2009-03-07T09:53:39+00:00","dateModified":"2009-03-07T09:53:39+00:00","author":{"@id":"https:\/\/www.visit-ulcinj.com\/blog\/#\/schema\/person\/dcab619c614d3038751c63bc2aadc06d"},"description":"Big Brother Albania - Arjoni e pyet Mesid\u00c3\u00abn se cfar\u00c3\u00ab pune d\u00c3\u00abshiron t\u00c3\u00ab b\u00c3\u00abj\u00c3\u00ab tani q\u00c3\u00ab do t\u00c3\u00ab q\u00c3\u00abndroj\u00c3\u00ab n\u00c3\u00ab Shqip\u00c3\u00abri. Ajo i thot\u00c3\u00ab se nuk e di se cfar\u00c3\u00ab mund t\u00e2\u20ac\u2122i ofroj\u00c3\u00ab nj\u00c3\u00ab vend si Shqip\u00c3\u00abria.","breadcrumb":{"@id":"https:\/\/www.visit-ulcinj.com\/blog\/2009\/03\/07\/mesida-dhe-arjoni-jam-ende-e-vogel\/#breadcrumb"},"inLanguage":"en-US","potentialAction":[{"@type":"ReadAction","target":["https:\/\/www.visit-ulcinj.com\/blog\/2009\/03\/07\/mesida-dhe-arjoni-jam-ende-e-vogel\/"]}]},{"@type":"BreadcrumbList","@id":"https:\/\/www.visit-ulcinj.com\/blog\/2009\/03\/07\/mesida-dhe-arjoni-jam-ende-e-vogel\/#breadcrumb","itemListElement":[{"@type":"ListItem","position":1,"name":"Mesida dhe Arjoni : Jam ende e vog\u00ebl"}]},{"@type":"Person","@id":"https:\/\/www.visit-ulcinj.com\/blog\/#\/schema\/person\/dcab619c614d3038751c63bc2aadc06d","name":"ulqini","sameAs":["http:\/\/www.visit-ulcinj.com"],"url":"https:\/\/www.visit-ulcinj.com\/blog\/author\/admin\/"}]}},"jetpack_featured_media_url":"","jetpack_sharing_enabled":true,"jetpack_shortlink":"https:\/\/wp.me\/pe6lTn-3oj","_links":{"self":[{"href":"https:\/\/www.visit-ulcinj.com\/blog\/wp-json\/wp\/v2\/posts\/13039"}],"collection":[{"href":"https:\/\/www.visit-ulcinj.com\/blog\/wp-json\/wp\/v2\/posts"}],"about":[{"href":"https:\/\/www.visit-ulcinj.com\/blog\/wp-json\/wp\/v2\/types\/post"}],"author":[{"embeddable":true,"href":"https:\/\/www.visit-ulcinj.com\/blog\/wp-json\/wp\/v2\/users\/1"}],"replies":[{"embeddable":true,"href":"https:\/\/www.visit-ulcinj.com\/blog\/wp-json\/wp\/v2\/comments?post=13039"}],"version-history":[{"count":0,"href":"https:\/\/www.visit-ulcinj.com\/blog\/wp-json\/wp\/v2\/posts\/13039\/revisions"}],"wp:attachment":[{"href":"https:\/\/www.visit-ulcinj.com\/blog\/wp-json\/wp\/v2\/media?parent=13039"}],"wp:term":[{"taxonomy":"category","embeddable":true,"href":"https:\/\/www.visit-ulcinj.com\/blog\/wp-json\/wp\/v2\/categories?post=13039"},{"taxonomy":"post_tag","embeddable":true,"href":"https:\/\/www.visit-ulcinj.com\/blog\/wp-json\/wp\/v2\/tags?post=13039"}],"curies":[{"name":"wp","href":"https:\/\/api.w.org\/{rel}","templated":true}]}}