{"id":13042,"date":"2009-03-07T11:00:41","date_gmt":"2009-03-07T10:00:41","guid":{"rendered":"http:\/\/www.visit-ulcinj.com\/blog\/?p=13042"},"modified":"2009-03-07T11:00:41","modified_gmt":"2009-03-07T10:00:41","slug":"arjoni-nuk-ka-goje-te-me-shaje","status":"publish","type":"post","link":"https:\/\/www.visit-ulcinj.com\/blog\/2009\/03\/07\/arjoni-nuk-ka-goje-te-me-shaje\/","title":{"rendered":"Arjoni: Nuk ka goj\u00eb t\u00eb m\u00eb shaj\u00eb"},"content":{"rendered":"<p><em><span class=\"newsdate\"><strong><a href=\"http:\/\/www.visit-ulcinj.com\/blog\/wp-content\/uploads\/2009\/03\/arjoni-per-veten.jpg\"><img loading=\"lazy\" class=\"alignleft size-full wp-image-13043\" title=\"arjoni-per-veten-big-brother-albania\" src=\"http:\/\/www.visit-ulcinj.com\/blog\/wp-content\/uploads\/2009\/03\/arjoni-per-veten.jpg\" alt=\"arjoni-per-veten-big-brother-albania\" width=\"300\" height=\"205\" \/><\/a><\/strong>04\/03\/09 17:16<\/span><\/em><\/p>\n<p>Arjoni i tregon p\u00ebr dashurin\u00eb e tij Mesid\u00ebs. Ai thot\u00eb se ka bashk\u00ebjetuar me njw vajzw p\u00ebr 4vjet dhe se para 4muajsh janw ndar\u00eb. Mesida \u00ebsht\u00eb kurioze t\u00eb di arsyet pse \u00ebsht\u00eb ndar\u00eb dhe e pyet n\u00ebse ja ndjen munges\u00ebn. Ai i p\u00ebrgjigjet q\u00eb jo pasi ishte ai q\u00eb e vendosi k\u00ebt\u00eb ndarje dhe p\u00ebr faktin se duke patur shum\u00eb vite bashk\u00eb ndjenjat i ishin shuar. Ai shton se nj\u00eb nga motivet kryesore ishte se ai e ndjente veten t\u00eb l\u00ebn\u00eb pas dore periudh\u00ebn e fundit t\u00eb lidhjes, per arsye se ajo i dedikohej m\u00eb shum\u00eb pun\u00ebs dhe nuk i kushtonte v\u00ebmendjen e duhur. Mesida e pyet p\u00ebr maredhenien q\u00eb ka tani q\u00eb \u00ebsht\u00eb ndar\u00eb. Ai thot\u00eb q\u00eb kan\u00eb mardh\u00ebnie t\u00eb mira madje sht\u00ebpin\u00eb e kane akoma bashk\u00eb por kur t\u00eb dali nga shtwpia do qw t\u00eb rregullojw shum\u00eb gj\u00ebra. Arjoni thot\u00eb q\u00eb gjat\u00eb lidhjes s\u00eb tyre kan\u00eb patur shk\u00ebputje dhe se ai ka patur dhe lidhje t\u00eb tjera, por kjo ka ndodhur dhe p\u00ebr vet\u00eb mosh\u00ebn q\u00eb kishte. Ai thote qw nw atw kohe ka qene shume don zhuan por megjithat\u00eb e ka respektuar shume. Ai thote qe cdo gj\u00eb q\u00eb e ka b\u00ebr\u00eb,e ka b\u00ebr\u00eb p\u00ebr t\u00eb dhe nuk ka goj\u00eb t\u00eb m\u00eb shaj\u00eb. Arjoni i thot\u00eb q\u00eb k\u00ebto jan\u00eb disa nga gj\u00ebrat q\u00eb Mesida duhet t\u00eb dij\u00eb per t\u00eb q\u00eb ta njohi m\u00eb mir\u00eb.<\/p>\n","protected":false},"excerpt":{"rendered":"<p>04\/03\/09 17:16 Arjoni i tregon p\u00ebr dashurin\u00eb e tij Mesid\u00ebs. Ai thot\u00eb se ka bashk\u00ebjetuar me njw vajzw p\u00ebr 4vjet dhe se para 4muajsh janw ndar\u00eb. Mesida \u00ebsht\u00eb kurioze t\u00eb di arsyet pse \u00ebsht\u00eb ndar\u00eb dhe e pyet n\u00ebse ja ndjen munges\u00ebn. Ai i p\u00ebrgjigjet q\u00eb jo pasi ishte ai q\u00eb e vendosi k\u00ebt\u00eb ndarje [&hellip;]<\/p>\n","protected":false},"author":1,"featured_media":0,"comment_status":"open","ping_status":"closed","sticky":false,"template":"","format":"standard","meta":{"spay_email":"","jetpack_publicize_message":"","jetpack_is_tweetstorm":false,"jetpack_publicize_feature_enabled":true},"categories":[6502],"tags":[6558,5057,6506,6712,7129,7365,7550,6891,6693,6887],"jetpack_publicize_connections":[],"yoast_head":"<!-- This site is optimized with the Yoast SEO plugin v19.1 - https:\/\/yoast.com\/wordpress\/plugins\/seo\/ -->\n<title>Arjoni: Nuk ka goj\u00c3\u00ab t\u00c3\u00ab m\u00c3\u00ab shaj\u00c3\u00ab | Big Brother Albania<\/title>\n<meta name=\"description\" content=\"Big Brother Albania - Arjoni i tregon p\u00c3\u00abr dashurin\u00c3\u00ab e tij Mesid\u00c3\u00abs. Ai thot\u00c3\u00ab se ka bashk\u00c3\u00abjetuar me njw vajzw p\u00c3\u00abr 4vjet dhe se para 4muajsh janw ndar\u00c3\u00ab.\" \/>\n<meta name=\"robots\" content=\"index, follow, max-snippet:-1, max-image-preview:large, max-video-preview:-1\" \/>\n<link rel=\"canonical\" href=\"https:\/\/www.visit-ulcinj.com\/blog\/2009\/03\/07\/arjoni-nuk-ka-goje-te-me-shaje\/\" \/>\n<meta property=\"og:locale\" content=\"en_US\" \/>\n<meta property=\"og:type\" content=\"article\" \/>\n<meta property=\"og:title\" content=\"Arjoni: Nuk ka goj\u00c3\u00ab t\u00c3\u00ab m\u00c3\u00ab shaj\u00c3\u00ab | Big Brother Albania\" \/>\n<meta property=\"og:description\" content=\"Big Brother Albania - Arjoni i tregon p\u00c3\u00abr dashurin\u00c3\u00ab e tij Mesid\u00c3\u00abs. Ai thot\u00c3\u00ab se ka bashk\u00c3\u00abjetuar me njw vajzw p\u00c3\u00abr 4vjet dhe se para 4muajsh janw ndar\u00c3\u00ab.\" \/>\n<meta property=\"og:url\" content=\"https:\/\/www.visit-ulcinj.com\/blog\/2009\/03\/07\/arjoni-nuk-ka-goje-te-me-shaje\/\" \/>\n<meta property=\"og:site_name\" content=\"Lajme nga Ulqini\" \/>\n<meta property=\"article:published_time\" content=\"2009-03-07T10:00:41+00:00\" \/>\n<meta property=\"og:image\" content=\"http:\/\/www.visit-ulcinj.com\/blog\/wp-content\/uploads\/2009\/03\/arjoni-per-veten.jpg\" \/>\n<meta name=\"twitter:label1\" content=\"Written by\" \/>\n\t<meta name=\"twitter:data1\" content=\"ulqini\" \/>\n\t<meta name=\"twitter:label2\" content=\"Est. reading time\" \/>\n\t<meta name=\"twitter:data2\" content=\"1 minute\" \/>\n<script type=\"application\/ld+json\" class=\"yoast-schema-graph\">{\"@context\":\"https:\/\/schema.org\",\"@graph\":[{\"@type\":\"WebSite\",\"@id\":\"https:\/\/www.visit-ulcinj.com\/blog\/#website\",\"url\":\"https:\/\/www.visit-ulcinj.com\/blog\/\",\"name\":\"Lajme nga Ulqini\",\"description\":\"Lajme,Vijesti,Ulqini,Ulqin,Crna Gora,Mali i Zi\",\"potentialAction\":[{\"@type\":\"SearchAction\",\"target\":{\"@type\":\"EntryPoint\",\"urlTemplate\":\"https:\/\/www.visit-ulcinj.com\/blog\/?s={search_term_string}\"},\"query-input\":\"required name=search_term_string\"}],\"inLanguage\":\"en-US\"},{\"@type\":\"ImageObject\",\"inLanguage\":\"en-US\",\"@id\":\"https:\/\/www.visit-ulcinj.com\/blog\/2009\/03\/07\/arjoni-nuk-ka-goje-te-me-shaje\/#primaryimage\",\"url\":\"http:\/\/www.visit-ulcinj.com\/blog\/wp-content\/uploads\/2009\/03\/arjoni-per-veten.jpg\",\"contentUrl\":\"http:\/\/www.visit-ulcinj.com\/blog\/wp-content\/uploads\/2009\/03\/arjoni-per-veten.jpg\"},{\"@type\":\"WebPage\",\"@id\":\"https:\/\/www.visit-ulcinj.com\/blog\/2009\/03\/07\/arjoni-nuk-ka-goje-te-me-shaje\/#webpage\",\"url\":\"https:\/\/www.visit-ulcinj.com\/blog\/2009\/03\/07\/arjoni-nuk-ka-goje-te-me-shaje\/\",\"name\":\"Arjoni: Nuk ka goj\u00c3\u00ab t\u00c3\u00ab m\u00c3\u00ab shaj\u00c3\u00ab | Big Brother Albania\",\"isPartOf\":{\"@id\":\"https:\/\/www.visit-ulcinj.com\/blog\/#website\"},\"primaryImageOfPage\":{\"@id\":\"https:\/\/www.visit-ulcinj.com\/blog\/2009\/03\/07\/arjoni-nuk-ka-goje-te-me-shaje\/#primaryimage\"},\"datePublished\":\"2009-03-07T10:00:41+00:00\",\"dateModified\":\"2009-03-07T10:00:41+00:00\",\"author\":{\"@id\":\"https:\/\/www.visit-ulcinj.com\/blog\/#\/schema\/person\/dcab619c614d3038751c63bc2aadc06d\"},\"description\":\"Big Brother Albania - Arjoni i tregon p\u00c3\u00abr dashurin\u00c3\u00ab e tij Mesid\u00c3\u00abs. Ai thot\u00c3\u00ab se ka bashk\u00c3\u00abjetuar me njw vajzw p\u00c3\u00abr 4vjet dhe se para 4muajsh janw ndar\u00c3\u00ab.\",\"breadcrumb\":{\"@id\":\"https:\/\/www.visit-ulcinj.com\/blog\/2009\/03\/07\/arjoni-nuk-ka-goje-te-me-shaje\/#breadcrumb\"},\"inLanguage\":\"en-US\",\"potentialAction\":[{\"@type\":\"ReadAction\",\"target\":[\"https:\/\/www.visit-ulcinj.com\/blog\/2009\/03\/07\/arjoni-nuk-ka-goje-te-me-shaje\/\"]}]},{\"@type\":\"BreadcrumbList\",\"@id\":\"https:\/\/www.visit-ulcinj.com\/blog\/2009\/03\/07\/arjoni-nuk-ka-goje-te-me-shaje\/#breadcrumb\",\"itemListElement\":[{\"@type\":\"ListItem\",\"position\":1,\"name\":\"Arjoni: Nuk ka goj\u00eb t\u00eb m\u00eb shaj\u00eb\"}]},{\"@type\":\"Person\",\"@id\":\"https:\/\/www.visit-ulcinj.com\/blog\/#\/schema\/person\/dcab619c614d3038751c63bc2aadc06d\",\"name\":\"ulqini\",\"sameAs\":[\"http:\/\/www.visit-ulcinj.com\"],\"url\":\"https:\/\/www.visit-ulcinj.com\/blog\/author\/admin\/\"}]}<\/script>\n<!-- \/ Yoast SEO plugin. -->","yoast_head_json":{"title":"Arjoni: Nuk ka goj\u00c3\u00ab t\u00c3\u00ab m\u00c3\u00ab shaj\u00c3\u00ab | Big Brother Albania","description":"Big Brother Albania - Arjoni i tregon p\u00c3\u00abr dashurin\u00c3\u00ab e tij Mesid\u00c3\u00abs. Ai thot\u00c3\u00ab se ka bashk\u00c3\u00abjetuar me njw vajzw p\u00c3\u00abr 4vjet dhe se para 4muajsh janw ndar\u00c3\u00ab.","robots":{"index":"index","follow":"follow","max-snippet":"max-snippet:-1","max-image-preview":"max-image-preview:large","max-video-preview":"max-video-preview:-1"},"canonical":"https:\/\/www.visit-ulcinj.com\/blog\/2009\/03\/07\/arjoni-nuk-ka-goje-te-me-shaje\/","og_locale":"en_US","og_type":"article","og_title":"Arjoni: Nuk ka goj\u00c3\u00ab t\u00c3\u00ab m\u00c3\u00ab shaj\u00c3\u00ab | Big Brother Albania","og_description":"Big Brother Albania - Arjoni i tregon p\u00c3\u00abr dashurin\u00c3\u00ab e tij Mesid\u00c3\u00abs. Ai thot\u00c3\u00ab se ka bashk\u00c3\u00abjetuar me njw vajzw p\u00c3\u00abr 4vjet dhe se para 4muajsh janw ndar\u00c3\u00ab.","og_url":"https:\/\/www.visit-ulcinj.com\/blog\/2009\/03\/07\/arjoni-nuk-ka-goje-te-me-shaje\/","og_site_name":"Lajme nga Ulqini","article_published_time":"2009-03-07T10:00:41+00:00","og_image":[{"url":"http:\/\/www.visit-ulcinj.com\/blog\/wp-content\/uploads\/2009\/03\/arjoni-per-veten.jpg"}],"twitter_misc":{"Written by":"ulqini","Est. reading time":"1 minute"},"schema":{"@context":"https:\/\/schema.org","@graph":[{"@type":"WebSite","@id":"https:\/\/www.visit-ulcinj.com\/blog\/#website","url":"https:\/\/www.visit-ulcinj.com\/blog\/","name":"Lajme nga Ulqini","description":"Lajme,Vijesti,Ulqini,Ulqin,Crna Gora,Mali i Zi","potentialAction":[{"@type":"SearchAction","target":{"@type":"EntryPoint","urlTemplate":"https:\/\/www.visit-ulcinj.com\/blog\/?s={search_term_string}"},"query-input":"required name=search_term_string"}],"inLanguage":"en-US"},{"@type":"ImageObject","inLanguage":"en-US","@id":"https:\/\/www.visit-ulcinj.com\/blog\/2009\/03\/07\/arjoni-nuk-ka-goje-te-me-shaje\/#primaryimage","url":"http:\/\/www.visit-ulcinj.com\/blog\/wp-content\/uploads\/2009\/03\/arjoni-per-veten.jpg","contentUrl":"http:\/\/www.visit-ulcinj.com\/blog\/wp-content\/uploads\/2009\/03\/arjoni-per-veten.jpg"},{"@type":"WebPage","@id":"https:\/\/www.visit-ulcinj.com\/blog\/2009\/03\/07\/arjoni-nuk-ka-goje-te-me-shaje\/#webpage","url":"https:\/\/www.visit-ulcinj.com\/blog\/2009\/03\/07\/arjoni-nuk-ka-goje-te-me-shaje\/","name":"Arjoni: Nuk ka goj\u00c3\u00ab t\u00c3\u00ab m\u00c3\u00ab shaj\u00c3\u00ab | Big Brother Albania","isPartOf":{"@id":"https:\/\/www.visit-ulcinj.com\/blog\/#website"},"primaryImageOfPage":{"@id":"https:\/\/www.visit-ulcinj.com\/blog\/2009\/03\/07\/arjoni-nuk-ka-goje-te-me-shaje\/#primaryimage"},"datePublished":"2009-03-07T10:00:41+00:00","dateModified":"2009-03-07T10:00:41+00:00","author":{"@id":"https:\/\/www.visit-ulcinj.com\/blog\/#\/schema\/person\/dcab619c614d3038751c63bc2aadc06d"},"description":"Big Brother Albania - Arjoni i tregon p\u00c3\u00abr dashurin\u00c3\u00ab e tij Mesid\u00c3\u00abs. Ai thot\u00c3\u00ab se ka bashk\u00c3\u00abjetuar me njw vajzw p\u00c3\u00abr 4vjet dhe se para 4muajsh janw ndar\u00c3\u00ab.","breadcrumb":{"@id":"https:\/\/www.visit-ulcinj.com\/blog\/2009\/03\/07\/arjoni-nuk-ka-goje-te-me-shaje\/#breadcrumb"},"inLanguage":"en-US","potentialAction":[{"@type":"ReadAction","target":["https:\/\/www.visit-ulcinj.com\/blog\/2009\/03\/07\/arjoni-nuk-ka-goje-te-me-shaje\/"]}]},{"@type":"BreadcrumbList","@id":"https:\/\/www.visit-ulcinj.com\/blog\/2009\/03\/07\/arjoni-nuk-ka-goje-te-me-shaje\/#breadcrumb","itemListElement":[{"@type":"ListItem","position":1,"name":"Arjoni: Nuk ka goj\u00eb t\u00eb m\u00eb shaj\u00eb"}]},{"@type":"Person","@id":"https:\/\/www.visit-ulcinj.com\/blog\/#\/schema\/person\/dcab619c614d3038751c63bc2aadc06d","name":"ulqini","sameAs":["http:\/\/www.visit-ulcinj.com"],"url":"https:\/\/www.visit-ulcinj.com\/blog\/author\/admin\/"}]}},"jetpack_featured_media_url":"","jetpack_sharing_enabled":true,"jetpack_shortlink":"https:\/\/wp.me\/pe6lTn-3om","_links":{"self":[{"href":"https:\/\/www.visit-ulcinj.com\/blog\/wp-json\/wp\/v2\/posts\/13042"}],"collection":[{"href":"https:\/\/www.visit-ulcinj.com\/blog\/wp-json\/wp\/v2\/posts"}],"about":[{"href":"https:\/\/www.visit-ulcinj.com\/blog\/wp-json\/wp\/v2\/types\/post"}],"author":[{"embeddable":true,"href":"https:\/\/www.visit-ulcinj.com\/blog\/wp-json\/wp\/v2\/users\/1"}],"replies":[{"embeddable":true,"href":"https:\/\/www.visit-ulcinj.com\/blog\/wp-json\/wp\/v2\/comments?post=13042"}],"version-history":[{"count":0,"href":"https:\/\/www.visit-ulcinj.com\/blog\/wp-json\/wp\/v2\/posts\/13042\/revisions"}],"wp:attachment":[{"href":"https:\/\/www.visit-ulcinj.com\/blog\/wp-json\/wp\/v2\/media?parent=13042"}],"wp:term":[{"taxonomy":"category","embeddable":true,"href":"https:\/\/www.visit-ulcinj.com\/blog\/wp-json\/wp\/v2\/categories?post=13042"},{"taxonomy":"post_tag","embeddable":true,"href":"https:\/\/www.visit-ulcinj.com\/blog\/wp-json\/wp\/v2\/tags?post=13042"}],"curies":[{"name":"wp","href":"https:\/\/api.w.org\/{rel}","templated":true}]}}