{"id":13055,"date":"2009-03-07T11:29:56","date_gmt":"2009-03-07T10:29:56","guid":{"rendered":"http:\/\/www.visit-ulcinj.com\/blog\/?p=13055"},"modified":"2009-03-07T11:29:56","modified_gmt":"2009-03-07T10:29:56","slug":"bjordi-poli-me-ka-inat","status":"publish","type":"post","link":"https:\/\/www.visit-ulcinj.com\/blog\/2009\/03\/07\/bjordi-poli-me-ka-inat\/","title":{"rendered":"Bjordi: Poli me ka inat"},"content":{"rendered":"<p><em><span class=\"newsdate\"><a href=\"http:\/\/www.visit-ulcinj.com\/blog\/wp-content\/uploads\/2009\/03\/bjordi-per-poli.jpg\"><img loading=\"lazy\" class=\"alignleft size-full wp-image-13056\" title=\"bjordi-per-poli-big-brother-albania\" src=\"http:\/\/www.visit-ulcinj.com\/blog\/wp-content\/uploads\/2009\/03\/bjordi-per-poli.jpg\" alt=\"bjordi-per-poli-big-brother-albania\" width=\"300\" height=\"205\" \/><\/a>04\/03\/09 18:45<\/span><\/em><\/p>\n<p>Adelajda i tregon Bjordit se si e ngacmonte Adi Mimoz\u00ebn duke i th\u00ebn\u00eb q\u00eb ka dal\u00eb ylli Polar ose ky \u00ebsht\u00eb Poli i Veriut. Ardiani i thot\u00eb q\u00eb nuk e kishte th\u00ebn\u00eb me at\u00eb q\u00ebllim por kur kishte b\u00ebr\u00eb lidhjen m\u00eb von\u00eb e kishte kuptuar reagimin e Mimoz\u00ebs. Adeljda thot\u00eb q\u00eb Moz\u00ebs nuk i p\u00eblqen ta p\u00ebrmendin Polin. Bjordi pyet n\u00ebse Poli do e ket\u00eb marr\u00eb inat,por Adela dhe Adi i thon\u00eb q\u00eb nuk ka pse ta ket\u00eb marr\u00eb inat. Bjordi e aprovon dhe i thot\u00eb q\u00eb ai ka jet\u00ebn e tij. Adelajda e ngacmon me batuta duke i th\u00ebn\u00eb q\u00eb kur t\u00eb dali e pret ndonj\u00eb dajak por t\u00eb mos ket\u00eb frik\u00eb pasi do ket\u00eb n\u00eb krah at\u00eb dhe Adin. Adi thot\u00eb q\u00eb m\u00eb duket djal\u00eb i mir\u00eb por Bjordi nuk ja ka iden\u00eb fare se kush \u00ebsht\u00eb Poli. Adelajda i thot\u00eb q\u00eb Polin e njohin t\u00eb gjith\u00eb pasi ka q\u00ebn\u00eb nj\u00eb nga banor\u00ebt e Big Brother.<\/p>\n","protected":false},"excerpt":{"rendered":"<p>04\/03\/09 18:45 Adelajda i tregon Bjordit se si e ngacmonte Adi Mimoz\u00ebn duke i th\u00ebn\u00eb q\u00eb ka dal\u00eb ylli Polar ose ky \u00ebsht\u00eb Poli i Veriut. Ardiani i thot\u00eb q\u00eb nuk e kishte th\u00ebn\u00eb me at\u00eb q\u00ebllim por kur kishte b\u00ebr\u00eb lidhjen m\u00eb von\u00eb e kishte kuptuar reagimin e Mimoz\u00ebs. Adeljda thot\u00eb q\u00eb Moz\u00ebs nuk [&hellip;]<\/p>\n","protected":false},"author":1,"featured_media":0,"comment_status":"open","ping_status":"closed","sticky":false,"template":"","format":"standard","meta":{"spay_email":"","jetpack_publicize_message":"","jetpack_is_tweetstorm":false,"jetpack_publicize_feature_enabled":true},"categories":[6502],"tags":[5057,6506,7554,6712,7129,6665,6522,4980,7555,6891,6693,6887],"jetpack_publicize_connections":[],"yoast_head":"<!-- This site is optimized with the Yoast SEO plugin v19.1 - https:\/\/yoast.com\/wordpress\/plugins\/seo\/ -->\n<title>Bjordi: Poli me ka inat | Big Brother Albania 2<\/title>\n<meta name=\"description\" content=\"Big Brother Albania 2 - Adelajda i tregon Bjordit se si e ngacmonte Adi Mimoz\u00c3\u00abn duke i th\u00c3\u00abn\u00c3\u00ab q\u00c3\u00ab ka dal\u00c3\u00ab ylli Polar ose ky \u00c3\u00absht\u00c3\u00ab Poli i Veriut.\" \/>\n<meta name=\"robots\" content=\"index, follow, max-snippet:-1, max-image-preview:large, max-video-preview:-1\" \/>\n<link rel=\"canonical\" href=\"https:\/\/www.visit-ulcinj.com\/blog\/2009\/03\/07\/bjordi-poli-me-ka-inat\/\" \/>\n<meta property=\"og:locale\" content=\"en_US\" \/>\n<meta property=\"og:type\" content=\"article\" \/>\n<meta property=\"og:title\" content=\"Bjordi: Poli me ka inat | Big Brother Albania 2\" \/>\n<meta property=\"og:description\" content=\"Big Brother Albania 2 - Adelajda i tregon Bjordit se si e ngacmonte Adi Mimoz\u00c3\u00abn duke i th\u00c3\u00abn\u00c3\u00ab q\u00c3\u00ab ka dal\u00c3\u00ab ylli Polar ose ky \u00c3\u00absht\u00c3\u00ab Poli i Veriut.\" \/>\n<meta property=\"og:url\" content=\"https:\/\/www.visit-ulcinj.com\/blog\/2009\/03\/07\/bjordi-poli-me-ka-inat\/\" \/>\n<meta property=\"og:site_name\" content=\"Lajme nga Ulqini\" \/>\n<meta property=\"article:published_time\" content=\"2009-03-07T10:29:56+00:00\" \/>\n<meta property=\"og:image\" content=\"http:\/\/www.visit-ulcinj.com\/blog\/wp-content\/uploads\/2009\/03\/bjordi-per-poli.jpg\" \/>\n<meta name=\"twitter:label1\" content=\"Written by\" \/>\n\t<meta name=\"twitter:data1\" content=\"ulqini\" \/>\n\t<meta name=\"twitter:label2\" content=\"Est. reading time\" \/>\n\t<meta name=\"twitter:data2\" content=\"1 minute\" \/>\n<script type=\"application\/ld+json\" class=\"yoast-schema-graph\">{\"@context\":\"https:\/\/schema.org\",\"@graph\":[{\"@type\":\"WebSite\",\"@id\":\"https:\/\/www.visit-ulcinj.com\/blog\/#website\",\"url\":\"https:\/\/www.visit-ulcinj.com\/blog\/\",\"name\":\"Lajme nga Ulqini\",\"description\":\"Lajme,Vijesti,Ulqini,Ulqin,Crna Gora,Mali i Zi\",\"potentialAction\":[{\"@type\":\"SearchAction\",\"target\":{\"@type\":\"EntryPoint\",\"urlTemplate\":\"https:\/\/www.visit-ulcinj.com\/blog\/?s={search_term_string}\"},\"query-input\":\"required name=search_term_string\"}],\"inLanguage\":\"en-US\"},{\"@type\":\"ImageObject\",\"inLanguage\":\"en-US\",\"@id\":\"https:\/\/www.visit-ulcinj.com\/blog\/2009\/03\/07\/bjordi-poli-me-ka-inat\/#primaryimage\",\"url\":\"http:\/\/www.visit-ulcinj.com\/blog\/wp-content\/uploads\/2009\/03\/bjordi-per-poli.jpg\",\"contentUrl\":\"http:\/\/www.visit-ulcinj.com\/blog\/wp-content\/uploads\/2009\/03\/bjordi-per-poli.jpg\"},{\"@type\":\"WebPage\",\"@id\":\"https:\/\/www.visit-ulcinj.com\/blog\/2009\/03\/07\/bjordi-poli-me-ka-inat\/#webpage\",\"url\":\"https:\/\/www.visit-ulcinj.com\/blog\/2009\/03\/07\/bjordi-poli-me-ka-inat\/\",\"name\":\"Bjordi: Poli me ka inat | Big Brother Albania 2\",\"isPartOf\":{\"@id\":\"https:\/\/www.visit-ulcinj.com\/blog\/#website\"},\"primaryImageOfPage\":{\"@id\":\"https:\/\/www.visit-ulcinj.com\/blog\/2009\/03\/07\/bjordi-poli-me-ka-inat\/#primaryimage\"},\"datePublished\":\"2009-03-07T10:29:56+00:00\",\"dateModified\":\"2009-03-07T10:29:56+00:00\",\"author\":{\"@id\":\"https:\/\/www.visit-ulcinj.com\/blog\/#\/schema\/person\/dcab619c614d3038751c63bc2aadc06d\"},\"description\":\"Big Brother Albania 2 - Adelajda i tregon Bjordit se si e ngacmonte Adi Mimoz\u00c3\u00abn duke i th\u00c3\u00abn\u00c3\u00ab q\u00c3\u00ab ka dal\u00c3\u00ab ylli Polar ose ky \u00c3\u00absht\u00c3\u00ab Poli i Veriut.\",\"breadcrumb\":{\"@id\":\"https:\/\/www.visit-ulcinj.com\/blog\/2009\/03\/07\/bjordi-poli-me-ka-inat\/#breadcrumb\"},\"inLanguage\":\"en-US\",\"potentialAction\":[{\"@type\":\"ReadAction\",\"target\":[\"https:\/\/www.visit-ulcinj.com\/blog\/2009\/03\/07\/bjordi-poli-me-ka-inat\/\"]}]},{\"@type\":\"BreadcrumbList\",\"@id\":\"https:\/\/www.visit-ulcinj.com\/blog\/2009\/03\/07\/bjordi-poli-me-ka-inat\/#breadcrumb\",\"itemListElement\":[{\"@type\":\"ListItem\",\"position\":1,\"name\":\"Bjordi: Poli me ka inat\"}]},{\"@type\":\"Person\",\"@id\":\"https:\/\/www.visit-ulcinj.com\/blog\/#\/schema\/person\/dcab619c614d3038751c63bc2aadc06d\",\"name\":\"ulqini\",\"sameAs\":[\"http:\/\/www.visit-ulcinj.com\"],\"url\":\"https:\/\/www.visit-ulcinj.com\/blog\/author\/admin\/\"}]}<\/script>\n<!-- \/ Yoast SEO plugin. -->","yoast_head_json":{"title":"Bjordi: Poli me ka inat | Big Brother Albania 2","description":"Big Brother Albania 2 - Adelajda i tregon Bjordit se si e ngacmonte Adi Mimoz\u00c3\u00abn duke i th\u00c3\u00abn\u00c3\u00ab q\u00c3\u00ab ka dal\u00c3\u00ab ylli Polar ose ky \u00c3\u00absht\u00c3\u00ab Poli i Veriut.","robots":{"index":"index","follow":"follow","max-snippet":"max-snippet:-1","max-image-preview":"max-image-preview:large","max-video-preview":"max-video-preview:-1"},"canonical":"https:\/\/www.visit-ulcinj.com\/blog\/2009\/03\/07\/bjordi-poli-me-ka-inat\/","og_locale":"en_US","og_type":"article","og_title":"Bjordi: Poli me ka inat | Big Brother Albania 2","og_description":"Big Brother Albania 2 - Adelajda i tregon Bjordit se si e ngacmonte Adi Mimoz\u00c3\u00abn duke i th\u00c3\u00abn\u00c3\u00ab q\u00c3\u00ab ka dal\u00c3\u00ab ylli Polar ose ky \u00c3\u00absht\u00c3\u00ab Poli i Veriut.","og_url":"https:\/\/www.visit-ulcinj.com\/blog\/2009\/03\/07\/bjordi-poli-me-ka-inat\/","og_site_name":"Lajme nga Ulqini","article_published_time":"2009-03-07T10:29:56+00:00","og_image":[{"url":"http:\/\/www.visit-ulcinj.com\/blog\/wp-content\/uploads\/2009\/03\/bjordi-per-poli.jpg"}],"twitter_misc":{"Written by":"ulqini","Est. reading time":"1 minute"},"schema":{"@context":"https:\/\/schema.org","@graph":[{"@type":"WebSite","@id":"https:\/\/www.visit-ulcinj.com\/blog\/#website","url":"https:\/\/www.visit-ulcinj.com\/blog\/","name":"Lajme nga Ulqini","description":"Lajme,Vijesti,Ulqini,Ulqin,Crna Gora,Mali i Zi","potentialAction":[{"@type":"SearchAction","target":{"@type":"EntryPoint","urlTemplate":"https:\/\/www.visit-ulcinj.com\/blog\/?s={search_term_string}"},"query-input":"required name=search_term_string"}],"inLanguage":"en-US"},{"@type":"ImageObject","inLanguage":"en-US","@id":"https:\/\/www.visit-ulcinj.com\/blog\/2009\/03\/07\/bjordi-poli-me-ka-inat\/#primaryimage","url":"http:\/\/www.visit-ulcinj.com\/blog\/wp-content\/uploads\/2009\/03\/bjordi-per-poli.jpg","contentUrl":"http:\/\/www.visit-ulcinj.com\/blog\/wp-content\/uploads\/2009\/03\/bjordi-per-poli.jpg"},{"@type":"WebPage","@id":"https:\/\/www.visit-ulcinj.com\/blog\/2009\/03\/07\/bjordi-poli-me-ka-inat\/#webpage","url":"https:\/\/www.visit-ulcinj.com\/blog\/2009\/03\/07\/bjordi-poli-me-ka-inat\/","name":"Bjordi: Poli me ka inat | Big Brother Albania 2","isPartOf":{"@id":"https:\/\/www.visit-ulcinj.com\/blog\/#website"},"primaryImageOfPage":{"@id":"https:\/\/www.visit-ulcinj.com\/blog\/2009\/03\/07\/bjordi-poli-me-ka-inat\/#primaryimage"},"datePublished":"2009-03-07T10:29:56+00:00","dateModified":"2009-03-07T10:29:56+00:00","author":{"@id":"https:\/\/www.visit-ulcinj.com\/blog\/#\/schema\/person\/dcab619c614d3038751c63bc2aadc06d"},"description":"Big Brother Albania 2 - Adelajda i tregon Bjordit se si e ngacmonte Adi Mimoz\u00c3\u00abn duke i th\u00c3\u00abn\u00c3\u00ab q\u00c3\u00ab ka dal\u00c3\u00ab ylli Polar ose ky \u00c3\u00absht\u00c3\u00ab Poli i Veriut.","breadcrumb":{"@id":"https:\/\/www.visit-ulcinj.com\/blog\/2009\/03\/07\/bjordi-poli-me-ka-inat\/#breadcrumb"},"inLanguage":"en-US","potentialAction":[{"@type":"ReadAction","target":["https:\/\/www.visit-ulcinj.com\/blog\/2009\/03\/07\/bjordi-poli-me-ka-inat\/"]}]},{"@type":"BreadcrumbList","@id":"https:\/\/www.visit-ulcinj.com\/blog\/2009\/03\/07\/bjordi-poli-me-ka-inat\/#breadcrumb","itemListElement":[{"@type":"ListItem","position":1,"name":"Bjordi: Poli me ka inat"}]},{"@type":"Person","@id":"https:\/\/www.visit-ulcinj.com\/blog\/#\/schema\/person\/dcab619c614d3038751c63bc2aadc06d","name":"ulqini","sameAs":["http:\/\/www.visit-ulcinj.com"],"url":"https:\/\/www.visit-ulcinj.com\/blog\/author\/admin\/"}]}},"jetpack_featured_media_url":"","jetpack_sharing_enabled":true,"jetpack_shortlink":"https:\/\/wp.me\/pe6lTn-3oz","_links":{"self":[{"href":"https:\/\/www.visit-ulcinj.com\/blog\/wp-json\/wp\/v2\/posts\/13055"}],"collection":[{"href":"https:\/\/www.visit-ulcinj.com\/blog\/wp-json\/wp\/v2\/posts"}],"about":[{"href":"https:\/\/www.visit-ulcinj.com\/blog\/wp-json\/wp\/v2\/types\/post"}],"author":[{"embeddable":true,"href":"https:\/\/www.visit-ulcinj.com\/blog\/wp-json\/wp\/v2\/users\/1"}],"replies":[{"embeddable":true,"href":"https:\/\/www.visit-ulcinj.com\/blog\/wp-json\/wp\/v2\/comments?post=13055"}],"version-history":[{"count":0,"href":"https:\/\/www.visit-ulcinj.com\/blog\/wp-json\/wp\/v2\/posts\/13055\/revisions"}],"wp:attachment":[{"href":"https:\/\/www.visit-ulcinj.com\/blog\/wp-json\/wp\/v2\/media?parent=13055"}],"wp:term":[{"taxonomy":"category","embeddable":true,"href":"https:\/\/www.visit-ulcinj.com\/blog\/wp-json\/wp\/v2\/categories?post=13055"},{"taxonomy":"post_tag","embeddable":true,"href":"https:\/\/www.visit-ulcinj.com\/blog\/wp-json\/wp\/v2\/tags?post=13055"}],"curies":[{"name":"wp","href":"https:\/\/api.w.org\/{rel}","templated":true}]}}