{"id":13058,"date":"2009-03-07T11:36:21","date_gmt":"2009-03-07T10:36:21","guid":{"rendered":"http:\/\/www.visit-ulcinj.com\/blog\/?p=13058"},"modified":"2009-03-07T11:36:21","modified_gmt":"2009-03-07T10:36:21","slug":"bjordi-ne-itali-ndjehem-me-mire","status":"publish","type":"post","link":"https:\/\/www.visit-ulcinj.com\/blog\/2009\/03\/07\/bjordi-ne-itali-ndjehem-me-mire\/","title":{"rendered":"Bjordi: N\u00eb Itali ndjehem m\u00eb mir\u00eb"},"content":{"rendered":"<p><em><span class=\"newsdate\"><span style=\"font-style: normal;\"><a href=\"http:\/\/www.visit-ulcinj.com\/blog\/wp-content\/uploads\/2009\/03\/bjordi-per-emigrimin-copy.jpg\"><img loading=\"lazy\" class=\"alignleft size-full wp-image-13059\" title=\"bjordi-per-emigrimin-big-brother-albania-2\" src=\"http:\/\/www.visit-ulcinj.com\/blog\/wp-content\/uploads\/2009\/03\/bjordi-per-emigrimin-copy.jpg\" alt=\"bjordi-per-emigrimin-big-brother-albania-2\" width=\"300\" height=\"205\" \/><\/a><\/span>05\/03\/09 00:30<\/span><\/em><\/p>\n<p>Bjordi ka treguar n\u00eb shum\u00eb raste \u00ebsht\u00eb ndjer\u00eb m\u00eb shum\u00eb emigrant n\u00eb Shqip\u00ebri sesa n\u00eb Itali, sepse kishte emigruar shum\u00eb i vog\u00ebl dhe kishte marr\u00eb vlerat e atij shteti, ishte rritur si italian. Bjordi ka th\u00ebn\u00eb se m\u00eb mir\u00eb, tani p\u00ebr tani ndjehet n\u00eb Itali, sepse gjuha dhe mentaliteti i tij nuk ishte shqiptar. Ai ka th\u00ebn\u00eb gjithashtu se ishte gati totalisht i huaj n\u00eb Shqip\u00ebri. Atje e kam m\u00eb pak t\u00eb v\u00ebshtir\u00eb p\u00ebr t\u00eb jetuar. Aida e pyeti Bjordin, sesi ishte e mundur q\u00eb ai t\u00eb ndjehej k\u00ebshtu, kur ai vet u kishte treguar raste ku n\u00eb Itali ishte ndjer\u00eb shum\u00eb keq, p\u00ebr faktin q\u00eb ka qen\u00eb emigrant.. Bjordi shpjegoi se n\u00eb Shqip\u00ebri njer\u00ebzit e kan\u00eb pranuar m\u00eb shpejt e m\u00eb mir\u00eb, megjithat\u00eb n\u00eb Itali ndjehet m\u00eb mir\u00eb, sepse jeta e tij \u00ebsht\u00eb atje.<\/p>\n","protected":false},"excerpt":{"rendered":"<p>05\/03\/09 00:30 Bjordi ka treguar n\u00eb shum\u00eb raste \u00ebsht\u00eb ndjer\u00eb m\u00eb shum\u00eb emigrant n\u00eb Shqip\u00ebri sesa n\u00eb Itali, sepse kishte emigruar shum\u00eb i vog\u00ebl dhe kishte marr\u00eb vlerat e atij shteti, ishte rritur si italian. Bjordi ka th\u00ebn\u00eb se m\u00eb mir\u00eb, tani p\u00ebr tani ndjehet n\u00eb Itali, sepse gjuha dhe mentaliteti i tij nuk ishte [&hellip;]<\/p>\n","protected":false},"author":1,"featured_media":0,"comment_status":"open","ping_status":"closed","sticky":false,"template":"","format":"standard","meta":{"spay_email":"","jetpack_publicize_message":"","jetpack_is_tweetstorm":false,"jetpack_publicize_feature_enabled":true},"categories":[6502],"tags":[5057,6506,6516,6712,7129,6665,6522,7556,6891,6693,6887],"jetpack_publicize_connections":[],"yoast_head":"<!-- This site is optimized with the Yoast SEO plugin v19.1 - https:\/\/yoast.com\/wordpress\/plugins\/seo\/ -->\n<title>Bjordi: N\u00c3\u00ab Itali ndjehem m\u00c3\u00ab mir\u00c3\u00ab | Big Brother Albania 2<\/title>\n<meta name=\"description\" content=\"Big Brother Albania 2 - Bjordi ka treguar n\u00c3\u00ab shum\u00c3\u00ab raste \u00c3\u00absht\u00c3\u00ab ndjer\u00c3\u00ab m\u00c3\u00ab shum\u00c3\u00ab emigrant n\u00c3\u00ab Shqip\u00c3\u00abri sesa n\u00c3\u00ab Itali.\" \/>\n<meta name=\"robots\" content=\"index, follow, max-snippet:-1, max-image-preview:large, max-video-preview:-1\" \/>\n<link rel=\"canonical\" href=\"https:\/\/www.visit-ulcinj.com\/blog\/2009\/03\/07\/bjordi-ne-itali-ndjehem-me-mire\/\" \/>\n<meta property=\"og:locale\" content=\"en_US\" \/>\n<meta property=\"og:type\" content=\"article\" \/>\n<meta property=\"og:title\" content=\"Bjordi: N\u00c3\u00ab Itali ndjehem m\u00c3\u00ab mir\u00c3\u00ab | Big Brother Albania 2\" \/>\n<meta property=\"og:description\" content=\"Big Brother Albania 2 - Bjordi ka treguar n\u00c3\u00ab shum\u00c3\u00ab raste \u00c3\u00absht\u00c3\u00ab ndjer\u00c3\u00ab m\u00c3\u00ab shum\u00c3\u00ab emigrant n\u00c3\u00ab Shqip\u00c3\u00abri sesa n\u00c3\u00ab Itali.\" \/>\n<meta property=\"og:url\" content=\"https:\/\/www.visit-ulcinj.com\/blog\/2009\/03\/07\/bjordi-ne-itali-ndjehem-me-mire\/\" \/>\n<meta property=\"og:site_name\" content=\"Lajme nga Ulqini\" \/>\n<meta property=\"article:published_time\" content=\"2009-03-07T10:36:21+00:00\" \/>\n<meta property=\"og:image\" content=\"http:\/\/www.visit-ulcinj.com\/blog\/wp-content\/uploads\/2009\/03\/bjordi-per-emigrimin-copy.jpg\" \/>\n<meta name=\"twitter:label1\" content=\"Written by\" \/>\n\t<meta name=\"twitter:data1\" content=\"ulqini\" \/>\n\t<meta name=\"twitter:label2\" content=\"Est. reading time\" \/>\n\t<meta name=\"twitter:data2\" content=\"1 minute\" \/>\n<script type=\"application\/ld+json\" class=\"yoast-schema-graph\">{\"@context\":\"https:\/\/schema.org\",\"@graph\":[{\"@type\":\"WebSite\",\"@id\":\"https:\/\/www.visit-ulcinj.com\/blog\/#website\",\"url\":\"https:\/\/www.visit-ulcinj.com\/blog\/\",\"name\":\"Lajme nga Ulqini\",\"description\":\"Lajme,Vijesti,Ulqini,Ulqin,Crna Gora,Mali i Zi\",\"potentialAction\":[{\"@type\":\"SearchAction\",\"target\":{\"@type\":\"EntryPoint\",\"urlTemplate\":\"https:\/\/www.visit-ulcinj.com\/blog\/?s={search_term_string}\"},\"query-input\":\"required name=search_term_string\"}],\"inLanguage\":\"en-US\"},{\"@type\":\"ImageObject\",\"inLanguage\":\"en-US\",\"@id\":\"https:\/\/www.visit-ulcinj.com\/blog\/2009\/03\/07\/bjordi-ne-itali-ndjehem-me-mire\/#primaryimage\",\"url\":\"http:\/\/www.visit-ulcinj.com\/blog\/wp-content\/uploads\/2009\/03\/bjordi-per-emigrimin-copy.jpg\",\"contentUrl\":\"http:\/\/www.visit-ulcinj.com\/blog\/wp-content\/uploads\/2009\/03\/bjordi-per-emigrimin-copy.jpg\"},{\"@type\":\"WebPage\",\"@id\":\"https:\/\/www.visit-ulcinj.com\/blog\/2009\/03\/07\/bjordi-ne-itali-ndjehem-me-mire\/#webpage\",\"url\":\"https:\/\/www.visit-ulcinj.com\/blog\/2009\/03\/07\/bjordi-ne-itali-ndjehem-me-mire\/\",\"name\":\"Bjordi: N\u00c3\u00ab Itali ndjehem m\u00c3\u00ab mir\u00c3\u00ab | Big Brother Albania 2\",\"isPartOf\":{\"@id\":\"https:\/\/www.visit-ulcinj.com\/blog\/#website\"},\"primaryImageOfPage\":{\"@id\":\"https:\/\/www.visit-ulcinj.com\/blog\/2009\/03\/07\/bjordi-ne-itali-ndjehem-me-mire\/#primaryimage\"},\"datePublished\":\"2009-03-07T10:36:21+00:00\",\"dateModified\":\"2009-03-07T10:36:21+00:00\",\"author\":{\"@id\":\"https:\/\/www.visit-ulcinj.com\/blog\/#\/schema\/person\/dcab619c614d3038751c63bc2aadc06d\"},\"description\":\"Big Brother Albania 2 - Bjordi ka treguar n\u00c3\u00ab shum\u00c3\u00ab raste \u00c3\u00absht\u00c3\u00ab ndjer\u00c3\u00ab m\u00c3\u00ab shum\u00c3\u00ab emigrant n\u00c3\u00ab Shqip\u00c3\u00abri sesa n\u00c3\u00ab Itali.\",\"breadcrumb\":{\"@id\":\"https:\/\/www.visit-ulcinj.com\/blog\/2009\/03\/07\/bjordi-ne-itali-ndjehem-me-mire\/#breadcrumb\"},\"inLanguage\":\"en-US\",\"potentialAction\":[{\"@type\":\"ReadAction\",\"target\":[\"https:\/\/www.visit-ulcinj.com\/blog\/2009\/03\/07\/bjordi-ne-itali-ndjehem-me-mire\/\"]}]},{\"@type\":\"BreadcrumbList\",\"@id\":\"https:\/\/www.visit-ulcinj.com\/blog\/2009\/03\/07\/bjordi-ne-itali-ndjehem-me-mire\/#breadcrumb\",\"itemListElement\":[{\"@type\":\"ListItem\",\"position\":1,\"name\":\"Bjordi: N\u00eb Itali ndjehem m\u00eb mir\u00eb\"}]},{\"@type\":\"Person\",\"@id\":\"https:\/\/www.visit-ulcinj.com\/blog\/#\/schema\/person\/dcab619c614d3038751c63bc2aadc06d\",\"name\":\"ulqini\",\"sameAs\":[\"http:\/\/www.visit-ulcinj.com\"],\"url\":\"https:\/\/www.visit-ulcinj.com\/blog\/author\/admin\/\"}]}<\/script>\n<!-- \/ Yoast SEO plugin. -->","yoast_head_json":{"title":"Bjordi: N\u00c3\u00ab Itali ndjehem m\u00c3\u00ab mir\u00c3\u00ab | Big Brother Albania 2","description":"Big Brother Albania 2 - Bjordi ka treguar n\u00c3\u00ab shum\u00c3\u00ab raste \u00c3\u00absht\u00c3\u00ab ndjer\u00c3\u00ab m\u00c3\u00ab shum\u00c3\u00ab emigrant n\u00c3\u00ab Shqip\u00c3\u00abri sesa n\u00c3\u00ab Itali.","robots":{"index":"index","follow":"follow","max-snippet":"max-snippet:-1","max-image-preview":"max-image-preview:large","max-video-preview":"max-video-preview:-1"},"canonical":"https:\/\/www.visit-ulcinj.com\/blog\/2009\/03\/07\/bjordi-ne-itali-ndjehem-me-mire\/","og_locale":"en_US","og_type":"article","og_title":"Bjordi: N\u00c3\u00ab Itali ndjehem m\u00c3\u00ab mir\u00c3\u00ab | Big Brother Albania 2","og_description":"Big Brother Albania 2 - Bjordi ka treguar n\u00c3\u00ab shum\u00c3\u00ab raste \u00c3\u00absht\u00c3\u00ab ndjer\u00c3\u00ab m\u00c3\u00ab shum\u00c3\u00ab emigrant n\u00c3\u00ab Shqip\u00c3\u00abri sesa n\u00c3\u00ab Itali.","og_url":"https:\/\/www.visit-ulcinj.com\/blog\/2009\/03\/07\/bjordi-ne-itali-ndjehem-me-mire\/","og_site_name":"Lajme nga Ulqini","article_published_time":"2009-03-07T10:36:21+00:00","og_image":[{"url":"http:\/\/www.visit-ulcinj.com\/blog\/wp-content\/uploads\/2009\/03\/bjordi-per-emigrimin-copy.jpg"}],"twitter_misc":{"Written by":"ulqini","Est. reading time":"1 minute"},"schema":{"@context":"https:\/\/schema.org","@graph":[{"@type":"WebSite","@id":"https:\/\/www.visit-ulcinj.com\/blog\/#website","url":"https:\/\/www.visit-ulcinj.com\/blog\/","name":"Lajme nga Ulqini","description":"Lajme,Vijesti,Ulqini,Ulqin,Crna Gora,Mali i Zi","potentialAction":[{"@type":"SearchAction","target":{"@type":"EntryPoint","urlTemplate":"https:\/\/www.visit-ulcinj.com\/blog\/?s={search_term_string}"},"query-input":"required name=search_term_string"}],"inLanguage":"en-US"},{"@type":"ImageObject","inLanguage":"en-US","@id":"https:\/\/www.visit-ulcinj.com\/blog\/2009\/03\/07\/bjordi-ne-itali-ndjehem-me-mire\/#primaryimage","url":"http:\/\/www.visit-ulcinj.com\/blog\/wp-content\/uploads\/2009\/03\/bjordi-per-emigrimin-copy.jpg","contentUrl":"http:\/\/www.visit-ulcinj.com\/blog\/wp-content\/uploads\/2009\/03\/bjordi-per-emigrimin-copy.jpg"},{"@type":"WebPage","@id":"https:\/\/www.visit-ulcinj.com\/blog\/2009\/03\/07\/bjordi-ne-itali-ndjehem-me-mire\/#webpage","url":"https:\/\/www.visit-ulcinj.com\/blog\/2009\/03\/07\/bjordi-ne-itali-ndjehem-me-mire\/","name":"Bjordi: N\u00c3\u00ab Itali ndjehem m\u00c3\u00ab mir\u00c3\u00ab | Big Brother Albania 2","isPartOf":{"@id":"https:\/\/www.visit-ulcinj.com\/blog\/#website"},"primaryImageOfPage":{"@id":"https:\/\/www.visit-ulcinj.com\/blog\/2009\/03\/07\/bjordi-ne-itali-ndjehem-me-mire\/#primaryimage"},"datePublished":"2009-03-07T10:36:21+00:00","dateModified":"2009-03-07T10:36:21+00:00","author":{"@id":"https:\/\/www.visit-ulcinj.com\/blog\/#\/schema\/person\/dcab619c614d3038751c63bc2aadc06d"},"description":"Big Brother Albania 2 - Bjordi ka treguar n\u00c3\u00ab shum\u00c3\u00ab raste \u00c3\u00absht\u00c3\u00ab ndjer\u00c3\u00ab m\u00c3\u00ab shum\u00c3\u00ab emigrant n\u00c3\u00ab Shqip\u00c3\u00abri sesa n\u00c3\u00ab Itali.","breadcrumb":{"@id":"https:\/\/www.visit-ulcinj.com\/blog\/2009\/03\/07\/bjordi-ne-itali-ndjehem-me-mire\/#breadcrumb"},"inLanguage":"en-US","potentialAction":[{"@type":"ReadAction","target":["https:\/\/www.visit-ulcinj.com\/blog\/2009\/03\/07\/bjordi-ne-itali-ndjehem-me-mire\/"]}]},{"@type":"BreadcrumbList","@id":"https:\/\/www.visit-ulcinj.com\/blog\/2009\/03\/07\/bjordi-ne-itali-ndjehem-me-mire\/#breadcrumb","itemListElement":[{"@type":"ListItem","position":1,"name":"Bjordi: N\u00eb Itali ndjehem m\u00eb mir\u00eb"}]},{"@type":"Person","@id":"https:\/\/www.visit-ulcinj.com\/blog\/#\/schema\/person\/dcab619c614d3038751c63bc2aadc06d","name":"ulqini","sameAs":["http:\/\/www.visit-ulcinj.com"],"url":"https:\/\/www.visit-ulcinj.com\/blog\/author\/admin\/"}]}},"jetpack_featured_media_url":"","jetpack_sharing_enabled":true,"jetpack_shortlink":"https:\/\/wp.me\/pe6lTn-3oC","_links":{"self":[{"href":"https:\/\/www.visit-ulcinj.com\/blog\/wp-json\/wp\/v2\/posts\/13058"}],"collection":[{"href":"https:\/\/www.visit-ulcinj.com\/blog\/wp-json\/wp\/v2\/posts"}],"about":[{"href":"https:\/\/www.visit-ulcinj.com\/blog\/wp-json\/wp\/v2\/types\/post"}],"author":[{"embeddable":true,"href":"https:\/\/www.visit-ulcinj.com\/blog\/wp-json\/wp\/v2\/users\/1"}],"replies":[{"embeddable":true,"href":"https:\/\/www.visit-ulcinj.com\/blog\/wp-json\/wp\/v2\/comments?post=13058"}],"version-history":[{"count":0,"href":"https:\/\/www.visit-ulcinj.com\/blog\/wp-json\/wp\/v2\/posts\/13058\/revisions"}],"wp:attachment":[{"href":"https:\/\/www.visit-ulcinj.com\/blog\/wp-json\/wp\/v2\/media?parent=13058"}],"wp:term":[{"taxonomy":"category","embeddable":true,"href":"https:\/\/www.visit-ulcinj.com\/blog\/wp-json\/wp\/v2\/categories?post=13058"},{"taxonomy":"post_tag","embeddable":true,"href":"https:\/\/www.visit-ulcinj.com\/blog\/wp-json\/wp\/v2\/tags?post=13058"}],"curies":[{"name":"wp","href":"https:\/\/api.w.org\/{rel}","templated":true}]}}