{"id":13064,"date":"2009-03-07T11:41:13","date_gmt":"2009-03-07T10:41:13","guid":{"rendered":"http:\/\/www.visit-ulcinj.com\/blog\/?p=13064"},"modified":"2009-03-07T11:41:13","modified_gmt":"2009-03-07T10:41:13","slug":"arjoni-tregon-per-veten","status":"publish","type":"post","link":"https:\/\/www.visit-ulcinj.com\/blog\/2009\/03\/07\/arjoni-tregon-per-veten\/","title":{"rendered":"Arjoni tregon p\u00ebr veten"},"content":{"rendered":"<p><em><span class=\"newsdate\"><a href=\"http:\/\/www.visit-ulcinj.com\/blog\/wp-content\/uploads\/2009\/03\/arjoni-per-emigracionin-copy.jpg\"><img loading=\"lazy\" class=\"alignleft size-full wp-image-13065\" title=\"arjoni-per-emigracionin-big-brother-albania-2\" src=\"http:\/\/www.visit-ulcinj.com\/blog\/wp-content\/uploads\/2009\/03\/arjoni-per-emigracionin-copy.jpg\" alt=\"arjoni-per-emigracionin-big-brother-albania-2\" width=\"300\" height=\"205\" \/><\/a>05\/03\/09 01:00<\/span><\/em><\/p>\n<p>\u201cUn\u00eb jam nga Vlora,- ka th\u00ebn\u00eb Arjoni, &#8211; dhe prind\u00ebrit e mi jan\u00eb larguar n\u00eb 1990-n nga Shqip\u00ebria. N\u00eb Itali jemi shum\u00eb mir\u00eb, kemi nj\u00eb jet\u00eb dinjitoze.&#8221;. Emigrant, sipas babait t\u00eb tij, \u00ebsht\u00eb dikush q\u00eb mendon q\u00eb nj\u00eb dit\u00eb do t\u00eb kthehet andej nga ardhur, n\u00eb sht\u00ebpin\u00eb e tij. Arjoni vazhdon t\u00eb tregoj\u00eb se prind\u00ebrit i jan\u00eb kthyer q\u00eb para 4 vjet\u00ebsh n\u00eb Shqip\u00ebri dhe nuk jan\u00eb ndjer\u00eb si emigrant\u00eb n\u00eb vendin e tyre, me p\u00ebrjashtim ndoshta t\u00eb fillimit. Nd\u00ebrsa ai, kur kishte ardhur n\u00eb Shqip\u00ebri, emigrant ishte ndjer\u00eb vet\u00ebm dy dit\u00ebt e para, sepse m\u00eb pas, e shihte veten si pjes\u00eb t\u00eb k\u00ebtij komuniteti. Sipas tij, ata q\u00eb nuk kan\u00eb emigruar ndonj\u00ebher\u00eb, t\u00eb paragjykojn\u00eb e t\u00eb shohin si emigrant. \u201cN\u00eb vendet e tjera jetohet shum\u00eb mir\u00eb, por ata q\u00eb duan t\u00eb jetojn\u00eb n\u00eb tok\u00ebn e tyre, kthehen nj\u00eb dit\u00eb!\u201d- ka p\u00ebrfunduar ai.<\/p>\n","protected":false},"excerpt":{"rendered":"<p>05\/03\/09 01:00 \u201cUn\u00eb jam nga Vlora,- ka th\u00ebn\u00eb Arjoni, &#8211; dhe prind\u00ebrit e mi jan\u00eb larguar n\u00eb 1990-n nga Shqip\u00ebria. N\u00eb Itali jemi shum\u00eb mir\u00eb, kemi nj\u00eb jet\u00eb dinjitoze.&#8221;. Emigrant, sipas babait t\u00eb tij, \u00ebsht\u00eb dikush q\u00eb mendon q\u00eb nj\u00eb dit\u00eb do t\u00eb kthehet andej nga ardhur, n\u00eb sht\u00ebpin\u00eb e tij. Arjoni vazhdon t\u00eb tregoj\u00eb [&hellip;]<\/p>\n","protected":false},"author":1,"featured_media":0,"comment_status":"open","ping_status":"closed","sticky":false,"template":"","format":"standard","meta":{"spay_email":"","jetpack_publicize_message":"","jetpack_is_tweetstorm":false,"jetpack_publicize_feature_enabled":true},"categories":[6502],"tags":[6558,6525,6738,5057,6506,6516,6712,7129,6891,6693,6887,4243],"jetpack_publicize_connections":[],"yoast_head":"<!-- This site is optimized with the Yoast SEO plugin v19.1 - https:\/\/yoast.com\/wordpress\/plugins\/seo\/ -->\n<title>Arjoni tregon p\u00c3\u00abr veten | Big Brother Albania 2<\/title>\n<meta name=\"description\" content=\"Big Brother Albania 2 - \u00e2\u20ac\u0153Un\u00c3\u00ab jam nga Vlora,- ka th\u00c3\u00abn\u00c3\u00ab Arjoni, - dhe prind\u00c3\u00abrit e mi jan\u00c3\u00ab larguar n\u00c3\u00ab 1990-n nga Shqip\u00c3\u00abria. N\u00c3\u00ab Itali jemi shum\u00c3\u00ab mir\u00c3\u00ab, kemi nj\u00c3\u00ab jet\u00c3\u00ab dinjitoze\" \/>\n<meta name=\"robots\" content=\"index, follow, max-snippet:-1, max-image-preview:large, max-video-preview:-1\" \/>\n<link rel=\"canonical\" href=\"https:\/\/www.visit-ulcinj.com\/blog\/2009\/03\/07\/arjoni-tregon-per-veten\/\" \/>\n<meta property=\"og:locale\" content=\"en_US\" \/>\n<meta property=\"og:type\" content=\"article\" \/>\n<meta property=\"og:title\" content=\"Arjoni tregon p\u00c3\u00abr veten | Big Brother Albania 2\" \/>\n<meta property=\"og:description\" content=\"Big Brother Albania 2 - \u00e2\u20ac\u0153Un\u00c3\u00ab jam nga Vlora,- ka th\u00c3\u00abn\u00c3\u00ab Arjoni, - dhe prind\u00c3\u00abrit e mi jan\u00c3\u00ab larguar n\u00c3\u00ab 1990-n nga Shqip\u00c3\u00abria. N\u00c3\u00ab Itali jemi shum\u00c3\u00ab mir\u00c3\u00ab, kemi nj\u00c3\u00ab jet\u00c3\u00ab dinjitoze\" \/>\n<meta property=\"og:url\" content=\"https:\/\/www.visit-ulcinj.com\/blog\/2009\/03\/07\/arjoni-tregon-per-veten\/\" \/>\n<meta property=\"og:site_name\" content=\"Lajme nga Ulqini\" \/>\n<meta property=\"article:published_time\" content=\"2009-03-07T10:41:13+00:00\" \/>\n<meta property=\"og:image\" content=\"http:\/\/www.visit-ulcinj.com\/blog\/wp-content\/uploads\/2009\/03\/arjoni-per-emigracionin-copy.jpg\" \/>\n<meta name=\"twitter:label1\" content=\"Written by\" \/>\n\t<meta name=\"twitter:data1\" content=\"ulqini\" \/>\n\t<meta name=\"twitter:label2\" content=\"Est. reading time\" \/>\n\t<meta name=\"twitter:data2\" content=\"1 minute\" \/>\n<script type=\"application\/ld+json\" class=\"yoast-schema-graph\">{\"@context\":\"https:\/\/schema.org\",\"@graph\":[{\"@type\":\"WebSite\",\"@id\":\"https:\/\/www.visit-ulcinj.com\/blog\/#website\",\"url\":\"https:\/\/www.visit-ulcinj.com\/blog\/\",\"name\":\"Lajme nga Ulqini\",\"description\":\"Lajme,Vijesti,Ulqini,Ulqin,Crna Gora,Mali i Zi\",\"potentialAction\":[{\"@type\":\"SearchAction\",\"target\":{\"@type\":\"EntryPoint\",\"urlTemplate\":\"https:\/\/www.visit-ulcinj.com\/blog\/?s={search_term_string}\"},\"query-input\":\"required name=search_term_string\"}],\"inLanguage\":\"en-US\"},{\"@type\":\"ImageObject\",\"inLanguage\":\"en-US\",\"@id\":\"https:\/\/www.visit-ulcinj.com\/blog\/2009\/03\/07\/arjoni-tregon-per-veten\/#primaryimage\",\"url\":\"http:\/\/www.visit-ulcinj.com\/blog\/wp-content\/uploads\/2009\/03\/arjoni-per-emigracionin-copy.jpg\",\"contentUrl\":\"http:\/\/www.visit-ulcinj.com\/blog\/wp-content\/uploads\/2009\/03\/arjoni-per-emigracionin-copy.jpg\"},{\"@type\":\"WebPage\",\"@id\":\"https:\/\/www.visit-ulcinj.com\/blog\/2009\/03\/07\/arjoni-tregon-per-veten\/#webpage\",\"url\":\"https:\/\/www.visit-ulcinj.com\/blog\/2009\/03\/07\/arjoni-tregon-per-veten\/\",\"name\":\"Arjoni tregon p\u00c3\u00abr veten | Big Brother Albania 2\",\"isPartOf\":{\"@id\":\"https:\/\/www.visit-ulcinj.com\/blog\/#website\"},\"primaryImageOfPage\":{\"@id\":\"https:\/\/www.visit-ulcinj.com\/blog\/2009\/03\/07\/arjoni-tregon-per-veten\/#primaryimage\"},\"datePublished\":\"2009-03-07T10:41:13+00:00\",\"dateModified\":\"2009-03-07T10:41:13+00:00\",\"author\":{\"@id\":\"https:\/\/www.visit-ulcinj.com\/blog\/#\/schema\/person\/dcab619c614d3038751c63bc2aadc06d\"},\"description\":\"Big Brother Albania 2 - \u00e2\u20ac\u0153Un\u00c3\u00ab jam nga Vlora,- ka th\u00c3\u00abn\u00c3\u00ab Arjoni, - dhe prind\u00c3\u00abrit e mi jan\u00c3\u00ab larguar n\u00c3\u00ab 1990-n nga Shqip\u00c3\u00abria. N\u00c3\u00ab Itali jemi shum\u00c3\u00ab mir\u00c3\u00ab, kemi nj\u00c3\u00ab jet\u00c3\u00ab dinjitoze\",\"breadcrumb\":{\"@id\":\"https:\/\/www.visit-ulcinj.com\/blog\/2009\/03\/07\/arjoni-tregon-per-veten\/#breadcrumb\"},\"inLanguage\":\"en-US\",\"potentialAction\":[{\"@type\":\"ReadAction\",\"target\":[\"https:\/\/www.visit-ulcinj.com\/blog\/2009\/03\/07\/arjoni-tregon-per-veten\/\"]}]},{\"@type\":\"BreadcrumbList\",\"@id\":\"https:\/\/www.visit-ulcinj.com\/blog\/2009\/03\/07\/arjoni-tregon-per-veten\/#breadcrumb\",\"itemListElement\":[{\"@type\":\"ListItem\",\"position\":1,\"name\":\"Arjoni tregon p\u00ebr veten\"}]},{\"@type\":\"Person\",\"@id\":\"https:\/\/www.visit-ulcinj.com\/blog\/#\/schema\/person\/dcab619c614d3038751c63bc2aadc06d\",\"name\":\"ulqini\",\"sameAs\":[\"http:\/\/www.visit-ulcinj.com\"],\"url\":\"https:\/\/www.visit-ulcinj.com\/blog\/author\/admin\/\"}]}<\/script>\n<!-- \/ Yoast SEO plugin. -->","yoast_head_json":{"title":"Arjoni tregon p\u00c3\u00abr veten | Big Brother Albania 2","description":"Big Brother Albania 2 - \u00e2\u20ac\u0153Un\u00c3\u00ab jam nga Vlora,- ka th\u00c3\u00abn\u00c3\u00ab Arjoni, - dhe prind\u00c3\u00abrit e mi jan\u00c3\u00ab larguar n\u00c3\u00ab 1990-n nga Shqip\u00c3\u00abria. N\u00c3\u00ab Itali jemi shum\u00c3\u00ab mir\u00c3\u00ab, kemi nj\u00c3\u00ab jet\u00c3\u00ab dinjitoze","robots":{"index":"index","follow":"follow","max-snippet":"max-snippet:-1","max-image-preview":"max-image-preview:large","max-video-preview":"max-video-preview:-1"},"canonical":"https:\/\/www.visit-ulcinj.com\/blog\/2009\/03\/07\/arjoni-tregon-per-veten\/","og_locale":"en_US","og_type":"article","og_title":"Arjoni tregon p\u00c3\u00abr veten | Big Brother Albania 2","og_description":"Big Brother Albania 2 - \u00e2\u20ac\u0153Un\u00c3\u00ab jam nga Vlora,- ka th\u00c3\u00abn\u00c3\u00ab Arjoni, - dhe prind\u00c3\u00abrit e mi jan\u00c3\u00ab larguar n\u00c3\u00ab 1990-n nga Shqip\u00c3\u00abria. N\u00c3\u00ab Itali jemi shum\u00c3\u00ab mir\u00c3\u00ab, kemi nj\u00c3\u00ab jet\u00c3\u00ab dinjitoze","og_url":"https:\/\/www.visit-ulcinj.com\/blog\/2009\/03\/07\/arjoni-tregon-per-veten\/","og_site_name":"Lajme nga Ulqini","article_published_time":"2009-03-07T10:41:13+00:00","og_image":[{"url":"http:\/\/www.visit-ulcinj.com\/blog\/wp-content\/uploads\/2009\/03\/arjoni-per-emigracionin-copy.jpg"}],"twitter_misc":{"Written by":"ulqini","Est. reading time":"1 minute"},"schema":{"@context":"https:\/\/schema.org","@graph":[{"@type":"WebSite","@id":"https:\/\/www.visit-ulcinj.com\/blog\/#website","url":"https:\/\/www.visit-ulcinj.com\/blog\/","name":"Lajme nga Ulqini","description":"Lajme,Vijesti,Ulqini,Ulqin,Crna Gora,Mali i Zi","potentialAction":[{"@type":"SearchAction","target":{"@type":"EntryPoint","urlTemplate":"https:\/\/www.visit-ulcinj.com\/blog\/?s={search_term_string}"},"query-input":"required name=search_term_string"}],"inLanguage":"en-US"},{"@type":"ImageObject","inLanguage":"en-US","@id":"https:\/\/www.visit-ulcinj.com\/blog\/2009\/03\/07\/arjoni-tregon-per-veten\/#primaryimage","url":"http:\/\/www.visit-ulcinj.com\/blog\/wp-content\/uploads\/2009\/03\/arjoni-per-emigracionin-copy.jpg","contentUrl":"http:\/\/www.visit-ulcinj.com\/blog\/wp-content\/uploads\/2009\/03\/arjoni-per-emigracionin-copy.jpg"},{"@type":"WebPage","@id":"https:\/\/www.visit-ulcinj.com\/blog\/2009\/03\/07\/arjoni-tregon-per-veten\/#webpage","url":"https:\/\/www.visit-ulcinj.com\/blog\/2009\/03\/07\/arjoni-tregon-per-veten\/","name":"Arjoni tregon p\u00c3\u00abr veten | Big Brother Albania 2","isPartOf":{"@id":"https:\/\/www.visit-ulcinj.com\/blog\/#website"},"primaryImageOfPage":{"@id":"https:\/\/www.visit-ulcinj.com\/blog\/2009\/03\/07\/arjoni-tregon-per-veten\/#primaryimage"},"datePublished":"2009-03-07T10:41:13+00:00","dateModified":"2009-03-07T10:41:13+00:00","author":{"@id":"https:\/\/www.visit-ulcinj.com\/blog\/#\/schema\/person\/dcab619c614d3038751c63bc2aadc06d"},"description":"Big Brother Albania 2 - \u00e2\u20ac\u0153Un\u00c3\u00ab jam nga Vlora,- ka th\u00c3\u00abn\u00c3\u00ab Arjoni, - dhe prind\u00c3\u00abrit e mi jan\u00c3\u00ab larguar n\u00c3\u00ab 1990-n nga Shqip\u00c3\u00abria. N\u00c3\u00ab Itali jemi shum\u00c3\u00ab mir\u00c3\u00ab, kemi nj\u00c3\u00ab jet\u00c3\u00ab dinjitoze","breadcrumb":{"@id":"https:\/\/www.visit-ulcinj.com\/blog\/2009\/03\/07\/arjoni-tregon-per-veten\/#breadcrumb"},"inLanguage":"en-US","potentialAction":[{"@type":"ReadAction","target":["https:\/\/www.visit-ulcinj.com\/blog\/2009\/03\/07\/arjoni-tregon-per-veten\/"]}]},{"@type":"BreadcrumbList","@id":"https:\/\/www.visit-ulcinj.com\/blog\/2009\/03\/07\/arjoni-tregon-per-veten\/#breadcrumb","itemListElement":[{"@type":"ListItem","position":1,"name":"Arjoni tregon p\u00ebr veten"}]},{"@type":"Person","@id":"https:\/\/www.visit-ulcinj.com\/blog\/#\/schema\/person\/dcab619c614d3038751c63bc2aadc06d","name":"ulqini","sameAs":["http:\/\/www.visit-ulcinj.com"],"url":"https:\/\/www.visit-ulcinj.com\/blog\/author\/admin\/"}]}},"jetpack_featured_media_url":"","jetpack_sharing_enabled":true,"jetpack_shortlink":"https:\/\/wp.me\/pe6lTn-3oI","_links":{"self":[{"href":"https:\/\/www.visit-ulcinj.com\/blog\/wp-json\/wp\/v2\/posts\/13064"}],"collection":[{"href":"https:\/\/www.visit-ulcinj.com\/blog\/wp-json\/wp\/v2\/posts"}],"about":[{"href":"https:\/\/www.visit-ulcinj.com\/blog\/wp-json\/wp\/v2\/types\/post"}],"author":[{"embeddable":true,"href":"https:\/\/www.visit-ulcinj.com\/blog\/wp-json\/wp\/v2\/users\/1"}],"replies":[{"embeddable":true,"href":"https:\/\/www.visit-ulcinj.com\/blog\/wp-json\/wp\/v2\/comments?post=13064"}],"version-history":[{"count":0,"href":"https:\/\/www.visit-ulcinj.com\/blog\/wp-json\/wp\/v2\/posts\/13064\/revisions"}],"wp:attachment":[{"href":"https:\/\/www.visit-ulcinj.com\/blog\/wp-json\/wp\/v2\/media?parent=13064"}],"wp:term":[{"taxonomy":"category","embeddable":true,"href":"https:\/\/www.visit-ulcinj.com\/blog\/wp-json\/wp\/v2\/categories?post=13064"},{"taxonomy":"post_tag","embeddable":true,"href":"https:\/\/www.visit-ulcinj.com\/blog\/wp-json\/wp\/v2\/tags?post=13064"}],"curies":[{"name":"wp","href":"https:\/\/api.w.org\/{rel}","templated":true}]}}