{"id":13067,"date":"2009-03-07T11:44:03","date_gmt":"2009-03-07T10:44:03","guid":{"rendered":"http:\/\/www.visit-ulcinj.com\/blog\/?p=13067"},"modified":"2009-03-07T11:44:03","modified_gmt":"2009-03-07T10:44:03","slug":"bika-dhe-bjordi-adelajden-e-shoh-si-shoqe","status":"publish","type":"post","link":"https:\/\/www.visit-ulcinj.com\/blog\/2009\/03\/07\/bika-dhe-bjordi-adelajden-e-shoh-si-shoqe\/","title":{"rendered":"Bika dhe Bjordi : Adelajden e shoh si shoqe"},"content":{"rendered":"<p><em><span class=\"newsdate\"><a href=\"http:\/\/www.visit-ulcinj.com\/blog\/wp-content\/uploads\/2009\/03\/bika-dhe-bjordi.jpg\"><img loading=\"lazy\" class=\"alignleft size-full wp-image-13068\" title=\"bika-dhe-bjordi-big-brother-albania-2\" src=\"http:\/\/www.visit-ulcinj.com\/blog\/wp-content\/uploads\/2009\/03\/bika-dhe-bjordi.jpg\" alt=\"bika-dhe-bjordi-big-brother-albania-2\" width=\"300\" height=\"205\" \/><\/a>05\/03\/09 01:50<\/span><\/em><\/p>\n<p>\u201cSi e shikon ti Adelajden, &#8211; e ka pyetur Republika Bjordin, &#8211; si shoqe apo di\u00e7ka m\u00eb shum\u00eb?\u201d. Bjordi i \u00ebsht\u00eb p\u00ebrgjigjur se e sheh thjesht si shoqe, p\u00ebr aq koh\u00eb sa ajo nuk e lejon p\u00ebr m\u00eb shum\u00eb, kur gjith\u00eb dit\u00ebn i largohet, i thot\u00eb t\u00eb mos e preki apo mos b\u00ebj at\u00eb, mos b\u00ebj k\u00ebt\u00eb. Republika i ka th\u00ebn\u00eb se kur ai e puth, Adela nuk i shmanget. Bjordi e ka kund\u00ebrshtuar, sepse, sipas tij, ajo i shmanget. Republika vazhdoi duke i th\u00ebn\u00eb se kishte v\u00ebn\u00eb re q\u00eb nj\u00eb dit\u00eb m\u00eb par\u00eb, ai e kishte p\u00ebrqafur dhe ajo nuk e kishte shmangur dhe se ajo mendonte se Adelajda e p\u00eblqente, por nuk donte t\u00eb b\u00ebnte gjeste, q\u00eb t\u00eb binte n\u00eb sy. \u201cTi mendon se ajo t\u00eb p\u00eblqen si \u00e7un, apo t\u00eb sheh si t\u00eb shoh un\u00eb?\u201d \u2013 e ka pyetur s\u00ebrish Republika Bjordin. Ai i \u00ebsht\u00eb p\u00ebrgjijgur se nuk e dinte. Republika e ka pyetur edhe n\u00ebse e bezdiste q\u00eb po e pyeste dhe Bjordi i \u00ebsht\u00eb p\u00ebrgjigjur se do t\u00eb bezdisej n\u00ebse do ta pyeste dikush tjet\u00ebr, por jo Republika, pasi ai e kuptonte drejt q\u00ebllimin e pyetjeve t\u00eb saj.<\/p>\n","protected":false},"excerpt":{"rendered":"<p>05\/03\/09 01:50 \u201cSi e shikon ti Adelajden, &#8211; e ka pyetur Republika Bjordin, &#8211; si shoqe apo di\u00e7ka m\u00eb shum\u00eb?\u201d. Bjordi i \u00ebsht\u00eb p\u00ebrgjigjur se e sheh thjesht si shoqe, p\u00ebr aq koh\u00eb sa ajo nuk e lejon p\u00ebr m\u00eb shum\u00eb, kur gjith\u00eb dit\u00ebn i largohet, i thot\u00eb t\u00eb mos e preki apo mos b\u00ebj [&hellip;]<\/p>\n","protected":false},"author":1,"featured_media":0,"comment_status":"open","ping_status":"closed","sticky":false,"template":"","format":"standard","meta":{"spay_email":"","jetpack_publicize_message":"","jetpack_is_tweetstorm":false,"jetpack_publicize_feature_enabled":true},"categories":[6502],"tags":[6562,5057,6506,6516,6712,7129,6740,6665,6522,262,6891,6693,6887],"jetpack_publicize_connections":[],"yoast_head":"<!-- This site is optimized with the Yoast SEO plugin v19.1 - https:\/\/yoast.com\/wordpress\/plugins\/seo\/ -->\n<title>Bika dhe Bjordi : Adelajden e shoh si shoqe | Big Brother Albania 2<\/title>\n<meta name=\"description\" content=\"Big Brother Albania 2 - \u00e2\u20ac\u0153Si e shikon ti Adelajden, - e ka pyetur Republika Bjordin, - si shoqe apo di\u00c3\u00a7ka m\u00c3\u00ab shum\u00c3\u00ab?.\" \/>\n<meta name=\"robots\" content=\"index, follow, max-snippet:-1, max-image-preview:large, max-video-preview:-1\" \/>\n<link rel=\"canonical\" href=\"https:\/\/www.visit-ulcinj.com\/blog\/2009\/03\/07\/bika-dhe-bjordi-adelajden-e-shoh-si-shoqe\/\" \/>\n<meta property=\"og:locale\" content=\"en_US\" \/>\n<meta property=\"og:type\" content=\"article\" \/>\n<meta property=\"og:title\" content=\"Bika dhe Bjordi : Adelajden e shoh si shoqe | Big Brother Albania 2\" \/>\n<meta property=\"og:description\" content=\"Big Brother Albania 2 - \u00e2\u20ac\u0153Si e shikon ti Adelajden, - e ka pyetur Republika Bjordin, - si shoqe apo di\u00c3\u00a7ka m\u00c3\u00ab shum\u00c3\u00ab?.\" \/>\n<meta property=\"og:url\" content=\"https:\/\/www.visit-ulcinj.com\/blog\/2009\/03\/07\/bika-dhe-bjordi-adelajden-e-shoh-si-shoqe\/\" \/>\n<meta property=\"og:site_name\" content=\"Lajme nga Ulqini\" \/>\n<meta property=\"article:published_time\" content=\"2009-03-07T10:44:03+00:00\" \/>\n<meta property=\"og:image\" content=\"http:\/\/www.visit-ulcinj.com\/blog\/wp-content\/uploads\/2009\/03\/bika-dhe-bjordi.jpg\" \/>\n<meta name=\"twitter:label1\" content=\"Written by\" \/>\n\t<meta name=\"twitter:data1\" content=\"ulqini\" \/>\n\t<meta name=\"twitter:label2\" content=\"Est. reading time\" \/>\n\t<meta name=\"twitter:data2\" content=\"1 minute\" \/>\n<script type=\"application\/ld+json\" class=\"yoast-schema-graph\">{\"@context\":\"https:\/\/schema.org\",\"@graph\":[{\"@type\":\"WebSite\",\"@id\":\"https:\/\/www.visit-ulcinj.com\/blog\/#website\",\"url\":\"https:\/\/www.visit-ulcinj.com\/blog\/\",\"name\":\"Lajme nga Ulqini\",\"description\":\"Lajme,Vijesti,Ulqini,Ulqin,Crna Gora,Mali i Zi\",\"potentialAction\":[{\"@type\":\"SearchAction\",\"target\":{\"@type\":\"EntryPoint\",\"urlTemplate\":\"https:\/\/www.visit-ulcinj.com\/blog\/?s={search_term_string}\"},\"query-input\":\"required name=search_term_string\"}],\"inLanguage\":\"en-US\"},{\"@type\":\"ImageObject\",\"inLanguage\":\"en-US\",\"@id\":\"https:\/\/www.visit-ulcinj.com\/blog\/2009\/03\/07\/bika-dhe-bjordi-adelajden-e-shoh-si-shoqe\/#primaryimage\",\"url\":\"http:\/\/www.visit-ulcinj.com\/blog\/wp-content\/uploads\/2009\/03\/bika-dhe-bjordi.jpg\",\"contentUrl\":\"http:\/\/www.visit-ulcinj.com\/blog\/wp-content\/uploads\/2009\/03\/bika-dhe-bjordi.jpg\"},{\"@type\":\"WebPage\",\"@id\":\"https:\/\/www.visit-ulcinj.com\/blog\/2009\/03\/07\/bika-dhe-bjordi-adelajden-e-shoh-si-shoqe\/#webpage\",\"url\":\"https:\/\/www.visit-ulcinj.com\/blog\/2009\/03\/07\/bika-dhe-bjordi-adelajden-e-shoh-si-shoqe\/\",\"name\":\"Bika dhe Bjordi : Adelajden e shoh si shoqe | Big Brother Albania 2\",\"isPartOf\":{\"@id\":\"https:\/\/www.visit-ulcinj.com\/blog\/#website\"},\"primaryImageOfPage\":{\"@id\":\"https:\/\/www.visit-ulcinj.com\/blog\/2009\/03\/07\/bika-dhe-bjordi-adelajden-e-shoh-si-shoqe\/#primaryimage\"},\"datePublished\":\"2009-03-07T10:44:03+00:00\",\"dateModified\":\"2009-03-07T10:44:03+00:00\",\"author\":{\"@id\":\"https:\/\/www.visit-ulcinj.com\/blog\/#\/schema\/person\/dcab619c614d3038751c63bc2aadc06d\"},\"description\":\"Big Brother Albania 2 - \u00e2\u20ac\u0153Si e shikon ti Adelajden, - e ka pyetur Republika Bjordin, - si shoqe apo di\u00c3\u00a7ka m\u00c3\u00ab shum\u00c3\u00ab?.\",\"breadcrumb\":{\"@id\":\"https:\/\/www.visit-ulcinj.com\/blog\/2009\/03\/07\/bika-dhe-bjordi-adelajden-e-shoh-si-shoqe\/#breadcrumb\"},\"inLanguage\":\"en-US\",\"potentialAction\":[{\"@type\":\"ReadAction\",\"target\":[\"https:\/\/www.visit-ulcinj.com\/blog\/2009\/03\/07\/bika-dhe-bjordi-adelajden-e-shoh-si-shoqe\/\"]}]},{\"@type\":\"BreadcrumbList\",\"@id\":\"https:\/\/www.visit-ulcinj.com\/blog\/2009\/03\/07\/bika-dhe-bjordi-adelajden-e-shoh-si-shoqe\/#breadcrumb\",\"itemListElement\":[{\"@type\":\"ListItem\",\"position\":1,\"name\":\"Bika dhe Bjordi : Adelajden e shoh si shoqe\"}]},{\"@type\":\"Person\",\"@id\":\"https:\/\/www.visit-ulcinj.com\/blog\/#\/schema\/person\/dcab619c614d3038751c63bc2aadc06d\",\"name\":\"ulqini\",\"sameAs\":[\"http:\/\/www.visit-ulcinj.com\"],\"url\":\"https:\/\/www.visit-ulcinj.com\/blog\/author\/admin\/\"}]}<\/script>\n<!-- \/ Yoast SEO plugin. -->","yoast_head_json":{"title":"Bika dhe Bjordi : Adelajden e shoh si shoqe | Big Brother Albania 2","description":"Big Brother Albania 2 - \u00e2\u20ac\u0153Si e shikon ti Adelajden, - e ka pyetur Republika Bjordin, - si shoqe apo di\u00c3\u00a7ka m\u00c3\u00ab shum\u00c3\u00ab?.","robots":{"index":"index","follow":"follow","max-snippet":"max-snippet:-1","max-image-preview":"max-image-preview:large","max-video-preview":"max-video-preview:-1"},"canonical":"https:\/\/www.visit-ulcinj.com\/blog\/2009\/03\/07\/bika-dhe-bjordi-adelajden-e-shoh-si-shoqe\/","og_locale":"en_US","og_type":"article","og_title":"Bika dhe Bjordi : Adelajden e shoh si shoqe | Big Brother Albania 2","og_description":"Big Brother Albania 2 - \u00e2\u20ac\u0153Si e shikon ti Adelajden, - e ka pyetur Republika Bjordin, - si shoqe apo di\u00c3\u00a7ka m\u00c3\u00ab shum\u00c3\u00ab?.","og_url":"https:\/\/www.visit-ulcinj.com\/blog\/2009\/03\/07\/bika-dhe-bjordi-adelajden-e-shoh-si-shoqe\/","og_site_name":"Lajme nga Ulqini","article_published_time":"2009-03-07T10:44:03+00:00","og_image":[{"url":"http:\/\/www.visit-ulcinj.com\/blog\/wp-content\/uploads\/2009\/03\/bika-dhe-bjordi.jpg"}],"twitter_misc":{"Written by":"ulqini","Est. reading time":"1 minute"},"schema":{"@context":"https:\/\/schema.org","@graph":[{"@type":"WebSite","@id":"https:\/\/www.visit-ulcinj.com\/blog\/#website","url":"https:\/\/www.visit-ulcinj.com\/blog\/","name":"Lajme nga Ulqini","description":"Lajme,Vijesti,Ulqini,Ulqin,Crna Gora,Mali i Zi","potentialAction":[{"@type":"SearchAction","target":{"@type":"EntryPoint","urlTemplate":"https:\/\/www.visit-ulcinj.com\/blog\/?s={search_term_string}"},"query-input":"required name=search_term_string"}],"inLanguage":"en-US"},{"@type":"ImageObject","inLanguage":"en-US","@id":"https:\/\/www.visit-ulcinj.com\/blog\/2009\/03\/07\/bika-dhe-bjordi-adelajden-e-shoh-si-shoqe\/#primaryimage","url":"http:\/\/www.visit-ulcinj.com\/blog\/wp-content\/uploads\/2009\/03\/bika-dhe-bjordi.jpg","contentUrl":"http:\/\/www.visit-ulcinj.com\/blog\/wp-content\/uploads\/2009\/03\/bika-dhe-bjordi.jpg"},{"@type":"WebPage","@id":"https:\/\/www.visit-ulcinj.com\/blog\/2009\/03\/07\/bika-dhe-bjordi-adelajden-e-shoh-si-shoqe\/#webpage","url":"https:\/\/www.visit-ulcinj.com\/blog\/2009\/03\/07\/bika-dhe-bjordi-adelajden-e-shoh-si-shoqe\/","name":"Bika dhe Bjordi : Adelajden e shoh si shoqe | Big Brother Albania 2","isPartOf":{"@id":"https:\/\/www.visit-ulcinj.com\/blog\/#website"},"primaryImageOfPage":{"@id":"https:\/\/www.visit-ulcinj.com\/blog\/2009\/03\/07\/bika-dhe-bjordi-adelajden-e-shoh-si-shoqe\/#primaryimage"},"datePublished":"2009-03-07T10:44:03+00:00","dateModified":"2009-03-07T10:44:03+00:00","author":{"@id":"https:\/\/www.visit-ulcinj.com\/blog\/#\/schema\/person\/dcab619c614d3038751c63bc2aadc06d"},"description":"Big Brother Albania 2 - \u00e2\u20ac\u0153Si e shikon ti Adelajden, - e ka pyetur Republika Bjordin, - si shoqe apo di\u00c3\u00a7ka m\u00c3\u00ab shum\u00c3\u00ab?.","breadcrumb":{"@id":"https:\/\/www.visit-ulcinj.com\/blog\/2009\/03\/07\/bika-dhe-bjordi-adelajden-e-shoh-si-shoqe\/#breadcrumb"},"inLanguage":"en-US","potentialAction":[{"@type":"ReadAction","target":["https:\/\/www.visit-ulcinj.com\/blog\/2009\/03\/07\/bika-dhe-bjordi-adelajden-e-shoh-si-shoqe\/"]}]},{"@type":"BreadcrumbList","@id":"https:\/\/www.visit-ulcinj.com\/blog\/2009\/03\/07\/bika-dhe-bjordi-adelajden-e-shoh-si-shoqe\/#breadcrumb","itemListElement":[{"@type":"ListItem","position":1,"name":"Bika dhe Bjordi : Adelajden e shoh si shoqe"}]},{"@type":"Person","@id":"https:\/\/www.visit-ulcinj.com\/blog\/#\/schema\/person\/dcab619c614d3038751c63bc2aadc06d","name":"ulqini","sameAs":["http:\/\/www.visit-ulcinj.com"],"url":"https:\/\/www.visit-ulcinj.com\/blog\/author\/admin\/"}]}},"jetpack_featured_media_url":"","jetpack_sharing_enabled":true,"jetpack_shortlink":"https:\/\/wp.me\/pe6lTn-3oL","_links":{"self":[{"href":"https:\/\/www.visit-ulcinj.com\/blog\/wp-json\/wp\/v2\/posts\/13067"}],"collection":[{"href":"https:\/\/www.visit-ulcinj.com\/blog\/wp-json\/wp\/v2\/posts"}],"about":[{"href":"https:\/\/www.visit-ulcinj.com\/blog\/wp-json\/wp\/v2\/types\/post"}],"author":[{"embeddable":true,"href":"https:\/\/www.visit-ulcinj.com\/blog\/wp-json\/wp\/v2\/users\/1"}],"replies":[{"embeddable":true,"href":"https:\/\/www.visit-ulcinj.com\/blog\/wp-json\/wp\/v2\/comments?post=13067"}],"version-history":[{"count":0,"href":"https:\/\/www.visit-ulcinj.com\/blog\/wp-json\/wp\/v2\/posts\/13067\/revisions"}],"wp:attachment":[{"href":"https:\/\/www.visit-ulcinj.com\/blog\/wp-json\/wp\/v2\/media?parent=13067"}],"wp:term":[{"taxonomy":"category","embeddable":true,"href":"https:\/\/www.visit-ulcinj.com\/blog\/wp-json\/wp\/v2\/categories?post=13067"},{"taxonomy":"post_tag","embeddable":true,"href":"https:\/\/www.visit-ulcinj.com\/blog\/wp-json\/wp\/v2\/tags?post=13067"}],"curies":[{"name":"wp","href":"https:\/\/api.w.org\/{rel}","templated":true}]}}