{"id":13070,"date":"2009-03-07T11:46:56","date_gmt":"2009-03-07T10:46:56","guid":{"rendered":"http:\/\/www.visit-ulcinj.com\/blog\/?p=13070"},"modified":"2009-03-07T11:46:56","modified_gmt":"2009-03-07T10:46:56","slug":"mesida-dhe-bjordi-nuk-jam-arush-jam-ari","status":"publish","type":"post","link":"https:\/\/www.visit-ulcinj.com\/blog\/2009\/03\/07\/mesida-dhe-bjordi-nuk-jam-arush-jam-ari\/","title":{"rendered":"Mesida dhe Bjordi : Nuk jam arush, jam ari!"},"content":{"rendered":"<p><em><span class=\"newsdate\"><a href=\"http:\/\/www.visit-ulcinj.com\/blog\/wp-content\/uploads\/2009\/03\/bjordimesida2-copy.jpg\"><img loading=\"lazy\" class=\"alignleft size-full wp-image-13071\" title=\"bjordimesida2-big-brother-albania-2\" src=\"http:\/\/www.visit-ulcinj.com\/blog\/wp-content\/uploads\/2009\/03\/bjordimesida2-copy.jpg\" alt=\"bjordimesida2-big-brother-albania-2\" width=\"300\" height=\"205\" \/><\/a>05\/03\/09 02:15<\/span><\/em><\/p>\n<p>Pas Republik\u00ebs dhe Adelajdes, n\u00eb divanin ku ishte shtrir\u00eb Bjordi, \u00ebsht\u00eb afruar Mesida. Ajo e ka pyetur n\u00ebse ishte i m\u00ebrzitur. M\u00eb pas i ka th\u00ebn\u00eb se mendonte se e kishte kuptuar shkakun e m\u00ebrzis\u00eb s\u00eb tij, kishte t\u00eb b\u00ebnte me nj\u00eb person t\u00eb ve\u00e7ant\u00eb n\u00eb sht\u00ebpi. Ajo i ka th\u00ebn\u00eb se i vinte shum\u00eb keq, sepse e kuptonte q\u00eb ai ishte i ndjesh\u00ebm, madje shpresonte q\u00eb ai t\u00eb mos ishte aq i ndjesh\u00ebm sa mendonte ajo. \u201cSa keq m\u00eb vjen, arushi im!\u201d \u2013 i ka th\u00ebn\u00eb ajo m\u00eb p\u00ebrk\u00ebdheli. \u201cNuk jam arush, jam ari!\u201d \u2013 ia ka kthyer Bjordi. Mesida ka vazhduar t\u2019i thot\u00eb se n\u00ebse ai ishte i m\u00ebrzitur p\u00ebr at\u00eb q\u00eb mendonte ajo ( p\u00ebr Adelajden), ai duhet t\u00eb kishte parasysh sesi funksiononin gj\u00ebrat n\u00eb Shqip\u00ebri dhe po ashtu brenda sht\u00ebpis\u00eb ku ata ndodheshin dhe, sipas saj, edhe n\u00ebse nj\u00eb vajz\u00eb do ta p\u00eblqente Bjordin, ajo nuk do ta shprehte pik\u00ebrisht p\u00ebr k\u00ebt\u00eb fakt. \u201cPor ti, &#8211; i ka th\u00ebn\u00eb ajo, -duhet t\u00eb vazhdosh t\u00eb luftosh!\u201d.<\/p>\n","protected":false},"excerpt":{"rendered":"<p>05\/03\/09 02:15 Pas Republik\u00ebs dhe Adelajdes, n\u00eb divanin ku ishte shtrir\u00eb Bjordi, \u00ebsht\u00eb afruar Mesida. Ajo e ka pyetur n\u00ebse ishte i m\u00ebrzitur. M\u00eb pas i ka th\u00ebn\u00eb se mendonte se e kishte kuptuar shkakun e m\u00ebrzis\u00eb s\u00eb tij, kishte t\u00eb b\u00ebnte me nj\u00eb person t\u00eb ve\u00e7ant\u00eb n\u00eb sht\u00ebpi. Ajo i ka th\u00ebn\u00eb se i [&hellip;]<\/p>\n","protected":false},"author":1,"featured_media":0,"comment_status":"open","ping_status":"closed","sticky":false,"template":"","format":"standard","meta":{"spay_email":"","jetpack_publicize_message":"","jetpack_is_tweetstorm":false,"jetpack_publicize_feature_enabled":true},"categories":[6502],"tags":[6562,5057,6506,6516,6712,7129,6665,6522,7561,7365,7562,7364,7560,7559,6891,6693,6887],"jetpack_publicize_connections":[],"yoast_head":"<!-- This site is optimized with the Yoast SEO plugin v19.1 - https:\/\/yoast.com\/wordpress\/plugins\/seo\/ -->\n<title>Mesida dhe Bjordi : Nuk jam arush, jam ari! | Big Brother Albania 2<\/title>\n<meta name=\"description\" content=\"Big Brother Albania 2- Pas Republik\u00c3\u00abs dhe Adelajdes, n\u00c3\u00ab divanin ku ishte shtrir\u00c3\u00ab Bjordi, \u00c3\u00absht\u00c3\u00ab afruar Mesida.\" \/>\n<meta name=\"robots\" content=\"index, follow, max-snippet:-1, max-image-preview:large, max-video-preview:-1\" \/>\n<link rel=\"canonical\" href=\"https:\/\/www.visit-ulcinj.com\/blog\/2009\/03\/07\/mesida-dhe-bjordi-nuk-jam-arush-jam-ari\/\" \/>\n<meta property=\"og:locale\" content=\"en_US\" \/>\n<meta property=\"og:type\" content=\"article\" \/>\n<meta property=\"og:title\" content=\"Mesida dhe Bjordi : Nuk jam arush, jam ari! | Big Brother Albania 2\" \/>\n<meta property=\"og:description\" content=\"Big Brother Albania 2- Pas Republik\u00c3\u00abs dhe Adelajdes, n\u00c3\u00ab divanin ku ishte shtrir\u00c3\u00ab Bjordi, \u00c3\u00absht\u00c3\u00ab afruar Mesida.\" \/>\n<meta property=\"og:url\" content=\"https:\/\/www.visit-ulcinj.com\/blog\/2009\/03\/07\/mesida-dhe-bjordi-nuk-jam-arush-jam-ari\/\" \/>\n<meta property=\"og:site_name\" content=\"Lajme nga Ulqini\" \/>\n<meta property=\"article:published_time\" content=\"2009-03-07T10:46:56+00:00\" \/>\n<meta property=\"og:image\" content=\"http:\/\/www.visit-ulcinj.com\/blog\/wp-content\/uploads\/2009\/03\/bjordimesida2-copy.jpg\" \/>\n<meta name=\"twitter:label1\" content=\"Written by\" \/>\n\t<meta name=\"twitter:data1\" content=\"ulqini\" \/>\n\t<meta name=\"twitter:label2\" content=\"Est. reading time\" \/>\n\t<meta name=\"twitter:data2\" content=\"1 minute\" \/>\n<script type=\"application\/ld+json\" class=\"yoast-schema-graph\">{\"@context\":\"https:\/\/schema.org\",\"@graph\":[{\"@type\":\"WebSite\",\"@id\":\"https:\/\/www.visit-ulcinj.com\/blog\/#website\",\"url\":\"https:\/\/www.visit-ulcinj.com\/blog\/\",\"name\":\"Lajme nga Ulqini\",\"description\":\"Lajme,Vijesti,Ulqini,Ulqin,Crna Gora,Mali i Zi\",\"potentialAction\":[{\"@type\":\"SearchAction\",\"target\":{\"@type\":\"EntryPoint\",\"urlTemplate\":\"https:\/\/www.visit-ulcinj.com\/blog\/?s={search_term_string}\"},\"query-input\":\"required name=search_term_string\"}],\"inLanguage\":\"en-US\"},{\"@type\":\"ImageObject\",\"inLanguage\":\"en-US\",\"@id\":\"https:\/\/www.visit-ulcinj.com\/blog\/2009\/03\/07\/mesida-dhe-bjordi-nuk-jam-arush-jam-ari\/#primaryimage\",\"url\":\"http:\/\/www.visit-ulcinj.com\/blog\/wp-content\/uploads\/2009\/03\/bjordimesida2-copy.jpg\",\"contentUrl\":\"http:\/\/www.visit-ulcinj.com\/blog\/wp-content\/uploads\/2009\/03\/bjordimesida2-copy.jpg\"},{\"@type\":\"WebPage\",\"@id\":\"https:\/\/www.visit-ulcinj.com\/blog\/2009\/03\/07\/mesida-dhe-bjordi-nuk-jam-arush-jam-ari\/#webpage\",\"url\":\"https:\/\/www.visit-ulcinj.com\/blog\/2009\/03\/07\/mesida-dhe-bjordi-nuk-jam-arush-jam-ari\/\",\"name\":\"Mesida dhe Bjordi : Nuk jam arush, jam ari! | Big Brother Albania 2\",\"isPartOf\":{\"@id\":\"https:\/\/www.visit-ulcinj.com\/blog\/#website\"},\"primaryImageOfPage\":{\"@id\":\"https:\/\/www.visit-ulcinj.com\/blog\/2009\/03\/07\/mesida-dhe-bjordi-nuk-jam-arush-jam-ari\/#primaryimage\"},\"datePublished\":\"2009-03-07T10:46:56+00:00\",\"dateModified\":\"2009-03-07T10:46:56+00:00\",\"author\":{\"@id\":\"https:\/\/www.visit-ulcinj.com\/blog\/#\/schema\/person\/dcab619c614d3038751c63bc2aadc06d\"},\"description\":\"Big Brother Albania 2- Pas Republik\u00c3\u00abs dhe Adelajdes, n\u00c3\u00ab divanin ku ishte shtrir\u00c3\u00ab Bjordi, \u00c3\u00absht\u00c3\u00ab afruar Mesida.\",\"breadcrumb\":{\"@id\":\"https:\/\/www.visit-ulcinj.com\/blog\/2009\/03\/07\/mesida-dhe-bjordi-nuk-jam-arush-jam-ari\/#breadcrumb\"},\"inLanguage\":\"en-US\",\"potentialAction\":[{\"@type\":\"ReadAction\",\"target\":[\"https:\/\/www.visit-ulcinj.com\/blog\/2009\/03\/07\/mesida-dhe-bjordi-nuk-jam-arush-jam-ari\/\"]}]},{\"@type\":\"BreadcrumbList\",\"@id\":\"https:\/\/www.visit-ulcinj.com\/blog\/2009\/03\/07\/mesida-dhe-bjordi-nuk-jam-arush-jam-ari\/#breadcrumb\",\"itemListElement\":[{\"@type\":\"ListItem\",\"position\":1,\"name\":\"Mesida dhe Bjordi : Nuk jam arush, jam ari!\"}]},{\"@type\":\"Person\",\"@id\":\"https:\/\/www.visit-ulcinj.com\/blog\/#\/schema\/person\/dcab619c614d3038751c63bc2aadc06d\",\"name\":\"ulqini\",\"sameAs\":[\"http:\/\/www.visit-ulcinj.com\"],\"url\":\"https:\/\/www.visit-ulcinj.com\/blog\/author\/admin\/\"}]}<\/script>\n<!-- \/ Yoast SEO plugin. -->","yoast_head_json":{"title":"Mesida dhe Bjordi : Nuk jam arush, jam ari! | Big Brother Albania 2","description":"Big Brother Albania 2- Pas Republik\u00c3\u00abs dhe Adelajdes, n\u00c3\u00ab divanin ku ishte shtrir\u00c3\u00ab Bjordi, \u00c3\u00absht\u00c3\u00ab afruar Mesida.","robots":{"index":"index","follow":"follow","max-snippet":"max-snippet:-1","max-image-preview":"max-image-preview:large","max-video-preview":"max-video-preview:-1"},"canonical":"https:\/\/www.visit-ulcinj.com\/blog\/2009\/03\/07\/mesida-dhe-bjordi-nuk-jam-arush-jam-ari\/","og_locale":"en_US","og_type":"article","og_title":"Mesida dhe Bjordi : Nuk jam arush, jam ari! | Big Brother Albania 2","og_description":"Big Brother Albania 2- Pas Republik\u00c3\u00abs dhe Adelajdes, n\u00c3\u00ab divanin ku ishte shtrir\u00c3\u00ab Bjordi, \u00c3\u00absht\u00c3\u00ab afruar Mesida.","og_url":"https:\/\/www.visit-ulcinj.com\/blog\/2009\/03\/07\/mesida-dhe-bjordi-nuk-jam-arush-jam-ari\/","og_site_name":"Lajme nga Ulqini","article_published_time":"2009-03-07T10:46:56+00:00","og_image":[{"url":"http:\/\/www.visit-ulcinj.com\/blog\/wp-content\/uploads\/2009\/03\/bjordimesida2-copy.jpg"}],"twitter_misc":{"Written by":"ulqini","Est. reading time":"1 minute"},"schema":{"@context":"https:\/\/schema.org","@graph":[{"@type":"WebSite","@id":"https:\/\/www.visit-ulcinj.com\/blog\/#website","url":"https:\/\/www.visit-ulcinj.com\/blog\/","name":"Lajme nga Ulqini","description":"Lajme,Vijesti,Ulqini,Ulqin,Crna Gora,Mali i Zi","potentialAction":[{"@type":"SearchAction","target":{"@type":"EntryPoint","urlTemplate":"https:\/\/www.visit-ulcinj.com\/blog\/?s={search_term_string}"},"query-input":"required name=search_term_string"}],"inLanguage":"en-US"},{"@type":"ImageObject","inLanguage":"en-US","@id":"https:\/\/www.visit-ulcinj.com\/blog\/2009\/03\/07\/mesida-dhe-bjordi-nuk-jam-arush-jam-ari\/#primaryimage","url":"http:\/\/www.visit-ulcinj.com\/blog\/wp-content\/uploads\/2009\/03\/bjordimesida2-copy.jpg","contentUrl":"http:\/\/www.visit-ulcinj.com\/blog\/wp-content\/uploads\/2009\/03\/bjordimesida2-copy.jpg"},{"@type":"WebPage","@id":"https:\/\/www.visit-ulcinj.com\/blog\/2009\/03\/07\/mesida-dhe-bjordi-nuk-jam-arush-jam-ari\/#webpage","url":"https:\/\/www.visit-ulcinj.com\/blog\/2009\/03\/07\/mesida-dhe-bjordi-nuk-jam-arush-jam-ari\/","name":"Mesida dhe Bjordi : Nuk jam arush, jam ari! | Big Brother Albania 2","isPartOf":{"@id":"https:\/\/www.visit-ulcinj.com\/blog\/#website"},"primaryImageOfPage":{"@id":"https:\/\/www.visit-ulcinj.com\/blog\/2009\/03\/07\/mesida-dhe-bjordi-nuk-jam-arush-jam-ari\/#primaryimage"},"datePublished":"2009-03-07T10:46:56+00:00","dateModified":"2009-03-07T10:46:56+00:00","author":{"@id":"https:\/\/www.visit-ulcinj.com\/blog\/#\/schema\/person\/dcab619c614d3038751c63bc2aadc06d"},"description":"Big Brother Albania 2- Pas Republik\u00c3\u00abs dhe Adelajdes, n\u00c3\u00ab divanin ku ishte shtrir\u00c3\u00ab Bjordi, \u00c3\u00absht\u00c3\u00ab afruar Mesida.","breadcrumb":{"@id":"https:\/\/www.visit-ulcinj.com\/blog\/2009\/03\/07\/mesida-dhe-bjordi-nuk-jam-arush-jam-ari\/#breadcrumb"},"inLanguage":"en-US","potentialAction":[{"@type":"ReadAction","target":["https:\/\/www.visit-ulcinj.com\/blog\/2009\/03\/07\/mesida-dhe-bjordi-nuk-jam-arush-jam-ari\/"]}]},{"@type":"BreadcrumbList","@id":"https:\/\/www.visit-ulcinj.com\/blog\/2009\/03\/07\/mesida-dhe-bjordi-nuk-jam-arush-jam-ari\/#breadcrumb","itemListElement":[{"@type":"ListItem","position":1,"name":"Mesida dhe Bjordi : Nuk jam arush, jam ari!"}]},{"@type":"Person","@id":"https:\/\/www.visit-ulcinj.com\/blog\/#\/schema\/person\/dcab619c614d3038751c63bc2aadc06d","name":"ulqini","sameAs":["http:\/\/www.visit-ulcinj.com"],"url":"https:\/\/www.visit-ulcinj.com\/blog\/author\/admin\/"}]}},"jetpack_featured_media_url":"","jetpack_sharing_enabled":true,"jetpack_shortlink":"https:\/\/wp.me\/pe6lTn-3oO","_links":{"self":[{"href":"https:\/\/www.visit-ulcinj.com\/blog\/wp-json\/wp\/v2\/posts\/13070"}],"collection":[{"href":"https:\/\/www.visit-ulcinj.com\/blog\/wp-json\/wp\/v2\/posts"}],"about":[{"href":"https:\/\/www.visit-ulcinj.com\/blog\/wp-json\/wp\/v2\/types\/post"}],"author":[{"embeddable":true,"href":"https:\/\/www.visit-ulcinj.com\/blog\/wp-json\/wp\/v2\/users\/1"}],"replies":[{"embeddable":true,"href":"https:\/\/www.visit-ulcinj.com\/blog\/wp-json\/wp\/v2\/comments?post=13070"}],"version-history":[{"count":0,"href":"https:\/\/www.visit-ulcinj.com\/blog\/wp-json\/wp\/v2\/posts\/13070\/revisions"}],"wp:attachment":[{"href":"https:\/\/www.visit-ulcinj.com\/blog\/wp-json\/wp\/v2\/media?parent=13070"}],"wp:term":[{"taxonomy":"category","embeddable":true,"href":"https:\/\/www.visit-ulcinj.com\/blog\/wp-json\/wp\/v2\/categories?post=13070"},{"taxonomy":"post_tag","embeddable":true,"href":"https:\/\/www.visit-ulcinj.com\/blog\/wp-json\/wp\/v2\/tags?post=13070"}],"curies":[{"name":"wp","href":"https:\/\/api.w.org\/{rel}","templated":true}]}}