{"id":13076,"date":"2009-03-07T11:53:21","date_gmt":"2009-03-07T10:53:21","guid":{"rendered":"http:\/\/www.visit-ulcinj.com\/blog\/?p=13076"},"modified":"2009-03-07T11:55:06","modified_gmt":"2009-03-07T10:55:06","slug":"mesida-nxenesit-i-kam-shume-te-mire","status":"publish","type":"post","link":"https:\/\/www.visit-ulcinj.com\/blog\/2009\/03\/07\/mesida-nxenesit-i-kam-shume-te-mire\/","title":{"rendered":"Mesida : Nx\u00ebn\u00ebsit i kam shum\u00eb t\u00eb mir\u00eb"},"content":{"rendered":"<p><em><span class=\"newsdate\"><span style=\"color: #0000ee; text-decoration: underline;\"><a href=\"http:\/\/www.visit-ulcinj.com\/blog\/wp-content\/uploads\/2009\/03\/adelajda-nxenesit-copy.jpg\"><img loading=\"lazy\" class=\"alignleft size-full wp-image-13079\" title=\"adelajda-nxenesit-big-brother-albania-2\" src=\"http:\/\/www.visit-ulcinj.com\/blog\/wp-content\/uploads\/2009\/03\/adelajda-nxenesit-copy.jpg\" alt=\"adelajda-nxenesit-big-brother-albania-2\" width=\"300\" height=\"205\" \/><\/a><\/span>05\/03\/09 04:15<\/span><\/em><\/p>\n<p>Mesida e ka pyetur Adelajden sesa koh\u00eb kishte q\u00eb jepte m\u00ebsim. Ajo i \u00ebsht\u00eb p\u00ebrgjigjur se kishte 3 vjet q\u00eb e b\u00ebnte k\u00ebt\u00eb. Ajo kishte filluar kur ishte n\u00eb vitin e dyt\u00eb t\u00eb studimeve partitime. Mesida ka vazhduar duke e pyetur n\u00ebse ishte apo jo e k\u00ebnaqur me nx\u00ebn\u00ebsit q\u00eb kishte dhe n\u00ebse ata e shqet\u00ebsonin apo jo. Adelajda i \u00ebsht\u00eb p\u00ebrgjigjur se nx\u00ebn\u00ebsit i kishte shum\u00eb t\u00eb mir\u00eb dhe se shkonte shum\u00eb mir\u00eb me ta. Mesida ka shtuar se ndoshta kjo ndodhte ngaq\u00eb ajo ishte e re. Pas largimit t\u00eb Adelajdes nga dhoma, Mesida ka komentuar se nx\u00ebn\u00ebsit e Adelajdes nuk duhej ta kishin fare mendjen tek m\u00ebsimi, por te \u201czysha\u201d. Ajo ka vazhduar t\u00eb cil\u00ebsoj\u00eb bukurin\u00eb jo t\u00eb zakonshme t\u00eb Adelajdes, sidomos fytyr\u00ebn, syt\u00eb, buz\u00ebt. E t\u00eb nj\u00ebjtit mendim me t\u00eb ka qen\u00eb edhe Mimoza.<\/p>\n","protected":false},"excerpt":{"rendered":"<p>05\/03\/09 04:15 Mesida e ka pyetur Adelajden sesa koh\u00eb kishte q\u00eb jepte m\u00ebsim. Ajo i \u00ebsht\u00eb p\u00ebrgjigjur se kishte 3 vjet q\u00eb e b\u00ebnte k\u00ebt\u00eb. Ajo kishte filluar kur ishte n\u00eb vitin e dyt\u00eb t\u00eb studimeve partitime. Mesida ka vazhduar duke e pyetur n\u00ebse ishte apo jo e k\u00ebnaqur me nx\u00ebn\u00ebsit q\u00eb kishte dhe n\u00ebse [&hellip;]<\/p>\n","protected":false},"author":1,"featured_media":0,"comment_status":"open","ping_status":"closed","sticky":false,"template":"","format":"standard","meta":{"spay_email":"","jetpack_publicize_message":"","jetpack_is_tweetstorm":false,"jetpack_publicize_feature_enabled":true},"categories":[6502],"tags":[6562,5057,6506,6516,6712,7129,7365,7563,6891,6693,6887],"jetpack_publicize_connections":[],"yoast_head":"<!-- This site is optimized with the Yoast SEO plugin v19.1 - https:\/\/yoast.com\/wordpress\/plugins\/seo\/ -->\n<title>Mesida : Nx\u00c3\u00abn\u00c3\u00absit i kam shum\u00c3\u00ab t\u00c3\u00ab mir\u00c3\u00ab | Big Brother Albania 2<\/title>\n<meta name=\"description\" content=\"Big Brother Albania 2 - Mesida e ka pyetur Adelajden sesa koh\u00c3\u00ab kishte q\u00c3\u00ab jepte m\u00c3\u00absim..\" \/>\n<meta name=\"robots\" content=\"index, follow, max-snippet:-1, max-image-preview:large, max-video-preview:-1\" \/>\n<link rel=\"canonical\" href=\"https:\/\/www.visit-ulcinj.com\/blog\/2009\/03\/07\/mesida-nxenesit-i-kam-shume-te-mire\/\" \/>\n<meta property=\"og:locale\" content=\"en_US\" \/>\n<meta property=\"og:type\" content=\"article\" \/>\n<meta property=\"og:title\" content=\"Mesida : Nx\u00c3\u00abn\u00c3\u00absit i kam shum\u00c3\u00ab t\u00c3\u00ab mir\u00c3\u00ab | Big Brother Albania 2\" \/>\n<meta property=\"og:description\" content=\"Big Brother Albania 2 - Mesida e ka pyetur Adelajden sesa koh\u00c3\u00ab kishte q\u00c3\u00ab jepte m\u00c3\u00absim..\" \/>\n<meta property=\"og:url\" content=\"https:\/\/www.visit-ulcinj.com\/blog\/2009\/03\/07\/mesida-nxenesit-i-kam-shume-te-mire\/\" \/>\n<meta property=\"og:site_name\" content=\"Lajme nga Ulqini\" \/>\n<meta property=\"article:published_time\" content=\"2009-03-07T10:53:21+00:00\" \/>\n<meta property=\"article:modified_time\" content=\"2009-03-07T10:55:06+00:00\" \/>\n<meta property=\"og:image\" content=\"http:\/\/www.visit-ulcinj.com\/blog\/wp-content\/uploads\/2009\/03\/adelajda-nxenesit-copy.jpg\" \/>\n<meta name=\"twitter:label1\" content=\"Written by\" \/>\n\t<meta name=\"twitter:data1\" content=\"ulqini\" \/>\n\t<meta name=\"twitter:label2\" content=\"Est. reading time\" \/>\n\t<meta name=\"twitter:data2\" content=\"1 minute\" \/>\n<script type=\"application\/ld+json\" class=\"yoast-schema-graph\">{\"@context\":\"https:\/\/schema.org\",\"@graph\":[{\"@type\":\"WebSite\",\"@id\":\"https:\/\/www.visit-ulcinj.com\/blog\/#website\",\"url\":\"https:\/\/www.visit-ulcinj.com\/blog\/\",\"name\":\"Lajme nga Ulqini\",\"description\":\"Lajme,Vijesti,Ulqini,Ulqin,Crna Gora,Mali i Zi\",\"potentialAction\":[{\"@type\":\"SearchAction\",\"target\":{\"@type\":\"EntryPoint\",\"urlTemplate\":\"https:\/\/www.visit-ulcinj.com\/blog\/?s={search_term_string}\"},\"query-input\":\"required name=search_term_string\"}],\"inLanguage\":\"en-US\"},{\"@type\":\"ImageObject\",\"inLanguage\":\"en-US\",\"@id\":\"https:\/\/www.visit-ulcinj.com\/blog\/2009\/03\/07\/mesida-nxenesit-i-kam-shume-te-mire\/#primaryimage\",\"url\":\"http:\/\/www.visit-ulcinj.com\/blog\/wp-content\/uploads\/2009\/03\/adelajda-nxenesit-copy.jpg\",\"contentUrl\":\"http:\/\/www.visit-ulcinj.com\/blog\/wp-content\/uploads\/2009\/03\/adelajda-nxenesit-copy.jpg\"},{\"@type\":\"WebPage\",\"@id\":\"https:\/\/www.visit-ulcinj.com\/blog\/2009\/03\/07\/mesida-nxenesit-i-kam-shume-te-mire\/#webpage\",\"url\":\"https:\/\/www.visit-ulcinj.com\/blog\/2009\/03\/07\/mesida-nxenesit-i-kam-shume-te-mire\/\",\"name\":\"Mesida : Nx\u00c3\u00abn\u00c3\u00absit i kam shum\u00c3\u00ab t\u00c3\u00ab mir\u00c3\u00ab | Big Brother Albania 2\",\"isPartOf\":{\"@id\":\"https:\/\/www.visit-ulcinj.com\/blog\/#website\"},\"primaryImageOfPage\":{\"@id\":\"https:\/\/www.visit-ulcinj.com\/blog\/2009\/03\/07\/mesida-nxenesit-i-kam-shume-te-mire\/#primaryimage\"},\"datePublished\":\"2009-03-07T10:53:21+00:00\",\"dateModified\":\"2009-03-07T10:55:06+00:00\",\"author\":{\"@id\":\"https:\/\/www.visit-ulcinj.com\/blog\/#\/schema\/person\/dcab619c614d3038751c63bc2aadc06d\"},\"description\":\"Big Brother Albania 2 - Mesida e ka pyetur Adelajden sesa koh\u00c3\u00ab kishte q\u00c3\u00ab jepte m\u00c3\u00absim..\",\"breadcrumb\":{\"@id\":\"https:\/\/www.visit-ulcinj.com\/blog\/2009\/03\/07\/mesida-nxenesit-i-kam-shume-te-mire\/#breadcrumb\"},\"inLanguage\":\"en-US\",\"potentialAction\":[{\"@type\":\"ReadAction\",\"target\":[\"https:\/\/www.visit-ulcinj.com\/blog\/2009\/03\/07\/mesida-nxenesit-i-kam-shume-te-mire\/\"]}]},{\"@type\":\"BreadcrumbList\",\"@id\":\"https:\/\/www.visit-ulcinj.com\/blog\/2009\/03\/07\/mesida-nxenesit-i-kam-shume-te-mire\/#breadcrumb\",\"itemListElement\":[{\"@type\":\"ListItem\",\"position\":1,\"name\":\"Mesida : Nx\u00ebn\u00ebsit i kam shum\u00eb t\u00eb mir\u00eb\"}]},{\"@type\":\"Person\",\"@id\":\"https:\/\/www.visit-ulcinj.com\/blog\/#\/schema\/person\/dcab619c614d3038751c63bc2aadc06d\",\"name\":\"ulqini\",\"sameAs\":[\"http:\/\/www.visit-ulcinj.com\"],\"url\":\"https:\/\/www.visit-ulcinj.com\/blog\/author\/admin\/\"}]}<\/script>\n<!-- \/ Yoast SEO plugin. -->","yoast_head_json":{"title":"Mesida : Nx\u00c3\u00abn\u00c3\u00absit i kam shum\u00c3\u00ab t\u00c3\u00ab mir\u00c3\u00ab | Big Brother Albania 2","description":"Big Brother Albania 2 - Mesida e ka pyetur Adelajden sesa koh\u00c3\u00ab kishte q\u00c3\u00ab jepte m\u00c3\u00absim..","robots":{"index":"index","follow":"follow","max-snippet":"max-snippet:-1","max-image-preview":"max-image-preview:large","max-video-preview":"max-video-preview:-1"},"canonical":"https:\/\/www.visit-ulcinj.com\/blog\/2009\/03\/07\/mesida-nxenesit-i-kam-shume-te-mire\/","og_locale":"en_US","og_type":"article","og_title":"Mesida : Nx\u00c3\u00abn\u00c3\u00absit i kam shum\u00c3\u00ab t\u00c3\u00ab mir\u00c3\u00ab | Big Brother Albania 2","og_description":"Big Brother Albania 2 - Mesida e ka pyetur Adelajden sesa koh\u00c3\u00ab kishte q\u00c3\u00ab jepte m\u00c3\u00absim..","og_url":"https:\/\/www.visit-ulcinj.com\/blog\/2009\/03\/07\/mesida-nxenesit-i-kam-shume-te-mire\/","og_site_name":"Lajme nga Ulqini","article_published_time":"2009-03-07T10:53:21+00:00","article_modified_time":"2009-03-07T10:55:06+00:00","og_image":[{"url":"http:\/\/www.visit-ulcinj.com\/blog\/wp-content\/uploads\/2009\/03\/adelajda-nxenesit-copy.jpg"}],"twitter_misc":{"Written by":"ulqini","Est. reading time":"1 minute"},"schema":{"@context":"https:\/\/schema.org","@graph":[{"@type":"WebSite","@id":"https:\/\/www.visit-ulcinj.com\/blog\/#website","url":"https:\/\/www.visit-ulcinj.com\/blog\/","name":"Lajme nga Ulqini","description":"Lajme,Vijesti,Ulqini,Ulqin,Crna Gora,Mali i Zi","potentialAction":[{"@type":"SearchAction","target":{"@type":"EntryPoint","urlTemplate":"https:\/\/www.visit-ulcinj.com\/blog\/?s={search_term_string}"},"query-input":"required name=search_term_string"}],"inLanguage":"en-US"},{"@type":"ImageObject","inLanguage":"en-US","@id":"https:\/\/www.visit-ulcinj.com\/blog\/2009\/03\/07\/mesida-nxenesit-i-kam-shume-te-mire\/#primaryimage","url":"http:\/\/www.visit-ulcinj.com\/blog\/wp-content\/uploads\/2009\/03\/adelajda-nxenesit-copy.jpg","contentUrl":"http:\/\/www.visit-ulcinj.com\/blog\/wp-content\/uploads\/2009\/03\/adelajda-nxenesit-copy.jpg"},{"@type":"WebPage","@id":"https:\/\/www.visit-ulcinj.com\/blog\/2009\/03\/07\/mesida-nxenesit-i-kam-shume-te-mire\/#webpage","url":"https:\/\/www.visit-ulcinj.com\/blog\/2009\/03\/07\/mesida-nxenesit-i-kam-shume-te-mire\/","name":"Mesida : Nx\u00c3\u00abn\u00c3\u00absit i kam shum\u00c3\u00ab t\u00c3\u00ab mir\u00c3\u00ab | Big Brother Albania 2","isPartOf":{"@id":"https:\/\/www.visit-ulcinj.com\/blog\/#website"},"primaryImageOfPage":{"@id":"https:\/\/www.visit-ulcinj.com\/blog\/2009\/03\/07\/mesida-nxenesit-i-kam-shume-te-mire\/#primaryimage"},"datePublished":"2009-03-07T10:53:21+00:00","dateModified":"2009-03-07T10:55:06+00:00","author":{"@id":"https:\/\/www.visit-ulcinj.com\/blog\/#\/schema\/person\/dcab619c614d3038751c63bc2aadc06d"},"description":"Big Brother Albania 2 - Mesida e ka pyetur Adelajden sesa koh\u00c3\u00ab kishte q\u00c3\u00ab jepte m\u00c3\u00absim..","breadcrumb":{"@id":"https:\/\/www.visit-ulcinj.com\/blog\/2009\/03\/07\/mesida-nxenesit-i-kam-shume-te-mire\/#breadcrumb"},"inLanguage":"en-US","potentialAction":[{"@type":"ReadAction","target":["https:\/\/www.visit-ulcinj.com\/blog\/2009\/03\/07\/mesida-nxenesit-i-kam-shume-te-mire\/"]}]},{"@type":"BreadcrumbList","@id":"https:\/\/www.visit-ulcinj.com\/blog\/2009\/03\/07\/mesida-nxenesit-i-kam-shume-te-mire\/#breadcrumb","itemListElement":[{"@type":"ListItem","position":1,"name":"Mesida : Nx\u00ebn\u00ebsit i kam shum\u00eb t\u00eb mir\u00eb"}]},{"@type":"Person","@id":"https:\/\/www.visit-ulcinj.com\/blog\/#\/schema\/person\/dcab619c614d3038751c63bc2aadc06d","name":"ulqini","sameAs":["http:\/\/www.visit-ulcinj.com"],"url":"https:\/\/www.visit-ulcinj.com\/blog\/author\/admin\/"}]}},"jetpack_featured_media_url":"","jetpack_sharing_enabled":true,"jetpack_shortlink":"https:\/\/wp.me\/pe6lTn-3oU","_links":{"self":[{"href":"https:\/\/www.visit-ulcinj.com\/blog\/wp-json\/wp\/v2\/posts\/13076"}],"collection":[{"href":"https:\/\/www.visit-ulcinj.com\/blog\/wp-json\/wp\/v2\/posts"}],"about":[{"href":"https:\/\/www.visit-ulcinj.com\/blog\/wp-json\/wp\/v2\/types\/post"}],"author":[{"embeddable":true,"href":"https:\/\/www.visit-ulcinj.com\/blog\/wp-json\/wp\/v2\/users\/1"}],"replies":[{"embeddable":true,"href":"https:\/\/www.visit-ulcinj.com\/blog\/wp-json\/wp\/v2\/comments?post=13076"}],"version-history":[{"count":0,"href":"https:\/\/www.visit-ulcinj.com\/blog\/wp-json\/wp\/v2\/posts\/13076\/revisions"}],"wp:attachment":[{"href":"https:\/\/www.visit-ulcinj.com\/blog\/wp-json\/wp\/v2\/media?parent=13076"}],"wp:term":[{"taxonomy":"category","embeddable":true,"href":"https:\/\/www.visit-ulcinj.com\/blog\/wp-json\/wp\/v2\/categories?post=13076"},{"taxonomy":"post_tag","embeddable":true,"href":"https:\/\/www.visit-ulcinj.com\/blog\/wp-json\/wp\/v2\/tags?post=13076"}],"curies":[{"name":"wp","href":"https:\/\/api.w.org\/{rel}","templated":true}]}}