{"id":13082,"date":"2009-03-07T11:58:35","date_gmt":"2009-03-07T10:58:35","guid":{"rendered":"http:\/\/www.visit-ulcinj.com\/blog\/?p=13082"},"modified":"2009-03-07T11:58:35","modified_gmt":"2009-03-07T10:58:35","slug":"dritani-arjoni-e-lirita-zgjohen-te-paret","status":"publish","type":"post","link":"https:\/\/www.visit-ulcinj.com\/blog\/2009\/03\/07\/dritani-arjoni-e-lirita-zgjohen-te-paret\/","title":{"rendered":"Dritani, Arjoni e Lirita zgjohen t\u00eb par\u00ebt"},"content":{"rendered":"<p><em><span class=\"newsdate\"><a href=\"http:\/\/www.visit-ulcinj.com\/blog\/wp-content\/uploads\/2009\/03\/bjordi-kercen.jpg\"><img loading=\"lazy\" class=\"alignleft size-full wp-image-13083\" title=\"bjordi-kercen-big-brother-albania-2\" src=\"http:\/\/www.visit-ulcinj.com\/blog\/wp-content\/uploads\/2009\/03\/bjordi-kercen.jpg\" alt=\"bjordi-kercen-big-brother-albania-2\" width=\"300\" height=\"205\" \/><\/a>05\/03\/09 10:00<\/span><\/em><\/p>\n<p>T\u00eb par\u00ebt nga banor\u00ebt e sht\u00ebpis\u00eb q\u00eb jan\u00eb zgjuar, kan\u00eb qen\u00eb Lirita, Dritani dhe Arjoni, Ka mjaftuar m\u00eb pas q\u00eb V\u00ebllai i Madh t\u00eb vendos\u00eb muzik\u00ebn e Michael Jackson, q\u00eb menj\u00ebher\u00eb t\u00eb zgjohet edhe Bjordi e madje edhe t\u00eb k\u00ebrcej\u00eb. M\u00eb pas jan\u00eb zgjuar me rradh\u00eb edhe banor\u00ebt e tjer\u00eb t\u00eb sht\u00ebpis\u00eb.<\/p>\n","protected":false},"excerpt":{"rendered":"<p>05\/03\/09 10:00 T\u00eb par\u00ebt nga banor\u00ebt e sht\u00ebpis\u00eb q\u00eb jan\u00eb zgjuar, kan\u00eb qen\u00eb Lirita, Dritani dhe Arjoni, Ka mjaftuar m\u00eb pas q\u00eb V\u00ebllai i Madh t\u00eb vendos\u00eb muzik\u00ebn e Michael Jackson, q\u00eb menj\u00ebher\u00eb t\u00eb zgjohet edhe Bjordi e madje edhe t\u00eb k\u00ebrcej\u00eb. M\u00eb pas jan\u00eb zgjuar me rradh\u00eb edhe banor\u00ebt e tjer\u00eb t\u00eb sht\u00ebpis\u00eb.<\/p>\n","protected":false},"author":1,"featured_media":0,"comment_status":"open","ping_status":"closed","sticky":false,"template":"","format":"standard","meta":{"spay_email":"","jetpack_publicize_message":"","jetpack_is_tweetstorm":false,"jetpack_publicize_feature_enabled":true},"categories":[6502],"tags":[6558,6738,7565,5057,6506,6516,6712,7129,7564,6742,6538,6905,6567,6891,6693,6887],"jetpack_publicize_connections":[],"yoast_head":"<!-- This site is optimized with the Yoast SEO plugin v19.1 - https:\/\/yoast.com\/wordpress\/plugins\/seo\/ -->\n<title>Dritani, Arjoni e Lirita zgjohen t\u00c3\u00ab par\u00c3\u00abt | Big Brother Albania 2<\/title>\n<meta name=\"description\" content=\"Big Brother Albania 2 - T\u00c3\u00ab par\u00c3\u00abt nga banor\u00c3\u00abt e sht\u00c3\u00abpis\u00c3\u00ab q\u00c3\u00ab jan\u00c3\u00ab zgjuar, kan\u00c3\u00ab qen\u00c3\u00ab Lirita, Dritani dhe Arjoni, Ka mjaftuar m\u00c3\u00ab pas q\u00c3\u00ab V\u00c3\u00abllai i Madh t\u00c3\u00ab vendos\u00c3\u00ab muzik\u00c3\u00abn e Michael Jackson.\" \/>\n<meta name=\"robots\" content=\"index, follow, max-snippet:-1, max-image-preview:large, max-video-preview:-1\" \/>\n<link rel=\"canonical\" href=\"https:\/\/www.visit-ulcinj.com\/blog\/2009\/03\/07\/dritani-arjoni-e-lirita-zgjohen-te-paret\/\" \/>\n<meta property=\"og:locale\" content=\"en_US\" \/>\n<meta property=\"og:type\" content=\"article\" \/>\n<meta property=\"og:title\" content=\"Dritani, Arjoni e Lirita zgjohen t\u00c3\u00ab par\u00c3\u00abt | Big Brother Albania 2\" \/>\n<meta property=\"og:description\" content=\"Big Brother Albania 2 - T\u00c3\u00ab par\u00c3\u00abt nga banor\u00c3\u00abt e sht\u00c3\u00abpis\u00c3\u00ab q\u00c3\u00ab jan\u00c3\u00ab zgjuar, kan\u00c3\u00ab qen\u00c3\u00ab Lirita, Dritani dhe Arjoni, Ka mjaftuar m\u00c3\u00ab pas q\u00c3\u00ab V\u00c3\u00abllai i Madh t\u00c3\u00ab vendos\u00c3\u00ab muzik\u00c3\u00abn e Michael Jackson.\" \/>\n<meta property=\"og:url\" content=\"https:\/\/www.visit-ulcinj.com\/blog\/2009\/03\/07\/dritani-arjoni-e-lirita-zgjohen-te-paret\/\" \/>\n<meta property=\"og:site_name\" content=\"Lajme nga Ulqini\" \/>\n<meta property=\"article:published_time\" content=\"2009-03-07T10:58:35+00:00\" \/>\n<meta property=\"og:image\" content=\"http:\/\/www.visit-ulcinj.com\/blog\/wp-content\/uploads\/2009\/03\/bjordi-kercen.jpg\" \/>\n<meta name=\"twitter:label1\" content=\"Written by\" \/>\n\t<meta name=\"twitter:data1\" content=\"ulqini\" \/>\n<script type=\"application\/ld+json\" class=\"yoast-schema-graph\">{\"@context\":\"https:\/\/schema.org\",\"@graph\":[{\"@type\":\"WebSite\",\"@id\":\"https:\/\/www.visit-ulcinj.com\/blog\/#website\",\"url\":\"https:\/\/www.visit-ulcinj.com\/blog\/\",\"name\":\"Lajme nga Ulqini\",\"description\":\"Lajme,Vijesti,Ulqini,Ulqin,Crna Gora,Mali i Zi\",\"potentialAction\":[{\"@type\":\"SearchAction\",\"target\":{\"@type\":\"EntryPoint\",\"urlTemplate\":\"https:\/\/www.visit-ulcinj.com\/blog\/?s={search_term_string}\"},\"query-input\":\"required name=search_term_string\"}],\"inLanguage\":\"en-US\"},{\"@type\":\"ImageObject\",\"inLanguage\":\"en-US\",\"@id\":\"https:\/\/www.visit-ulcinj.com\/blog\/2009\/03\/07\/dritani-arjoni-e-lirita-zgjohen-te-paret\/#primaryimage\",\"url\":\"http:\/\/www.visit-ulcinj.com\/blog\/wp-content\/uploads\/2009\/03\/bjordi-kercen.jpg\",\"contentUrl\":\"http:\/\/www.visit-ulcinj.com\/blog\/wp-content\/uploads\/2009\/03\/bjordi-kercen.jpg\"},{\"@type\":\"WebPage\",\"@id\":\"https:\/\/www.visit-ulcinj.com\/blog\/2009\/03\/07\/dritani-arjoni-e-lirita-zgjohen-te-paret\/#webpage\",\"url\":\"https:\/\/www.visit-ulcinj.com\/blog\/2009\/03\/07\/dritani-arjoni-e-lirita-zgjohen-te-paret\/\",\"name\":\"Dritani, Arjoni e Lirita zgjohen t\u00c3\u00ab par\u00c3\u00abt | Big Brother Albania 2\",\"isPartOf\":{\"@id\":\"https:\/\/www.visit-ulcinj.com\/blog\/#website\"},\"primaryImageOfPage\":{\"@id\":\"https:\/\/www.visit-ulcinj.com\/blog\/2009\/03\/07\/dritani-arjoni-e-lirita-zgjohen-te-paret\/#primaryimage\"},\"datePublished\":\"2009-03-07T10:58:35+00:00\",\"dateModified\":\"2009-03-07T10:58:35+00:00\",\"author\":{\"@id\":\"https:\/\/www.visit-ulcinj.com\/blog\/#\/schema\/person\/dcab619c614d3038751c63bc2aadc06d\"},\"description\":\"Big Brother Albania 2 - T\u00c3\u00ab par\u00c3\u00abt nga banor\u00c3\u00abt e sht\u00c3\u00abpis\u00c3\u00ab q\u00c3\u00ab jan\u00c3\u00ab zgjuar, kan\u00c3\u00ab qen\u00c3\u00ab Lirita, Dritani dhe Arjoni, Ka mjaftuar m\u00c3\u00ab pas q\u00c3\u00ab V\u00c3\u00abllai i Madh t\u00c3\u00ab vendos\u00c3\u00ab muzik\u00c3\u00abn e Michael Jackson.\",\"breadcrumb\":{\"@id\":\"https:\/\/www.visit-ulcinj.com\/blog\/2009\/03\/07\/dritani-arjoni-e-lirita-zgjohen-te-paret\/#breadcrumb\"},\"inLanguage\":\"en-US\",\"potentialAction\":[{\"@type\":\"ReadAction\",\"target\":[\"https:\/\/www.visit-ulcinj.com\/blog\/2009\/03\/07\/dritani-arjoni-e-lirita-zgjohen-te-paret\/\"]}]},{\"@type\":\"BreadcrumbList\",\"@id\":\"https:\/\/www.visit-ulcinj.com\/blog\/2009\/03\/07\/dritani-arjoni-e-lirita-zgjohen-te-paret\/#breadcrumb\",\"itemListElement\":[{\"@type\":\"ListItem\",\"position\":1,\"name\":\"Dritani, Arjoni e Lirita zgjohen t\u00eb par\u00ebt\"}]},{\"@type\":\"Person\",\"@id\":\"https:\/\/www.visit-ulcinj.com\/blog\/#\/schema\/person\/dcab619c614d3038751c63bc2aadc06d\",\"name\":\"ulqini\",\"sameAs\":[\"http:\/\/www.visit-ulcinj.com\"],\"url\":\"https:\/\/www.visit-ulcinj.com\/blog\/author\/admin\/\"}]}<\/script>\n<!-- \/ Yoast SEO plugin. -->","yoast_head_json":{"title":"Dritani, Arjoni e Lirita zgjohen t\u00c3\u00ab par\u00c3\u00abt | Big Brother Albania 2","description":"Big Brother Albania 2 - T\u00c3\u00ab par\u00c3\u00abt nga banor\u00c3\u00abt e sht\u00c3\u00abpis\u00c3\u00ab q\u00c3\u00ab jan\u00c3\u00ab zgjuar, kan\u00c3\u00ab qen\u00c3\u00ab Lirita, Dritani dhe Arjoni, Ka mjaftuar m\u00c3\u00ab pas q\u00c3\u00ab V\u00c3\u00abllai i Madh t\u00c3\u00ab vendos\u00c3\u00ab muzik\u00c3\u00abn e Michael Jackson.","robots":{"index":"index","follow":"follow","max-snippet":"max-snippet:-1","max-image-preview":"max-image-preview:large","max-video-preview":"max-video-preview:-1"},"canonical":"https:\/\/www.visit-ulcinj.com\/blog\/2009\/03\/07\/dritani-arjoni-e-lirita-zgjohen-te-paret\/","og_locale":"en_US","og_type":"article","og_title":"Dritani, Arjoni e Lirita zgjohen t\u00c3\u00ab par\u00c3\u00abt | Big Brother Albania 2","og_description":"Big Brother Albania 2 - T\u00c3\u00ab par\u00c3\u00abt nga banor\u00c3\u00abt e sht\u00c3\u00abpis\u00c3\u00ab q\u00c3\u00ab jan\u00c3\u00ab zgjuar, kan\u00c3\u00ab qen\u00c3\u00ab Lirita, Dritani dhe Arjoni, Ka mjaftuar m\u00c3\u00ab pas q\u00c3\u00ab V\u00c3\u00abllai i Madh t\u00c3\u00ab vendos\u00c3\u00ab muzik\u00c3\u00abn e Michael Jackson.","og_url":"https:\/\/www.visit-ulcinj.com\/blog\/2009\/03\/07\/dritani-arjoni-e-lirita-zgjohen-te-paret\/","og_site_name":"Lajme nga Ulqini","article_published_time":"2009-03-07T10:58:35+00:00","og_image":[{"url":"http:\/\/www.visit-ulcinj.com\/blog\/wp-content\/uploads\/2009\/03\/bjordi-kercen.jpg"}],"twitter_misc":{"Written by":"ulqini"},"schema":{"@context":"https:\/\/schema.org","@graph":[{"@type":"WebSite","@id":"https:\/\/www.visit-ulcinj.com\/blog\/#website","url":"https:\/\/www.visit-ulcinj.com\/blog\/","name":"Lajme nga Ulqini","description":"Lajme,Vijesti,Ulqini,Ulqin,Crna Gora,Mali i Zi","potentialAction":[{"@type":"SearchAction","target":{"@type":"EntryPoint","urlTemplate":"https:\/\/www.visit-ulcinj.com\/blog\/?s={search_term_string}"},"query-input":"required name=search_term_string"}],"inLanguage":"en-US"},{"@type":"ImageObject","inLanguage":"en-US","@id":"https:\/\/www.visit-ulcinj.com\/blog\/2009\/03\/07\/dritani-arjoni-e-lirita-zgjohen-te-paret\/#primaryimage","url":"http:\/\/www.visit-ulcinj.com\/blog\/wp-content\/uploads\/2009\/03\/bjordi-kercen.jpg","contentUrl":"http:\/\/www.visit-ulcinj.com\/blog\/wp-content\/uploads\/2009\/03\/bjordi-kercen.jpg"},{"@type":"WebPage","@id":"https:\/\/www.visit-ulcinj.com\/blog\/2009\/03\/07\/dritani-arjoni-e-lirita-zgjohen-te-paret\/#webpage","url":"https:\/\/www.visit-ulcinj.com\/blog\/2009\/03\/07\/dritani-arjoni-e-lirita-zgjohen-te-paret\/","name":"Dritani, Arjoni e Lirita zgjohen t\u00c3\u00ab par\u00c3\u00abt | Big Brother Albania 2","isPartOf":{"@id":"https:\/\/www.visit-ulcinj.com\/blog\/#website"},"primaryImageOfPage":{"@id":"https:\/\/www.visit-ulcinj.com\/blog\/2009\/03\/07\/dritani-arjoni-e-lirita-zgjohen-te-paret\/#primaryimage"},"datePublished":"2009-03-07T10:58:35+00:00","dateModified":"2009-03-07T10:58:35+00:00","author":{"@id":"https:\/\/www.visit-ulcinj.com\/blog\/#\/schema\/person\/dcab619c614d3038751c63bc2aadc06d"},"description":"Big Brother Albania 2 - T\u00c3\u00ab par\u00c3\u00abt nga banor\u00c3\u00abt e sht\u00c3\u00abpis\u00c3\u00ab q\u00c3\u00ab jan\u00c3\u00ab zgjuar, kan\u00c3\u00ab qen\u00c3\u00ab Lirita, Dritani dhe Arjoni, Ka mjaftuar m\u00c3\u00ab pas q\u00c3\u00ab V\u00c3\u00abllai i Madh t\u00c3\u00ab vendos\u00c3\u00ab muzik\u00c3\u00abn e Michael Jackson.","breadcrumb":{"@id":"https:\/\/www.visit-ulcinj.com\/blog\/2009\/03\/07\/dritani-arjoni-e-lirita-zgjohen-te-paret\/#breadcrumb"},"inLanguage":"en-US","potentialAction":[{"@type":"ReadAction","target":["https:\/\/www.visit-ulcinj.com\/blog\/2009\/03\/07\/dritani-arjoni-e-lirita-zgjohen-te-paret\/"]}]},{"@type":"BreadcrumbList","@id":"https:\/\/www.visit-ulcinj.com\/blog\/2009\/03\/07\/dritani-arjoni-e-lirita-zgjohen-te-paret\/#breadcrumb","itemListElement":[{"@type":"ListItem","position":1,"name":"Dritani, Arjoni e Lirita zgjohen t\u00eb par\u00ebt"}]},{"@type":"Person","@id":"https:\/\/www.visit-ulcinj.com\/blog\/#\/schema\/person\/dcab619c614d3038751c63bc2aadc06d","name":"ulqini","sameAs":["http:\/\/www.visit-ulcinj.com"],"url":"https:\/\/www.visit-ulcinj.com\/blog\/author\/admin\/"}]}},"jetpack_featured_media_url":"","jetpack_sharing_enabled":true,"jetpack_shortlink":"https:\/\/wp.me\/pe6lTn-3p0","_links":{"self":[{"href":"https:\/\/www.visit-ulcinj.com\/blog\/wp-json\/wp\/v2\/posts\/13082"}],"collection":[{"href":"https:\/\/www.visit-ulcinj.com\/blog\/wp-json\/wp\/v2\/posts"}],"about":[{"href":"https:\/\/www.visit-ulcinj.com\/blog\/wp-json\/wp\/v2\/types\/post"}],"author":[{"embeddable":true,"href":"https:\/\/www.visit-ulcinj.com\/blog\/wp-json\/wp\/v2\/users\/1"}],"replies":[{"embeddable":true,"href":"https:\/\/www.visit-ulcinj.com\/blog\/wp-json\/wp\/v2\/comments?post=13082"}],"version-history":[{"count":0,"href":"https:\/\/www.visit-ulcinj.com\/blog\/wp-json\/wp\/v2\/posts\/13082\/revisions"}],"wp:attachment":[{"href":"https:\/\/www.visit-ulcinj.com\/blog\/wp-json\/wp\/v2\/media?parent=13082"}],"wp:term":[{"taxonomy":"category","embeddable":true,"href":"https:\/\/www.visit-ulcinj.com\/blog\/wp-json\/wp\/v2\/categories?post=13082"},{"taxonomy":"post_tag","embeddable":true,"href":"https:\/\/www.visit-ulcinj.com\/blog\/wp-json\/wp\/v2\/tags?post=13082"}],"curies":[{"name":"wp","href":"https:\/\/api.w.org\/{rel}","templated":true}]}}