{"id":13089,"date":"2009-03-07T12:20:36","date_gmt":"2009-03-07T11:20:36","guid":{"rendered":"http:\/\/www.visit-ulcinj.com\/blog\/?p=13089"},"modified":"2009-03-07T12:20:36","modified_gmt":"2009-03-07T11:20:36","slug":"bjordi-jam-shqiptar","status":"publish","type":"post","link":"https:\/\/www.visit-ulcinj.com\/blog\/2009\/03\/07\/bjordi-jam-shqiptar\/","title":{"rendered":"Bjordi : Jam shqiptar"},"content":{"rendered":"<p><em><span class=\"newsdate\"><a href=\"http:\/\/www.visit-ulcinj.com\/blog\/wp-content\/uploads\/2009\/03\/bjordiadi2.jpg\"><img loading=\"lazy\" class=\"alignleft size-full wp-image-13090\" title=\"bjordiadi-big-brother-albania-2\" src=\"http:\/\/www.visit-ulcinj.com\/blog\/wp-content\/uploads\/2009\/03\/bjordiadi2.jpg\" alt=\"bjordiadi-big-brother-albania-2\" width=\"300\" height=\"205\" \/><\/a>05\/03\/09 12:25<\/span><\/em><\/p>\n<p>Bjordi dhe Adi rrijn\u00eb n\u00eb kop\u00ebsht. Mes tyre hapet nj\u00eb bised\u00eb n\u00eb lidhje me jet\u00ebn e shqiptar\u00ebve jashtw vendit dhe se si e prezantojn\u00eb veten p\u00ebrpara t\u00eb huajve. Adi i thot\u00eb Bjordit se nga fakti q\u00eb ai ka jetuar q\u00eb shum\u00eb i vog\u00ebl n\u00eb Itali, mund ta quaj\u00eb veten italian pasi ka marr\u00eb nj\u00eb tjet\u00ebr kultur\u00eb nga ajo shqiptare. Por, Bjordi nuk e pranon k\u00ebt\u00eb ide. Ai e thot\u00eb me bindje t\u00eb plot\u00eb se \u00ebsht\u00eb shqiptar dhe ndihet i till\u00eb. Ai i thot\u00eb Adit se nuk ishte ai q\u00eb zgjodhi t\u00eb largohej, por ishin rrethanat q\u00eb e detyruan. Bjordi thot\u00eb se nuk e ka prezantuar veten asnj\u00ebher\u00eb si italian por gjithmon\u00eb si shqiptar dhe se t\u00eb huajt habiten e i thon\u00eb se nuk duket fare si i till\u00eb dhe k\u00ebt\u00eb ja thon\u00eb n\u00eb form\u00ebn e komplimentit. Ai i thot\u00eb Adit se kjo m\u00ebnyr\u00eb paragjykimi nga t\u00eb huajt e vret. Bjordi thot\u00eb se ndihet nj\u00eb person korrekt dhe se do q\u00eb t\u00eb tjer\u00ebt ta gjykojn\u00eb p\u00ebr at\u00eb q\u00eb \u00ebsht\u00eb dhe jo t\u00eb paragjykohet sepse \u00ebsht\u00eb shqiptar, sic ndodh me shum\u00eb t\u00eb tjer\u00eb t\u00eb cil\u00ebt preferojn\u00eb t\u00eb mos e tregojn\u00eb identitetin e tyre. Ai i tregon Adit se ndihet i l\u00ebnduar edhe nga personat q\u00eb ndodhen n\u00eb sht\u00ebpi pasi e trajtojn\u00eb si nj\u00eb emigrant dhe Adi i jep zem\u00ebr duke i th\u00ebn\u00eb se k\u00ebtu jan\u00eb p\u00ebr pak koh\u00eb dhe se jan\u00eb p\u00ebr t\u00eb luajtur nj\u00eb loj\u00eb. Adi i thot\u00eb se banor\u00ebt e tjer\u00eb kan\u00eb t\u00eb drejt\u00eb p\u00ebr ta pyetur e jo p\u00ebr ta v\u00ebn\u00eb n\u00eb siklet dhe i k\u00ebrkon Bjordit q\u00eb t\u00eb mos e vras\u00eb shum\u00eb mendjen p\u00ebr k\u00ebt\u00eb c\u00ebshtje. Bjordi i tregon Adit se k\u00ebtu po p\u00ebrpiqet t\u00eb tregoj\u00eb se cili \u00ebsht\u00eb n\u00eb t\u00eb v\u00ebrtet\u00eb por t\u00eb tjer\u00ebt nuk e l\u00ebn\u00eb q\u00eb t\u00eb shprehet. I vetmi q\u00eb e d\u00ebgjon \u00ebsht\u00eb Adi. Ai thot\u00eb se \u00ebsht\u00eb inteligjent dhe k\u00ebt\u00eb arm\u00eb do t\u00eb p\u00ebrdor\u00eb n\u00eb k\u00ebt\u00eb loj\u00eb, por i mungojn\u00eb fjal\u00ebt q\u00eb t\u00eb shprehet qart\u00eb. Bjordi i tregon se i kishte r\u00ebnduar shum\u00eb nj\u00eb shprehje q\u00eb i kishte th\u00ebn\u00eb Arjoni dhe Adi e k\u00ebshillon se n\u00ebse e ndjen veten si luft\u00ebtar, t\u00eb hidhet n\u00eb sulm.<\/p>\n","protected":false},"excerpt":{"rendered":"<p>05\/03\/09 12:25 Bjordi dhe Adi rrijn\u00eb n\u00eb kop\u00ebsht. Mes tyre hapet nj\u00eb bised\u00eb n\u00eb lidhje me jet\u00ebn e shqiptar\u00ebve jashtw vendit dhe se si e prezantojn\u00eb veten p\u00ebrpara t\u00eb huajve. Adi i thot\u00eb Bjordit se nga fakti q\u00eb ai ka jetuar q\u00eb shum\u00eb i vog\u00ebl n\u00eb Itali, mund ta quaj\u00eb veten italian pasi ka marr\u00eb [&hellip;]<\/p>\n","protected":false},"author":1,"featured_media":0,"comment_status":"open","ping_status":"closed","sticky":false,"template":"","format":"standard","meta":{"spay_email":"","jetpack_publicize_message":"","jetpack_is_tweetstorm":false,"jetpack_publicize_feature_enabled":true},"categories":[6502],"tags":[1414,5057,6506,6516,6712,7129,6665,6522,7567,6891,6693,6887],"jetpack_publicize_connections":[],"yoast_head":"<!-- This site is optimized with the Yoast SEO plugin v19.1 - https:\/\/yoast.com\/wordpress\/plugins\/seo\/ -->\n<title>Bjordi : Jam shqiptar | Big Brother Albania 2<\/title>\n<meta name=\"description\" content=\"Big Brother Albania 2 - Bjordi dhe Adi rrijn\u00c3\u00ab n\u00c3\u00ab kop\u00c3\u00absht. Mes tyre hapet nj\u00c3\u00ab bised\u00c3\u00ab n\u00c3\u00ab lidhje me jet\u00c3\u00abn e shqiptar\u00c3\u00abve jashtw vendit dhe se si e prezantojn\u00c3\u00ab veten p\u00c3\u00abrpara t\u00c3\u00ab huajve\" \/>\n<meta name=\"robots\" content=\"index, follow, max-snippet:-1, max-image-preview:large, max-video-preview:-1\" \/>\n<link rel=\"canonical\" href=\"https:\/\/www.visit-ulcinj.com\/blog\/2009\/03\/07\/bjordi-jam-shqiptar\/\" \/>\n<meta property=\"og:locale\" content=\"en_US\" \/>\n<meta property=\"og:type\" content=\"article\" \/>\n<meta property=\"og:title\" content=\"Bjordi : Jam shqiptar | Big Brother Albania 2\" \/>\n<meta property=\"og:description\" content=\"Big Brother Albania 2 - Bjordi dhe Adi rrijn\u00c3\u00ab n\u00c3\u00ab kop\u00c3\u00absht. Mes tyre hapet nj\u00c3\u00ab bised\u00c3\u00ab n\u00c3\u00ab lidhje me jet\u00c3\u00abn e shqiptar\u00c3\u00abve jashtw vendit dhe se si e prezantojn\u00c3\u00ab veten p\u00c3\u00abrpara t\u00c3\u00ab huajve\" \/>\n<meta property=\"og:url\" content=\"https:\/\/www.visit-ulcinj.com\/blog\/2009\/03\/07\/bjordi-jam-shqiptar\/\" \/>\n<meta property=\"og:site_name\" content=\"Lajme nga Ulqini\" \/>\n<meta property=\"article:published_time\" content=\"2009-03-07T11:20:36+00:00\" \/>\n<meta property=\"og:image\" content=\"http:\/\/www.visit-ulcinj.com\/blog\/wp-content\/uploads\/2009\/03\/bjordiadi2.jpg\" \/>\n<meta name=\"twitter:label1\" content=\"Written by\" \/>\n\t<meta name=\"twitter:data1\" content=\"ulqini\" \/>\n\t<meta name=\"twitter:label2\" content=\"Est. reading time\" \/>\n\t<meta name=\"twitter:data2\" content=\"2 minutes\" \/>\n<script type=\"application\/ld+json\" class=\"yoast-schema-graph\">{\"@context\":\"https:\/\/schema.org\",\"@graph\":[{\"@type\":\"WebSite\",\"@id\":\"https:\/\/www.visit-ulcinj.com\/blog\/#website\",\"url\":\"https:\/\/www.visit-ulcinj.com\/blog\/\",\"name\":\"Lajme nga Ulqini\",\"description\":\"Lajme,Vijesti,Ulqini,Ulqin,Crna Gora,Mali i Zi\",\"potentialAction\":[{\"@type\":\"SearchAction\",\"target\":{\"@type\":\"EntryPoint\",\"urlTemplate\":\"https:\/\/www.visit-ulcinj.com\/blog\/?s={search_term_string}\"},\"query-input\":\"required name=search_term_string\"}],\"inLanguage\":\"en-US\"},{\"@type\":\"ImageObject\",\"inLanguage\":\"en-US\",\"@id\":\"https:\/\/www.visit-ulcinj.com\/blog\/2009\/03\/07\/bjordi-jam-shqiptar\/#primaryimage\",\"url\":\"http:\/\/www.visit-ulcinj.com\/blog\/wp-content\/uploads\/2009\/03\/bjordiadi2.jpg\",\"contentUrl\":\"http:\/\/www.visit-ulcinj.com\/blog\/wp-content\/uploads\/2009\/03\/bjordiadi2.jpg\"},{\"@type\":\"WebPage\",\"@id\":\"https:\/\/www.visit-ulcinj.com\/blog\/2009\/03\/07\/bjordi-jam-shqiptar\/#webpage\",\"url\":\"https:\/\/www.visit-ulcinj.com\/blog\/2009\/03\/07\/bjordi-jam-shqiptar\/\",\"name\":\"Bjordi : Jam shqiptar | Big Brother Albania 2\",\"isPartOf\":{\"@id\":\"https:\/\/www.visit-ulcinj.com\/blog\/#website\"},\"primaryImageOfPage\":{\"@id\":\"https:\/\/www.visit-ulcinj.com\/blog\/2009\/03\/07\/bjordi-jam-shqiptar\/#primaryimage\"},\"datePublished\":\"2009-03-07T11:20:36+00:00\",\"dateModified\":\"2009-03-07T11:20:36+00:00\",\"author\":{\"@id\":\"https:\/\/www.visit-ulcinj.com\/blog\/#\/schema\/person\/dcab619c614d3038751c63bc2aadc06d\"},\"description\":\"Big Brother Albania 2 - Bjordi dhe Adi rrijn\u00c3\u00ab n\u00c3\u00ab kop\u00c3\u00absht. Mes tyre hapet nj\u00c3\u00ab bised\u00c3\u00ab n\u00c3\u00ab lidhje me jet\u00c3\u00abn e shqiptar\u00c3\u00abve jashtw vendit dhe se si e prezantojn\u00c3\u00ab veten p\u00c3\u00abrpara t\u00c3\u00ab huajve\",\"breadcrumb\":{\"@id\":\"https:\/\/www.visit-ulcinj.com\/blog\/2009\/03\/07\/bjordi-jam-shqiptar\/#breadcrumb\"},\"inLanguage\":\"en-US\",\"potentialAction\":[{\"@type\":\"ReadAction\",\"target\":[\"https:\/\/www.visit-ulcinj.com\/blog\/2009\/03\/07\/bjordi-jam-shqiptar\/\"]}]},{\"@type\":\"BreadcrumbList\",\"@id\":\"https:\/\/www.visit-ulcinj.com\/blog\/2009\/03\/07\/bjordi-jam-shqiptar\/#breadcrumb\",\"itemListElement\":[{\"@type\":\"ListItem\",\"position\":1,\"name\":\"Bjordi : Jam shqiptar\"}]},{\"@type\":\"Person\",\"@id\":\"https:\/\/www.visit-ulcinj.com\/blog\/#\/schema\/person\/dcab619c614d3038751c63bc2aadc06d\",\"name\":\"ulqini\",\"sameAs\":[\"http:\/\/www.visit-ulcinj.com\"],\"url\":\"https:\/\/www.visit-ulcinj.com\/blog\/author\/admin\/\"}]}<\/script>\n<!-- \/ Yoast SEO plugin. -->","yoast_head_json":{"title":"Bjordi : Jam shqiptar | Big Brother Albania 2","description":"Big Brother Albania 2 - Bjordi dhe Adi rrijn\u00c3\u00ab n\u00c3\u00ab kop\u00c3\u00absht. Mes tyre hapet nj\u00c3\u00ab bised\u00c3\u00ab n\u00c3\u00ab lidhje me jet\u00c3\u00abn e shqiptar\u00c3\u00abve jashtw vendit dhe se si e prezantojn\u00c3\u00ab veten p\u00c3\u00abrpara t\u00c3\u00ab huajve","robots":{"index":"index","follow":"follow","max-snippet":"max-snippet:-1","max-image-preview":"max-image-preview:large","max-video-preview":"max-video-preview:-1"},"canonical":"https:\/\/www.visit-ulcinj.com\/blog\/2009\/03\/07\/bjordi-jam-shqiptar\/","og_locale":"en_US","og_type":"article","og_title":"Bjordi : Jam shqiptar | Big Brother Albania 2","og_description":"Big Brother Albania 2 - Bjordi dhe Adi rrijn\u00c3\u00ab n\u00c3\u00ab kop\u00c3\u00absht. Mes tyre hapet nj\u00c3\u00ab bised\u00c3\u00ab n\u00c3\u00ab lidhje me jet\u00c3\u00abn e shqiptar\u00c3\u00abve jashtw vendit dhe se si e prezantojn\u00c3\u00ab veten p\u00c3\u00abrpara t\u00c3\u00ab huajve","og_url":"https:\/\/www.visit-ulcinj.com\/blog\/2009\/03\/07\/bjordi-jam-shqiptar\/","og_site_name":"Lajme nga Ulqini","article_published_time":"2009-03-07T11:20:36+00:00","og_image":[{"url":"http:\/\/www.visit-ulcinj.com\/blog\/wp-content\/uploads\/2009\/03\/bjordiadi2.jpg"}],"twitter_misc":{"Written by":"ulqini","Est. reading time":"2 minutes"},"schema":{"@context":"https:\/\/schema.org","@graph":[{"@type":"WebSite","@id":"https:\/\/www.visit-ulcinj.com\/blog\/#website","url":"https:\/\/www.visit-ulcinj.com\/blog\/","name":"Lajme nga Ulqini","description":"Lajme,Vijesti,Ulqini,Ulqin,Crna Gora,Mali i Zi","potentialAction":[{"@type":"SearchAction","target":{"@type":"EntryPoint","urlTemplate":"https:\/\/www.visit-ulcinj.com\/blog\/?s={search_term_string}"},"query-input":"required name=search_term_string"}],"inLanguage":"en-US"},{"@type":"ImageObject","inLanguage":"en-US","@id":"https:\/\/www.visit-ulcinj.com\/blog\/2009\/03\/07\/bjordi-jam-shqiptar\/#primaryimage","url":"http:\/\/www.visit-ulcinj.com\/blog\/wp-content\/uploads\/2009\/03\/bjordiadi2.jpg","contentUrl":"http:\/\/www.visit-ulcinj.com\/blog\/wp-content\/uploads\/2009\/03\/bjordiadi2.jpg"},{"@type":"WebPage","@id":"https:\/\/www.visit-ulcinj.com\/blog\/2009\/03\/07\/bjordi-jam-shqiptar\/#webpage","url":"https:\/\/www.visit-ulcinj.com\/blog\/2009\/03\/07\/bjordi-jam-shqiptar\/","name":"Bjordi : Jam shqiptar | Big Brother Albania 2","isPartOf":{"@id":"https:\/\/www.visit-ulcinj.com\/blog\/#website"},"primaryImageOfPage":{"@id":"https:\/\/www.visit-ulcinj.com\/blog\/2009\/03\/07\/bjordi-jam-shqiptar\/#primaryimage"},"datePublished":"2009-03-07T11:20:36+00:00","dateModified":"2009-03-07T11:20:36+00:00","author":{"@id":"https:\/\/www.visit-ulcinj.com\/blog\/#\/schema\/person\/dcab619c614d3038751c63bc2aadc06d"},"description":"Big Brother Albania 2 - Bjordi dhe Adi rrijn\u00c3\u00ab n\u00c3\u00ab kop\u00c3\u00absht. Mes tyre hapet nj\u00c3\u00ab bised\u00c3\u00ab n\u00c3\u00ab lidhje me jet\u00c3\u00abn e shqiptar\u00c3\u00abve jashtw vendit dhe se si e prezantojn\u00c3\u00ab veten p\u00c3\u00abrpara t\u00c3\u00ab huajve","breadcrumb":{"@id":"https:\/\/www.visit-ulcinj.com\/blog\/2009\/03\/07\/bjordi-jam-shqiptar\/#breadcrumb"},"inLanguage":"en-US","potentialAction":[{"@type":"ReadAction","target":["https:\/\/www.visit-ulcinj.com\/blog\/2009\/03\/07\/bjordi-jam-shqiptar\/"]}]},{"@type":"BreadcrumbList","@id":"https:\/\/www.visit-ulcinj.com\/blog\/2009\/03\/07\/bjordi-jam-shqiptar\/#breadcrumb","itemListElement":[{"@type":"ListItem","position":1,"name":"Bjordi : Jam shqiptar"}]},{"@type":"Person","@id":"https:\/\/www.visit-ulcinj.com\/blog\/#\/schema\/person\/dcab619c614d3038751c63bc2aadc06d","name":"ulqini","sameAs":["http:\/\/www.visit-ulcinj.com"],"url":"https:\/\/www.visit-ulcinj.com\/blog\/author\/admin\/"}]}},"jetpack_featured_media_url":"","jetpack_sharing_enabled":true,"jetpack_shortlink":"https:\/\/wp.me\/pe6lTn-3p7","_links":{"self":[{"href":"https:\/\/www.visit-ulcinj.com\/blog\/wp-json\/wp\/v2\/posts\/13089"}],"collection":[{"href":"https:\/\/www.visit-ulcinj.com\/blog\/wp-json\/wp\/v2\/posts"}],"about":[{"href":"https:\/\/www.visit-ulcinj.com\/blog\/wp-json\/wp\/v2\/types\/post"}],"author":[{"embeddable":true,"href":"https:\/\/www.visit-ulcinj.com\/blog\/wp-json\/wp\/v2\/users\/1"}],"replies":[{"embeddable":true,"href":"https:\/\/www.visit-ulcinj.com\/blog\/wp-json\/wp\/v2\/comments?post=13089"}],"version-history":[{"count":0,"href":"https:\/\/www.visit-ulcinj.com\/blog\/wp-json\/wp\/v2\/posts\/13089\/revisions"}],"wp:attachment":[{"href":"https:\/\/www.visit-ulcinj.com\/blog\/wp-json\/wp\/v2\/media?parent=13089"}],"wp:term":[{"taxonomy":"category","embeddable":true,"href":"https:\/\/www.visit-ulcinj.com\/blog\/wp-json\/wp\/v2\/categories?post=13089"},{"taxonomy":"post_tag","embeddable":true,"href":"https:\/\/www.visit-ulcinj.com\/blog\/wp-json\/wp\/v2\/tags?post=13089"}],"curies":[{"name":"wp","href":"https:\/\/api.w.org\/{rel}","templated":true}]}}