{"id":13101,"date":"2009-03-07T13:00:34","date_gmt":"2009-03-07T12:00:34","guid":{"rendered":"http:\/\/www.visit-ulcinj.com\/blog\/?p=13101"},"modified":"2009-03-07T13:00:34","modified_gmt":"2009-03-07T12:00:34","slug":"adela-mos-me-thirr-zysha","status":"publish","type":"post","link":"https:\/\/www.visit-ulcinj.com\/blog\/2009\/03\/07\/adela-mos-me-thirr-zysha\/","title":{"rendered":"Adela: Mos m\u00eb thirr &#8220;Zysha&#8221;"},"content":{"rendered":"<p><em><span class=\"newsdate\"><strong><a href=\"http:\/\/www.visit-ulcinj.com\/blog\/wp-content\/uploads\/2009\/03\/zysha-dhe-aida.jpg\"><img loading=\"lazy\" class=\"alignleft size-full wp-image-13102\" title=\"zysha-dhe-aida-big-big-brother-albania\" src=\"http:\/\/www.visit-ulcinj.com\/blog\/wp-content\/uploads\/2009\/03\/zysha-dhe-aida.jpg\" alt=\"zysha-dhe-aida-big-big-brother-albania\" width=\"300\" height=\"205\" \/><\/a><\/strong>05\/03\/09 16:25<\/span><\/em><\/p>\n<p>Banor\u00ebt diskutojn\u00eb p\u00ebr uniformat n\u00eb shkoll\u00eb. Aida \u00ebsht\u00eb kund\u00ebr uniform\u00ebs n\u00eb shkoll\u00eb dhe fillon t\u00eb shpreh\u00eb mendimin e saj. Adelajda nd\u00ebrhyn n\u00eb momentin q\u00eb po fliste Aida dhe asaj nuk i p\u00eblqeu kjo gj\u00eb. Ajo i thot\u00eb:\u201dPse flet mi zyshe apo mendon se je aq e aft\u00eb t\u00eb ma kap\u00ebsh mendimin akoma pa e th\u00ebn\u00eb\u201d? Adelajda i thot\u00eb q\u00eb nuk i p\u00eblqen q\u00eb ta th\u00ebrras\u00eb\u201dzysha\u201d, dhe se Aid\u00ebs i p\u00eblqen vet\u00ebm t\u00eb flas\u00eb, dhe nuk d\u00ebgjon. Aida i thot\u00eb q\u00eb \u201cNuk je askushi q\u00eb t\u00eb m\u00eb nd\u00ebrpres\u00ebsh\u201d, dhe se flet kur nuk i takon t\u00eb flas\u00eb. Adelajda i thot\u00eb q\u00eb sa her\u00eb diskutojn\u00eb Aida i v\u00eb n\u00eb dukje faktin q\u00eb ajo jep m\u00ebsim duke i p\u00ebrmendur lapsin dhe regjistrin. Aida i thot\u00eb q\u00eb k\u00ebt\u00eb p\u00ebrshtypje i jep dhe ne jet\u00ebn e p\u00ebrditshme pasi kur ja k\u00ebrkon nj\u00eb gj\u00eb Adelajda ja thot\u00eb n\u00eb form\u00eb urdh\u00ebrore. Adelajda i thot\u00eb q\u00eb ndoshta shikon nje gj\u00eb q\u00eb nuk \u00ebsht\u00eb e v\u00ebrtet\u00eb pasi asnj\u00eb person nuk ja ka v\u00ebn\u00eb k\u00ebto gj\u00ebra n\u00eb dukje. Aida thot\u00eb q\u00eb e ka n\u00eb dor\u00eb ta v\u00ebrtetoj\u00eb k\u00ebt\u00eb gj\u00eb dhe se nuk po e quan \u201cdiktatore por zysh\u00eb\u201d. Adelajda thot\u00eb q\u00eb sa ka hyr\u00eb n\u00eb sht\u00ebpi Aida me t\u00eb \u00ebsht\u00eb kapur p\u00ebr t\u00eb nj\u00ebjtat gj\u00ebra.<\/p>\n","protected":false},"excerpt":{"rendered":"<p>05\/03\/09 16:25 Banor\u00ebt diskutojn\u00eb p\u00ebr uniformat n\u00eb shkoll\u00eb. Aida \u00ebsht\u00eb kund\u00ebr uniform\u00ebs n\u00eb shkoll\u00eb dhe fillon t\u00eb shpreh\u00eb mendimin e saj. Adelajda nd\u00ebrhyn n\u00eb momentin q\u00eb po fliste Aida dhe asaj nuk i p\u00eblqeu kjo gj\u00eb. Ajo i thot\u00eb:\u201dPse flet mi zyshe apo mendon se je aq e aft\u00eb t\u00eb ma kap\u00ebsh mendimin akoma pa [&hellip;]<\/p>\n","protected":false},"author":1,"featured_media":0,"comment_status":"open","ping_status":"closed","sticky":false,"template":"","format":"standard","meta":{"spay_email":"","jetpack_publicize_message":"","jetpack_is_tweetstorm":false,"jetpack_publicize_feature_enabled":true},"categories":[6502],"tags":[6562,6566,6537,5057,6506,6712,7129,7573,6891,6693,6887,7572],"jetpack_publicize_connections":[],"yoast_head":"<!-- This site is optimized with the Yoast SEO plugin v19.1 - https:\/\/yoast.com\/wordpress\/plugins\/seo\/ -->\n<title>Adela: Mos m\u00c3\u00ab thirr &quot;Zysha&quot; | Big Brother Albania 2<\/title>\n<meta name=\"description\" content=\"Big Brother Albania 2 - Banor\u00c3\u00abt diskutojn\u00c3\u00ab p\u00c3\u00abr uniformat n\u00c3\u00ab shkoll\u00c3\u00ab. Aida \u00c3\u00absht\u00c3\u00ab kund\u00c3\u00abr uniform\u00c3\u00abs n\u00c3\u00ab shkoll\u00c3\u00ab dhe fillon t\u00c3\u00ab shpreh\u00c3\u00ab mendimin e saj.\" \/>\n<meta name=\"robots\" content=\"index, follow, max-snippet:-1, max-image-preview:large, max-video-preview:-1\" \/>\n<link rel=\"canonical\" href=\"https:\/\/www.visit-ulcinj.com\/blog\/2009\/03\/07\/adela-mos-me-thirr-zysha\/\" \/>\n<meta property=\"og:locale\" content=\"en_US\" \/>\n<meta property=\"og:type\" content=\"article\" \/>\n<meta property=\"og:title\" content=\"Adela: Mos m\u00c3\u00ab thirr &quot;Zysha&quot; | Big Brother Albania 2\" \/>\n<meta property=\"og:description\" content=\"Big Brother Albania 2 - Banor\u00c3\u00abt diskutojn\u00c3\u00ab p\u00c3\u00abr uniformat n\u00c3\u00ab shkoll\u00c3\u00ab. Aida \u00c3\u00absht\u00c3\u00ab kund\u00c3\u00abr uniform\u00c3\u00abs n\u00c3\u00ab shkoll\u00c3\u00ab dhe fillon t\u00c3\u00ab shpreh\u00c3\u00ab mendimin e saj.\" \/>\n<meta property=\"og:url\" content=\"https:\/\/www.visit-ulcinj.com\/blog\/2009\/03\/07\/adela-mos-me-thirr-zysha\/\" \/>\n<meta property=\"og:site_name\" content=\"Lajme nga Ulqini\" \/>\n<meta property=\"article:published_time\" content=\"2009-03-07T12:00:34+00:00\" \/>\n<meta property=\"og:image\" content=\"http:\/\/www.visit-ulcinj.com\/blog\/wp-content\/uploads\/2009\/03\/zysha-dhe-aida.jpg\" \/>\n<meta name=\"twitter:label1\" content=\"Written by\" \/>\n\t<meta name=\"twitter:data1\" content=\"ulqini\" \/>\n\t<meta name=\"twitter:label2\" content=\"Est. reading time\" \/>\n\t<meta name=\"twitter:data2\" content=\"1 minute\" \/>\n<script type=\"application\/ld+json\" class=\"yoast-schema-graph\">{\"@context\":\"https:\/\/schema.org\",\"@graph\":[{\"@type\":\"WebSite\",\"@id\":\"https:\/\/www.visit-ulcinj.com\/blog\/#website\",\"url\":\"https:\/\/www.visit-ulcinj.com\/blog\/\",\"name\":\"Lajme nga Ulqini\",\"description\":\"Lajme,Vijesti,Ulqini,Ulqin,Crna Gora,Mali i Zi\",\"potentialAction\":[{\"@type\":\"SearchAction\",\"target\":{\"@type\":\"EntryPoint\",\"urlTemplate\":\"https:\/\/www.visit-ulcinj.com\/blog\/?s={search_term_string}\"},\"query-input\":\"required name=search_term_string\"}],\"inLanguage\":\"en-US\"},{\"@type\":\"ImageObject\",\"inLanguage\":\"en-US\",\"@id\":\"https:\/\/www.visit-ulcinj.com\/blog\/2009\/03\/07\/adela-mos-me-thirr-zysha\/#primaryimage\",\"url\":\"http:\/\/www.visit-ulcinj.com\/blog\/wp-content\/uploads\/2009\/03\/zysha-dhe-aida.jpg\",\"contentUrl\":\"http:\/\/www.visit-ulcinj.com\/blog\/wp-content\/uploads\/2009\/03\/zysha-dhe-aida.jpg\"},{\"@type\":\"WebPage\",\"@id\":\"https:\/\/www.visit-ulcinj.com\/blog\/2009\/03\/07\/adela-mos-me-thirr-zysha\/#webpage\",\"url\":\"https:\/\/www.visit-ulcinj.com\/blog\/2009\/03\/07\/adela-mos-me-thirr-zysha\/\",\"name\":\"Adela: Mos m\u00c3\u00ab thirr \\\"Zysha\\\" | Big Brother Albania 2\",\"isPartOf\":{\"@id\":\"https:\/\/www.visit-ulcinj.com\/blog\/#website\"},\"primaryImageOfPage\":{\"@id\":\"https:\/\/www.visit-ulcinj.com\/blog\/2009\/03\/07\/adela-mos-me-thirr-zysha\/#primaryimage\"},\"datePublished\":\"2009-03-07T12:00:34+00:00\",\"dateModified\":\"2009-03-07T12:00:34+00:00\",\"author\":{\"@id\":\"https:\/\/www.visit-ulcinj.com\/blog\/#\/schema\/person\/dcab619c614d3038751c63bc2aadc06d\"},\"description\":\"Big Brother Albania 2 - Banor\u00c3\u00abt diskutojn\u00c3\u00ab p\u00c3\u00abr uniformat n\u00c3\u00ab shkoll\u00c3\u00ab. Aida \u00c3\u00absht\u00c3\u00ab kund\u00c3\u00abr uniform\u00c3\u00abs n\u00c3\u00ab shkoll\u00c3\u00ab dhe fillon t\u00c3\u00ab shpreh\u00c3\u00ab mendimin e saj.\",\"breadcrumb\":{\"@id\":\"https:\/\/www.visit-ulcinj.com\/blog\/2009\/03\/07\/adela-mos-me-thirr-zysha\/#breadcrumb\"},\"inLanguage\":\"en-US\",\"potentialAction\":[{\"@type\":\"ReadAction\",\"target\":[\"https:\/\/www.visit-ulcinj.com\/blog\/2009\/03\/07\/adela-mos-me-thirr-zysha\/\"]}]},{\"@type\":\"BreadcrumbList\",\"@id\":\"https:\/\/www.visit-ulcinj.com\/blog\/2009\/03\/07\/adela-mos-me-thirr-zysha\/#breadcrumb\",\"itemListElement\":[{\"@type\":\"ListItem\",\"position\":1,\"name\":\"Adela: Mos m\u00eb thirr &#8220;Zysha&#8221;\"}]},{\"@type\":\"Person\",\"@id\":\"https:\/\/www.visit-ulcinj.com\/blog\/#\/schema\/person\/dcab619c614d3038751c63bc2aadc06d\",\"name\":\"ulqini\",\"sameAs\":[\"http:\/\/www.visit-ulcinj.com\"],\"url\":\"https:\/\/www.visit-ulcinj.com\/blog\/author\/admin\/\"}]}<\/script>\n<!-- \/ Yoast SEO plugin. -->","yoast_head_json":{"title":"Adela: Mos m\u00c3\u00ab thirr \"Zysha\" | Big Brother Albania 2","description":"Big Brother Albania 2 - Banor\u00c3\u00abt diskutojn\u00c3\u00ab p\u00c3\u00abr uniformat n\u00c3\u00ab shkoll\u00c3\u00ab. Aida \u00c3\u00absht\u00c3\u00ab kund\u00c3\u00abr uniform\u00c3\u00abs n\u00c3\u00ab shkoll\u00c3\u00ab dhe fillon t\u00c3\u00ab shpreh\u00c3\u00ab mendimin e saj.","robots":{"index":"index","follow":"follow","max-snippet":"max-snippet:-1","max-image-preview":"max-image-preview:large","max-video-preview":"max-video-preview:-1"},"canonical":"https:\/\/www.visit-ulcinj.com\/blog\/2009\/03\/07\/adela-mos-me-thirr-zysha\/","og_locale":"en_US","og_type":"article","og_title":"Adela: Mos m\u00c3\u00ab thirr \"Zysha\" | Big Brother Albania 2","og_description":"Big Brother Albania 2 - Banor\u00c3\u00abt diskutojn\u00c3\u00ab p\u00c3\u00abr uniformat n\u00c3\u00ab shkoll\u00c3\u00ab. Aida \u00c3\u00absht\u00c3\u00ab kund\u00c3\u00abr uniform\u00c3\u00abs n\u00c3\u00ab shkoll\u00c3\u00ab dhe fillon t\u00c3\u00ab shpreh\u00c3\u00ab mendimin e saj.","og_url":"https:\/\/www.visit-ulcinj.com\/blog\/2009\/03\/07\/adela-mos-me-thirr-zysha\/","og_site_name":"Lajme nga Ulqini","article_published_time":"2009-03-07T12:00:34+00:00","og_image":[{"url":"http:\/\/www.visit-ulcinj.com\/blog\/wp-content\/uploads\/2009\/03\/zysha-dhe-aida.jpg"}],"twitter_misc":{"Written by":"ulqini","Est. reading time":"1 minute"},"schema":{"@context":"https:\/\/schema.org","@graph":[{"@type":"WebSite","@id":"https:\/\/www.visit-ulcinj.com\/blog\/#website","url":"https:\/\/www.visit-ulcinj.com\/blog\/","name":"Lajme nga Ulqini","description":"Lajme,Vijesti,Ulqini,Ulqin,Crna Gora,Mali i Zi","potentialAction":[{"@type":"SearchAction","target":{"@type":"EntryPoint","urlTemplate":"https:\/\/www.visit-ulcinj.com\/blog\/?s={search_term_string}"},"query-input":"required name=search_term_string"}],"inLanguage":"en-US"},{"@type":"ImageObject","inLanguage":"en-US","@id":"https:\/\/www.visit-ulcinj.com\/blog\/2009\/03\/07\/adela-mos-me-thirr-zysha\/#primaryimage","url":"http:\/\/www.visit-ulcinj.com\/blog\/wp-content\/uploads\/2009\/03\/zysha-dhe-aida.jpg","contentUrl":"http:\/\/www.visit-ulcinj.com\/blog\/wp-content\/uploads\/2009\/03\/zysha-dhe-aida.jpg"},{"@type":"WebPage","@id":"https:\/\/www.visit-ulcinj.com\/blog\/2009\/03\/07\/adela-mos-me-thirr-zysha\/#webpage","url":"https:\/\/www.visit-ulcinj.com\/blog\/2009\/03\/07\/adela-mos-me-thirr-zysha\/","name":"Adela: Mos m\u00c3\u00ab thirr \"Zysha\" | Big Brother Albania 2","isPartOf":{"@id":"https:\/\/www.visit-ulcinj.com\/blog\/#website"},"primaryImageOfPage":{"@id":"https:\/\/www.visit-ulcinj.com\/blog\/2009\/03\/07\/adela-mos-me-thirr-zysha\/#primaryimage"},"datePublished":"2009-03-07T12:00:34+00:00","dateModified":"2009-03-07T12:00:34+00:00","author":{"@id":"https:\/\/www.visit-ulcinj.com\/blog\/#\/schema\/person\/dcab619c614d3038751c63bc2aadc06d"},"description":"Big Brother Albania 2 - Banor\u00c3\u00abt diskutojn\u00c3\u00ab p\u00c3\u00abr uniformat n\u00c3\u00ab shkoll\u00c3\u00ab. Aida \u00c3\u00absht\u00c3\u00ab kund\u00c3\u00abr uniform\u00c3\u00abs n\u00c3\u00ab shkoll\u00c3\u00ab dhe fillon t\u00c3\u00ab shpreh\u00c3\u00ab mendimin e saj.","breadcrumb":{"@id":"https:\/\/www.visit-ulcinj.com\/blog\/2009\/03\/07\/adela-mos-me-thirr-zysha\/#breadcrumb"},"inLanguage":"en-US","potentialAction":[{"@type":"ReadAction","target":["https:\/\/www.visit-ulcinj.com\/blog\/2009\/03\/07\/adela-mos-me-thirr-zysha\/"]}]},{"@type":"BreadcrumbList","@id":"https:\/\/www.visit-ulcinj.com\/blog\/2009\/03\/07\/adela-mos-me-thirr-zysha\/#breadcrumb","itemListElement":[{"@type":"ListItem","position":1,"name":"Adela: Mos m\u00eb thirr &#8220;Zysha&#8221;"}]},{"@type":"Person","@id":"https:\/\/www.visit-ulcinj.com\/blog\/#\/schema\/person\/dcab619c614d3038751c63bc2aadc06d","name":"ulqini","sameAs":["http:\/\/www.visit-ulcinj.com"],"url":"https:\/\/www.visit-ulcinj.com\/blog\/author\/admin\/"}]}},"jetpack_featured_media_url":"","jetpack_sharing_enabled":true,"jetpack_shortlink":"https:\/\/wp.me\/pe6lTn-3pj","_links":{"self":[{"href":"https:\/\/www.visit-ulcinj.com\/blog\/wp-json\/wp\/v2\/posts\/13101"}],"collection":[{"href":"https:\/\/www.visit-ulcinj.com\/blog\/wp-json\/wp\/v2\/posts"}],"about":[{"href":"https:\/\/www.visit-ulcinj.com\/blog\/wp-json\/wp\/v2\/types\/post"}],"author":[{"embeddable":true,"href":"https:\/\/www.visit-ulcinj.com\/blog\/wp-json\/wp\/v2\/users\/1"}],"replies":[{"embeddable":true,"href":"https:\/\/www.visit-ulcinj.com\/blog\/wp-json\/wp\/v2\/comments?post=13101"}],"version-history":[{"count":0,"href":"https:\/\/www.visit-ulcinj.com\/blog\/wp-json\/wp\/v2\/posts\/13101\/revisions"}],"wp:attachment":[{"href":"https:\/\/www.visit-ulcinj.com\/blog\/wp-json\/wp\/v2\/media?parent=13101"}],"wp:term":[{"taxonomy":"category","embeddable":true,"href":"https:\/\/www.visit-ulcinj.com\/blog\/wp-json\/wp\/v2\/categories?post=13101"},{"taxonomy":"post_tag","embeddable":true,"href":"https:\/\/www.visit-ulcinj.com\/blog\/wp-json\/wp\/v2\/tags?post=13101"}],"curies":[{"name":"wp","href":"https:\/\/api.w.org\/{rel}","templated":true}]}}