{"id":13111,"date":"2009-03-07T13:12:38","date_gmt":"2009-03-07T12:12:38","guid":{"rendered":"http:\/\/www.visit-ulcinj.com\/blog\/?p=13111"},"modified":"2009-03-07T13:12:38","modified_gmt":"2009-03-07T12:12:38","slug":"adela-hapi-rruge-budallait","status":"publish","type":"post","link":"https:\/\/www.visit-ulcinj.com\/blog\/2009\/03\/07\/adela-hapi-rruge-budallait\/","title":{"rendered":"Adela: Hapi rrug\u00eb budallait"},"content":{"rendered":"<p><em><span class=\"newsdate\"><a href=\"http:\/\/www.visit-ulcinj.com\/blog\/wp-content\/uploads\/2009\/03\/bjordi-me-adelen.jpg\"><img loading=\"lazy\" class=\"alignleft size-full wp-image-13112\" title=\"bjordi-me-adelen-big-brother-albania-2\" src=\"http:\/\/www.visit-ulcinj.com\/blog\/wp-content\/uploads\/2009\/03\/bjordi-me-adelen.jpg\" alt=\"bjordi-me-adelen-big-brother-albania-2\" width=\"300\" height=\"205\" \/><\/a>05\/03\/09 20:15<\/span><\/em><\/p>\n<p>Bjordi ka zgjuar Adelaj\u00ebn nga gjumi dhe ajo \u00ebsht\u00eb e nxehur p\u00ebr k\u00ebt\u00eb gj\u00eb. Ajo i thot\u00eb-\u201cisha shtrir\u00eb p\u00ebr qefin tim dhe ti erdhe dhe m\u00eb zgjove\u201d. Bjordi i thot\u00eb q\u00eb donte t\u00eb rrinte me t\u00eb dhe nuk ka pse t`a marr\u00eb p\u00ebr keq. Bjordi insiston q\u00eb t\u00eb pajtohen dhe i afrohet p\u00ebr ta puthur. Adelajda i thot\u00eb \u2013\u201chapi rruge budallait\u201d. Ai i thot\u00eb duhet ta puth\u00eb n\u00eb faqe q\u00eb ta l\u00ebr\u00eb rehat. Ajo i thot\u00eb,-\u201c\u00ebsht\u00eb dhe nj\u00eb alternativ\u00eb tjeter q\u00eb ti t\u00eb zhdukesh q\u00eb k\u00ebtu,dhe un\u00eb nuk kam pse t\u00eb t\u00eb puth q\u00eb t\u00eb ik\u00ebsh ti\u201d. Adelajda i thot\u00eb q\u00eb nuk \u00ebsht\u00eb b\u00ebr\u00eb akoma q\u00eb t\u00eb tjer\u00ebt t\u00eb kalojn\u00eb koh\u00ebn me t\u00eb por Bjordi i thot\u00eb q\u00eb ai ka d\u00ebshir\u00eb kur rri me t\u00eb. Ai i thot\u00eb- \u201cpo t\u00eb mos m\u00eb kishe mua ti do ishe m\u00ebrzitur\u201d. Ajo thot\u00eb \u2013 \u201cnuk merrem dot me t\u00eb\u201d dhe Bjordi ja kthen-\u201cmerru me budallenjt\u00eb m\u00eb mir\u00eb\u201d.<\/p>\n","protected":false},"excerpt":{"rendered":"<p>05\/03\/09 20:15 Bjordi ka zgjuar Adelaj\u00ebn nga gjumi dhe ajo \u00ebsht\u00eb e nxehur p\u00ebr k\u00ebt\u00eb gj\u00eb. Ajo i thot\u00eb-\u201cisha shtrir\u00eb p\u00ebr qefin tim dhe ti erdhe dhe m\u00eb zgjove\u201d. Bjordi i thot\u00eb q\u00eb donte t\u00eb rrinte me t\u00eb dhe nuk ka pse t`a marr\u00eb p\u00ebr keq. Bjordi insiston q\u00eb t\u00eb pajtohen dhe i afrohet p\u00ebr [&hellip;]<\/p>\n","protected":false},"author":1,"featured_media":0,"comment_status":"open","ping_status":"closed","sticky":false,"template":"","format":"standard","meta":{"spay_email":"","jetpack_publicize_message":"","jetpack_is_tweetstorm":false,"jetpack_publicize_feature_enabled":true},"categories":[6502],"tags":[2362,6736,6562,5057,6506,6712,7129,6665,6522,7575,6891,6693,6887],"jetpack_publicize_connections":[],"yoast_head":"<!-- This site is optimized with the Yoast SEO plugin v19.1 - https:\/\/yoast.com\/wordpress\/plugins\/seo\/ -->\n<title>Adela: Hapi rrug\u00c3\u00ab budallait | Big Brother Albania 2<\/title>\n<meta name=\"description\" content=\"Big Brother Albania 2 - Bjordi ka zgjuar Adelaj\u00c3\u00abn nga gjumi dhe ajo \u00c3\u00absht\u00c3\u00ab e nxehur p\u00c3\u00abr k\u00c3\u00abt\u00c3\u00ab gj\u00c3\u00ab. Ajo i thot\u00c3\u00ab-\u00e2\u20ac\u0153isha shtrir\u00c3\u00ab p\u00c3\u00abr qefin tim dhe ti erdhe dhe m\u00c3\u00ab zgjove\u00e2\u20ac\u009d.\" \/>\n<meta name=\"robots\" content=\"index, follow, max-snippet:-1, max-image-preview:large, max-video-preview:-1\" \/>\n<link rel=\"canonical\" href=\"https:\/\/www.visit-ulcinj.com\/blog\/2009\/03\/07\/adela-hapi-rruge-budallait\/\" \/>\n<meta property=\"og:locale\" content=\"en_US\" \/>\n<meta property=\"og:type\" content=\"article\" \/>\n<meta property=\"og:title\" content=\"Adela: Hapi rrug\u00c3\u00ab budallait | Big Brother Albania 2\" \/>\n<meta property=\"og:description\" content=\"Big Brother Albania 2 - Bjordi ka zgjuar Adelaj\u00c3\u00abn nga gjumi dhe ajo \u00c3\u00absht\u00c3\u00ab e nxehur p\u00c3\u00abr k\u00c3\u00abt\u00c3\u00ab gj\u00c3\u00ab. Ajo i thot\u00c3\u00ab-\u00e2\u20ac\u0153isha shtrir\u00c3\u00ab p\u00c3\u00abr qefin tim dhe ti erdhe dhe m\u00c3\u00ab zgjove\u00e2\u20ac\u009d.\" \/>\n<meta property=\"og:url\" content=\"https:\/\/www.visit-ulcinj.com\/blog\/2009\/03\/07\/adela-hapi-rruge-budallait\/\" \/>\n<meta property=\"og:site_name\" content=\"Lajme nga Ulqini\" \/>\n<meta property=\"article:published_time\" content=\"2009-03-07T12:12:38+00:00\" \/>\n<meta property=\"og:image\" content=\"http:\/\/www.visit-ulcinj.com\/blog\/wp-content\/uploads\/2009\/03\/bjordi-me-adelen.jpg\" \/>\n<meta name=\"twitter:label1\" content=\"Written by\" \/>\n\t<meta name=\"twitter:data1\" content=\"ulqini\" \/>\n\t<meta name=\"twitter:label2\" content=\"Est. reading time\" \/>\n\t<meta name=\"twitter:data2\" content=\"1 minute\" \/>\n<script type=\"application\/ld+json\" class=\"yoast-schema-graph\">{\"@context\":\"https:\/\/schema.org\",\"@graph\":[{\"@type\":\"WebSite\",\"@id\":\"https:\/\/www.visit-ulcinj.com\/blog\/#website\",\"url\":\"https:\/\/www.visit-ulcinj.com\/blog\/\",\"name\":\"Lajme nga Ulqini\",\"description\":\"Lajme,Vijesti,Ulqini,Ulqin,Crna Gora,Mali i Zi\",\"potentialAction\":[{\"@type\":\"SearchAction\",\"target\":{\"@type\":\"EntryPoint\",\"urlTemplate\":\"https:\/\/www.visit-ulcinj.com\/blog\/?s={search_term_string}\"},\"query-input\":\"required name=search_term_string\"}],\"inLanguage\":\"en-US\"},{\"@type\":\"ImageObject\",\"inLanguage\":\"en-US\",\"@id\":\"https:\/\/www.visit-ulcinj.com\/blog\/2009\/03\/07\/adela-hapi-rruge-budallait\/#primaryimage\",\"url\":\"http:\/\/www.visit-ulcinj.com\/blog\/wp-content\/uploads\/2009\/03\/bjordi-me-adelen.jpg\",\"contentUrl\":\"http:\/\/www.visit-ulcinj.com\/blog\/wp-content\/uploads\/2009\/03\/bjordi-me-adelen.jpg\"},{\"@type\":\"WebPage\",\"@id\":\"https:\/\/www.visit-ulcinj.com\/blog\/2009\/03\/07\/adela-hapi-rruge-budallait\/#webpage\",\"url\":\"https:\/\/www.visit-ulcinj.com\/blog\/2009\/03\/07\/adela-hapi-rruge-budallait\/\",\"name\":\"Adela: Hapi rrug\u00c3\u00ab budallait | Big Brother Albania 2\",\"isPartOf\":{\"@id\":\"https:\/\/www.visit-ulcinj.com\/blog\/#website\"},\"primaryImageOfPage\":{\"@id\":\"https:\/\/www.visit-ulcinj.com\/blog\/2009\/03\/07\/adela-hapi-rruge-budallait\/#primaryimage\"},\"datePublished\":\"2009-03-07T12:12:38+00:00\",\"dateModified\":\"2009-03-07T12:12:38+00:00\",\"author\":{\"@id\":\"https:\/\/www.visit-ulcinj.com\/blog\/#\/schema\/person\/dcab619c614d3038751c63bc2aadc06d\"},\"description\":\"Big Brother Albania 2 - Bjordi ka zgjuar Adelaj\u00c3\u00abn nga gjumi dhe ajo \u00c3\u00absht\u00c3\u00ab e nxehur p\u00c3\u00abr k\u00c3\u00abt\u00c3\u00ab gj\u00c3\u00ab. Ajo i thot\u00c3\u00ab-\u00e2\u20ac\u0153isha shtrir\u00c3\u00ab p\u00c3\u00abr qefin tim dhe ti erdhe dhe m\u00c3\u00ab zgjove\u00e2\u20ac\u009d.\",\"breadcrumb\":{\"@id\":\"https:\/\/www.visit-ulcinj.com\/blog\/2009\/03\/07\/adela-hapi-rruge-budallait\/#breadcrumb\"},\"inLanguage\":\"en-US\",\"potentialAction\":[{\"@type\":\"ReadAction\",\"target\":[\"https:\/\/www.visit-ulcinj.com\/blog\/2009\/03\/07\/adela-hapi-rruge-budallait\/\"]}]},{\"@type\":\"BreadcrumbList\",\"@id\":\"https:\/\/www.visit-ulcinj.com\/blog\/2009\/03\/07\/adela-hapi-rruge-budallait\/#breadcrumb\",\"itemListElement\":[{\"@type\":\"ListItem\",\"position\":1,\"name\":\"Adela: Hapi rrug\u00eb budallait\"}]},{\"@type\":\"Person\",\"@id\":\"https:\/\/www.visit-ulcinj.com\/blog\/#\/schema\/person\/dcab619c614d3038751c63bc2aadc06d\",\"name\":\"ulqini\",\"sameAs\":[\"http:\/\/www.visit-ulcinj.com\"],\"url\":\"https:\/\/www.visit-ulcinj.com\/blog\/author\/admin\/\"}]}<\/script>\n<!-- \/ Yoast SEO plugin. -->","yoast_head_json":{"title":"Adela: Hapi rrug\u00c3\u00ab budallait | Big Brother Albania 2","description":"Big Brother Albania 2 - Bjordi ka zgjuar Adelaj\u00c3\u00abn nga gjumi dhe ajo \u00c3\u00absht\u00c3\u00ab e nxehur p\u00c3\u00abr k\u00c3\u00abt\u00c3\u00ab gj\u00c3\u00ab. Ajo i thot\u00c3\u00ab-\u00e2\u20ac\u0153isha shtrir\u00c3\u00ab p\u00c3\u00abr qefin tim dhe ti erdhe dhe m\u00c3\u00ab zgjove\u00e2\u20ac\u009d.","robots":{"index":"index","follow":"follow","max-snippet":"max-snippet:-1","max-image-preview":"max-image-preview:large","max-video-preview":"max-video-preview:-1"},"canonical":"https:\/\/www.visit-ulcinj.com\/blog\/2009\/03\/07\/adela-hapi-rruge-budallait\/","og_locale":"en_US","og_type":"article","og_title":"Adela: Hapi rrug\u00c3\u00ab budallait | Big Brother Albania 2","og_description":"Big Brother Albania 2 - Bjordi ka zgjuar Adelaj\u00c3\u00abn nga gjumi dhe ajo \u00c3\u00absht\u00c3\u00ab e nxehur p\u00c3\u00abr k\u00c3\u00abt\u00c3\u00ab gj\u00c3\u00ab. Ajo i thot\u00c3\u00ab-\u00e2\u20ac\u0153isha shtrir\u00c3\u00ab p\u00c3\u00abr qefin tim dhe ti erdhe dhe m\u00c3\u00ab zgjove\u00e2\u20ac\u009d.","og_url":"https:\/\/www.visit-ulcinj.com\/blog\/2009\/03\/07\/adela-hapi-rruge-budallait\/","og_site_name":"Lajme nga Ulqini","article_published_time":"2009-03-07T12:12:38+00:00","og_image":[{"url":"http:\/\/www.visit-ulcinj.com\/blog\/wp-content\/uploads\/2009\/03\/bjordi-me-adelen.jpg"}],"twitter_misc":{"Written by":"ulqini","Est. reading time":"1 minute"},"schema":{"@context":"https:\/\/schema.org","@graph":[{"@type":"WebSite","@id":"https:\/\/www.visit-ulcinj.com\/blog\/#website","url":"https:\/\/www.visit-ulcinj.com\/blog\/","name":"Lajme nga Ulqini","description":"Lajme,Vijesti,Ulqini,Ulqin,Crna Gora,Mali i Zi","potentialAction":[{"@type":"SearchAction","target":{"@type":"EntryPoint","urlTemplate":"https:\/\/www.visit-ulcinj.com\/blog\/?s={search_term_string}"},"query-input":"required name=search_term_string"}],"inLanguage":"en-US"},{"@type":"ImageObject","inLanguage":"en-US","@id":"https:\/\/www.visit-ulcinj.com\/blog\/2009\/03\/07\/adela-hapi-rruge-budallait\/#primaryimage","url":"http:\/\/www.visit-ulcinj.com\/blog\/wp-content\/uploads\/2009\/03\/bjordi-me-adelen.jpg","contentUrl":"http:\/\/www.visit-ulcinj.com\/blog\/wp-content\/uploads\/2009\/03\/bjordi-me-adelen.jpg"},{"@type":"WebPage","@id":"https:\/\/www.visit-ulcinj.com\/blog\/2009\/03\/07\/adela-hapi-rruge-budallait\/#webpage","url":"https:\/\/www.visit-ulcinj.com\/blog\/2009\/03\/07\/adela-hapi-rruge-budallait\/","name":"Adela: Hapi rrug\u00c3\u00ab budallait | Big Brother Albania 2","isPartOf":{"@id":"https:\/\/www.visit-ulcinj.com\/blog\/#website"},"primaryImageOfPage":{"@id":"https:\/\/www.visit-ulcinj.com\/blog\/2009\/03\/07\/adela-hapi-rruge-budallait\/#primaryimage"},"datePublished":"2009-03-07T12:12:38+00:00","dateModified":"2009-03-07T12:12:38+00:00","author":{"@id":"https:\/\/www.visit-ulcinj.com\/blog\/#\/schema\/person\/dcab619c614d3038751c63bc2aadc06d"},"description":"Big Brother Albania 2 - Bjordi ka zgjuar Adelaj\u00c3\u00abn nga gjumi dhe ajo \u00c3\u00absht\u00c3\u00ab e nxehur p\u00c3\u00abr k\u00c3\u00abt\u00c3\u00ab gj\u00c3\u00ab. Ajo i thot\u00c3\u00ab-\u00e2\u20ac\u0153isha shtrir\u00c3\u00ab p\u00c3\u00abr qefin tim dhe ti erdhe dhe m\u00c3\u00ab zgjove\u00e2\u20ac\u009d.","breadcrumb":{"@id":"https:\/\/www.visit-ulcinj.com\/blog\/2009\/03\/07\/adela-hapi-rruge-budallait\/#breadcrumb"},"inLanguage":"en-US","potentialAction":[{"@type":"ReadAction","target":["https:\/\/www.visit-ulcinj.com\/blog\/2009\/03\/07\/adela-hapi-rruge-budallait\/"]}]},{"@type":"BreadcrumbList","@id":"https:\/\/www.visit-ulcinj.com\/blog\/2009\/03\/07\/adela-hapi-rruge-budallait\/#breadcrumb","itemListElement":[{"@type":"ListItem","position":1,"name":"Adela: Hapi rrug\u00eb budallait"}]},{"@type":"Person","@id":"https:\/\/www.visit-ulcinj.com\/blog\/#\/schema\/person\/dcab619c614d3038751c63bc2aadc06d","name":"ulqini","sameAs":["http:\/\/www.visit-ulcinj.com"],"url":"https:\/\/www.visit-ulcinj.com\/blog\/author\/admin\/"}]}},"jetpack_featured_media_url":"","jetpack_sharing_enabled":true,"jetpack_shortlink":"https:\/\/wp.me\/pe6lTn-3pt","_links":{"self":[{"href":"https:\/\/www.visit-ulcinj.com\/blog\/wp-json\/wp\/v2\/posts\/13111"}],"collection":[{"href":"https:\/\/www.visit-ulcinj.com\/blog\/wp-json\/wp\/v2\/posts"}],"about":[{"href":"https:\/\/www.visit-ulcinj.com\/blog\/wp-json\/wp\/v2\/types\/post"}],"author":[{"embeddable":true,"href":"https:\/\/www.visit-ulcinj.com\/blog\/wp-json\/wp\/v2\/users\/1"}],"replies":[{"embeddable":true,"href":"https:\/\/www.visit-ulcinj.com\/blog\/wp-json\/wp\/v2\/comments?post=13111"}],"version-history":[{"count":0,"href":"https:\/\/www.visit-ulcinj.com\/blog\/wp-json\/wp\/v2\/posts\/13111\/revisions"}],"wp:attachment":[{"href":"https:\/\/www.visit-ulcinj.com\/blog\/wp-json\/wp\/v2\/media?parent=13111"}],"wp:term":[{"taxonomy":"category","embeddable":true,"href":"https:\/\/www.visit-ulcinj.com\/blog\/wp-json\/wp\/v2\/categories?post=13111"},{"taxonomy":"post_tag","embeddable":true,"href":"https:\/\/www.visit-ulcinj.com\/blog\/wp-json\/wp\/v2\/tags?post=13111"}],"curies":[{"name":"wp","href":"https:\/\/api.w.org\/{rel}","templated":true}]}}