{"id":13116,"date":"2009-03-07T14:13:56","date_gmt":"2009-03-07T13:13:56","guid":{"rendered":"http:\/\/www.visit-ulcinj.com\/blog\/?p=13116"},"modified":"2009-03-07T13:17:10","modified_gmt":"2009-03-07T12:17:10","slug":"arjoni-ti-dhe-%e2%80%9czysha%e2%80%9d-ne-nominim","status":"publish","type":"post","link":"https:\/\/www.visit-ulcinj.com\/blog\/2009\/03\/07\/arjoni-ti-dhe-%e2%80%9czysha%e2%80%9d-ne-nominim\/","title":{"rendered":"Arjoni : Ti dhe \u201czysha\u201d n\u00eb nominim!"},"content":{"rendered":"<p><strong><span class=\"newstitlec\"><a href=\"http:\/\/www.visit-ulcinj.com\/blog\/wp-content\/uploads\/2009\/03\/arjonizhuljeta-copy.jpg\"><img loading=\"lazy\" class=\"alignleft size-full wp-image-13115\" title=\"arjonizhuljeta-big-brother-albania-2\" src=\"http:\/\/www.visit-ulcinj.com\/blog\/wp-content\/uploads\/2009\/03\/arjonizhuljeta-copy.jpg\" alt=\"arjonizhuljeta-big-brother-albania-2\" width=\"300\" height=\"205\" \/><\/a><\/span><\/strong><em><span class=\"newsdate\">06\/03\/09 01:40<\/span><\/em><\/p>\n<p>\u201cJam s\u2019jam un\u00eb, k\u00ebt\u00eb jav\u00eb \u00ebsht\u00eb zysha dhe ti!\u201d \u2013 i ka thon\u00eb Arjoni Zhuljet\u00ebs, n\u00eb lidhje me nominimet. M\u00eb pas ai ka shtuar dhe emrin e Qetsorit, q\u00eb, sipas tij, k\u00ebt\u00eb jav\u00eb rrezikon shum\u00eb. M\u00eb pas ata kan\u00eb folur p\u00ebr Agonin, keqardhjen q\u00eb ndjenin q\u00eb ai kishte dal\u00eb dhe sigurin\u00eb q\u00eb ai do t\u00eb ishte duke u k\u00ebnaqur jasht\u00eb.<\/p>\n","protected":false},"excerpt":{"rendered":"<p>06\/03\/09 01:40 \u201cJam s\u2019jam un\u00eb, k\u00ebt\u00eb jav\u00eb \u00ebsht\u00eb zysha dhe ti!\u201d \u2013 i ka thon\u00eb Arjoni Zhuljet\u00ebs, n\u00eb lidhje me nominimet. M\u00eb pas ai ka shtuar dhe emrin e Qetsorit, q\u00eb, sipas tij, k\u00ebt\u00eb jav\u00eb rrezikon shum\u00eb. M\u00eb pas ata kan\u00eb folur p\u00ebr Agonin, keqardhjen q\u00eb ndjenin q\u00eb ai kishte dal\u00eb dhe sigurin\u00eb q\u00eb ai [&hellip;]<\/p>\n","protected":false},"author":1,"featured_media":0,"comment_status":"open","ping_status":"closed","sticky":false,"template":"","format":"standard","meta":{"spay_email":"","jetpack_publicize_message":"","jetpack_is_tweetstorm":false,"jetpack_publicize_feature_enabled":true},"categories":[6502],"tags":[6562,6738,5057,6506,6712,7129,6891,6693,6887,6564,7572],"jetpack_publicize_connections":[],"yoast_head":"<!-- This site is optimized with the Yoast SEO plugin v19.1 - https:\/\/yoast.com\/wordpress\/plugins\/seo\/ -->\n<title>Arjoni : Ti dhe \u00e2\u20ac\u0153zysha\u00e2\u20ac\u009d n\u00c3\u00ab nominim! | Big Brother Albania 2<\/title>\n<meta name=\"description\" content=\"Big Brother Albania 2 - &quot;Jam s\u00e2\u20ac\u2122jam un\u00c3\u00ab, k\u00c3\u00abt\u00c3\u00ab jav\u00c3\u00ab \u00c3\u00absht\u00c3\u00ab zysha dhe ti!\u00e2\u20ac\u009d \u00e2\u20ac\u201c i ka thon\u00c3\u00ab Arjoni Zhuljet\u00c3\u00abs, n\u00c3\u00ab lidhje me nominimet.\" \/>\n<meta name=\"robots\" content=\"index, follow, max-snippet:-1, max-image-preview:large, max-video-preview:-1\" \/>\n<link rel=\"canonical\" href=\"https:\/\/www.visit-ulcinj.com\/blog\/2009\/03\/07\/arjoni-ti-dhe-\u201czysha\u201d-ne-nominim\/\" \/>\n<meta property=\"og:locale\" content=\"en_US\" \/>\n<meta property=\"og:type\" content=\"article\" \/>\n<meta property=\"og:title\" content=\"Arjoni : Ti dhe \u00e2\u20ac\u0153zysha\u00e2\u20ac\u009d n\u00c3\u00ab nominim! | Big Brother Albania 2\" \/>\n<meta property=\"og:description\" content=\"Big Brother Albania 2 - &quot;Jam s\u00e2\u20ac\u2122jam un\u00c3\u00ab, k\u00c3\u00abt\u00c3\u00ab jav\u00c3\u00ab \u00c3\u00absht\u00c3\u00ab zysha dhe ti!\u00e2\u20ac\u009d \u00e2\u20ac\u201c i ka thon\u00c3\u00ab Arjoni Zhuljet\u00c3\u00abs, n\u00c3\u00ab lidhje me nominimet.\" \/>\n<meta property=\"og:url\" content=\"https:\/\/www.visit-ulcinj.com\/blog\/2009\/03\/07\/arjoni-ti-dhe-\u201czysha\u201d-ne-nominim\/\" \/>\n<meta property=\"og:site_name\" content=\"Lajme nga Ulqini\" \/>\n<meta property=\"article:published_time\" content=\"2009-03-07T13:13:56+00:00\" \/>\n<meta property=\"article:modified_time\" content=\"2009-03-07T12:17:10+00:00\" \/>\n<meta property=\"og:image\" content=\"http:\/\/www.visit-ulcinj.com\/blog\/wp-content\/uploads\/2009\/03\/arjonizhuljeta-copy.jpg\" \/>\n<meta name=\"twitter:label1\" content=\"Written by\" \/>\n\t<meta name=\"twitter:data1\" content=\"ulqini\" \/>\n<script type=\"application\/ld+json\" class=\"yoast-schema-graph\">{\"@context\":\"https:\/\/schema.org\",\"@graph\":[{\"@type\":\"WebSite\",\"@id\":\"https:\/\/www.visit-ulcinj.com\/blog\/#website\",\"url\":\"https:\/\/www.visit-ulcinj.com\/blog\/\",\"name\":\"Lajme nga Ulqini\",\"description\":\"Lajme,Vijesti,Ulqini,Ulqin,Crna Gora,Mali i Zi\",\"potentialAction\":[{\"@type\":\"SearchAction\",\"target\":{\"@type\":\"EntryPoint\",\"urlTemplate\":\"https:\/\/www.visit-ulcinj.com\/blog\/?s={search_term_string}\"},\"query-input\":\"required name=search_term_string\"}],\"inLanguage\":\"en-US\"},{\"@type\":\"ImageObject\",\"inLanguage\":\"en-US\",\"@id\":\"https:\/\/www.visit-ulcinj.com\/blog\/2009\/03\/07\/arjoni-ti-dhe-%e2%80%9czysha%e2%80%9d-ne-nominim\/#primaryimage\",\"url\":\"http:\/\/www.visit-ulcinj.com\/blog\/wp-content\/uploads\/2009\/03\/arjonizhuljeta-copy.jpg\",\"contentUrl\":\"http:\/\/www.visit-ulcinj.com\/blog\/wp-content\/uploads\/2009\/03\/arjonizhuljeta-copy.jpg\"},{\"@type\":\"WebPage\",\"@id\":\"https:\/\/www.visit-ulcinj.com\/blog\/2009\/03\/07\/arjoni-ti-dhe-%e2%80%9czysha%e2%80%9d-ne-nominim\/#webpage\",\"url\":\"https:\/\/www.visit-ulcinj.com\/blog\/2009\/03\/07\/arjoni-ti-dhe-%e2%80%9czysha%e2%80%9d-ne-nominim\/\",\"name\":\"Arjoni : Ti dhe \u00e2\u20ac\u0153zysha\u00e2\u20ac\u009d n\u00c3\u00ab nominim! | Big Brother Albania 2\",\"isPartOf\":{\"@id\":\"https:\/\/www.visit-ulcinj.com\/blog\/#website\"},\"primaryImageOfPage\":{\"@id\":\"https:\/\/www.visit-ulcinj.com\/blog\/2009\/03\/07\/arjoni-ti-dhe-%e2%80%9czysha%e2%80%9d-ne-nominim\/#primaryimage\"},\"datePublished\":\"2009-03-07T13:13:56+00:00\",\"dateModified\":\"2009-03-07T12:17:10+00:00\",\"author\":{\"@id\":\"https:\/\/www.visit-ulcinj.com\/blog\/#\/schema\/person\/dcab619c614d3038751c63bc2aadc06d\"},\"description\":\"Big Brother Albania 2 - \\\"Jam s\u00e2\u20ac\u2122jam un\u00c3\u00ab, k\u00c3\u00abt\u00c3\u00ab jav\u00c3\u00ab \u00c3\u00absht\u00c3\u00ab zysha dhe ti!\u00e2\u20ac\u009d \u00e2\u20ac\u201c i ka thon\u00c3\u00ab Arjoni Zhuljet\u00c3\u00abs, n\u00c3\u00ab lidhje me nominimet.\",\"breadcrumb\":{\"@id\":\"https:\/\/www.visit-ulcinj.com\/blog\/2009\/03\/07\/arjoni-ti-dhe-%e2%80%9czysha%e2%80%9d-ne-nominim\/#breadcrumb\"},\"inLanguage\":\"en-US\",\"potentialAction\":[{\"@type\":\"ReadAction\",\"target\":[\"https:\/\/www.visit-ulcinj.com\/blog\/2009\/03\/07\/arjoni-ti-dhe-%e2%80%9czysha%e2%80%9d-ne-nominim\/\"]}]},{\"@type\":\"BreadcrumbList\",\"@id\":\"https:\/\/www.visit-ulcinj.com\/blog\/2009\/03\/07\/arjoni-ti-dhe-%e2%80%9czysha%e2%80%9d-ne-nominim\/#breadcrumb\",\"itemListElement\":[{\"@type\":\"ListItem\",\"position\":1,\"name\":\"Arjoni : Ti dhe \u201czysha\u201d n\u00eb nominim!\"}]},{\"@type\":\"Person\",\"@id\":\"https:\/\/www.visit-ulcinj.com\/blog\/#\/schema\/person\/dcab619c614d3038751c63bc2aadc06d\",\"name\":\"ulqini\",\"sameAs\":[\"http:\/\/www.visit-ulcinj.com\"],\"url\":\"https:\/\/www.visit-ulcinj.com\/blog\/author\/admin\/\"}]}<\/script>\n<!-- \/ Yoast SEO plugin. -->","yoast_head_json":{"title":"Arjoni : Ti dhe \u00e2\u20ac\u0153zysha\u00e2\u20ac\u009d n\u00c3\u00ab nominim! | Big Brother Albania 2","description":"Big Brother Albania 2 - \"Jam s\u00e2\u20ac\u2122jam un\u00c3\u00ab, k\u00c3\u00abt\u00c3\u00ab jav\u00c3\u00ab \u00c3\u00absht\u00c3\u00ab zysha dhe ti!\u00e2\u20ac\u009d \u00e2\u20ac\u201c i ka thon\u00c3\u00ab Arjoni Zhuljet\u00c3\u00abs, n\u00c3\u00ab lidhje me nominimet.","robots":{"index":"index","follow":"follow","max-snippet":"max-snippet:-1","max-image-preview":"max-image-preview:large","max-video-preview":"max-video-preview:-1"},"canonical":"https:\/\/www.visit-ulcinj.com\/blog\/2009\/03\/07\/arjoni-ti-dhe-\u201czysha\u201d-ne-nominim\/","og_locale":"en_US","og_type":"article","og_title":"Arjoni : Ti dhe \u00e2\u20ac\u0153zysha\u00e2\u20ac\u009d n\u00c3\u00ab nominim! | Big Brother Albania 2","og_description":"Big Brother Albania 2 - \"Jam s\u00e2\u20ac\u2122jam un\u00c3\u00ab, k\u00c3\u00abt\u00c3\u00ab jav\u00c3\u00ab \u00c3\u00absht\u00c3\u00ab zysha dhe ti!\u00e2\u20ac\u009d \u00e2\u20ac\u201c i ka thon\u00c3\u00ab Arjoni Zhuljet\u00c3\u00abs, n\u00c3\u00ab lidhje me nominimet.","og_url":"https:\/\/www.visit-ulcinj.com\/blog\/2009\/03\/07\/arjoni-ti-dhe-\u201czysha\u201d-ne-nominim\/","og_site_name":"Lajme nga Ulqini","article_published_time":"2009-03-07T13:13:56+00:00","article_modified_time":"2009-03-07T12:17:10+00:00","og_image":[{"url":"http:\/\/www.visit-ulcinj.com\/blog\/wp-content\/uploads\/2009\/03\/arjonizhuljeta-copy.jpg"}],"twitter_misc":{"Written by":"ulqini"},"schema":{"@context":"https:\/\/schema.org","@graph":[{"@type":"WebSite","@id":"https:\/\/www.visit-ulcinj.com\/blog\/#website","url":"https:\/\/www.visit-ulcinj.com\/blog\/","name":"Lajme nga Ulqini","description":"Lajme,Vijesti,Ulqini,Ulqin,Crna Gora,Mali i Zi","potentialAction":[{"@type":"SearchAction","target":{"@type":"EntryPoint","urlTemplate":"https:\/\/www.visit-ulcinj.com\/blog\/?s={search_term_string}"},"query-input":"required name=search_term_string"}],"inLanguage":"en-US"},{"@type":"ImageObject","inLanguage":"en-US","@id":"https:\/\/www.visit-ulcinj.com\/blog\/2009\/03\/07\/arjoni-ti-dhe-%e2%80%9czysha%e2%80%9d-ne-nominim\/#primaryimage","url":"http:\/\/www.visit-ulcinj.com\/blog\/wp-content\/uploads\/2009\/03\/arjonizhuljeta-copy.jpg","contentUrl":"http:\/\/www.visit-ulcinj.com\/blog\/wp-content\/uploads\/2009\/03\/arjonizhuljeta-copy.jpg"},{"@type":"WebPage","@id":"https:\/\/www.visit-ulcinj.com\/blog\/2009\/03\/07\/arjoni-ti-dhe-%e2%80%9czysha%e2%80%9d-ne-nominim\/#webpage","url":"https:\/\/www.visit-ulcinj.com\/blog\/2009\/03\/07\/arjoni-ti-dhe-%e2%80%9czysha%e2%80%9d-ne-nominim\/","name":"Arjoni : Ti dhe \u00e2\u20ac\u0153zysha\u00e2\u20ac\u009d n\u00c3\u00ab nominim! | Big Brother Albania 2","isPartOf":{"@id":"https:\/\/www.visit-ulcinj.com\/blog\/#website"},"primaryImageOfPage":{"@id":"https:\/\/www.visit-ulcinj.com\/blog\/2009\/03\/07\/arjoni-ti-dhe-%e2%80%9czysha%e2%80%9d-ne-nominim\/#primaryimage"},"datePublished":"2009-03-07T13:13:56+00:00","dateModified":"2009-03-07T12:17:10+00:00","author":{"@id":"https:\/\/www.visit-ulcinj.com\/blog\/#\/schema\/person\/dcab619c614d3038751c63bc2aadc06d"},"description":"Big Brother Albania 2 - \"Jam s\u00e2\u20ac\u2122jam un\u00c3\u00ab, k\u00c3\u00abt\u00c3\u00ab jav\u00c3\u00ab \u00c3\u00absht\u00c3\u00ab zysha dhe ti!\u00e2\u20ac\u009d \u00e2\u20ac\u201c i ka thon\u00c3\u00ab Arjoni Zhuljet\u00c3\u00abs, n\u00c3\u00ab lidhje me nominimet.","breadcrumb":{"@id":"https:\/\/www.visit-ulcinj.com\/blog\/2009\/03\/07\/arjoni-ti-dhe-%e2%80%9czysha%e2%80%9d-ne-nominim\/#breadcrumb"},"inLanguage":"en-US","potentialAction":[{"@type":"ReadAction","target":["https:\/\/www.visit-ulcinj.com\/blog\/2009\/03\/07\/arjoni-ti-dhe-%e2%80%9czysha%e2%80%9d-ne-nominim\/"]}]},{"@type":"BreadcrumbList","@id":"https:\/\/www.visit-ulcinj.com\/blog\/2009\/03\/07\/arjoni-ti-dhe-%e2%80%9czysha%e2%80%9d-ne-nominim\/#breadcrumb","itemListElement":[{"@type":"ListItem","position":1,"name":"Arjoni : Ti dhe \u201czysha\u201d n\u00eb nominim!"}]},{"@type":"Person","@id":"https:\/\/www.visit-ulcinj.com\/blog\/#\/schema\/person\/dcab619c614d3038751c63bc2aadc06d","name":"ulqini","sameAs":["http:\/\/www.visit-ulcinj.com"],"url":"https:\/\/www.visit-ulcinj.com\/blog\/author\/admin\/"}]}},"jetpack_featured_media_url":"","jetpack_sharing_enabled":true,"jetpack_shortlink":"https:\/\/wp.me\/pe6lTn-3py","_links":{"self":[{"href":"https:\/\/www.visit-ulcinj.com\/blog\/wp-json\/wp\/v2\/posts\/13116"}],"collection":[{"href":"https:\/\/www.visit-ulcinj.com\/blog\/wp-json\/wp\/v2\/posts"}],"about":[{"href":"https:\/\/www.visit-ulcinj.com\/blog\/wp-json\/wp\/v2\/types\/post"}],"author":[{"embeddable":true,"href":"https:\/\/www.visit-ulcinj.com\/blog\/wp-json\/wp\/v2\/users\/1"}],"replies":[{"embeddable":true,"href":"https:\/\/www.visit-ulcinj.com\/blog\/wp-json\/wp\/v2\/comments?post=13116"}],"version-history":[{"count":0,"href":"https:\/\/www.visit-ulcinj.com\/blog\/wp-json\/wp\/v2\/posts\/13116\/revisions"}],"wp:attachment":[{"href":"https:\/\/www.visit-ulcinj.com\/blog\/wp-json\/wp\/v2\/media?parent=13116"}],"wp:term":[{"taxonomy":"category","embeddable":true,"href":"https:\/\/www.visit-ulcinj.com\/blog\/wp-json\/wp\/v2\/categories?post=13116"},{"taxonomy":"post_tag","embeddable":true,"href":"https:\/\/www.visit-ulcinj.com\/blog\/wp-json\/wp\/v2\/tags?post=13116"}],"curies":[{"name":"wp","href":"https:\/\/api.w.org\/{rel}","templated":true}]}}