{"id":13121,"date":"2009-03-07T13:24:36","date_gmt":"2009-03-07T12:24:36","guid":{"rendered":"http:\/\/www.visit-ulcinj.com\/blog\/?p=13121"},"modified":"2009-03-07T13:24:36","modified_gmt":"2009-03-07T12:24:36","slug":"aida-dritani-eshte-prone-private","status":"publish","type":"post","link":"https:\/\/www.visit-ulcinj.com\/blog\/2009\/03\/07\/aida-dritani-eshte-prone-private\/","title":{"rendered":"Aida: Dritani \u00ebsht\u00eb pron\u00eb private"},"content":{"rendered":"<p><em><span class=\"newsdate\"><img loading=\"lazy\" class=\"alignleft\" title=\"Big Brother Albania live\" src=\"http:\/\/www.visit-ulcinj.com\/blog\/wp-content\/uploads\/2009\/03\/aidadritani-copy.jpg\" alt=\"\" width=\"300\" height=\"205\" \/>06\/03\/09 01:50<\/span><\/em><\/p>\n<p>Aida, duke prekur kurrizin e Dritanit, ka th\u00ebn\u00eb se ai e ka trupin shum\u00eb t\u00eb formuar. \u201cGoce, s\u2019ka \u00e7\u2019t\u00eb duhet ty! \u2013 i ka th\u00ebn\u00eb Adelajda, &#8211; \u00cbsht\u00eb pron\u00eb private ai!\u201d. \u201cPse i dole pronare ti? \u2013ia ka kthyer ajo. Adelajda i ka th\u00ebn\u00eb se pronarja ishte, por ishte diku tjet\u00ebr. Aida ka cil\u00ebsuar se nuk kishin t\u00eb b\u00ebnin me pronar\u00eb, por me bashk\u00ebndar\u00ebs. M\u00eb pas ajo ka vazhduar me Dritanin, diskutimin p\u00ebr muskujt e kurrizit t\u00eb tij si dhe p\u00ebr muskujt e formimin e tyre n\u00eb p\u00ebrgjith\u00ebsi.<\/p>\n","protected":false},"excerpt":{"rendered":"<p>06\/03\/09 01:50 Aida, duke prekur kurrizin e Dritanit, ka th\u00ebn\u00eb se ai e ka trupin shum\u00eb t\u00eb formuar. \u201cGoce, s\u2019ka \u00e7\u2019t\u00eb duhet ty! \u2013 i ka th\u00ebn\u00eb Adelajda, &#8211; \u00cbsht\u00eb pron\u00eb private ai!\u201d. \u201cPse i dole pronare ti? \u2013ia ka kthyer ajo. Adelajda i ka th\u00ebn\u00eb se pronarja ishte, por ishte diku tjet\u00ebr. Aida ka [&hellip;]<\/p>\n","protected":false},"author":1,"featured_media":0,"comment_status":"open","ping_status":"closed","sticky":false,"template":"","format":"standard","meta":{"spay_email":"","jetpack_publicize_message":"","jetpack_is_tweetstorm":false,"jetpack_publicize_feature_enabled":true},"categories":[6502],"tags":[6562,6566,5057,6506,6712,7129,7271,6905,6891,6693,6887],"jetpack_publicize_connections":[],"yoast_head":"<!-- This site is optimized with the Yoast SEO plugin v19.1 - https:\/\/yoast.com\/wordpress\/plugins\/seo\/ -->\n<title>Aida: Dritani \u00c3\u00absht\u00c3\u00ab pron\u00c3\u00ab private | Big Brother Albania 2<\/title>\n<meta name=\"description\" content=\"Big Brother Albania 2 - Aida, duke prekur kurrizin e Dritanit, ka th\u00c3\u00abn\u00c3\u00ab se ai e ka trupin shum\u00c3\u00ab t\u00c3\u00ab formuar. \u00e2\u20ac\u0153Goce, s\u00e2\u20ac\u2122ka \u00c3\u00a7\u00e2\u20ac\u2122t\u00c3\u00ab duhet ty! \u00e2\u20ac\u201c i ka th\u00c3\u00abn\u00c3\u00ab Adelajda.\" \/>\n<meta name=\"robots\" content=\"index, follow, max-snippet:-1, max-image-preview:large, max-video-preview:-1\" \/>\n<link rel=\"canonical\" href=\"https:\/\/www.visit-ulcinj.com\/blog\/2009\/03\/07\/aida-dritani-eshte-prone-private\/\" \/>\n<meta property=\"og:locale\" content=\"en_US\" \/>\n<meta property=\"og:type\" content=\"article\" \/>\n<meta property=\"og:title\" content=\"Aida: Dritani \u00c3\u00absht\u00c3\u00ab pron\u00c3\u00ab private | Big Brother Albania 2\" \/>\n<meta property=\"og:description\" content=\"Big Brother Albania 2 - Aida, duke prekur kurrizin e Dritanit, ka th\u00c3\u00abn\u00c3\u00ab se ai e ka trupin shum\u00c3\u00ab t\u00c3\u00ab formuar. \u00e2\u20ac\u0153Goce, s\u00e2\u20ac\u2122ka \u00c3\u00a7\u00e2\u20ac\u2122t\u00c3\u00ab duhet ty! \u00e2\u20ac\u201c i ka th\u00c3\u00abn\u00c3\u00ab Adelajda.\" \/>\n<meta property=\"og:url\" content=\"https:\/\/www.visit-ulcinj.com\/blog\/2009\/03\/07\/aida-dritani-eshte-prone-private\/\" \/>\n<meta property=\"og:site_name\" content=\"Lajme nga Ulqini\" \/>\n<meta property=\"article:published_time\" content=\"2009-03-07T12:24:36+00:00\" \/>\n<meta property=\"og:image\" content=\"http:\/\/www.visit-ulcinj.com\/blog\/wp-content\/uploads\/2009\/03\/aidadritani-copy.jpg\" \/>\n<meta name=\"twitter:label1\" content=\"Written by\" \/>\n\t<meta name=\"twitter:data1\" content=\"ulqini\" \/>\n\t<meta name=\"twitter:label2\" content=\"Est. reading time\" \/>\n\t<meta name=\"twitter:data2\" content=\"1 minute\" \/>\n<script type=\"application\/ld+json\" class=\"yoast-schema-graph\">{\"@context\":\"https:\/\/schema.org\",\"@graph\":[{\"@type\":\"WebSite\",\"@id\":\"https:\/\/www.visit-ulcinj.com\/blog\/#website\",\"url\":\"https:\/\/www.visit-ulcinj.com\/blog\/\",\"name\":\"Lajme nga Ulqini\",\"description\":\"Lajme,Vijesti,Ulqini,Ulqin,Crna Gora,Mali i Zi\",\"potentialAction\":[{\"@type\":\"SearchAction\",\"target\":{\"@type\":\"EntryPoint\",\"urlTemplate\":\"https:\/\/www.visit-ulcinj.com\/blog\/?s={search_term_string}\"},\"query-input\":\"required name=search_term_string\"}],\"inLanguage\":\"en-US\"},{\"@type\":\"ImageObject\",\"inLanguage\":\"en-US\",\"@id\":\"https:\/\/www.visit-ulcinj.com\/blog\/2009\/03\/07\/aida-dritani-eshte-prone-private\/#primaryimage\",\"url\":\"http:\/\/www.visit-ulcinj.com\/blog\/wp-content\/uploads\/2009\/03\/aidadritani-copy.jpg\",\"contentUrl\":\"http:\/\/www.visit-ulcinj.com\/blog\/wp-content\/uploads\/2009\/03\/aidadritani-copy.jpg\"},{\"@type\":\"WebPage\",\"@id\":\"https:\/\/www.visit-ulcinj.com\/blog\/2009\/03\/07\/aida-dritani-eshte-prone-private\/#webpage\",\"url\":\"https:\/\/www.visit-ulcinj.com\/blog\/2009\/03\/07\/aida-dritani-eshte-prone-private\/\",\"name\":\"Aida: Dritani \u00c3\u00absht\u00c3\u00ab pron\u00c3\u00ab private | Big Brother Albania 2\",\"isPartOf\":{\"@id\":\"https:\/\/www.visit-ulcinj.com\/blog\/#website\"},\"primaryImageOfPage\":{\"@id\":\"https:\/\/www.visit-ulcinj.com\/blog\/2009\/03\/07\/aida-dritani-eshte-prone-private\/#primaryimage\"},\"datePublished\":\"2009-03-07T12:24:36+00:00\",\"dateModified\":\"2009-03-07T12:24:36+00:00\",\"author\":{\"@id\":\"https:\/\/www.visit-ulcinj.com\/blog\/#\/schema\/person\/dcab619c614d3038751c63bc2aadc06d\"},\"description\":\"Big Brother Albania 2 - Aida, duke prekur kurrizin e Dritanit, ka th\u00c3\u00abn\u00c3\u00ab se ai e ka trupin shum\u00c3\u00ab t\u00c3\u00ab formuar. \u00e2\u20ac\u0153Goce, s\u00e2\u20ac\u2122ka \u00c3\u00a7\u00e2\u20ac\u2122t\u00c3\u00ab duhet ty! \u00e2\u20ac\u201c i ka th\u00c3\u00abn\u00c3\u00ab Adelajda.\",\"breadcrumb\":{\"@id\":\"https:\/\/www.visit-ulcinj.com\/blog\/2009\/03\/07\/aida-dritani-eshte-prone-private\/#breadcrumb\"},\"inLanguage\":\"en-US\",\"potentialAction\":[{\"@type\":\"ReadAction\",\"target\":[\"https:\/\/www.visit-ulcinj.com\/blog\/2009\/03\/07\/aida-dritani-eshte-prone-private\/\"]}]},{\"@type\":\"BreadcrumbList\",\"@id\":\"https:\/\/www.visit-ulcinj.com\/blog\/2009\/03\/07\/aida-dritani-eshte-prone-private\/#breadcrumb\",\"itemListElement\":[{\"@type\":\"ListItem\",\"position\":1,\"name\":\"Aida: Dritani \u00ebsht\u00eb pron\u00eb private\"}]},{\"@type\":\"Person\",\"@id\":\"https:\/\/www.visit-ulcinj.com\/blog\/#\/schema\/person\/dcab619c614d3038751c63bc2aadc06d\",\"name\":\"ulqini\",\"sameAs\":[\"http:\/\/www.visit-ulcinj.com\"],\"url\":\"https:\/\/www.visit-ulcinj.com\/blog\/author\/admin\/\"}]}<\/script>\n<!-- \/ Yoast SEO plugin. -->","yoast_head_json":{"title":"Aida: Dritani \u00c3\u00absht\u00c3\u00ab pron\u00c3\u00ab private | Big Brother Albania 2","description":"Big Brother Albania 2 - Aida, duke prekur kurrizin e Dritanit, ka th\u00c3\u00abn\u00c3\u00ab se ai e ka trupin shum\u00c3\u00ab t\u00c3\u00ab formuar. \u00e2\u20ac\u0153Goce, s\u00e2\u20ac\u2122ka \u00c3\u00a7\u00e2\u20ac\u2122t\u00c3\u00ab duhet ty! \u00e2\u20ac\u201c i ka th\u00c3\u00abn\u00c3\u00ab Adelajda.","robots":{"index":"index","follow":"follow","max-snippet":"max-snippet:-1","max-image-preview":"max-image-preview:large","max-video-preview":"max-video-preview:-1"},"canonical":"https:\/\/www.visit-ulcinj.com\/blog\/2009\/03\/07\/aida-dritani-eshte-prone-private\/","og_locale":"en_US","og_type":"article","og_title":"Aida: Dritani \u00c3\u00absht\u00c3\u00ab pron\u00c3\u00ab private | Big Brother Albania 2","og_description":"Big Brother Albania 2 - Aida, duke prekur kurrizin e Dritanit, ka th\u00c3\u00abn\u00c3\u00ab se ai e ka trupin shum\u00c3\u00ab t\u00c3\u00ab formuar. \u00e2\u20ac\u0153Goce, s\u00e2\u20ac\u2122ka \u00c3\u00a7\u00e2\u20ac\u2122t\u00c3\u00ab duhet ty! \u00e2\u20ac\u201c i ka th\u00c3\u00abn\u00c3\u00ab Adelajda.","og_url":"https:\/\/www.visit-ulcinj.com\/blog\/2009\/03\/07\/aida-dritani-eshte-prone-private\/","og_site_name":"Lajme nga Ulqini","article_published_time":"2009-03-07T12:24:36+00:00","og_image":[{"url":"http:\/\/www.visit-ulcinj.com\/blog\/wp-content\/uploads\/2009\/03\/aidadritani-copy.jpg"}],"twitter_misc":{"Written by":"ulqini","Est. reading time":"1 minute"},"schema":{"@context":"https:\/\/schema.org","@graph":[{"@type":"WebSite","@id":"https:\/\/www.visit-ulcinj.com\/blog\/#website","url":"https:\/\/www.visit-ulcinj.com\/blog\/","name":"Lajme nga Ulqini","description":"Lajme,Vijesti,Ulqini,Ulqin,Crna Gora,Mali i Zi","potentialAction":[{"@type":"SearchAction","target":{"@type":"EntryPoint","urlTemplate":"https:\/\/www.visit-ulcinj.com\/blog\/?s={search_term_string}"},"query-input":"required name=search_term_string"}],"inLanguage":"en-US"},{"@type":"ImageObject","inLanguage":"en-US","@id":"https:\/\/www.visit-ulcinj.com\/blog\/2009\/03\/07\/aida-dritani-eshte-prone-private\/#primaryimage","url":"http:\/\/www.visit-ulcinj.com\/blog\/wp-content\/uploads\/2009\/03\/aidadritani-copy.jpg","contentUrl":"http:\/\/www.visit-ulcinj.com\/blog\/wp-content\/uploads\/2009\/03\/aidadritani-copy.jpg"},{"@type":"WebPage","@id":"https:\/\/www.visit-ulcinj.com\/blog\/2009\/03\/07\/aida-dritani-eshte-prone-private\/#webpage","url":"https:\/\/www.visit-ulcinj.com\/blog\/2009\/03\/07\/aida-dritani-eshte-prone-private\/","name":"Aida: Dritani \u00c3\u00absht\u00c3\u00ab pron\u00c3\u00ab private | Big Brother Albania 2","isPartOf":{"@id":"https:\/\/www.visit-ulcinj.com\/blog\/#website"},"primaryImageOfPage":{"@id":"https:\/\/www.visit-ulcinj.com\/blog\/2009\/03\/07\/aida-dritani-eshte-prone-private\/#primaryimage"},"datePublished":"2009-03-07T12:24:36+00:00","dateModified":"2009-03-07T12:24:36+00:00","author":{"@id":"https:\/\/www.visit-ulcinj.com\/blog\/#\/schema\/person\/dcab619c614d3038751c63bc2aadc06d"},"description":"Big Brother Albania 2 - Aida, duke prekur kurrizin e Dritanit, ka th\u00c3\u00abn\u00c3\u00ab se ai e ka trupin shum\u00c3\u00ab t\u00c3\u00ab formuar. \u00e2\u20ac\u0153Goce, s\u00e2\u20ac\u2122ka \u00c3\u00a7\u00e2\u20ac\u2122t\u00c3\u00ab duhet ty! \u00e2\u20ac\u201c i ka th\u00c3\u00abn\u00c3\u00ab Adelajda.","breadcrumb":{"@id":"https:\/\/www.visit-ulcinj.com\/blog\/2009\/03\/07\/aida-dritani-eshte-prone-private\/#breadcrumb"},"inLanguage":"en-US","potentialAction":[{"@type":"ReadAction","target":["https:\/\/www.visit-ulcinj.com\/blog\/2009\/03\/07\/aida-dritani-eshte-prone-private\/"]}]},{"@type":"BreadcrumbList","@id":"https:\/\/www.visit-ulcinj.com\/blog\/2009\/03\/07\/aida-dritani-eshte-prone-private\/#breadcrumb","itemListElement":[{"@type":"ListItem","position":1,"name":"Aida: Dritani \u00ebsht\u00eb pron\u00eb private"}]},{"@type":"Person","@id":"https:\/\/www.visit-ulcinj.com\/blog\/#\/schema\/person\/dcab619c614d3038751c63bc2aadc06d","name":"ulqini","sameAs":["http:\/\/www.visit-ulcinj.com"],"url":"https:\/\/www.visit-ulcinj.com\/blog\/author\/admin\/"}]}},"jetpack_featured_media_url":"","jetpack_sharing_enabled":true,"jetpack_shortlink":"https:\/\/wp.me\/pe6lTn-3pD","_links":{"self":[{"href":"https:\/\/www.visit-ulcinj.com\/blog\/wp-json\/wp\/v2\/posts\/13121"}],"collection":[{"href":"https:\/\/www.visit-ulcinj.com\/blog\/wp-json\/wp\/v2\/posts"}],"about":[{"href":"https:\/\/www.visit-ulcinj.com\/blog\/wp-json\/wp\/v2\/types\/post"}],"author":[{"embeddable":true,"href":"https:\/\/www.visit-ulcinj.com\/blog\/wp-json\/wp\/v2\/users\/1"}],"replies":[{"embeddable":true,"href":"https:\/\/www.visit-ulcinj.com\/blog\/wp-json\/wp\/v2\/comments?post=13121"}],"version-history":[{"count":0,"href":"https:\/\/www.visit-ulcinj.com\/blog\/wp-json\/wp\/v2\/posts\/13121\/revisions"}],"wp:attachment":[{"href":"https:\/\/www.visit-ulcinj.com\/blog\/wp-json\/wp\/v2\/media?parent=13121"}],"wp:term":[{"taxonomy":"category","embeddable":true,"href":"https:\/\/www.visit-ulcinj.com\/blog\/wp-json\/wp\/v2\/categories?post=13121"},{"taxonomy":"post_tag","embeddable":true,"href":"https:\/\/www.visit-ulcinj.com\/blog\/wp-json\/wp\/v2\/tags?post=13121"}],"curies":[{"name":"wp","href":"https:\/\/api.w.org\/{rel}","templated":true}]}}