{"id":13126,"date":"2009-03-07T14:25:36","date_gmt":"2009-03-07T13:25:36","guid":{"rendered":"http:\/\/www.visit-ulcinj.com\/blog\/?p=13126"},"modified":"2009-03-07T13:30:47","modified_gmt":"2009-03-07T12:30:47","slug":"loja-e-banoreve-ne-big-brother-albania-2","status":"publish","type":"post","link":"https:\/\/www.visit-ulcinj.com\/blog\/2009\/03\/07\/loja-e-banoreve-ne-big-brother-albania-2\/","title":{"rendered":"Loja e banor\u00ebve n\u00eb Big Brother Albania 2"},"content":{"rendered":"<p><em><span class=\"newsdate\"><a href=\"http:\/\/www.visit-ulcinj.com\/blog\/wp-content\/uploads\/2009\/03\/loja-e-banoreve-copy.jpg\"><img loading=\"lazy\" class=\"alignleft size-full wp-image-13127\" title=\"loja-e-banoreve-big-brother-albania-2\" src=\"http:\/\/www.visit-ulcinj.com\/blog\/wp-content\/uploads\/2009\/03\/loja-e-banoreve-copy.jpg\" alt=\"loja-e-banoreve-big-brother-albania-2\" width=\"300\" height=\"205\" \/><\/a>06\/03\/09 02:20<\/span><\/em><\/p>\n<p>Republika ka propozuar q\u00eb t\u00eb luajn\u00eb nj\u00eb loj\u00eb. Nj\u00ebrit prej tyre do t\u2019i lidheshin syt\u00eb dhe ai duhet t\u00eb gjente cili ishte personi q\u00eb do t\u00eb kishte p\u00ebrball\u00eb, duke i prekur fytyr\u00ebn. E para q\u00eb mbylli syt\u00eb ishte Mimoza. Republika i lidhi asaj syt\u00eb dhe loja filloi. Ajo gjeti sakt\u00eb Republik\u00ebn dhe Adin, por ngat\u00ebrroi Lirit\u00ebn p\u00ebr Bjordin. Loja vazhdoi me banor\u00ebt e tjer\u00eb.\u00a0<br \/>\nM\u00eb pas ata e zhvilluan loj\u00ebn n\u00eb nj\u00eb tjet\u00ebr drejtim. Dy prej banor\u00ebve u lidheshin syt\u00eb dhe n\u00ebn drejtimin e dy banor\u00ebve t\u00eb tjer\u00eb, vet\u00ebm n\u00ebp\u00ebrmjet z\u00ebrit, ata duhet t\u00eb shkonin symbyllur n\u00eb vende t\u00eb ndryshme t\u00eb sht\u00ebpis\u00eb. T\u00eb qeshurat ishin t\u00eb shumta dhe banor\u00ebt u duk\u00ebn t\u00eb k\u00ebnaqur nga loja e re.<\/p>\n","protected":false},"excerpt":{"rendered":"<p>06\/03\/09 02:20 Republika ka propozuar q\u00eb t\u00eb luajn\u00eb nj\u00eb loj\u00eb. Nj\u00ebrit prej tyre do t\u2019i lidheshin syt\u00eb dhe ai duhet t\u00eb gjente cili ishte personi q\u00eb do t\u00eb kishte p\u00ebrball\u00eb, duke i prekur fytyr\u00ebn. E para q\u00eb mbylli syt\u00eb ishte Mimoza. Republika i lidhi asaj syt\u00eb dhe loja filloi. Ajo gjeti sakt\u00eb Republik\u00ebn dhe Adin, [&hellip;]<\/p>\n","protected":false},"author":1,"featured_media":0,"comment_status":"open","ping_status":"closed","sticky":false,"template":"","format":"standard","meta":{"spay_email":"","jetpack_publicize_message":"","jetpack_is_tweetstorm":false,"jetpack_publicize_feature_enabled":true},"categories":[6502],"tags":[7577,5057,6506,6712,7129,6567,6513,7576,6568,262,6891,6693,6887],"jetpack_publicize_connections":[],"yoast_head":"<!-- This site is optimized with the Yoast SEO plugin v19.1 - https:\/\/yoast.com\/wordpress\/plugins\/seo\/ -->\n<title>Loja e banor\u00c3\u00abve | Big Brother Albania 2<\/title>\n<meta name=\"description\" content=\"Big Brother Albania 2 - Republika ka propozuar q\u00c3\u00ab t\u00c3\u00ab luajn\u00c3\u00ab nj\u00c3\u00ab loj\u00c3\u00ab. Nj\u00c3\u00abrit prej tyre do t\u00e2\u20ac\u2122i lidheshin syt\u00c3\u00ab dhe ai duhet t\u00c3\u00ab gjente cili ishte personi q\u00c3\u00ab do t\u00c3\u00ab kishte p\u00c3\u00abrball\u00c3\u00ab, duke i prekur fytyr\u00c3\u00abn. E para q\u00c3\u00ab mbylli syt\u00c3\u00ab ishte Mimoza.\" \/>\n<meta name=\"robots\" content=\"index, follow, max-snippet:-1, max-image-preview:large, max-video-preview:-1\" \/>\n<link rel=\"canonical\" href=\"https:\/\/www.visit-ulcinj.com\/blog\/2009\/03\/07\/loja-e-banoreve-ne-big-brother-albania-2\/\" \/>\n<meta property=\"og:locale\" content=\"en_US\" \/>\n<meta property=\"og:type\" content=\"article\" \/>\n<meta property=\"og:title\" content=\"Loja e banor\u00c3\u00abve | Big Brother Albania 2\" \/>\n<meta property=\"og:description\" content=\"Big Brother Albania 2 - Republika ka propozuar q\u00c3\u00ab t\u00c3\u00ab luajn\u00c3\u00ab nj\u00c3\u00ab loj\u00c3\u00ab. Nj\u00c3\u00abrit prej tyre do t\u00e2\u20ac\u2122i lidheshin syt\u00c3\u00ab dhe ai duhet t\u00c3\u00ab gjente cili ishte personi q\u00c3\u00ab do t\u00c3\u00ab kishte p\u00c3\u00abrball\u00c3\u00ab, duke i prekur fytyr\u00c3\u00abn. E para q\u00c3\u00ab mbylli syt\u00c3\u00ab ishte Mimoza.\" \/>\n<meta property=\"og:url\" content=\"https:\/\/www.visit-ulcinj.com\/blog\/2009\/03\/07\/loja-e-banoreve-ne-big-brother-albania-2\/\" \/>\n<meta property=\"og:site_name\" content=\"Lajme nga Ulqini\" \/>\n<meta property=\"article:published_time\" content=\"2009-03-07T13:25:36+00:00\" \/>\n<meta property=\"article:modified_time\" content=\"2009-03-07T12:30:47+00:00\" \/>\n<meta property=\"og:image\" content=\"http:\/\/www.visit-ulcinj.com\/blog\/wp-content\/uploads\/2009\/03\/loja-e-banoreve-copy.jpg\" \/>\n<meta name=\"twitter:label1\" content=\"Written by\" \/>\n\t<meta name=\"twitter:data1\" content=\"ulqini\" \/>\n\t<meta name=\"twitter:label2\" content=\"Est. reading time\" \/>\n\t<meta name=\"twitter:data2\" content=\"1 minute\" \/>\n<script type=\"application\/ld+json\" class=\"yoast-schema-graph\">{\"@context\":\"https:\/\/schema.org\",\"@graph\":[{\"@type\":\"WebSite\",\"@id\":\"https:\/\/www.visit-ulcinj.com\/blog\/#website\",\"url\":\"https:\/\/www.visit-ulcinj.com\/blog\/\",\"name\":\"Lajme nga Ulqini\",\"description\":\"Lajme,Vijesti,Ulqini,Ulqin,Crna Gora,Mali i Zi\",\"potentialAction\":[{\"@type\":\"SearchAction\",\"target\":{\"@type\":\"EntryPoint\",\"urlTemplate\":\"https:\/\/www.visit-ulcinj.com\/blog\/?s={search_term_string}\"},\"query-input\":\"required name=search_term_string\"}],\"inLanguage\":\"en-US\"},{\"@type\":\"ImageObject\",\"inLanguage\":\"en-US\",\"@id\":\"https:\/\/www.visit-ulcinj.com\/blog\/2009\/03\/07\/loja-e-banoreve-ne-big-brother-albania-2\/#primaryimage\",\"url\":\"http:\/\/www.visit-ulcinj.com\/blog\/wp-content\/uploads\/2009\/03\/loja-e-banoreve-copy.jpg\",\"contentUrl\":\"http:\/\/www.visit-ulcinj.com\/blog\/wp-content\/uploads\/2009\/03\/loja-e-banoreve-copy.jpg\"},{\"@type\":\"WebPage\",\"@id\":\"https:\/\/www.visit-ulcinj.com\/blog\/2009\/03\/07\/loja-e-banoreve-ne-big-brother-albania-2\/#webpage\",\"url\":\"https:\/\/www.visit-ulcinj.com\/blog\/2009\/03\/07\/loja-e-banoreve-ne-big-brother-albania-2\/\",\"name\":\"Loja e banor\u00c3\u00abve | Big Brother Albania 2\",\"isPartOf\":{\"@id\":\"https:\/\/www.visit-ulcinj.com\/blog\/#website\"},\"primaryImageOfPage\":{\"@id\":\"https:\/\/www.visit-ulcinj.com\/blog\/2009\/03\/07\/loja-e-banoreve-ne-big-brother-albania-2\/#primaryimage\"},\"datePublished\":\"2009-03-07T13:25:36+00:00\",\"dateModified\":\"2009-03-07T12:30:47+00:00\",\"author\":{\"@id\":\"https:\/\/www.visit-ulcinj.com\/blog\/#\/schema\/person\/dcab619c614d3038751c63bc2aadc06d\"},\"description\":\"Big Brother Albania 2 - Republika ka propozuar q\u00c3\u00ab t\u00c3\u00ab luajn\u00c3\u00ab nj\u00c3\u00ab loj\u00c3\u00ab. Nj\u00c3\u00abrit prej tyre do t\u00e2\u20ac\u2122i lidheshin syt\u00c3\u00ab dhe ai duhet t\u00c3\u00ab gjente cili ishte personi q\u00c3\u00ab do t\u00c3\u00ab kishte p\u00c3\u00abrball\u00c3\u00ab, duke i prekur fytyr\u00c3\u00abn. E para q\u00c3\u00ab mbylli syt\u00c3\u00ab ishte Mimoza.\",\"breadcrumb\":{\"@id\":\"https:\/\/www.visit-ulcinj.com\/blog\/2009\/03\/07\/loja-e-banoreve-ne-big-brother-albania-2\/#breadcrumb\"},\"inLanguage\":\"en-US\",\"potentialAction\":[{\"@type\":\"ReadAction\",\"target\":[\"https:\/\/www.visit-ulcinj.com\/blog\/2009\/03\/07\/loja-e-banoreve-ne-big-brother-albania-2\/\"]}]},{\"@type\":\"BreadcrumbList\",\"@id\":\"https:\/\/www.visit-ulcinj.com\/blog\/2009\/03\/07\/loja-e-banoreve-ne-big-brother-albania-2\/#breadcrumb\",\"itemListElement\":[{\"@type\":\"ListItem\",\"position\":1,\"name\":\"Loja e banor\u00ebve n\u00eb Big Brother Albania 2\"}]},{\"@type\":\"Person\",\"@id\":\"https:\/\/www.visit-ulcinj.com\/blog\/#\/schema\/person\/dcab619c614d3038751c63bc2aadc06d\",\"name\":\"ulqini\",\"sameAs\":[\"http:\/\/www.visit-ulcinj.com\"],\"url\":\"https:\/\/www.visit-ulcinj.com\/blog\/author\/admin\/\"}]}<\/script>\n<!-- \/ Yoast SEO plugin. -->","yoast_head_json":{"title":"Loja e banor\u00c3\u00abve | Big Brother Albania 2","description":"Big Brother Albania 2 - Republika ka propozuar q\u00c3\u00ab t\u00c3\u00ab luajn\u00c3\u00ab nj\u00c3\u00ab loj\u00c3\u00ab. Nj\u00c3\u00abrit prej tyre do t\u00e2\u20ac\u2122i lidheshin syt\u00c3\u00ab dhe ai duhet t\u00c3\u00ab gjente cili ishte personi q\u00c3\u00ab do t\u00c3\u00ab kishte p\u00c3\u00abrball\u00c3\u00ab, duke i prekur fytyr\u00c3\u00abn. E para q\u00c3\u00ab mbylli syt\u00c3\u00ab ishte Mimoza.","robots":{"index":"index","follow":"follow","max-snippet":"max-snippet:-1","max-image-preview":"max-image-preview:large","max-video-preview":"max-video-preview:-1"},"canonical":"https:\/\/www.visit-ulcinj.com\/blog\/2009\/03\/07\/loja-e-banoreve-ne-big-brother-albania-2\/","og_locale":"en_US","og_type":"article","og_title":"Loja e banor\u00c3\u00abve | Big Brother Albania 2","og_description":"Big Brother Albania 2 - Republika ka propozuar q\u00c3\u00ab t\u00c3\u00ab luajn\u00c3\u00ab nj\u00c3\u00ab loj\u00c3\u00ab. Nj\u00c3\u00abrit prej tyre do t\u00e2\u20ac\u2122i lidheshin syt\u00c3\u00ab dhe ai duhet t\u00c3\u00ab gjente cili ishte personi q\u00c3\u00ab do t\u00c3\u00ab kishte p\u00c3\u00abrball\u00c3\u00ab, duke i prekur fytyr\u00c3\u00abn. E para q\u00c3\u00ab mbylli syt\u00c3\u00ab ishte Mimoza.","og_url":"https:\/\/www.visit-ulcinj.com\/blog\/2009\/03\/07\/loja-e-banoreve-ne-big-brother-albania-2\/","og_site_name":"Lajme nga Ulqini","article_published_time":"2009-03-07T13:25:36+00:00","article_modified_time":"2009-03-07T12:30:47+00:00","og_image":[{"url":"http:\/\/www.visit-ulcinj.com\/blog\/wp-content\/uploads\/2009\/03\/loja-e-banoreve-copy.jpg"}],"twitter_misc":{"Written by":"ulqini","Est. reading time":"1 minute"},"schema":{"@context":"https:\/\/schema.org","@graph":[{"@type":"WebSite","@id":"https:\/\/www.visit-ulcinj.com\/blog\/#website","url":"https:\/\/www.visit-ulcinj.com\/blog\/","name":"Lajme nga Ulqini","description":"Lajme,Vijesti,Ulqini,Ulqin,Crna Gora,Mali i Zi","potentialAction":[{"@type":"SearchAction","target":{"@type":"EntryPoint","urlTemplate":"https:\/\/www.visit-ulcinj.com\/blog\/?s={search_term_string}"},"query-input":"required name=search_term_string"}],"inLanguage":"en-US"},{"@type":"ImageObject","inLanguage":"en-US","@id":"https:\/\/www.visit-ulcinj.com\/blog\/2009\/03\/07\/loja-e-banoreve-ne-big-brother-albania-2\/#primaryimage","url":"http:\/\/www.visit-ulcinj.com\/blog\/wp-content\/uploads\/2009\/03\/loja-e-banoreve-copy.jpg","contentUrl":"http:\/\/www.visit-ulcinj.com\/blog\/wp-content\/uploads\/2009\/03\/loja-e-banoreve-copy.jpg"},{"@type":"WebPage","@id":"https:\/\/www.visit-ulcinj.com\/blog\/2009\/03\/07\/loja-e-banoreve-ne-big-brother-albania-2\/#webpage","url":"https:\/\/www.visit-ulcinj.com\/blog\/2009\/03\/07\/loja-e-banoreve-ne-big-brother-albania-2\/","name":"Loja e banor\u00c3\u00abve | Big Brother Albania 2","isPartOf":{"@id":"https:\/\/www.visit-ulcinj.com\/blog\/#website"},"primaryImageOfPage":{"@id":"https:\/\/www.visit-ulcinj.com\/blog\/2009\/03\/07\/loja-e-banoreve-ne-big-brother-albania-2\/#primaryimage"},"datePublished":"2009-03-07T13:25:36+00:00","dateModified":"2009-03-07T12:30:47+00:00","author":{"@id":"https:\/\/www.visit-ulcinj.com\/blog\/#\/schema\/person\/dcab619c614d3038751c63bc2aadc06d"},"description":"Big Brother Albania 2 - Republika ka propozuar q\u00c3\u00ab t\u00c3\u00ab luajn\u00c3\u00ab nj\u00c3\u00ab loj\u00c3\u00ab. Nj\u00c3\u00abrit prej tyre do t\u00e2\u20ac\u2122i lidheshin syt\u00c3\u00ab dhe ai duhet t\u00c3\u00ab gjente cili ishte personi q\u00c3\u00ab do t\u00c3\u00ab kishte p\u00c3\u00abrball\u00c3\u00ab, duke i prekur fytyr\u00c3\u00abn. E para q\u00c3\u00ab mbylli syt\u00c3\u00ab ishte Mimoza.","breadcrumb":{"@id":"https:\/\/www.visit-ulcinj.com\/blog\/2009\/03\/07\/loja-e-banoreve-ne-big-brother-albania-2\/#breadcrumb"},"inLanguage":"en-US","potentialAction":[{"@type":"ReadAction","target":["https:\/\/www.visit-ulcinj.com\/blog\/2009\/03\/07\/loja-e-banoreve-ne-big-brother-albania-2\/"]}]},{"@type":"BreadcrumbList","@id":"https:\/\/www.visit-ulcinj.com\/blog\/2009\/03\/07\/loja-e-banoreve-ne-big-brother-albania-2\/#breadcrumb","itemListElement":[{"@type":"ListItem","position":1,"name":"Loja e banor\u00ebve n\u00eb Big Brother Albania 2"}]},{"@type":"Person","@id":"https:\/\/www.visit-ulcinj.com\/blog\/#\/schema\/person\/dcab619c614d3038751c63bc2aadc06d","name":"ulqini","sameAs":["http:\/\/www.visit-ulcinj.com"],"url":"https:\/\/www.visit-ulcinj.com\/blog\/author\/admin\/"}]}},"jetpack_featured_media_url":"","jetpack_sharing_enabled":true,"jetpack_shortlink":"https:\/\/wp.me\/pe6lTn-3pI","_links":{"self":[{"href":"https:\/\/www.visit-ulcinj.com\/blog\/wp-json\/wp\/v2\/posts\/13126"}],"collection":[{"href":"https:\/\/www.visit-ulcinj.com\/blog\/wp-json\/wp\/v2\/posts"}],"about":[{"href":"https:\/\/www.visit-ulcinj.com\/blog\/wp-json\/wp\/v2\/types\/post"}],"author":[{"embeddable":true,"href":"https:\/\/www.visit-ulcinj.com\/blog\/wp-json\/wp\/v2\/users\/1"}],"replies":[{"embeddable":true,"href":"https:\/\/www.visit-ulcinj.com\/blog\/wp-json\/wp\/v2\/comments?post=13126"}],"version-history":[{"count":0,"href":"https:\/\/www.visit-ulcinj.com\/blog\/wp-json\/wp\/v2\/posts\/13126\/revisions"}],"wp:attachment":[{"href":"https:\/\/www.visit-ulcinj.com\/blog\/wp-json\/wp\/v2\/media?parent=13126"}],"wp:term":[{"taxonomy":"category","embeddable":true,"href":"https:\/\/www.visit-ulcinj.com\/blog\/wp-json\/wp\/v2\/categories?post=13126"},{"taxonomy":"post_tag","embeddable":true,"href":"https:\/\/www.visit-ulcinj.com\/blog\/wp-json\/wp\/v2\/tags?post=13126"}],"curies":[{"name":"wp","href":"https:\/\/api.w.org\/{rel}","templated":true}]}}