{"id":13131,"date":"2009-03-07T14:31:59","date_gmt":"2009-03-07T13:31:59","guid":{"rendered":"http:\/\/www.visit-ulcinj.com\/blog\/?p=13131"},"modified":"2009-03-07T13:37:08","modified_gmt":"2009-03-07T12:37:08","slug":"per-1-dite-mbushet-1-muaj-big-brother-albania-2","status":"publish","type":"post","link":"https:\/\/www.visit-ulcinj.com\/blog\/2009\/03\/07\/per-1-dite-mbushet-1-muaj-big-brother-albania-2\/","title":{"rendered":"P\u00ebr 1 dit\u00eb, mbushet 1 muaj | Big Brother Albania 2"},"content":{"rendered":"<p><em><span class=\"newsdate\"><a href=\"http:\/\/www.visit-ulcinj.com\/blog\/wp-content\/uploads\/2009\/03\/1-dite-1-muaj-copy.jpg\"><img loading=\"lazy\" class=\"alignleft size-full wp-image-13132\" title=\"1-dite-1-muaj-big-brother-albania-2\" src=\"http:\/\/www.visit-ulcinj.com\/blog\/wp-content\/uploads\/2009\/03\/1-dite-1-muaj-copy.jpg\" alt=\"1-dite-1-muaj-big-brother-albania-2\" width=\"300\" height=\"205\" \/><\/a>06\/03\/09 03:00<\/span><\/em><\/p>\n<p>T\u00eb mbledhur n\u00eb zon\u00ebn e ndenjies, dritani, Pavlini, Qetsori, Bjordi dhe Lirita, kan\u00eb v\u00ebn\u00eb n\u00eb dukje se p\u00ebr nj\u00eb dit\u00eb mbushej plot nj\u00eb muaj q\u00ebndrimi n\u00eb sht\u00ebpin\u00eb e Big Brother. Pavlini u shpreh se i dukej sikur koha kishte ndaluar n\u00eb vend dhe t\u00eb t\u00eb nj\u00ebjtit mendim ishin edhe t\u00eb tjer\u00ebt. Ata fol\u00ebn p\u00ebr faktin se nuk din\u00eb asgj\u00eb nga ato q\u00eb ndodhin jasht\u00eb dhe kur t\u00eb dilnin nga sht\u00ebpia do t\u00eb ishin si t\u00eb hutuar, madje, p\u00ebr inerci t\u00eb saj q\u00eb b\u00ebnin n\u00eb sht\u00ebpi, do t\u00eb fillonin t\u00eb debatonin edhe me njer\u00ebzit e sht\u00ebpis\u00eb. Qetsori tha se duhej t\u00eb mblidheshin e t\u00eb takoheshin patjet\u00ebr jasht\u00eb. Bjordi ishte i t\u00eb nj\u00ebjtit mendim, por tha se kur t\u00eb dilnin e t\u00eb d\u00ebgjonin nj\u00ebri-tjetrin n\u00eb dhom\u00ebn e rr\u00ebfimit, nuk do t\u00eb ishte fort e sigurt\u00eb d\u00ebshira p\u00ebr t\u2019u takuar. Qetsori ka th\u00ebn\u00eb se p\u00ebr t\u00eb kjo nuk kishte fare r\u00ebnd\u00ebsi, sepse k\u00ebtu ishin \u201cp\u00ebr t\u2019ia futur nj\u00ebri-tjetrit, q\u00eb t\u00eb merrnin lek\u00ebt\u201d, nd\u00ebrsa jasht\u00eb do t\u00eb ishte tjet\u00ebr gj\u00eb. \u201cKush e di cfar\u00eb sensacioni do t\u00eb jet\u00eb, -tha Bjordi, &#8211; ne, t\u00eb gjith\u00eb bashk\u00eb, n\u00eb nj\u00eb sht\u00ebpi tjet\u00ebr!\u201d. Lirita propozoi q\u00eb ai q\u00eb do t\u00eb fitonte t\u2019u jepte nj\u00eb dark\u00eb t\u00eb gjith\u00ebve.<\/p>\n","protected":false},"excerpt":{"rendered":"<p>06\/03\/09 03:00 T\u00eb mbledhur n\u00eb zon\u00ebn e ndenjies, dritani, Pavlini, Qetsori, Bjordi dhe Lirita, kan\u00eb v\u00ebn\u00eb n\u00eb dukje se p\u00ebr nj\u00eb dit\u00eb mbushej plot nj\u00eb muaj q\u00ebndrimi n\u00eb sht\u00ebpin\u00eb e Big Brother. Pavlini u shpreh se i dukej sikur koha kishte ndaluar n\u00eb vend dhe t\u00eb t\u00eb nj\u00ebjtit mendim ishin edhe t\u00eb tjer\u00ebt. Ata fol\u00ebn [&hellip;]<\/p>\n","protected":false},"author":1,"featured_media":0,"comment_status":"open","ping_status":"closed","sticky":false,"template":"","format":"standard","meta":{"spay_email":"","jetpack_publicize_message":"","jetpack_is_tweetstorm":false,"jetpack_publicize_feature_enabled":true},"categories":[6502],"tags":[5057,6506,6712,7129,6665,7580,6567,7579,6751,7578,6891,6693,6887],"jetpack_publicize_connections":[],"yoast_head":"<!-- This site is optimized with the Yoast SEO plugin v19.1 - https:\/\/yoast.com\/wordpress\/plugins\/seo\/ -->\n<title>P\u00c3\u00abr 1 dit\u00c3\u00ab, mbushet 1 muaj | Big Brother Albania 2<\/title>\n<meta name=\"description\" content=\"Big Brother Albania 2 - T\u00c3\u00ab mbledhur n\u00c3\u00ab zon\u00c3\u00abn e ndenjies, dritani, Pavlini, Qetsori, Bjordi dhe Lirita, kan\u00c3\u00ab v\u00c3\u00abn\u00c3\u00ab n\u00c3\u00ab dukje se p\u00c3\u00abr nj\u00c3\u00ab dit\u00c3\u00ab mbushej plot nj\u00c3\u00ab muaj q\u00c3\u00abndrimi n\u00c3\u00ab sht\u00c3\u00abpin\u00c3\u00ab e Big Brother.\" \/>\n<meta name=\"robots\" content=\"index, follow, max-snippet:-1, max-image-preview:large, max-video-preview:-1\" \/>\n<link rel=\"canonical\" href=\"https:\/\/www.visit-ulcinj.com\/blog\/2009\/03\/07\/per-1-dite-mbushet-1-muaj-big-brother-albania-2\/\" \/>\n<meta property=\"og:locale\" content=\"en_US\" \/>\n<meta property=\"og:type\" content=\"article\" \/>\n<meta property=\"og:title\" content=\"P\u00c3\u00abr 1 dit\u00c3\u00ab, mbushet 1 muaj | Big Brother Albania 2\" \/>\n<meta property=\"og:description\" content=\"Big Brother Albania 2 - T\u00c3\u00ab mbledhur n\u00c3\u00ab zon\u00c3\u00abn e ndenjies, dritani, Pavlini, Qetsori, Bjordi dhe Lirita, kan\u00c3\u00ab v\u00c3\u00abn\u00c3\u00ab n\u00c3\u00ab dukje se p\u00c3\u00abr nj\u00c3\u00ab dit\u00c3\u00ab mbushej plot nj\u00c3\u00ab muaj q\u00c3\u00abndrimi n\u00c3\u00ab sht\u00c3\u00abpin\u00c3\u00ab e Big Brother.\" \/>\n<meta property=\"og:url\" content=\"https:\/\/www.visit-ulcinj.com\/blog\/2009\/03\/07\/per-1-dite-mbushet-1-muaj-big-brother-albania-2\/\" \/>\n<meta property=\"og:site_name\" content=\"Lajme nga Ulqini\" \/>\n<meta property=\"article:published_time\" content=\"2009-03-07T13:31:59+00:00\" \/>\n<meta property=\"article:modified_time\" content=\"2009-03-07T12:37:08+00:00\" \/>\n<meta property=\"og:image\" content=\"http:\/\/www.visit-ulcinj.com\/blog\/wp-content\/uploads\/2009\/03\/1-dite-1-muaj-copy.jpg\" \/>\n<meta name=\"twitter:label1\" content=\"Written by\" \/>\n\t<meta name=\"twitter:data1\" content=\"ulqini\" \/>\n\t<meta name=\"twitter:label2\" content=\"Est. reading time\" \/>\n\t<meta name=\"twitter:data2\" content=\"1 minute\" \/>\n<script type=\"application\/ld+json\" class=\"yoast-schema-graph\">{\"@context\":\"https:\/\/schema.org\",\"@graph\":[{\"@type\":\"WebSite\",\"@id\":\"https:\/\/www.visit-ulcinj.com\/blog\/#website\",\"url\":\"https:\/\/www.visit-ulcinj.com\/blog\/\",\"name\":\"Lajme nga Ulqini\",\"description\":\"Lajme,Vijesti,Ulqini,Ulqin,Crna Gora,Mali i Zi\",\"potentialAction\":[{\"@type\":\"SearchAction\",\"target\":{\"@type\":\"EntryPoint\",\"urlTemplate\":\"https:\/\/www.visit-ulcinj.com\/blog\/?s={search_term_string}\"},\"query-input\":\"required name=search_term_string\"}],\"inLanguage\":\"en-US\"},{\"@type\":\"ImageObject\",\"inLanguage\":\"en-US\",\"@id\":\"https:\/\/www.visit-ulcinj.com\/blog\/2009\/03\/07\/per-1-dite-mbushet-1-muaj-big-brother-albania-2\/#primaryimage\",\"url\":\"http:\/\/www.visit-ulcinj.com\/blog\/wp-content\/uploads\/2009\/03\/1-dite-1-muaj-copy.jpg\",\"contentUrl\":\"http:\/\/www.visit-ulcinj.com\/blog\/wp-content\/uploads\/2009\/03\/1-dite-1-muaj-copy.jpg\"},{\"@type\":\"WebPage\",\"@id\":\"https:\/\/www.visit-ulcinj.com\/blog\/2009\/03\/07\/per-1-dite-mbushet-1-muaj-big-brother-albania-2\/#webpage\",\"url\":\"https:\/\/www.visit-ulcinj.com\/blog\/2009\/03\/07\/per-1-dite-mbushet-1-muaj-big-brother-albania-2\/\",\"name\":\"P\u00c3\u00abr 1 dit\u00c3\u00ab, mbushet 1 muaj | Big Brother Albania 2\",\"isPartOf\":{\"@id\":\"https:\/\/www.visit-ulcinj.com\/blog\/#website\"},\"primaryImageOfPage\":{\"@id\":\"https:\/\/www.visit-ulcinj.com\/blog\/2009\/03\/07\/per-1-dite-mbushet-1-muaj-big-brother-albania-2\/#primaryimage\"},\"datePublished\":\"2009-03-07T13:31:59+00:00\",\"dateModified\":\"2009-03-07T12:37:08+00:00\",\"author\":{\"@id\":\"https:\/\/www.visit-ulcinj.com\/blog\/#\/schema\/person\/dcab619c614d3038751c63bc2aadc06d\"},\"description\":\"Big Brother Albania 2 - T\u00c3\u00ab mbledhur n\u00c3\u00ab zon\u00c3\u00abn e ndenjies, dritani, Pavlini, Qetsori, Bjordi dhe Lirita, kan\u00c3\u00ab v\u00c3\u00abn\u00c3\u00ab n\u00c3\u00ab dukje se p\u00c3\u00abr nj\u00c3\u00ab dit\u00c3\u00ab mbushej plot nj\u00c3\u00ab muaj q\u00c3\u00abndrimi n\u00c3\u00ab sht\u00c3\u00abpin\u00c3\u00ab e Big Brother.\",\"breadcrumb\":{\"@id\":\"https:\/\/www.visit-ulcinj.com\/blog\/2009\/03\/07\/per-1-dite-mbushet-1-muaj-big-brother-albania-2\/#breadcrumb\"},\"inLanguage\":\"en-US\",\"potentialAction\":[{\"@type\":\"ReadAction\",\"target\":[\"https:\/\/www.visit-ulcinj.com\/blog\/2009\/03\/07\/per-1-dite-mbushet-1-muaj-big-brother-albania-2\/\"]}]},{\"@type\":\"BreadcrumbList\",\"@id\":\"https:\/\/www.visit-ulcinj.com\/blog\/2009\/03\/07\/per-1-dite-mbushet-1-muaj-big-brother-albania-2\/#breadcrumb\",\"itemListElement\":[{\"@type\":\"ListItem\",\"position\":1,\"name\":\"P\u00ebr 1 dit\u00eb, mbushet 1 muaj | Big Brother Albania 2\"}]},{\"@type\":\"Person\",\"@id\":\"https:\/\/www.visit-ulcinj.com\/blog\/#\/schema\/person\/dcab619c614d3038751c63bc2aadc06d\",\"name\":\"ulqini\",\"sameAs\":[\"http:\/\/www.visit-ulcinj.com\"],\"url\":\"https:\/\/www.visit-ulcinj.com\/blog\/author\/admin\/\"}]}<\/script>\n<!-- \/ Yoast SEO plugin. -->","yoast_head_json":{"title":"P\u00c3\u00abr 1 dit\u00c3\u00ab, mbushet 1 muaj | Big Brother Albania 2","description":"Big Brother Albania 2 - T\u00c3\u00ab mbledhur n\u00c3\u00ab zon\u00c3\u00abn e ndenjies, dritani, Pavlini, Qetsori, Bjordi dhe Lirita, kan\u00c3\u00ab v\u00c3\u00abn\u00c3\u00ab n\u00c3\u00ab dukje se p\u00c3\u00abr nj\u00c3\u00ab dit\u00c3\u00ab mbushej plot nj\u00c3\u00ab muaj q\u00c3\u00abndrimi n\u00c3\u00ab sht\u00c3\u00abpin\u00c3\u00ab e Big Brother.","robots":{"index":"index","follow":"follow","max-snippet":"max-snippet:-1","max-image-preview":"max-image-preview:large","max-video-preview":"max-video-preview:-1"},"canonical":"https:\/\/www.visit-ulcinj.com\/blog\/2009\/03\/07\/per-1-dite-mbushet-1-muaj-big-brother-albania-2\/","og_locale":"en_US","og_type":"article","og_title":"P\u00c3\u00abr 1 dit\u00c3\u00ab, mbushet 1 muaj | Big Brother Albania 2","og_description":"Big Brother Albania 2 - T\u00c3\u00ab mbledhur n\u00c3\u00ab zon\u00c3\u00abn e ndenjies, dritani, Pavlini, Qetsori, Bjordi dhe Lirita, kan\u00c3\u00ab v\u00c3\u00abn\u00c3\u00ab n\u00c3\u00ab dukje se p\u00c3\u00abr nj\u00c3\u00ab dit\u00c3\u00ab mbushej plot nj\u00c3\u00ab muaj q\u00c3\u00abndrimi n\u00c3\u00ab sht\u00c3\u00abpin\u00c3\u00ab e Big Brother.","og_url":"https:\/\/www.visit-ulcinj.com\/blog\/2009\/03\/07\/per-1-dite-mbushet-1-muaj-big-brother-albania-2\/","og_site_name":"Lajme nga Ulqini","article_published_time":"2009-03-07T13:31:59+00:00","article_modified_time":"2009-03-07T12:37:08+00:00","og_image":[{"url":"http:\/\/www.visit-ulcinj.com\/blog\/wp-content\/uploads\/2009\/03\/1-dite-1-muaj-copy.jpg"}],"twitter_misc":{"Written by":"ulqini","Est. reading time":"1 minute"},"schema":{"@context":"https:\/\/schema.org","@graph":[{"@type":"WebSite","@id":"https:\/\/www.visit-ulcinj.com\/blog\/#website","url":"https:\/\/www.visit-ulcinj.com\/blog\/","name":"Lajme nga Ulqini","description":"Lajme,Vijesti,Ulqini,Ulqin,Crna Gora,Mali i Zi","potentialAction":[{"@type":"SearchAction","target":{"@type":"EntryPoint","urlTemplate":"https:\/\/www.visit-ulcinj.com\/blog\/?s={search_term_string}"},"query-input":"required name=search_term_string"}],"inLanguage":"en-US"},{"@type":"ImageObject","inLanguage":"en-US","@id":"https:\/\/www.visit-ulcinj.com\/blog\/2009\/03\/07\/per-1-dite-mbushet-1-muaj-big-brother-albania-2\/#primaryimage","url":"http:\/\/www.visit-ulcinj.com\/blog\/wp-content\/uploads\/2009\/03\/1-dite-1-muaj-copy.jpg","contentUrl":"http:\/\/www.visit-ulcinj.com\/blog\/wp-content\/uploads\/2009\/03\/1-dite-1-muaj-copy.jpg"},{"@type":"WebPage","@id":"https:\/\/www.visit-ulcinj.com\/blog\/2009\/03\/07\/per-1-dite-mbushet-1-muaj-big-brother-albania-2\/#webpage","url":"https:\/\/www.visit-ulcinj.com\/blog\/2009\/03\/07\/per-1-dite-mbushet-1-muaj-big-brother-albania-2\/","name":"P\u00c3\u00abr 1 dit\u00c3\u00ab, mbushet 1 muaj | Big Brother Albania 2","isPartOf":{"@id":"https:\/\/www.visit-ulcinj.com\/blog\/#website"},"primaryImageOfPage":{"@id":"https:\/\/www.visit-ulcinj.com\/blog\/2009\/03\/07\/per-1-dite-mbushet-1-muaj-big-brother-albania-2\/#primaryimage"},"datePublished":"2009-03-07T13:31:59+00:00","dateModified":"2009-03-07T12:37:08+00:00","author":{"@id":"https:\/\/www.visit-ulcinj.com\/blog\/#\/schema\/person\/dcab619c614d3038751c63bc2aadc06d"},"description":"Big Brother Albania 2 - T\u00c3\u00ab mbledhur n\u00c3\u00ab zon\u00c3\u00abn e ndenjies, dritani, Pavlini, Qetsori, Bjordi dhe Lirita, kan\u00c3\u00ab v\u00c3\u00abn\u00c3\u00ab n\u00c3\u00ab dukje se p\u00c3\u00abr nj\u00c3\u00ab dit\u00c3\u00ab mbushej plot nj\u00c3\u00ab muaj q\u00c3\u00abndrimi n\u00c3\u00ab sht\u00c3\u00abpin\u00c3\u00ab e Big Brother.","breadcrumb":{"@id":"https:\/\/www.visit-ulcinj.com\/blog\/2009\/03\/07\/per-1-dite-mbushet-1-muaj-big-brother-albania-2\/#breadcrumb"},"inLanguage":"en-US","potentialAction":[{"@type":"ReadAction","target":["https:\/\/www.visit-ulcinj.com\/blog\/2009\/03\/07\/per-1-dite-mbushet-1-muaj-big-brother-albania-2\/"]}]},{"@type":"BreadcrumbList","@id":"https:\/\/www.visit-ulcinj.com\/blog\/2009\/03\/07\/per-1-dite-mbushet-1-muaj-big-brother-albania-2\/#breadcrumb","itemListElement":[{"@type":"ListItem","position":1,"name":"P\u00ebr 1 dit\u00eb, mbushet 1 muaj | Big Brother Albania 2"}]},{"@type":"Person","@id":"https:\/\/www.visit-ulcinj.com\/blog\/#\/schema\/person\/dcab619c614d3038751c63bc2aadc06d","name":"ulqini","sameAs":["http:\/\/www.visit-ulcinj.com"],"url":"https:\/\/www.visit-ulcinj.com\/blog\/author\/admin\/"}]}},"jetpack_featured_media_url":"","jetpack_sharing_enabled":true,"jetpack_shortlink":"https:\/\/wp.me\/pe6lTn-3pN","_links":{"self":[{"href":"https:\/\/www.visit-ulcinj.com\/blog\/wp-json\/wp\/v2\/posts\/13131"}],"collection":[{"href":"https:\/\/www.visit-ulcinj.com\/blog\/wp-json\/wp\/v2\/posts"}],"about":[{"href":"https:\/\/www.visit-ulcinj.com\/blog\/wp-json\/wp\/v2\/types\/post"}],"author":[{"embeddable":true,"href":"https:\/\/www.visit-ulcinj.com\/blog\/wp-json\/wp\/v2\/users\/1"}],"replies":[{"embeddable":true,"href":"https:\/\/www.visit-ulcinj.com\/blog\/wp-json\/wp\/v2\/comments?post=13131"}],"version-history":[{"count":0,"href":"https:\/\/www.visit-ulcinj.com\/blog\/wp-json\/wp\/v2\/posts\/13131\/revisions"}],"wp:attachment":[{"href":"https:\/\/www.visit-ulcinj.com\/blog\/wp-json\/wp\/v2\/media?parent=13131"}],"wp:term":[{"taxonomy":"category","embeddable":true,"href":"https:\/\/www.visit-ulcinj.com\/blog\/wp-json\/wp\/v2\/categories?post=13131"},{"taxonomy":"post_tag","embeddable":true,"href":"https:\/\/www.visit-ulcinj.com\/blog\/wp-json\/wp\/v2\/tags?post=13131"}],"curies":[{"name":"wp","href":"https:\/\/api.w.org\/{rel}","templated":true}]}}