{"id":1314,"date":"2008-04-20T11:41:47","date_gmt":"2008-04-20T16:41:47","guid":{"rendered":"http:\/\/www.visit-ulcinj.com\/blog\/?p=1314"},"modified":"2008-04-20T11:47:15","modified_gmt":"2008-04-20T16:47:15","slug":"thaci-pres-qe-mali-i-zi-se-shpejti-te-njohe-kosoven","status":"publish","type":"post","link":"https:\/\/www.visit-ulcinj.com\/blog\/2008\/04\/20\/thaci-pres-qe-mali-i-zi-se-shpejti-te-njohe-kosoven\/","title":{"rendered":"Hashim Tha\u00e7i: Pres q\u00eb Mali i Zi s\u00eb shpejti t\u00eb njoh\u00eb Kosov\u00ebn"},"content":{"rendered":"<p><a href=\"http:\/\/www.visit-ulcinj.com\/blog\/wp-content\/uploads\/2008\/04\/hashim-thaci1.jpg\"><img loading=\"lazy\" class=\"alignleft attachment wp-att-1315\" style=\"float: left;\" src=\"http:\/\/www.visit-ulcinj.com\/blog\/wp-content\/uploads\/2008\/04\/hashim-thaci1.thumbnail.jpg\" alt=\"HASHIM THA\u00e7I\" width=\"183\" height=\"190\" \/><\/a><strong>Hashim Tha\u00e7i: Pres q\u00eb Mali i Zi s\u00eb shpejti t\u00eb njoh\u00eb Kosov\u00ebn<\/strong><\/p>\n<p>Kryeministri i Kosov\u00ebs, Hashim Tha\u00e7i ka deklaruar se pret q\u00eb Mali i Zi s\u00eb shpejti do ta njoh\u00eb pavar\u00ebsin\u00eb e Kosov\u00ebs. &#8220;Mali i Zi nuk ngurron me njohjen e pavar\u00ebsis\u00eb s\u00eb Kosov\u00ebs. Jam i bindur se kjo do t\u00eb ndodh\u00eb n\u00eb nj\u00eb t\u00eb ardhme t\u00eb af\u00ebrt&#8221;, e transmetojn\u00eb mediat malazeze kryeministrin kosovar.<br \/>\nTha\u00e7i ka shtuar se m\u00eb e r\u00ebnd\u00ebsishmja \u00ebsht\u00eb q\u00eb Kosova ka vendosur marr\u00ebdh\u00ebnie t\u00eb mira me Malin e Zi, dhe q\u00eb si fqinj\u00eb t\u00eb mir\u00eb, &#8220;do t\u00eb bashk\u00ebpunojn\u00eb n\u00eb t\u00eb gjitha fushat me interes t\u00eb dyansh\u00ebm&#8221;.<br \/>\n&#8220;Mali i Zi gjithmon\u00eb ka qen\u00eb dhe do t\u00eb jet\u00eb nj\u00eb nga destinacionet p\u00ebr turist\u00ebt kosovar\u00eb&#8221;, ka th\u00ebn\u00eb kryeministri Tha\u00e7i.<br \/>\n<strong>RTK<\/strong><\/p>\n","protected":false},"excerpt":{"rendered":"<p><img loading=\"lazy\" class=\"alignleft attachment wp-att-1315\" style=\"float: left;\" src=\"http:\/\/www.visit-ulcinj.com\/blog\/wp-content\/uploads\/2008\/04\/hashim-thaci1.thumbnail.jpg\" alt=\"HASHIM THA\u00e7I\" width=\"140\" height=\"140\" \/><\/p>\n","protected":false},"author":1,"featured_media":0,"comment_status":"open","ping_status":"closed","sticky":false,"template":"","format":"standard","meta":{"spay_email":"","jetpack_publicize_message":"","jetpack_is_tweetstorm":false,"jetpack_publicize_feature_enabled":true},"categories":[1,12],"tags":[61,49,1891,53,95,239],"jetpack_publicize_connections":[],"yoast_head":"<!-- This site is optimized with the Yoast SEO plugin v19.1 - https:\/\/yoast.com\/wordpress\/plugins\/seo\/ -->\n<title>Hashim Tha\u00e7i: Pres q\u00eb Mali i Zi s\u00eb shpejti t\u00eb njoh\u00eb Kosov\u00ebn - Lajme nga Ulqini<\/title>\n<meta name=\"robots\" content=\"index, follow, max-snippet:-1, max-image-preview:large, max-video-preview:-1\" \/>\n<link rel=\"canonical\" href=\"https:\/\/www.visit-ulcinj.com\/blog\/2008\/04\/20\/thaci-pres-qe-mali-i-zi-se-shpejti-te-njohe-kosoven\/\" \/>\n<meta property=\"og:locale\" content=\"en_US\" \/>\n<meta property=\"og:type\" content=\"article\" \/>\n<meta property=\"og:title\" content=\"Hashim Tha\u00e7i: Pres q\u00eb Mali i Zi s\u00eb shpejti t\u00eb njoh\u00eb Kosov\u00ebn - Lajme nga Ulqini\" \/>\n<meta property=\"og:url\" content=\"https:\/\/www.visit-ulcinj.com\/blog\/2008\/04\/20\/thaci-pres-qe-mali-i-zi-se-shpejti-te-njohe-kosoven\/\" \/>\n<meta property=\"og:site_name\" content=\"Lajme nga Ulqini\" \/>\n<meta property=\"article:published_time\" content=\"2008-04-20T16:41:47+00:00\" \/>\n<meta property=\"article:modified_time\" content=\"2008-04-20T16:47:15+00:00\" \/>\n<meta property=\"og:image\" content=\"http:\/\/www.visit-ulcinj.com\/blog\/wp-content\/uploads\/2008\/04\/hashim-thaci1.thumbnail.jpg\" \/>\n<meta name=\"twitter:label1\" content=\"Written by\" \/>\n\t<meta name=\"twitter:data1\" content=\"ulqini\" \/>\n\t<meta name=\"twitter:label2\" content=\"Est. reading time\" \/>\n\t<meta name=\"twitter:data2\" content=\"1 minute\" \/>\n<script type=\"application\/ld+json\" class=\"yoast-schema-graph\">{\"@context\":\"https:\/\/schema.org\",\"@graph\":[{\"@type\":\"WebSite\",\"@id\":\"https:\/\/www.visit-ulcinj.com\/blog\/#website\",\"url\":\"https:\/\/www.visit-ulcinj.com\/blog\/\",\"name\":\"Lajme nga Ulqini\",\"description\":\"Lajme,Vijesti,Ulqini,Ulqin,Crna Gora,Mali i Zi\",\"potentialAction\":[{\"@type\":\"SearchAction\",\"target\":{\"@type\":\"EntryPoint\",\"urlTemplate\":\"https:\/\/www.visit-ulcinj.com\/blog\/?s={search_term_string}\"},\"query-input\":\"required name=search_term_string\"}],\"inLanguage\":\"en-US\"},{\"@type\":\"ImageObject\",\"inLanguage\":\"en-US\",\"@id\":\"https:\/\/www.visit-ulcinj.com\/blog\/2008\/04\/20\/thaci-pres-qe-mali-i-zi-se-shpejti-te-njohe-kosoven\/#primaryimage\",\"url\":\"http:\/\/www.visit-ulcinj.com\/blog\/wp-content\/uploads\/2008\/04\/hashim-thaci1.thumbnail.jpg\",\"contentUrl\":\"http:\/\/www.visit-ulcinj.com\/blog\/wp-content\/uploads\/2008\/04\/hashim-thaci1.thumbnail.jpg\"},{\"@type\":\"WebPage\",\"@id\":\"https:\/\/www.visit-ulcinj.com\/blog\/2008\/04\/20\/thaci-pres-qe-mali-i-zi-se-shpejti-te-njohe-kosoven\/#webpage\",\"url\":\"https:\/\/www.visit-ulcinj.com\/blog\/2008\/04\/20\/thaci-pres-qe-mali-i-zi-se-shpejti-te-njohe-kosoven\/\",\"name\":\"Hashim Tha\u00e7i: Pres q\u00eb Mali i Zi s\u00eb shpejti t\u00eb njoh\u00eb Kosov\u00ebn - Lajme nga Ulqini\",\"isPartOf\":{\"@id\":\"https:\/\/www.visit-ulcinj.com\/blog\/#website\"},\"primaryImageOfPage\":{\"@id\":\"https:\/\/www.visit-ulcinj.com\/blog\/2008\/04\/20\/thaci-pres-qe-mali-i-zi-se-shpejti-te-njohe-kosoven\/#primaryimage\"},\"datePublished\":\"2008-04-20T16:41:47+00:00\",\"dateModified\":\"2008-04-20T16:47:15+00:00\",\"author\":{\"@id\":\"https:\/\/www.visit-ulcinj.com\/blog\/#\/schema\/person\/dcab619c614d3038751c63bc2aadc06d\"},\"breadcrumb\":{\"@id\":\"https:\/\/www.visit-ulcinj.com\/blog\/2008\/04\/20\/thaci-pres-qe-mali-i-zi-se-shpejti-te-njohe-kosoven\/#breadcrumb\"},\"inLanguage\":\"en-US\",\"potentialAction\":[{\"@type\":\"ReadAction\",\"target\":[\"https:\/\/www.visit-ulcinj.com\/blog\/2008\/04\/20\/thaci-pres-qe-mali-i-zi-se-shpejti-te-njohe-kosoven\/\"]}]},{\"@type\":\"BreadcrumbList\",\"@id\":\"https:\/\/www.visit-ulcinj.com\/blog\/2008\/04\/20\/thaci-pres-qe-mali-i-zi-se-shpejti-te-njohe-kosoven\/#breadcrumb\",\"itemListElement\":[{\"@type\":\"ListItem\",\"position\":1,\"name\":\"Hashim Tha\u00e7i: Pres q\u00eb Mali i Zi s\u00eb shpejti t\u00eb njoh\u00eb Kosov\u00ebn\"}]},{\"@type\":\"Person\",\"@id\":\"https:\/\/www.visit-ulcinj.com\/blog\/#\/schema\/person\/dcab619c614d3038751c63bc2aadc06d\",\"name\":\"ulqini\",\"sameAs\":[\"http:\/\/www.visit-ulcinj.com\"],\"url\":\"https:\/\/www.visit-ulcinj.com\/blog\/author\/admin\/\"}]}<\/script>\n<!-- \/ Yoast SEO plugin. -->","yoast_head_json":{"title":"Hashim Tha\u00e7i: Pres q\u00eb Mali i Zi s\u00eb shpejti t\u00eb njoh\u00eb Kosov\u00ebn - Lajme nga Ulqini","robots":{"index":"index","follow":"follow","max-snippet":"max-snippet:-1","max-image-preview":"max-image-preview:large","max-video-preview":"max-video-preview:-1"},"canonical":"https:\/\/www.visit-ulcinj.com\/blog\/2008\/04\/20\/thaci-pres-qe-mali-i-zi-se-shpejti-te-njohe-kosoven\/","og_locale":"en_US","og_type":"article","og_title":"Hashim Tha\u00e7i: Pres q\u00eb Mali i Zi s\u00eb shpejti t\u00eb njoh\u00eb Kosov\u00ebn - Lajme nga Ulqini","og_url":"https:\/\/www.visit-ulcinj.com\/blog\/2008\/04\/20\/thaci-pres-qe-mali-i-zi-se-shpejti-te-njohe-kosoven\/","og_site_name":"Lajme nga Ulqini","article_published_time":"2008-04-20T16:41:47+00:00","article_modified_time":"2008-04-20T16:47:15+00:00","og_image":[{"url":"http:\/\/www.visit-ulcinj.com\/blog\/wp-content\/uploads\/2008\/04\/hashim-thaci1.thumbnail.jpg"}],"twitter_misc":{"Written by":"ulqini","Est. reading time":"1 minute"},"schema":{"@context":"https:\/\/schema.org","@graph":[{"@type":"WebSite","@id":"https:\/\/www.visit-ulcinj.com\/blog\/#website","url":"https:\/\/www.visit-ulcinj.com\/blog\/","name":"Lajme nga Ulqini","description":"Lajme,Vijesti,Ulqini,Ulqin,Crna Gora,Mali i Zi","potentialAction":[{"@type":"SearchAction","target":{"@type":"EntryPoint","urlTemplate":"https:\/\/www.visit-ulcinj.com\/blog\/?s={search_term_string}"},"query-input":"required name=search_term_string"}],"inLanguage":"en-US"},{"@type":"ImageObject","inLanguage":"en-US","@id":"https:\/\/www.visit-ulcinj.com\/blog\/2008\/04\/20\/thaci-pres-qe-mali-i-zi-se-shpejti-te-njohe-kosoven\/#primaryimage","url":"http:\/\/www.visit-ulcinj.com\/blog\/wp-content\/uploads\/2008\/04\/hashim-thaci1.thumbnail.jpg","contentUrl":"http:\/\/www.visit-ulcinj.com\/blog\/wp-content\/uploads\/2008\/04\/hashim-thaci1.thumbnail.jpg"},{"@type":"WebPage","@id":"https:\/\/www.visit-ulcinj.com\/blog\/2008\/04\/20\/thaci-pres-qe-mali-i-zi-se-shpejti-te-njohe-kosoven\/#webpage","url":"https:\/\/www.visit-ulcinj.com\/blog\/2008\/04\/20\/thaci-pres-qe-mali-i-zi-se-shpejti-te-njohe-kosoven\/","name":"Hashim Tha\u00e7i: Pres q\u00eb Mali i Zi s\u00eb shpejti t\u00eb njoh\u00eb Kosov\u00ebn - Lajme nga Ulqini","isPartOf":{"@id":"https:\/\/www.visit-ulcinj.com\/blog\/#website"},"primaryImageOfPage":{"@id":"https:\/\/www.visit-ulcinj.com\/blog\/2008\/04\/20\/thaci-pres-qe-mali-i-zi-se-shpejti-te-njohe-kosoven\/#primaryimage"},"datePublished":"2008-04-20T16:41:47+00:00","dateModified":"2008-04-20T16:47:15+00:00","author":{"@id":"https:\/\/www.visit-ulcinj.com\/blog\/#\/schema\/person\/dcab619c614d3038751c63bc2aadc06d"},"breadcrumb":{"@id":"https:\/\/www.visit-ulcinj.com\/blog\/2008\/04\/20\/thaci-pres-qe-mali-i-zi-se-shpejti-te-njohe-kosoven\/#breadcrumb"},"inLanguage":"en-US","potentialAction":[{"@type":"ReadAction","target":["https:\/\/www.visit-ulcinj.com\/blog\/2008\/04\/20\/thaci-pres-qe-mali-i-zi-se-shpejti-te-njohe-kosoven\/"]}]},{"@type":"BreadcrumbList","@id":"https:\/\/www.visit-ulcinj.com\/blog\/2008\/04\/20\/thaci-pres-qe-mali-i-zi-se-shpejti-te-njohe-kosoven\/#breadcrumb","itemListElement":[{"@type":"ListItem","position":1,"name":"Hashim Tha\u00e7i: Pres q\u00eb Mali i Zi s\u00eb shpejti t\u00eb njoh\u00eb Kosov\u00ebn"}]},{"@type":"Person","@id":"https:\/\/www.visit-ulcinj.com\/blog\/#\/schema\/person\/dcab619c614d3038751c63bc2aadc06d","name":"ulqini","sameAs":["http:\/\/www.visit-ulcinj.com"],"url":"https:\/\/www.visit-ulcinj.com\/blog\/author\/admin\/"}]}},"jetpack_featured_media_url":"","jetpack_sharing_enabled":true,"jetpack_shortlink":"https:\/\/wp.me\/pe6lTn-lc","_links":{"self":[{"href":"https:\/\/www.visit-ulcinj.com\/blog\/wp-json\/wp\/v2\/posts\/1314"}],"collection":[{"href":"https:\/\/www.visit-ulcinj.com\/blog\/wp-json\/wp\/v2\/posts"}],"about":[{"href":"https:\/\/www.visit-ulcinj.com\/blog\/wp-json\/wp\/v2\/types\/post"}],"author":[{"embeddable":true,"href":"https:\/\/www.visit-ulcinj.com\/blog\/wp-json\/wp\/v2\/users\/1"}],"replies":[{"embeddable":true,"href":"https:\/\/www.visit-ulcinj.com\/blog\/wp-json\/wp\/v2\/comments?post=1314"}],"version-history":[{"count":0,"href":"https:\/\/www.visit-ulcinj.com\/blog\/wp-json\/wp\/v2\/posts\/1314\/revisions"}],"wp:attachment":[{"href":"https:\/\/www.visit-ulcinj.com\/blog\/wp-json\/wp\/v2\/media?parent=1314"}],"wp:term":[{"taxonomy":"category","embeddable":true,"href":"https:\/\/www.visit-ulcinj.com\/blog\/wp-json\/wp\/v2\/categories?post=1314"},{"taxonomy":"post_tag","embeddable":true,"href":"https:\/\/www.visit-ulcinj.com\/blog\/wp-json\/wp\/v2\/tags?post=1314"}],"curies":[{"name":"wp","href":"https:\/\/api.w.org\/{rel}","templated":true}]}}