{"id":13163,"date":"2009-03-07T15:10:04","date_gmt":"2009-03-07T14:10:04","guid":{"rendered":"http:\/\/www.visit-ulcinj.com\/blog\/?p=13163"},"modified":"2009-03-07T14:15:30","modified_gmt":"2009-03-07T13:15:30","slug":"adela-nuk-do-flasesh-vetem-ti","status":"publish","type":"post","link":"https:\/\/www.visit-ulcinj.com\/blog\/2009\/03\/07\/adela-nuk-do-flasesh-vetem-ti\/","title":{"rendered":"Adela: Nuk do flas\u00ebsh vet\u00ebm ti!"},"content":{"rendered":"<p><em><span class=\"newsdate\"><a href=\"http:\/\/www.visit-ulcinj.com\/blog\/wp-content\/uploads\/2009\/03\/adela-per-shkollat.jpg\"><img loading=\"lazy\" class=\"alignleft size-full wp-image-13164\" title=\"adela-per-shkollat-big-brother-albania-2\" src=\"http:\/\/www.visit-ulcinj.com\/blog\/wp-content\/uploads\/2009\/03\/adela-per-shkollat.jpg\" alt=\"adela-per-shkollat-big-brother-albania-2\" width=\"300\" height=\"205\" \/><\/a>06\/03\/09 19:25<\/span><\/em><\/p>\n<p>Adelajda \u00ebsht\u00eb drejtuesja e emisionit t\u00eb debatit dhe vendos p\u00ebr tem\u00eb dite\u201cShkollat publike,apo shkollat private?\u201dArsyeja q\u00eb ajo ka zgjedhur k\u00ebt\u00eb tem\u00eb \u00ebsht\u00eb se po afron festa e m\u00ebsuesit dhe fakti q\u00eb \u00ebsht\u00eb nj\u00eb problematik\u00eb q\u00eb prek rinin\u00eb Shqiptare dhe jo vet\u00ebm. Ajo ka t\u00eb ftuar n\u00eb emisionin e saj si t\u00eb ftuar speciale Mesid\u00ebn,p\u00ebr t\u00eb ndar\u00eb me banor\u00ebt eksperienc\u00ebn e saj n\u00eb Suedi. Zhuljeta n\u00eb sht\u00ebpi ka shprehur d\u00ebshir\u00ebn p\u00ebr t\u00eb hapur nj\u00eb shkoll\u00eb private dhe Adelajda k\u00ebrkon t\u00eb di mendimin e saj n\u00eb lidhje me k\u00ebt\u00eb tem\u00eb. Ajo shprehet se shkolla \u00ebsht\u00eb nj\u00eb insitucion q\u00eb jep dije. Ajo thot\u00eb:-\u201cD\u00ebshira p\u00ebr te nx\u00ebn\u00eb dhe p\u00ebr t\u00eb dh\u00ebn\u00eb dije \u00ebsht\u00eb shum\u00eb e madhe\u201d. Fjal\u00ebn e ka Qetsori i cili \u00ebsht\u00eb pro shkollave private,p\u00ebr arsye se ka staf shum\u00eb t\u00eb kualifikuar dhe se k\u00ebrkesa e llogaris\u00eb sipas tij \u00ebsht\u00eb m\u00eb e madhe. Pavlini dhe Aida jan\u00eb t\u00eb mendimit q\u00eb ekzistenca e shkollave private rrit konkurenc\u00ebn n\u00eb treg duke rritur paralelisht dhe k\u00ebrkesat ndaj saj. Aida thot\u00eb q\u00eb ato biznese q\u00eb baz\u00ebn e kan\u00eb t\u00eb dob\u00ebt falimentojn\u00eb me kalimin e koh\u00ebs dhe se shkollat private kan\u00eb dhe an\u00ebt e tyre negative. Dritani thot\u00eb:-\u201cNe Shqiptar\u00ebt nuk jemi t\u00eb etur p\u00ebr dije,por p\u00ebr diploma\u201d. Lirita tregon q\u00eb ajo vazhdon nj\u00eb universitet privat por q\u00eb nuk i njihet n\u00eb asnj\u00eb vend pasi nuk \u00ebsht\u00eb i akredituar. Gjat\u00eb debatit Adelajda kapet me Aid\u00ebn duke i th\u00ebn\u00eb:-\u201cAida nuk do flas\u00ebsh vet\u00ebm ti,l\u00ebri t\u00eb tjer\u00ebt t\u00eb flasin\u201d. Mesida thot\u00eb q\u00eb n\u00eb Shqip\u00ebri shkollat private hapen p\u00ebr persona t\u00eb pakualifikuar. Dritani shton se n\u00eb shkollat private duhet t\u00eb ket\u00eb nj\u00eb sistem q\u00eb t`i mbikqyr\u00eb. Mimoza nuk tregon interes p\u00ebr tem\u00ebn dhe nuk p\u00ebrfshihet n\u00eb debat. Ardjanin e shqet\u00ebson nj\u00eb fenomen tjet\u00ebr q\u00eb ndodh n\u00eb shkolla,ai thot\u00eb:-\u201cSi ka mund\u00ebsi q\u00eb shikojm\u00eb m\u00eb shum\u00eb lokalet plot se sa bibliotekat\u201d? Aida thot\u00eb nj\u00eb shprehje t\u00eb nj\u00eb profesori t\u00eb saj:-\u201cNx\u00ebn\u00ebsit e dhjet\u00ebs marrin vesh vet\u00ebm nga librat,kan\u00eb mik vet\u00ebm librin,dhe ato nuk do din\u00eb t\u00eb ecin n\u00eb jet\u00eb pasi i vetmi komunikacion ka q\u00ebn\u00eb libri\u201d.<\/p>\n","protected":false},"excerpt":{"rendered":"<p>06\/03\/09 19:25 Adelajda \u00ebsht\u00eb drejtuesja e emisionit t\u00eb debatit dhe vendos p\u00ebr tem\u00eb dite\u201cShkollat publike,apo shkollat private?\u201dArsyeja q\u00eb ajo ka zgjedhur k\u00ebt\u00eb tem\u00eb \u00ebsht\u00eb se po afron festa e m\u00ebsuesit dhe fakti q\u00eb \u00ebsht\u00eb nj\u00eb problematik\u00eb q\u00eb prek rinin\u00eb Shqiptare dhe jo vet\u00ebm. Ajo ka t\u00eb ftuar n\u00eb emisionin e saj si t\u00eb ftuar speciale [&hellip;]<\/p>\n","protected":false},"author":1,"featured_media":0,"comment_status":"open","ping_status":"closed","sticky":false,"template":"","format":"standard","meta":{"spay_email":"","jetpack_publicize_message":"","jetpack_is_tweetstorm":false,"jetpack_publicize_feature_enabled":true},"categories":[6502],"tags":[6736,6562,5057,6506,6516,6712,7129,6568,7589,6900,7588,6891,6693,6887,6564],"jetpack_publicize_connections":[],"yoast_head":"<!-- This site is optimized with the Yoast SEO plugin v19.1 - https:\/\/yoast.com\/wordpress\/plugins\/seo\/ -->\n<title>Adela: Nuk do flas\u00c3\u00absh vet\u00c3\u00abm ti! | Big Brother Albania 2<\/title>\n<meta name=\"description\" content=\"Big Brother Albania 2 - Adelajda \u00c3\u00absht\u00c3\u00ab drejtuesja e emisionit t\u00c3\u00ab debatit dhe vendos p\u00c3\u00abr tem\u00c3\u00ab dite Shkollat publike,apo shkollat private?\" \/>\n<meta name=\"robots\" content=\"index, follow, max-snippet:-1, max-image-preview:large, max-video-preview:-1\" \/>\n<link rel=\"canonical\" href=\"https:\/\/www.visit-ulcinj.com\/blog\/2009\/03\/07\/adela-nuk-do-flasesh-vetem-ti\/\" \/>\n<meta property=\"og:locale\" content=\"en_US\" \/>\n<meta property=\"og:type\" content=\"article\" \/>\n<meta property=\"og:title\" content=\"Adela: Nuk do flas\u00c3\u00absh vet\u00c3\u00abm ti! | Big Brother Albania 2\" \/>\n<meta property=\"og:description\" content=\"Big Brother Albania 2 - Adelajda \u00c3\u00absht\u00c3\u00ab drejtuesja e emisionit t\u00c3\u00ab debatit dhe vendos p\u00c3\u00abr tem\u00c3\u00ab dite Shkollat publike,apo shkollat private?\" \/>\n<meta property=\"og:url\" content=\"https:\/\/www.visit-ulcinj.com\/blog\/2009\/03\/07\/adela-nuk-do-flasesh-vetem-ti\/\" \/>\n<meta property=\"og:site_name\" content=\"Lajme nga Ulqini\" \/>\n<meta property=\"article:published_time\" content=\"2009-03-07T14:10:04+00:00\" \/>\n<meta property=\"article:modified_time\" content=\"2009-03-07T13:15:30+00:00\" \/>\n<meta property=\"og:image\" content=\"http:\/\/www.visit-ulcinj.com\/blog\/wp-content\/uploads\/2009\/03\/adela-per-shkollat.jpg\" \/>\n<meta name=\"twitter:label1\" content=\"Written by\" \/>\n\t<meta name=\"twitter:data1\" content=\"ulqini\" \/>\n\t<meta name=\"twitter:label2\" content=\"Est. reading time\" \/>\n\t<meta name=\"twitter:data2\" content=\"2 minutes\" \/>\n<script type=\"application\/ld+json\" class=\"yoast-schema-graph\">{\"@context\":\"https:\/\/schema.org\",\"@graph\":[{\"@type\":\"WebSite\",\"@id\":\"https:\/\/www.visit-ulcinj.com\/blog\/#website\",\"url\":\"https:\/\/www.visit-ulcinj.com\/blog\/\",\"name\":\"Lajme nga Ulqini\",\"description\":\"Lajme,Vijesti,Ulqini,Ulqin,Crna Gora,Mali i Zi\",\"potentialAction\":[{\"@type\":\"SearchAction\",\"target\":{\"@type\":\"EntryPoint\",\"urlTemplate\":\"https:\/\/www.visit-ulcinj.com\/blog\/?s={search_term_string}\"},\"query-input\":\"required name=search_term_string\"}],\"inLanguage\":\"en-US\"},{\"@type\":\"ImageObject\",\"inLanguage\":\"en-US\",\"@id\":\"https:\/\/www.visit-ulcinj.com\/blog\/2009\/03\/07\/adela-nuk-do-flasesh-vetem-ti\/#primaryimage\",\"url\":\"http:\/\/www.visit-ulcinj.com\/blog\/wp-content\/uploads\/2009\/03\/adela-per-shkollat.jpg\",\"contentUrl\":\"http:\/\/www.visit-ulcinj.com\/blog\/wp-content\/uploads\/2009\/03\/adela-per-shkollat.jpg\"},{\"@type\":\"WebPage\",\"@id\":\"https:\/\/www.visit-ulcinj.com\/blog\/2009\/03\/07\/adela-nuk-do-flasesh-vetem-ti\/#webpage\",\"url\":\"https:\/\/www.visit-ulcinj.com\/blog\/2009\/03\/07\/adela-nuk-do-flasesh-vetem-ti\/\",\"name\":\"Adela: Nuk do flas\u00c3\u00absh vet\u00c3\u00abm ti! | Big Brother Albania 2\",\"isPartOf\":{\"@id\":\"https:\/\/www.visit-ulcinj.com\/blog\/#website\"},\"primaryImageOfPage\":{\"@id\":\"https:\/\/www.visit-ulcinj.com\/blog\/2009\/03\/07\/adela-nuk-do-flasesh-vetem-ti\/#primaryimage\"},\"datePublished\":\"2009-03-07T14:10:04+00:00\",\"dateModified\":\"2009-03-07T13:15:30+00:00\",\"author\":{\"@id\":\"https:\/\/www.visit-ulcinj.com\/blog\/#\/schema\/person\/dcab619c614d3038751c63bc2aadc06d\"},\"description\":\"Big Brother Albania 2 - Adelajda \u00c3\u00absht\u00c3\u00ab drejtuesja e emisionit t\u00c3\u00ab debatit dhe vendos p\u00c3\u00abr tem\u00c3\u00ab dite Shkollat publike,apo shkollat private?\",\"breadcrumb\":{\"@id\":\"https:\/\/www.visit-ulcinj.com\/blog\/2009\/03\/07\/adela-nuk-do-flasesh-vetem-ti\/#breadcrumb\"},\"inLanguage\":\"en-US\",\"potentialAction\":[{\"@type\":\"ReadAction\",\"target\":[\"https:\/\/www.visit-ulcinj.com\/blog\/2009\/03\/07\/adela-nuk-do-flasesh-vetem-ti\/\"]}]},{\"@type\":\"BreadcrumbList\",\"@id\":\"https:\/\/www.visit-ulcinj.com\/blog\/2009\/03\/07\/adela-nuk-do-flasesh-vetem-ti\/#breadcrumb\",\"itemListElement\":[{\"@type\":\"ListItem\",\"position\":1,\"name\":\"Adela: Nuk do flas\u00ebsh vet\u00ebm ti!\"}]},{\"@type\":\"Person\",\"@id\":\"https:\/\/www.visit-ulcinj.com\/blog\/#\/schema\/person\/dcab619c614d3038751c63bc2aadc06d\",\"name\":\"ulqini\",\"sameAs\":[\"http:\/\/www.visit-ulcinj.com\"],\"url\":\"https:\/\/www.visit-ulcinj.com\/blog\/author\/admin\/\"}]}<\/script>\n<!-- \/ Yoast SEO plugin. -->","yoast_head_json":{"title":"Adela: Nuk do flas\u00c3\u00absh vet\u00c3\u00abm ti! | Big Brother Albania 2","description":"Big Brother Albania 2 - Adelajda \u00c3\u00absht\u00c3\u00ab drejtuesja e emisionit t\u00c3\u00ab debatit dhe vendos p\u00c3\u00abr tem\u00c3\u00ab dite Shkollat publike,apo shkollat private?","robots":{"index":"index","follow":"follow","max-snippet":"max-snippet:-1","max-image-preview":"max-image-preview:large","max-video-preview":"max-video-preview:-1"},"canonical":"https:\/\/www.visit-ulcinj.com\/blog\/2009\/03\/07\/adela-nuk-do-flasesh-vetem-ti\/","og_locale":"en_US","og_type":"article","og_title":"Adela: Nuk do flas\u00c3\u00absh vet\u00c3\u00abm ti! | Big Brother Albania 2","og_description":"Big Brother Albania 2 - Adelajda \u00c3\u00absht\u00c3\u00ab drejtuesja e emisionit t\u00c3\u00ab debatit dhe vendos p\u00c3\u00abr tem\u00c3\u00ab dite Shkollat publike,apo shkollat private?","og_url":"https:\/\/www.visit-ulcinj.com\/blog\/2009\/03\/07\/adela-nuk-do-flasesh-vetem-ti\/","og_site_name":"Lajme nga Ulqini","article_published_time":"2009-03-07T14:10:04+00:00","article_modified_time":"2009-03-07T13:15:30+00:00","og_image":[{"url":"http:\/\/www.visit-ulcinj.com\/blog\/wp-content\/uploads\/2009\/03\/adela-per-shkollat.jpg"}],"twitter_misc":{"Written by":"ulqini","Est. reading time":"2 minutes"},"schema":{"@context":"https:\/\/schema.org","@graph":[{"@type":"WebSite","@id":"https:\/\/www.visit-ulcinj.com\/blog\/#website","url":"https:\/\/www.visit-ulcinj.com\/blog\/","name":"Lajme nga Ulqini","description":"Lajme,Vijesti,Ulqini,Ulqin,Crna Gora,Mali i Zi","potentialAction":[{"@type":"SearchAction","target":{"@type":"EntryPoint","urlTemplate":"https:\/\/www.visit-ulcinj.com\/blog\/?s={search_term_string}"},"query-input":"required name=search_term_string"}],"inLanguage":"en-US"},{"@type":"ImageObject","inLanguage":"en-US","@id":"https:\/\/www.visit-ulcinj.com\/blog\/2009\/03\/07\/adela-nuk-do-flasesh-vetem-ti\/#primaryimage","url":"http:\/\/www.visit-ulcinj.com\/blog\/wp-content\/uploads\/2009\/03\/adela-per-shkollat.jpg","contentUrl":"http:\/\/www.visit-ulcinj.com\/blog\/wp-content\/uploads\/2009\/03\/adela-per-shkollat.jpg"},{"@type":"WebPage","@id":"https:\/\/www.visit-ulcinj.com\/blog\/2009\/03\/07\/adela-nuk-do-flasesh-vetem-ti\/#webpage","url":"https:\/\/www.visit-ulcinj.com\/blog\/2009\/03\/07\/adela-nuk-do-flasesh-vetem-ti\/","name":"Adela: Nuk do flas\u00c3\u00absh vet\u00c3\u00abm ti! | Big Brother Albania 2","isPartOf":{"@id":"https:\/\/www.visit-ulcinj.com\/blog\/#website"},"primaryImageOfPage":{"@id":"https:\/\/www.visit-ulcinj.com\/blog\/2009\/03\/07\/adela-nuk-do-flasesh-vetem-ti\/#primaryimage"},"datePublished":"2009-03-07T14:10:04+00:00","dateModified":"2009-03-07T13:15:30+00:00","author":{"@id":"https:\/\/www.visit-ulcinj.com\/blog\/#\/schema\/person\/dcab619c614d3038751c63bc2aadc06d"},"description":"Big Brother Albania 2 - Adelajda \u00c3\u00absht\u00c3\u00ab drejtuesja e emisionit t\u00c3\u00ab debatit dhe vendos p\u00c3\u00abr tem\u00c3\u00ab dite Shkollat publike,apo shkollat private?","breadcrumb":{"@id":"https:\/\/www.visit-ulcinj.com\/blog\/2009\/03\/07\/adela-nuk-do-flasesh-vetem-ti\/#breadcrumb"},"inLanguage":"en-US","potentialAction":[{"@type":"ReadAction","target":["https:\/\/www.visit-ulcinj.com\/blog\/2009\/03\/07\/adela-nuk-do-flasesh-vetem-ti\/"]}]},{"@type":"BreadcrumbList","@id":"https:\/\/www.visit-ulcinj.com\/blog\/2009\/03\/07\/adela-nuk-do-flasesh-vetem-ti\/#breadcrumb","itemListElement":[{"@type":"ListItem","position":1,"name":"Adela: Nuk do flas\u00ebsh vet\u00ebm ti!"}]},{"@type":"Person","@id":"https:\/\/www.visit-ulcinj.com\/blog\/#\/schema\/person\/dcab619c614d3038751c63bc2aadc06d","name":"ulqini","sameAs":["http:\/\/www.visit-ulcinj.com"],"url":"https:\/\/www.visit-ulcinj.com\/blog\/author\/admin\/"}]}},"jetpack_featured_media_url":"","jetpack_sharing_enabled":true,"jetpack_shortlink":"https:\/\/wp.me\/pe6lTn-3qj","_links":{"self":[{"href":"https:\/\/www.visit-ulcinj.com\/blog\/wp-json\/wp\/v2\/posts\/13163"}],"collection":[{"href":"https:\/\/www.visit-ulcinj.com\/blog\/wp-json\/wp\/v2\/posts"}],"about":[{"href":"https:\/\/www.visit-ulcinj.com\/blog\/wp-json\/wp\/v2\/types\/post"}],"author":[{"embeddable":true,"href":"https:\/\/www.visit-ulcinj.com\/blog\/wp-json\/wp\/v2\/users\/1"}],"replies":[{"embeddable":true,"href":"https:\/\/www.visit-ulcinj.com\/blog\/wp-json\/wp\/v2\/comments?post=13163"}],"version-history":[{"count":0,"href":"https:\/\/www.visit-ulcinj.com\/blog\/wp-json\/wp\/v2\/posts\/13163\/revisions"}],"wp:attachment":[{"href":"https:\/\/www.visit-ulcinj.com\/blog\/wp-json\/wp\/v2\/media?parent=13163"}],"wp:term":[{"taxonomy":"category","embeddable":true,"href":"https:\/\/www.visit-ulcinj.com\/blog\/wp-json\/wp\/v2\/categories?post=13163"},{"taxonomy":"post_tag","embeddable":true,"href":"https:\/\/www.visit-ulcinj.com\/blog\/wp-json\/wp\/v2\/tags?post=13163"}],"curies":[{"name":"wp","href":"https:\/\/api.w.org\/{rel}","templated":true}]}}