{"id":13166,"date":"2009-03-07T14:18:53","date_gmt":"2009-03-07T13:18:53","guid":{"rendered":"http:\/\/www.visit-ulcinj.com\/blog\/?p=13166"},"modified":"2009-03-07T14:18:53","modified_gmt":"2009-03-07T13:18:53","slug":"big-brother-albania-2-vazhdimi-i-proves","status":"publish","type":"post","link":"https:\/\/www.visit-ulcinj.com\/blog\/2009\/03\/07\/big-brother-albania-2-vazhdimi-i-proves\/","title":{"rendered":"Big Brother Albania 2 : Vazhdimi i prov\u00ebs"},"content":{"rendered":"<p><em><span class=\"newsdate\"><a href=\"http:\/\/www.visit-ulcinj.com\/blog\/wp-content\/uploads\/2009\/03\/juria.jpg\"><img loading=\"lazy\" class=\"alignleft size-full wp-image-13167\" title=\"juria-big-brother-albania-2\" src=\"http:\/\/www.visit-ulcinj.com\/blog\/wp-content\/uploads\/2009\/03\/juria.jpg\" alt=\"juria-big-brother-albania-2\" width=\"300\" height=\"205\" \/><\/a>06\/03\/09 22:30<\/span><\/em><\/p>\n<p>Kjo \u00ebsht\u00eb nata e tret\u00eb n\u00eb t\u00eb cil\u00ebn banor\u00ebt p\u00ebrgatiten p\u00ebr prov\u00ebn e jav\u00ebs s\u00eb kat\u00ebrt, \u201cTi vlen!\u201d. Juria e k\u00ebsaj radhe do t\u00eb p\u00ebrb\u00ebhet nga Mesida, Adi, Mimoza dhe Arjoni. Mesida dhe Adi kan\u00eb nga nj\u00eb vot\u00eb kurse, Mimoza dhe Arjoni nga gjysm\u00eb vote. Prezantuesja s\u00ebrish \u00ebsht\u00eb Adelajda. Konkurent\u00ebt e radh\u00ebs jan\u00eb Zhuljeta, Bjordi Qetsori, Lirita, Aida, Republika, Dritani dhe Pavlini t\u00eb cil\u00ebt do t\u00eb performojn\u00eb para juris\u00eb sipas k\u00ebsaj radhe. Nga tet\u00eb konkurent\u00ebt, do t\u00eb p\u00ebrzgjidhen kat\u00ebr t\u00eb cil\u00ebt kalojn\u00eb n\u00eb nat\u00ebn finale. T\u00eb par\u00ebt q\u00eb performojn\u00eb jan\u00eb Dritani me Zhuljet\u00ebn me k\u00ebrcim popullor nga krahina t\u00eb ndryshme t\u00eb Shqip\u00ebris\u00eb. Ata sjellin shum\u00eb rit\u00ebm n\u00eb sht\u00ebpi dhe duartrokiten nga banor\u00ebt e tjer\u00eb. Juria vendos se k\u00ebta konkurent\u00eb e kalojn\u00eb prov\u00ebn. Performanca e dyt\u00eb u soll nga Bjordi i cili luajti nj\u00eb pjes\u00eb instrumentale n\u00eb piano q\u00eb e kishte kompozuar vet\u00eb. P\u00ebr Bjordin, juria vendosi gjithashtu se e kaloi prov\u00ebn. Sori recitoi vargjet e shkrimtarit t\u00eb shquar Migjeni me \u201cPoem\u00ebn e mjerimit\u201d. Ai e recitoi me shum\u00eb ndjenj\u00eb dhe n\u00eb sfond u shoq\u00ebrua nga Bjordi me nota muzikore. Juria dha vendimin dhe Sori kaloi n\u00eb nat\u00ebn finale. Performanca tjet\u00ebr u realizua nga Lirita e cila interpretoi nj\u00eb k\u00ebng\u00eb t\u00eb Genta Ismailit. Juria shum\u00eb zem\u00ebrgjer\u00eb vendosi q\u00eb ta kaloj\u00eb prov\u00ebn. Konkurent\u00ebt e tjer\u00eb t\u00eb cil\u00ebt performuan n\u00eb zhanre t\u00eb ndrysh\u00ebm si Aida dhe Republika n\u00eb k\u00ebng\u00eb dhe Pavlini n\u00eb imitim nuk arrit\u00ebn ta kalojn\u00eb prov\u00ebn.<br \/>\nN\u00eb k\u00ebt\u00eb prov\u00eb t\u00eb tret\u00eb banor\u00ebt u arg\u00ebtuan me njeri-tjetrin.<\/p>\n","protected":false},"excerpt":{"rendered":"<p>06\/03\/09 22:30 Kjo \u00ebsht\u00eb nata e tret\u00eb n\u00eb t\u00eb cil\u00ebn banor\u00ebt p\u00ebrgatiten p\u00ebr prov\u00ebn e jav\u00ebs s\u00eb kat\u00ebrt, \u201cTi vlen!\u201d. Juria e k\u00ebsaj radhe do t\u00eb p\u00ebrb\u00ebhet nga Mesida, Adi, Mimoza dhe Arjoni. Mesida dhe Adi kan\u00eb nga nj\u00eb vot\u00eb kurse, Mimoza dhe Arjoni nga gjysm\u00eb vote. Prezantuesja s\u00ebrish \u00ebsht\u00eb Adelajda. Konkurent\u00ebt e radh\u00ebs jan\u00eb [&hellip;]<\/p>\n","protected":false},"author":1,"featured_media":0,"comment_status":"open","ping_status":"closed","sticky":false,"template":"","format":"standard","meta":{"spay_email":"","jetpack_publicize_message":"","jetpack_is_tweetstorm":false,"jetpack_publicize_feature_enabled":true},"categories":[6502],"tags":[6566,5057,6506,6516,6712,7129,6665,7592,6567,6751,262,6891,6693,6887,7591,7590,6564],"jetpack_publicize_connections":[],"yoast_head":"<!-- This site is optimized with the Yoast SEO plugin v19.1 - https:\/\/yoast.com\/wordpress\/plugins\/seo\/ -->\n<title>Big Brother Albania 2 : Vazhdimi i prov\u00c3\u00abs<\/title>\n<meta name=\"description\" content=\"Big Brother Albania 2 - Kjo \u00c3\u00absht\u00c3\u00ab nata e tret\u00c3\u00ab n\u00c3\u00ab t\u00c3\u00ab cil\u00c3\u00abn banor\u00c3\u00abt p\u00c3\u00abrgatiten p\u00c3\u00abr prov\u00c3\u00abn e jav\u00c3\u00abs s\u00c3\u00ab kat\u00c3\u00abrt, \u00e2\u20ac\u0153Ti vlen!\u00e2\u20ac\u009d. Juria e k\u00c3\u00absaj radhe do t\u00c3\u00ab p\u00c3\u00abrb\u00c3\u00abhet nga Mesida, Adi, Mimoza dhe Arjoni.\" \/>\n<meta name=\"robots\" content=\"index, follow, max-snippet:-1, max-image-preview:large, max-video-preview:-1\" \/>\n<link rel=\"canonical\" href=\"https:\/\/www.visit-ulcinj.com\/blog\/2009\/03\/07\/big-brother-albania-2-vazhdimi-i-proves\/\" \/>\n<meta property=\"og:locale\" content=\"en_US\" \/>\n<meta property=\"og:type\" content=\"article\" \/>\n<meta property=\"og:title\" content=\"Big Brother Albania 2 : Vazhdimi i prov\u00c3\u00abs\" \/>\n<meta property=\"og:description\" content=\"Big Brother Albania 2 - Kjo \u00c3\u00absht\u00c3\u00ab nata e tret\u00c3\u00ab n\u00c3\u00ab t\u00c3\u00ab cil\u00c3\u00abn banor\u00c3\u00abt p\u00c3\u00abrgatiten p\u00c3\u00abr prov\u00c3\u00abn e jav\u00c3\u00abs s\u00c3\u00ab kat\u00c3\u00abrt, \u00e2\u20ac\u0153Ti vlen!\u00e2\u20ac\u009d. Juria e k\u00c3\u00absaj radhe do t\u00c3\u00ab p\u00c3\u00abrb\u00c3\u00abhet nga Mesida, Adi, Mimoza dhe Arjoni.\" \/>\n<meta property=\"og:url\" content=\"https:\/\/www.visit-ulcinj.com\/blog\/2009\/03\/07\/big-brother-albania-2-vazhdimi-i-proves\/\" \/>\n<meta property=\"og:site_name\" content=\"Lajme nga Ulqini\" \/>\n<meta property=\"article:published_time\" content=\"2009-03-07T13:18:53+00:00\" \/>\n<meta property=\"og:image\" content=\"http:\/\/www.visit-ulcinj.com\/blog\/wp-content\/uploads\/2009\/03\/juria.jpg\" \/>\n<meta name=\"twitter:label1\" content=\"Written by\" \/>\n\t<meta name=\"twitter:data1\" content=\"ulqini\" \/>\n\t<meta name=\"twitter:label2\" content=\"Est. reading time\" \/>\n\t<meta name=\"twitter:data2\" content=\"1 minute\" \/>\n<script type=\"application\/ld+json\" class=\"yoast-schema-graph\">{\"@context\":\"https:\/\/schema.org\",\"@graph\":[{\"@type\":\"WebSite\",\"@id\":\"https:\/\/www.visit-ulcinj.com\/blog\/#website\",\"url\":\"https:\/\/www.visit-ulcinj.com\/blog\/\",\"name\":\"Lajme nga Ulqini\",\"description\":\"Lajme,Vijesti,Ulqini,Ulqin,Crna Gora,Mali i Zi\",\"potentialAction\":[{\"@type\":\"SearchAction\",\"target\":{\"@type\":\"EntryPoint\",\"urlTemplate\":\"https:\/\/www.visit-ulcinj.com\/blog\/?s={search_term_string}\"},\"query-input\":\"required name=search_term_string\"}],\"inLanguage\":\"en-US\"},{\"@type\":\"ImageObject\",\"inLanguage\":\"en-US\",\"@id\":\"https:\/\/www.visit-ulcinj.com\/blog\/2009\/03\/07\/big-brother-albania-2-vazhdimi-i-proves\/#primaryimage\",\"url\":\"http:\/\/www.visit-ulcinj.com\/blog\/wp-content\/uploads\/2009\/03\/juria.jpg\",\"contentUrl\":\"http:\/\/www.visit-ulcinj.com\/blog\/wp-content\/uploads\/2009\/03\/juria.jpg\"},{\"@type\":\"WebPage\",\"@id\":\"https:\/\/www.visit-ulcinj.com\/blog\/2009\/03\/07\/big-brother-albania-2-vazhdimi-i-proves\/#webpage\",\"url\":\"https:\/\/www.visit-ulcinj.com\/blog\/2009\/03\/07\/big-brother-albania-2-vazhdimi-i-proves\/\",\"name\":\"Big Brother Albania 2 : Vazhdimi i prov\u00c3\u00abs\",\"isPartOf\":{\"@id\":\"https:\/\/www.visit-ulcinj.com\/blog\/#website\"},\"primaryImageOfPage\":{\"@id\":\"https:\/\/www.visit-ulcinj.com\/blog\/2009\/03\/07\/big-brother-albania-2-vazhdimi-i-proves\/#primaryimage\"},\"datePublished\":\"2009-03-07T13:18:53+00:00\",\"dateModified\":\"2009-03-07T13:18:53+00:00\",\"author\":{\"@id\":\"https:\/\/www.visit-ulcinj.com\/blog\/#\/schema\/person\/dcab619c614d3038751c63bc2aadc06d\"},\"description\":\"Big Brother Albania 2 - Kjo \u00c3\u00absht\u00c3\u00ab nata e tret\u00c3\u00ab n\u00c3\u00ab t\u00c3\u00ab cil\u00c3\u00abn banor\u00c3\u00abt p\u00c3\u00abrgatiten p\u00c3\u00abr prov\u00c3\u00abn e jav\u00c3\u00abs s\u00c3\u00ab kat\u00c3\u00abrt, \u00e2\u20ac\u0153Ti vlen!\u00e2\u20ac\u009d. Juria e k\u00c3\u00absaj radhe do t\u00c3\u00ab p\u00c3\u00abrb\u00c3\u00abhet nga Mesida, Adi, Mimoza dhe Arjoni.\",\"breadcrumb\":{\"@id\":\"https:\/\/www.visit-ulcinj.com\/blog\/2009\/03\/07\/big-brother-albania-2-vazhdimi-i-proves\/#breadcrumb\"},\"inLanguage\":\"en-US\",\"potentialAction\":[{\"@type\":\"ReadAction\",\"target\":[\"https:\/\/www.visit-ulcinj.com\/blog\/2009\/03\/07\/big-brother-albania-2-vazhdimi-i-proves\/\"]}]},{\"@type\":\"BreadcrumbList\",\"@id\":\"https:\/\/www.visit-ulcinj.com\/blog\/2009\/03\/07\/big-brother-albania-2-vazhdimi-i-proves\/#breadcrumb\",\"itemListElement\":[{\"@type\":\"ListItem\",\"position\":1,\"name\":\"Big Brother Albania 2 : Vazhdimi i prov\u00ebs\"}]},{\"@type\":\"Person\",\"@id\":\"https:\/\/www.visit-ulcinj.com\/blog\/#\/schema\/person\/dcab619c614d3038751c63bc2aadc06d\",\"name\":\"ulqini\",\"sameAs\":[\"http:\/\/www.visit-ulcinj.com\"],\"url\":\"https:\/\/www.visit-ulcinj.com\/blog\/author\/admin\/\"}]}<\/script>\n<!-- \/ Yoast SEO plugin. -->","yoast_head_json":{"title":"Big Brother Albania 2 : Vazhdimi i prov\u00c3\u00abs","description":"Big Brother Albania 2 - Kjo \u00c3\u00absht\u00c3\u00ab nata e tret\u00c3\u00ab n\u00c3\u00ab t\u00c3\u00ab cil\u00c3\u00abn banor\u00c3\u00abt p\u00c3\u00abrgatiten p\u00c3\u00abr prov\u00c3\u00abn e jav\u00c3\u00abs s\u00c3\u00ab kat\u00c3\u00abrt, \u00e2\u20ac\u0153Ti vlen!\u00e2\u20ac\u009d. Juria e k\u00c3\u00absaj radhe do t\u00c3\u00ab p\u00c3\u00abrb\u00c3\u00abhet nga Mesida, Adi, Mimoza dhe Arjoni.","robots":{"index":"index","follow":"follow","max-snippet":"max-snippet:-1","max-image-preview":"max-image-preview:large","max-video-preview":"max-video-preview:-1"},"canonical":"https:\/\/www.visit-ulcinj.com\/blog\/2009\/03\/07\/big-brother-albania-2-vazhdimi-i-proves\/","og_locale":"en_US","og_type":"article","og_title":"Big Brother Albania 2 : Vazhdimi i prov\u00c3\u00abs","og_description":"Big Brother Albania 2 - Kjo \u00c3\u00absht\u00c3\u00ab nata e tret\u00c3\u00ab n\u00c3\u00ab t\u00c3\u00ab cil\u00c3\u00abn banor\u00c3\u00abt p\u00c3\u00abrgatiten p\u00c3\u00abr prov\u00c3\u00abn e jav\u00c3\u00abs s\u00c3\u00ab kat\u00c3\u00abrt, \u00e2\u20ac\u0153Ti vlen!\u00e2\u20ac\u009d. Juria e k\u00c3\u00absaj radhe do t\u00c3\u00ab p\u00c3\u00abrb\u00c3\u00abhet nga Mesida, Adi, Mimoza dhe Arjoni.","og_url":"https:\/\/www.visit-ulcinj.com\/blog\/2009\/03\/07\/big-brother-albania-2-vazhdimi-i-proves\/","og_site_name":"Lajme nga Ulqini","article_published_time":"2009-03-07T13:18:53+00:00","og_image":[{"url":"http:\/\/www.visit-ulcinj.com\/blog\/wp-content\/uploads\/2009\/03\/juria.jpg"}],"twitter_misc":{"Written by":"ulqini","Est. reading time":"1 minute"},"schema":{"@context":"https:\/\/schema.org","@graph":[{"@type":"WebSite","@id":"https:\/\/www.visit-ulcinj.com\/blog\/#website","url":"https:\/\/www.visit-ulcinj.com\/blog\/","name":"Lajme nga Ulqini","description":"Lajme,Vijesti,Ulqini,Ulqin,Crna Gora,Mali i Zi","potentialAction":[{"@type":"SearchAction","target":{"@type":"EntryPoint","urlTemplate":"https:\/\/www.visit-ulcinj.com\/blog\/?s={search_term_string}"},"query-input":"required name=search_term_string"}],"inLanguage":"en-US"},{"@type":"ImageObject","inLanguage":"en-US","@id":"https:\/\/www.visit-ulcinj.com\/blog\/2009\/03\/07\/big-brother-albania-2-vazhdimi-i-proves\/#primaryimage","url":"http:\/\/www.visit-ulcinj.com\/blog\/wp-content\/uploads\/2009\/03\/juria.jpg","contentUrl":"http:\/\/www.visit-ulcinj.com\/blog\/wp-content\/uploads\/2009\/03\/juria.jpg"},{"@type":"WebPage","@id":"https:\/\/www.visit-ulcinj.com\/blog\/2009\/03\/07\/big-brother-albania-2-vazhdimi-i-proves\/#webpage","url":"https:\/\/www.visit-ulcinj.com\/blog\/2009\/03\/07\/big-brother-albania-2-vazhdimi-i-proves\/","name":"Big Brother Albania 2 : Vazhdimi i prov\u00c3\u00abs","isPartOf":{"@id":"https:\/\/www.visit-ulcinj.com\/blog\/#website"},"primaryImageOfPage":{"@id":"https:\/\/www.visit-ulcinj.com\/blog\/2009\/03\/07\/big-brother-albania-2-vazhdimi-i-proves\/#primaryimage"},"datePublished":"2009-03-07T13:18:53+00:00","dateModified":"2009-03-07T13:18:53+00:00","author":{"@id":"https:\/\/www.visit-ulcinj.com\/blog\/#\/schema\/person\/dcab619c614d3038751c63bc2aadc06d"},"description":"Big Brother Albania 2 - Kjo \u00c3\u00absht\u00c3\u00ab nata e tret\u00c3\u00ab n\u00c3\u00ab t\u00c3\u00ab cil\u00c3\u00abn banor\u00c3\u00abt p\u00c3\u00abrgatiten p\u00c3\u00abr prov\u00c3\u00abn e jav\u00c3\u00abs s\u00c3\u00ab kat\u00c3\u00abrt, \u00e2\u20ac\u0153Ti vlen!\u00e2\u20ac\u009d. Juria e k\u00c3\u00absaj radhe do t\u00c3\u00ab p\u00c3\u00abrb\u00c3\u00abhet nga Mesida, Adi, Mimoza dhe Arjoni.","breadcrumb":{"@id":"https:\/\/www.visit-ulcinj.com\/blog\/2009\/03\/07\/big-brother-albania-2-vazhdimi-i-proves\/#breadcrumb"},"inLanguage":"en-US","potentialAction":[{"@type":"ReadAction","target":["https:\/\/www.visit-ulcinj.com\/blog\/2009\/03\/07\/big-brother-albania-2-vazhdimi-i-proves\/"]}]},{"@type":"BreadcrumbList","@id":"https:\/\/www.visit-ulcinj.com\/blog\/2009\/03\/07\/big-brother-albania-2-vazhdimi-i-proves\/#breadcrumb","itemListElement":[{"@type":"ListItem","position":1,"name":"Big Brother Albania 2 : Vazhdimi i prov\u00ebs"}]},{"@type":"Person","@id":"https:\/\/www.visit-ulcinj.com\/blog\/#\/schema\/person\/dcab619c614d3038751c63bc2aadc06d","name":"ulqini","sameAs":["http:\/\/www.visit-ulcinj.com"],"url":"https:\/\/www.visit-ulcinj.com\/blog\/author\/admin\/"}]}},"jetpack_featured_media_url":"","jetpack_sharing_enabled":true,"jetpack_shortlink":"https:\/\/wp.me\/pe6lTn-3qm","_links":{"self":[{"href":"https:\/\/www.visit-ulcinj.com\/blog\/wp-json\/wp\/v2\/posts\/13166"}],"collection":[{"href":"https:\/\/www.visit-ulcinj.com\/blog\/wp-json\/wp\/v2\/posts"}],"about":[{"href":"https:\/\/www.visit-ulcinj.com\/blog\/wp-json\/wp\/v2\/types\/post"}],"author":[{"embeddable":true,"href":"https:\/\/www.visit-ulcinj.com\/blog\/wp-json\/wp\/v2\/users\/1"}],"replies":[{"embeddable":true,"href":"https:\/\/www.visit-ulcinj.com\/blog\/wp-json\/wp\/v2\/comments?post=13166"}],"version-history":[{"count":0,"href":"https:\/\/www.visit-ulcinj.com\/blog\/wp-json\/wp\/v2\/posts\/13166\/revisions"}],"wp:attachment":[{"href":"https:\/\/www.visit-ulcinj.com\/blog\/wp-json\/wp\/v2\/media?parent=13166"}],"wp:term":[{"taxonomy":"category","embeddable":true,"href":"https:\/\/www.visit-ulcinj.com\/blog\/wp-json\/wp\/v2\/categories?post=13166"},{"taxonomy":"post_tag","embeddable":true,"href":"https:\/\/www.visit-ulcinj.com\/blog\/wp-json\/wp\/v2\/tags?post=13166"}],"curies":[{"name":"wp","href":"https:\/\/api.w.org\/{rel}","templated":true}]}}