{"id":13180,"date":"2009-03-07T14:50:41","date_gmt":"2009-03-07T13:50:41","guid":{"rendered":"http:\/\/www.visit-ulcinj.com\/blog\/?p=13180"},"modified":"2009-03-07T14:50:41","modified_gmt":"2009-03-07T13:50:41","slug":"mesida-dhe-lirita-kam-dyshime-per-afrimin-e-zhuljetes","status":"publish","type":"post","link":"https:\/\/www.visit-ulcinj.com\/blog\/2009\/03\/07\/mesida-dhe-lirita-kam-dyshime-per-afrimin-e-zhuljetes\/","title":{"rendered":"Mesida dhe Lirita : Kam dyshime p\u00ebr afrimin e Zhuljet\u00ebs"},"content":{"rendered":"<p><em><span class=\"newsdate\"><a href=\"http:\/\/www.visit-ulcinj.com\/blog\/wp-content\/uploads\/2009\/03\/liritamesida.jpg\"><img loading=\"lazy\" class=\"alignleft size-full wp-image-13181\" title=\"lirita+mesida+big+brother+albania+2\" src=\"http:\/\/www.visit-ulcinj.com\/blog\/wp-content\/uploads\/2009\/03\/liritamesida.jpg\" alt=\"lirita+mesida+big+brother+albania+2\" width=\"300\" height=\"205\" \/><\/a>07\/03\/09 02:13<\/span><\/em><\/p>\n<p>Biseda e Mesid\u00ebs dhe Lirit\u00ebs vazhdon p\u00ebr t\u00eb gjith\u00eb banor\u00ebt. Ato flasin p\u00ebr Arjonin dhe faktin q\u00eb nuk e kuptojn\u00eb se pse ai \u00ebsht\u00eb n\u00eb nominim pasi p\u00ebr to \u00ebsht\u00eb nj\u00eb djal\u00eb shum\u00eb i mir\u00eb, i respektuesh\u00ebm dhe se u p\u00eblqen tipi i tij. Lirita diskuton me Mesid\u00ebn p\u00ebr marr\u00ebdh\u00ebnien e tij me Zhuljet\u00ebn dhe ajo i tregon se Zhuljeta ka nj\u00eb t\u00eb dashur jasht\u00eb por nd\u00ebrkoh\u00eb marr\u00ebdh\u00ebnia e tyre \u00ebsht\u00eb e dyshimt\u00eb. Ato mendojn\u00eb se n\u00ebse ajo ka dik\u00eb jasht\u00eb, mund ta l\u00ebndoj\u00eb me k\u00ebt\u00eb sjellje q\u00eb po b\u00ebn. Vajzat e gjykojn\u00eb sjelljen e Zhuljet\u00ebs dhe hedhin hipoteza p\u00ebr k\u00ebt\u00eb. Mesida mendon se ajo e b\u00ebn pasi ka nj\u00eb karakter q\u00eb do t\u00eb fitoj\u00eb me cdo kusht por, prap\u00eb nuk \u00ebsht\u00eb e sigurt. Ajo tregon p\u00ebr afrimin q\u00eb ka me Zhuljet\u00ebn dhe se ajo i \u00ebsht\u00eb afruar m\u00eb shum\u00eb se cdo banor tjet\u00ebr n\u00eb momentin q\u00eb hyri n\u00eb sht\u00ebpi por, ky veprim i l\u00eb shum\u00eb dyshime. Mesida thot\u00eb se \u00ebsht\u00eb treguar shum\u00eb e afruar dhe e hapur me t\u00eb duke i treguar nj\u00eb pjes\u00eb t\u00eb r\u00ebnd\u00ebsishme t\u00eb jet\u00ebs s\u00eb saj vet\u00ebm sepse erdhi biseda dhe se n\u00eb nj\u00eb moment ose tjet\u00ebr do ta thoshte, pasi nuk mund t\u00eb mbahen gjithmon\u00eb t\u00eb fshehta. Ajo shton se nuk \u00ebsht\u00eb e sigurt p\u00ebr afrimin e Zhuljet\u00ebs me t\u00eb.<\/p>\n","protected":false},"excerpt":{"rendered":"<p>07\/03\/09 02:13 Biseda e Mesid\u00ebs dhe Lirit\u00ebs vazhdon p\u00ebr t\u00eb gjith\u00eb banor\u00ebt. Ato flasin p\u00ebr Arjonin dhe faktin q\u00eb nuk e kuptojn\u00eb se pse ai \u00ebsht\u00eb n\u00eb nominim pasi p\u00ebr to \u00ebsht\u00eb nj\u00eb djal\u00eb shum\u00eb i mir\u00eb, i respektuesh\u00ebm dhe se u p\u00eblqen tipi i tij. Lirita diskuton me Mesid\u00ebn p\u00ebr marr\u00ebdh\u00ebnien e tij me [&hellip;]<\/p>\n","protected":false},"author":1,"featured_media":0,"comment_status":"open","ping_status":"closed","sticky":false,"template":"","format":"standard","meta":{"spay_email":"","jetpack_publicize_message":"","jetpack_is_tweetstorm":false,"jetpack_publicize_feature_enabled":true},"categories":[6502],"tags":[5057,6506,6516,6712,7129,7596,6567,7365,7595,6891,6693,6887,6564],"jetpack_publicize_connections":[],"yoast_head":"<!-- This site is optimized with the Yoast SEO plugin v19.1 - https:\/\/yoast.com\/wordpress\/plugins\/seo\/ -->\n<title>Mesida dhe Lirita : Kam dyshime p\u00c3\u00abr afrimin e Zhuljet\u00c3\u00abs | Big Brother Albania 2<\/title>\n<meta name=\"description\" content=\"Big Brother Albania 2 - Biseda e Mesid\u00c3\u00abs dhe Lirit\u00c3\u00abs vazhdon p\u00c3\u00abr t\u00c3\u00ab gjith\u00c3\u00ab banor\u00c3\u00abt. Ato flasin p\u00c3\u00abr Arjonin dhe faktin q\u00c3\u00ab nuk e kuptojn\u00c3\u00ab se pse ai \u00c3\u00absht\u00c3\u00ab n\u00c3\u00ab nominim pasi p\u00c3\u00abr to \u00c3\u00absht\u00c3\u00ab nj\u00c3\u00ab djal\u00c3\u00ab shum\u00c3\u00ab i mir\" \/>\n<meta name=\"robots\" content=\"index, follow, max-snippet:-1, max-image-preview:large, max-video-preview:-1\" \/>\n<link rel=\"canonical\" href=\"https:\/\/www.visit-ulcinj.com\/blog\/2009\/03\/07\/mesida-dhe-lirita-kam-dyshime-per-afrimin-e-zhuljetes\/\" \/>\n<meta property=\"og:locale\" content=\"en_US\" \/>\n<meta property=\"og:type\" content=\"article\" \/>\n<meta property=\"og:title\" content=\"Mesida dhe Lirita : Kam dyshime p\u00c3\u00abr afrimin e Zhuljet\u00c3\u00abs | Big Brother Albania 2\" \/>\n<meta property=\"og:description\" content=\"Big Brother Albania 2 - Biseda e Mesid\u00c3\u00abs dhe Lirit\u00c3\u00abs vazhdon p\u00c3\u00abr t\u00c3\u00ab gjith\u00c3\u00ab banor\u00c3\u00abt. Ato flasin p\u00c3\u00abr Arjonin dhe faktin q\u00c3\u00ab nuk e kuptojn\u00c3\u00ab se pse ai \u00c3\u00absht\u00c3\u00ab n\u00c3\u00ab nominim pasi p\u00c3\u00abr to \u00c3\u00absht\u00c3\u00ab nj\u00c3\u00ab djal\u00c3\u00ab shum\u00c3\u00ab i mir\" \/>\n<meta property=\"og:url\" content=\"https:\/\/www.visit-ulcinj.com\/blog\/2009\/03\/07\/mesida-dhe-lirita-kam-dyshime-per-afrimin-e-zhuljetes\/\" \/>\n<meta property=\"og:site_name\" content=\"Lajme nga Ulqini\" \/>\n<meta property=\"article:published_time\" content=\"2009-03-07T13:50:41+00:00\" \/>\n<meta property=\"og:image\" content=\"http:\/\/www.visit-ulcinj.com\/blog\/wp-content\/uploads\/2009\/03\/liritamesida.jpg\" \/>\n<meta name=\"twitter:label1\" content=\"Written by\" \/>\n\t<meta name=\"twitter:data1\" content=\"ulqini\" \/>\n\t<meta name=\"twitter:label2\" content=\"Est. reading time\" \/>\n\t<meta name=\"twitter:data2\" content=\"1 minute\" \/>\n<script type=\"application\/ld+json\" class=\"yoast-schema-graph\">{\"@context\":\"https:\/\/schema.org\",\"@graph\":[{\"@type\":\"WebSite\",\"@id\":\"https:\/\/www.visit-ulcinj.com\/blog\/#website\",\"url\":\"https:\/\/www.visit-ulcinj.com\/blog\/\",\"name\":\"Lajme nga Ulqini\",\"description\":\"Lajme,Vijesti,Ulqini,Ulqin,Crna Gora,Mali i Zi\",\"potentialAction\":[{\"@type\":\"SearchAction\",\"target\":{\"@type\":\"EntryPoint\",\"urlTemplate\":\"https:\/\/www.visit-ulcinj.com\/blog\/?s={search_term_string}\"},\"query-input\":\"required name=search_term_string\"}],\"inLanguage\":\"en-US\"},{\"@type\":\"ImageObject\",\"inLanguage\":\"en-US\",\"@id\":\"https:\/\/www.visit-ulcinj.com\/blog\/2009\/03\/07\/mesida-dhe-lirita-kam-dyshime-per-afrimin-e-zhuljetes\/#primaryimage\",\"url\":\"http:\/\/www.visit-ulcinj.com\/blog\/wp-content\/uploads\/2009\/03\/liritamesida.jpg\",\"contentUrl\":\"http:\/\/www.visit-ulcinj.com\/blog\/wp-content\/uploads\/2009\/03\/liritamesida.jpg\"},{\"@type\":\"WebPage\",\"@id\":\"https:\/\/www.visit-ulcinj.com\/blog\/2009\/03\/07\/mesida-dhe-lirita-kam-dyshime-per-afrimin-e-zhuljetes\/#webpage\",\"url\":\"https:\/\/www.visit-ulcinj.com\/blog\/2009\/03\/07\/mesida-dhe-lirita-kam-dyshime-per-afrimin-e-zhuljetes\/\",\"name\":\"Mesida dhe Lirita : Kam dyshime p\u00c3\u00abr afrimin e Zhuljet\u00c3\u00abs | Big Brother Albania 2\",\"isPartOf\":{\"@id\":\"https:\/\/www.visit-ulcinj.com\/blog\/#website\"},\"primaryImageOfPage\":{\"@id\":\"https:\/\/www.visit-ulcinj.com\/blog\/2009\/03\/07\/mesida-dhe-lirita-kam-dyshime-per-afrimin-e-zhuljetes\/#primaryimage\"},\"datePublished\":\"2009-03-07T13:50:41+00:00\",\"dateModified\":\"2009-03-07T13:50:41+00:00\",\"author\":{\"@id\":\"https:\/\/www.visit-ulcinj.com\/blog\/#\/schema\/person\/dcab619c614d3038751c63bc2aadc06d\"},\"description\":\"Big Brother Albania 2 - Biseda e Mesid\u00c3\u00abs dhe Lirit\u00c3\u00abs vazhdon p\u00c3\u00abr t\u00c3\u00ab gjith\u00c3\u00ab banor\u00c3\u00abt. Ato flasin p\u00c3\u00abr Arjonin dhe faktin q\u00c3\u00ab nuk e kuptojn\u00c3\u00ab se pse ai \u00c3\u00absht\u00c3\u00ab n\u00c3\u00ab nominim pasi p\u00c3\u00abr to \u00c3\u00absht\u00c3\u00ab nj\u00c3\u00ab djal\u00c3\u00ab shum\u00c3\u00ab i mir\",\"breadcrumb\":{\"@id\":\"https:\/\/www.visit-ulcinj.com\/blog\/2009\/03\/07\/mesida-dhe-lirita-kam-dyshime-per-afrimin-e-zhuljetes\/#breadcrumb\"},\"inLanguage\":\"en-US\",\"potentialAction\":[{\"@type\":\"ReadAction\",\"target\":[\"https:\/\/www.visit-ulcinj.com\/blog\/2009\/03\/07\/mesida-dhe-lirita-kam-dyshime-per-afrimin-e-zhuljetes\/\"]}]},{\"@type\":\"BreadcrumbList\",\"@id\":\"https:\/\/www.visit-ulcinj.com\/blog\/2009\/03\/07\/mesida-dhe-lirita-kam-dyshime-per-afrimin-e-zhuljetes\/#breadcrumb\",\"itemListElement\":[{\"@type\":\"ListItem\",\"position\":1,\"name\":\"Mesida dhe Lirita : Kam dyshime p\u00ebr afrimin e Zhuljet\u00ebs\"}]},{\"@type\":\"Person\",\"@id\":\"https:\/\/www.visit-ulcinj.com\/blog\/#\/schema\/person\/dcab619c614d3038751c63bc2aadc06d\",\"name\":\"ulqini\",\"sameAs\":[\"http:\/\/www.visit-ulcinj.com\"],\"url\":\"https:\/\/www.visit-ulcinj.com\/blog\/author\/admin\/\"}]}<\/script>\n<!-- \/ Yoast SEO plugin. -->","yoast_head_json":{"title":"Mesida dhe Lirita : Kam dyshime p\u00c3\u00abr afrimin e Zhuljet\u00c3\u00abs | Big Brother Albania 2","description":"Big Brother Albania 2 - Biseda e Mesid\u00c3\u00abs dhe Lirit\u00c3\u00abs vazhdon p\u00c3\u00abr t\u00c3\u00ab gjith\u00c3\u00ab banor\u00c3\u00abt. Ato flasin p\u00c3\u00abr Arjonin dhe faktin q\u00c3\u00ab nuk e kuptojn\u00c3\u00ab se pse ai \u00c3\u00absht\u00c3\u00ab n\u00c3\u00ab nominim pasi p\u00c3\u00abr to \u00c3\u00absht\u00c3\u00ab nj\u00c3\u00ab djal\u00c3\u00ab shum\u00c3\u00ab i mir","robots":{"index":"index","follow":"follow","max-snippet":"max-snippet:-1","max-image-preview":"max-image-preview:large","max-video-preview":"max-video-preview:-1"},"canonical":"https:\/\/www.visit-ulcinj.com\/blog\/2009\/03\/07\/mesida-dhe-lirita-kam-dyshime-per-afrimin-e-zhuljetes\/","og_locale":"en_US","og_type":"article","og_title":"Mesida dhe Lirita : Kam dyshime p\u00c3\u00abr afrimin e Zhuljet\u00c3\u00abs | Big Brother Albania 2","og_description":"Big Brother Albania 2 - Biseda e Mesid\u00c3\u00abs dhe Lirit\u00c3\u00abs vazhdon p\u00c3\u00abr t\u00c3\u00ab gjith\u00c3\u00ab banor\u00c3\u00abt. Ato flasin p\u00c3\u00abr Arjonin dhe faktin q\u00c3\u00ab nuk e kuptojn\u00c3\u00ab se pse ai \u00c3\u00absht\u00c3\u00ab n\u00c3\u00ab nominim pasi p\u00c3\u00abr to \u00c3\u00absht\u00c3\u00ab nj\u00c3\u00ab djal\u00c3\u00ab shum\u00c3\u00ab i mir","og_url":"https:\/\/www.visit-ulcinj.com\/blog\/2009\/03\/07\/mesida-dhe-lirita-kam-dyshime-per-afrimin-e-zhuljetes\/","og_site_name":"Lajme nga Ulqini","article_published_time":"2009-03-07T13:50:41+00:00","og_image":[{"url":"http:\/\/www.visit-ulcinj.com\/blog\/wp-content\/uploads\/2009\/03\/liritamesida.jpg"}],"twitter_misc":{"Written by":"ulqini","Est. reading time":"1 minute"},"schema":{"@context":"https:\/\/schema.org","@graph":[{"@type":"WebSite","@id":"https:\/\/www.visit-ulcinj.com\/blog\/#website","url":"https:\/\/www.visit-ulcinj.com\/blog\/","name":"Lajme nga Ulqini","description":"Lajme,Vijesti,Ulqini,Ulqin,Crna Gora,Mali i Zi","potentialAction":[{"@type":"SearchAction","target":{"@type":"EntryPoint","urlTemplate":"https:\/\/www.visit-ulcinj.com\/blog\/?s={search_term_string}"},"query-input":"required name=search_term_string"}],"inLanguage":"en-US"},{"@type":"ImageObject","inLanguage":"en-US","@id":"https:\/\/www.visit-ulcinj.com\/blog\/2009\/03\/07\/mesida-dhe-lirita-kam-dyshime-per-afrimin-e-zhuljetes\/#primaryimage","url":"http:\/\/www.visit-ulcinj.com\/blog\/wp-content\/uploads\/2009\/03\/liritamesida.jpg","contentUrl":"http:\/\/www.visit-ulcinj.com\/blog\/wp-content\/uploads\/2009\/03\/liritamesida.jpg"},{"@type":"WebPage","@id":"https:\/\/www.visit-ulcinj.com\/blog\/2009\/03\/07\/mesida-dhe-lirita-kam-dyshime-per-afrimin-e-zhuljetes\/#webpage","url":"https:\/\/www.visit-ulcinj.com\/blog\/2009\/03\/07\/mesida-dhe-lirita-kam-dyshime-per-afrimin-e-zhuljetes\/","name":"Mesida dhe Lirita : Kam dyshime p\u00c3\u00abr afrimin e Zhuljet\u00c3\u00abs | Big Brother Albania 2","isPartOf":{"@id":"https:\/\/www.visit-ulcinj.com\/blog\/#website"},"primaryImageOfPage":{"@id":"https:\/\/www.visit-ulcinj.com\/blog\/2009\/03\/07\/mesida-dhe-lirita-kam-dyshime-per-afrimin-e-zhuljetes\/#primaryimage"},"datePublished":"2009-03-07T13:50:41+00:00","dateModified":"2009-03-07T13:50:41+00:00","author":{"@id":"https:\/\/www.visit-ulcinj.com\/blog\/#\/schema\/person\/dcab619c614d3038751c63bc2aadc06d"},"description":"Big Brother Albania 2 - Biseda e Mesid\u00c3\u00abs dhe Lirit\u00c3\u00abs vazhdon p\u00c3\u00abr t\u00c3\u00ab gjith\u00c3\u00ab banor\u00c3\u00abt. Ato flasin p\u00c3\u00abr Arjonin dhe faktin q\u00c3\u00ab nuk e kuptojn\u00c3\u00ab se pse ai \u00c3\u00absht\u00c3\u00ab n\u00c3\u00ab nominim pasi p\u00c3\u00abr to \u00c3\u00absht\u00c3\u00ab nj\u00c3\u00ab djal\u00c3\u00ab shum\u00c3\u00ab i mir","breadcrumb":{"@id":"https:\/\/www.visit-ulcinj.com\/blog\/2009\/03\/07\/mesida-dhe-lirita-kam-dyshime-per-afrimin-e-zhuljetes\/#breadcrumb"},"inLanguage":"en-US","potentialAction":[{"@type":"ReadAction","target":["https:\/\/www.visit-ulcinj.com\/blog\/2009\/03\/07\/mesida-dhe-lirita-kam-dyshime-per-afrimin-e-zhuljetes\/"]}]},{"@type":"BreadcrumbList","@id":"https:\/\/www.visit-ulcinj.com\/blog\/2009\/03\/07\/mesida-dhe-lirita-kam-dyshime-per-afrimin-e-zhuljetes\/#breadcrumb","itemListElement":[{"@type":"ListItem","position":1,"name":"Mesida dhe Lirita : Kam dyshime p\u00ebr afrimin e Zhuljet\u00ebs"}]},{"@type":"Person","@id":"https:\/\/www.visit-ulcinj.com\/blog\/#\/schema\/person\/dcab619c614d3038751c63bc2aadc06d","name":"ulqini","sameAs":["http:\/\/www.visit-ulcinj.com"],"url":"https:\/\/www.visit-ulcinj.com\/blog\/author\/admin\/"}]}},"jetpack_featured_media_url":"","jetpack_sharing_enabled":true,"jetpack_shortlink":"https:\/\/wp.me\/pe6lTn-3qA","_links":{"self":[{"href":"https:\/\/www.visit-ulcinj.com\/blog\/wp-json\/wp\/v2\/posts\/13180"}],"collection":[{"href":"https:\/\/www.visit-ulcinj.com\/blog\/wp-json\/wp\/v2\/posts"}],"about":[{"href":"https:\/\/www.visit-ulcinj.com\/blog\/wp-json\/wp\/v2\/types\/post"}],"author":[{"embeddable":true,"href":"https:\/\/www.visit-ulcinj.com\/blog\/wp-json\/wp\/v2\/users\/1"}],"replies":[{"embeddable":true,"href":"https:\/\/www.visit-ulcinj.com\/blog\/wp-json\/wp\/v2\/comments?post=13180"}],"version-history":[{"count":0,"href":"https:\/\/www.visit-ulcinj.com\/blog\/wp-json\/wp\/v2\/posts\/13180\/revisions"}],"wp:attachment":[{"href":"https:\/\/www.visit-ulcinj.com\/blog\/wp-json\/wp\/v2\/media?parent=13180"}],"wp:term":[{"taxonomy":"category","embeddable":true,"href":"https:\/\/www.visit-ulcinj.com\/blog\/wp-json\/wp\/v2\/categories?post=13180"},{"taxonomy":"post_tag","embeddable":true,"href":"https:\/\/www.visit-ulcinj.com\/blog\/wp-json\/wp\/v2\/tags?post=13180"}],"curies":[{"name":"wp","href":"https:\/\/api.w.org\/{rel}","templated":true}]}}