{"id":13184,"date":"2009-03-07T14:53:55","date_gmt":"2009-03-07T13:53:55","guid":{"rendered":"http:\/\/www.visit-ulcinj.com\/blog\/?p=13184"},"modified":"2009-03-07T14:53:55","modified_gmt":"2009-03-07T13:53:55","slug":"big-brother-albania-2-e-drejte-apo-e-gabuar","status":"publish","type":"post","link":"https:\/\/www.visit-ulcinj.com\/blog\/2009\/03\/07\/big-brother-albania-2-e-drejte-apo-e-gabuar\/","title":{"rendered":"Big Brother Albania 2 : E drejt\u00eb apo e gabuar?"},"content":{"rendered":"<p><em><span class=\"newsdate\"><a href=\"http:\/\/www.visit-ulcinj.com\/blog\/wp-content\/uploads\/2009\/03\/per-adoptimin.jpg\"><img loading=\"lazy\" class=\"alignleft size-full wp-image-13185\" title=\"per-adoptimin-big-bother-albania-2\" src=\"http:\/\/www.visit-ulcinj.com\/blog\/wp-content\/uploads\/2009\/03\/per-adoptimin.jpg\" alt=\"per-adoptimin-big-bother-albania-2\" width=\"300\" height=\"205\" \/><\/a>07\/03\/09 11:05<\/span><\/em><\/p>\n<p>Banor\u00ebt hapin nj\u00eb tem\u00eb p\u00ebr t\u00eb diskutuar q\u00eb \u00ebsht\u00eb adoptimi i f\u00ebmij\u00ebve nga dy prind\u00ebr t\u00eb t\u00eb njejt\u00ebs gjini dhe a \u00ebsht\u00eb kjo e drejt\u00eb apo e gabuar. Ata, gjat\u00eb diskutimit ndahen n\u00eb dy grupe: ata pro k\u00ebtij mendimi dhe ata kund\u00ebr. Lirita nuk e mendon si t\u00eb gabuar egzistenc\u00ebn dhe raportin nd\u00ebrmjet homoseksual\u00ebve por, nuk e sheh t\u00eb arsyeshme q\u00eb ata t\u00eb adoptojn\u00eb nj\u00eb f\u00ebmij\u00eb. Mesida mbron mendimin e saj se \u00ebsht\u00eb m\u00eb mir\u00eb t\u00eb kesh dy prind\u00ebr se sa asnj\u00eb dhe t\u00eb rritesh n\u00eb jetimore, qofshin k\u00ebta prind\u00ebr homoseksual\u00eb. Ajo thot\u00eb se ata do t\u2019i japin f\u00ebmij\u00ebs edukat\u00eb dhe do ti m\u00ebsojn\u00eb vlerat n\u00eb jet\u00eb sepse nj\u00eb f\u00ebmij\u00eb q\u00eb rritet vet\u00ebm, nuk ka kush t\u2019ia m\u00ebsoj\u00eb. Bjordi mendon se ata mund t\u2019i japin m\u00eb shum\u00eb dashuri. Edhe Mesida mendon k\u00ebshtu dhe i krahason ata me nj\u00eb cift t\u00eb cil\u00ebt nuk mund t\u00eb ken\u00eb f\u00ebmij\u00eb dhe faktin se sa e d\u00ebshirojn\u00eb k\u00ebt\u00eb gj\u00eb. Dritani \u00ebsht\u00eb kund\u00ebr k\u00ebsaj ideje dhe thot\u00eb se nj\u00eb mashkull nuk mund t\u00eb b\u00ebj\u00eb rolin e femr\u00ebs apo dhe e kund\u00ebrta. Bjordi e kund\u00ebrshton pasi thot\u00eb se ai \u00ebsht\u00eb rritur pa baban\u00eb dhe n\u00ebna i ka b\u00ebr\u00eb t\u00eb dy rolet. Po t\u00eb nj\u00ebt\u00ebn gj\u00eb thot\u00eb edhe Mesida t\u00eb cil\u00ebn e ka rritur babai. Dritani i thot\u00eb se kjo \u00ebsht\u00eb ndryshe sepse ata i kan\u00eb prind\u00ebrit dhe vazhdon t\u00eb thoj\u00eb se edukata q\u00eb do t\u00eb marr\u00eb ai f\u00ebmij\u00eb me prind\u00ebr t\u00eb t\u00eb nj\u00ebjt\u00ebs gjini, nuk do jet\u00eb e mir\u00eb. Mesida i thot\u00eb se njer\u00ebzit homoseksual kan\u00eb nj\u00eb mentalitet tjet\u00ebr nga ai i njer\u00ebzve t\u00eb tjer\u00eb dhe se nuk do t\u2019i m\u00ebsonin f\u00ebmij\u00ebs t\u00eb ket\u00eb t\u00eb nj\u00ebjtat preferenca si ta. Edhe Pavlini \u00ebsht\u00eb kund\u00ebr k\u00ebsaj ideje dhe i thot\u00eb se ata kan\u00eb p\u00ebr ta edukuar keq at\u00eb f\u00ebmij\u00eb pasi i urrejn\u00eb marr\u00ebdh\u00ebniet heteroseksuale. Mesida i thot\u00eb se homoseksualiteti \u00ebsht\u00eb i lindur dhe se kjo nuk e ndryshon nj\u00eb njeri. Bjordi thot\u00eb se p\u00ebr aq koh\u00eb sa nuk njohin njer\u00ebz homoseksual\u00eb ose f\u00ebmij\u00eb q\u00eb jan\u00eb rritur nga nj\u00eb cift i till\u00eb, at\u00ebher\u00eb nuk do t\u00eb ndryshojn\u00eb mendim. Edhe pse diskutojn\u00eb duke sjell\u00eb argumenta t\u00eb ndryshme, mendimet e asnj\u00ebrit grup nuk ndryshojn\u00eb.<\/p>\n","protected":false},"excerpt":{"rendered":"<p>07\/03\/09 11:05 Banor\u00ebt hapin nj\u00eb tem\u00eb p\u00ebr t\u00eb diskutuar q\u00eb \u00ebsht\u00eb adoptimi i f\u00ebmij\u00ebve nga dy prind\u00ebr t\u00eb t\u00eb njejt\u00ebs gjini dhe a \u00ebsht\u00eb kjo e drejt\u00eb apo e gabuar. Ata, gjat\u00eb diskutimit ndahen n\u00eb dy grupe: ata pro k\u00ebtij mendimi dhe ata kund\u00ebr. Lirita nuk e mendon si t\u00eb gabuar egzistenc\u00ebn dhe raportin nd\u00ebrmjet [&hellip;]<\/p>\n","protected":false},"author":1,"featured_media":0,"comment_status":"open","ping_status":"closed","sticky":false,"template":"","format":"standard","meta":{"spay_email":"","jetpack_publicize_message":"","jetpack_is_tweetstorm":false,"jetpack_publicize_feature_enabled":true},"categories":[6502],"tags":[5057,6506,6516,6712,7129,7597,6891,6693,6887],"jetpack_publicize_connections":[],"yoast_head":"<!-- This site is optimized with the Yoast SEO plugin v19.1 - https:\/\/yoast.com\/wordpress\/plugins\/seo\/ -->\n<title>Big Brother Albania 2 : E drejt\u00c3\u00ab apo e gabuar?<\/title>\n<meta name=\"description\" content=\"Big Brother Albania 2 - Banor\u00c3\u00abt hapin nj\u00c3\u00ab tem\u00c3\u00ab p\u00c3\u00abr t\u00c3\u00ab diskutuar q\u00c3\u00ab \u00c3\u00absht\u00c3\u00ab adoptimi i f\u00c3\u00abmij\u00c3\u00abve nga dy prind\u00c3\u00abr t\u00c3\u00ab t\u00c3\u00ab njejt\u00c3\u00abs gjini dhe a \u00c3\u00absht\u00c3\u00ab kjo e drejt\u00c3\u00ab apo e gabuar. Ata, gjat\u00c3\u00ab diskutimit ndahen n\u00c3\u00ab dy grupe.\" \/>\n<meta name=\"robots\" content=\"index, follow, max-snippet:-1, max-image-preview:large, max-video-preview:-1\" \/>\n<link rel=\"canonical\" href=\"https:\/\/www.visit-ulcinj.com\/blog\/2009\/03\/07\/big-brother-albania-2-e-drejte-apo-e-gabuar\/\" \/>\n<meta property=\"og:locale\" content=\"en_US\" \/>\n<meta property=\"og:type\" content=\"article\" \/>\n<meta property=\"og:title\" content=\"Big Brother Albania 2 : E drejt\u00c3\u00ab apo e gabuar?\" \/>\n<meta property=\"og:description\" content=\"Big Brother Albania 2 - Banor\u00c3\u00abt hapin nj\u00c3\u00ab tem\u00c3\u00ab p\u00c3\u00abr t\u00c3\u00ab diskutuar q\u00c3\u00ab \u00c3\u00absht\u00c3\u00ab adoptimi i f\u00c3\u00abmij\u00c3\u00abve nga dy prind\u00c3\u00abr t\u00c3\u00ab t\u00c3\u00ab njejt\u00c3\u00abs gjini dhe a \u00c3\u00absht\u00c3\u00ab kjo e drejt\u00c3\u00ab apo e gabuar. Ata, gjat\u00c3\u00ab diskutimit ndahen n\u00c3\u00ab dy grupe.\" \/>\n<meta property=\"og:url\" content=\"https:\/\/www.visit-ulcinj.com\/blog\/2009\/03\/07\/big-brother-albania-2-e-drejte-apo-e-gabuar\/\" \/>\n<meta property=\"og:site_name\" content=\"Lajme nga Ulqini\" \/>\n<meta property=\"article:published_time\" content=\"2009-03-07T13:53:55+00:00\" \/>\n<meta property=\"og:image\" content=\"http:\/\/www.visit-ulcinj.com\/blog\/wp-content\/uploads\/2009\/03\/per-adoptimin.jpg\" \/>\n<meta name=\"twitter:label1\" content=\"Written by\" \/>\n\t<meta name=\"twitter:data1\" content=\"ulqini\" \/>\n\t<meta name=\"twitter:label2\" content=\"Est. reading time\" \/>\n\t<meta name=\"twitter:data2\" content=\"2 minutes\" \/>\n<script type=\"application\/ld+json\" class=\"yoast-schema-graph\">{\"@context\":\"https:\/\/schema.org\",\"@graph\":[{\"@type\":\"WebSite\",\"@id\":\"https:\/\/www.visit-ulcinj.com\/blog\/#website\",\"url\":\"https:\/\/www.visit-ulcinj.com\/blog\/\",\"name\":\"Lajme nga Ulqini\",\"description\":\"Lajme,Vijesti,Ulqini,Ulqin,Crna Gora,Mali i Zi\",\"potentialAction\":[{\"@type\":\"SearchAction\",\"target\":{\"@type\":\"EntryPoint\",\"urlTemplate\":\"https:\/\/www.visit-ulcinj.com\/blog\/?s={search_term_string}\"},\"query-input\":\"required name=search_term_string\"}],\"inLanguage\":\"en-US\"},{\"@type\":\"ImageObject\",\"inLanguage\":\"en-US\",\"@id\":\"https:\/\/www.visit-ulcinj.com\/blog\/2009\/03\/07\/big-brother-albania-2-e-drejte-apo-e-gabuar\/#primaryimage\",\"url\":\"http:\/\/www.visit-ulcinj.com\/blog\/wp-content\/uploads\/2009\/03\/per-adoptimin.jpg\",\"contentUrl\":\"http:\/\/www.visit-ulcinj.com\/blog\/wp-content\/uploads\/2009\/03\/per-adoptimin.jpg\"},{\"@type\":\"WebPage\",\"@id\":\"https:\/\/www.visit-ulcinj.com\/blog\/2009\/03\/07\/big-brother-albania-2-e-drejte-apo-e-gabuar\/#webpage\",\"url\":\"https:\/\/www.visit-ulcinj.com\/blog\/2009\/03\/07\/big-brother-albania-2-e-drejte-apo-e-gabuar\/\",\"name\":\"Big Brother Albania 2 : E drejt\u00c3\u00ab apo e gabuar?\",\"isPartOf\":{\"@id\":\"https:\/\/www.visit-ulcinj.com\/blog\/#website\"},\"primaryImageOfPage\":{\"@id\":\"https:\/\/www.visit-ulcinj.com\/blog\/2009\/03\/07\/big-brother-albania-2-e-drejte-apo-e-gabuar\/#primaryimage\"},\"datePublished\":\"2009-03-07T13:53:55+00:00\",\"dateModified\":\"2009-03-07T13:53:55+00:00\",\"author\":{\"@id\":\"https:\/\/www.visit-ulcinj.com\/blog\/#\/schema\/person\/dcab619c614d3038751c63bc2aadc06d\"},\"description\":\"Big Brother Albania 2 - Banor\u00c3\u00abt hapin nj\u00c3\u00ab tem\u00c3\u00ab p\u00c3\u00abr t\u00c3\u00ab diskutuar q\u00c3\u00ab \u00c3\u00absht\u00c3\u00ab adoptimi i f\u00c3\u00abmij\u00c3\u00abve nga dy prind\u00c3\u00abr t\u00c3\u00ab t\u00c3\u00ab njejt\u00c3\u00abs gjini dhe a \u00c3\u00absht\u00c3\u00ab kjo e drejt\u00c3\u00ab apo e gabuar. Ata, gjat\u00c3\u00ab diskutimit ndahen n\u00c3\u00ab dy grupe.\",\"breadcrumb\":{\"@id\":\"https:\/\/www.visit-ulcinj.com\/blog\/2009\/03\/07\/big-brother-albania-2-e-drejte-apo-e-gabuar\/#breadcrumb\"},\"inLanguage\":\"en-US\",\"potentialAction\":[{\"@type\":\"ReadAction\",\"target\":[\"https:\/\/www.visit-ulcinj.com\/blog\/2009\/03\/07\/big-brother-albania-2-e-drejte-apo-e-gabuar\/\"]}]},{\"@type\":\"BreadcrumbList\",\"@id\":\"https:\/\/www.visit-ulcinj.com\/blog\/2009\/03\/07\/big-brother-albania-2-e-drejte-apo-e-gabuar\/#breadcrumb\",\"itemListElement\":[{\"@type\":\"ListItem\",\"position\":1,\"name\":\"Big Brother Albania 2 : E drejt\u00eb apo e gabuar?\"}]},{\"@type\":\"Person\",\"@id\":\"https:\/\/www.visit-ulcinj.com\/blog\/#\/schema\/person\/dcab619c614d3038751c63bc2aadc06d\",\"name\":\"ulqini\",\"sameAs\":[\"http:\/\/www.visit-ulcinj.com\"],\"url\":\"https:\/\/www.visit-ulcinj.com\/blog\/author\/admin\/\"}]}<\/script>\n<!-- \/ Yoast SEO plugin. -->","yoast_head_json":{"title":"Big Brother Albania 2 : E drejt\u00c3\u00ab apo e gabuar?","description":"Big Brother Albania 2 - Banor\u00c3\u00abt hapin nj\u00c3\u00ab tem\u00c3\u00ab p\u00c3\u00abr t\u00c3\u00ab diskutuar q\u00c3\u00ab \u00c3\u00absht\u00c3\u00ab adoptimi i f\u00c3\u00abmij\u00c3\u00abve nga dy prind\u00c3\u00abr t\u00c3\u00ab t\u00c3\u00ab njejt\u00c3\u00abs gjini dhe a \u00c3\u00absht\u00c3\u00ab kjo e drejt\u00c3\u00ab apo e gabuar. Ata, gjat\u00c3\u00ab diskutimit ndahen n\u00c3\u00ab dy grupe.","robots":{"index":"index","follow":"follow","max-snippet":"max-snippet:-1","max-image-preview":"max-image-preview:large","max-video-preview":"max-video-preview:-1"},"canonical":"https:\/\/www.visit-ulcinj.com\/blog\/2009\/03\/07\/big-brother-albania-2-e-drejte-apo-e-gabuar\/","og_locale":"en_US","og_type":"article","og_title":"Big Brother Albania 2 : E drejt\u00c3\u00ab apo e gabuar?","og_description":"Big Brother Albania 2 - Banor\u00c3\u00abt hapin nj\u00c3\u00ab tem\u00c3\u00ab p\u00c3\u00abr t\u00c3\u00ab diskutuar q\u00c3\u00ab \u00c3\u00absht\u00c3\u00ab adoptimi i f\u00c3\u00abmij\u00c3\u00abve nga dy prind\u00c3\u00abr t\u00c3\u00ab t\u00c3\u00ab njejt\u00c3\u00abs gjini dhe a \u00c3\u00absht\u00c3\u00ab kjo e drejt\u00c3\u00ab apo e gabuar. Ata, gjat\u00c3\u00ab diskutimit ndahen n\u00c3\u00ab dy grupe.","og_url":"https:\/\/www.visit-ulcinj.com\/blog\/2009\/03\/07\/big-brother-albania-2-e-drejte-apo-e-gabuar\/","og_site_name":"Lajme nga Ulqini","article_published_time":"2009-03-07T13:53:55+00:00","og_image":[{"url":"http:\/\/www.visit-ulcinj.com\/blog\/wp-content\/uploads\/2009\/03\/per-adoptimin.jpg"}],"twitter_misc":{"Written by":"ulqini","Est. reading time":"2 minutes"},"schema":{"@context":"https:\/\/schema.org","@graph":[{"@type":"WebSite","@id":"https:\/\/www.visit-ulcinj.com\/blog\/#website","url":"https:\/\/www.visit-ulcinj.com\/blog\/","name":"Lajme nga Ulqini","description":"Lajme,Vijesti,Ulqini,Ulqin,Crna Gora,Mali i Zi","potentialAction":[{"@type":"SearchAction","target":{"@type":"EntryPoint","urlTemplate":"https:\/\/www.visit-ulcinj.com\/blog\/?s={search_term_string}"},"query-input":"required name=search_term_string"}],"inLanguage":"en-US"},{"@type":"ImageObject","inLanguage":"en-US","@id":"https:\/\/www.visit-ulcinj.com\/blog\/2009\/03\/07\/big-brother-albania-2-e-drejte-apo-e-gabuar\/#primaryimage","url":"http:\/\/www.visit-ulcinj.com\/blog\/wp-content\/uploads\/2009\/03\/per-adoptimin.jpg","contentUrl":"http:\/\/www.visit-ulcinj.com\/blog\/wp-content\/uploads\/2009\/03\/per-adoptimin.jpg"},{"@type":"WebPage","@id":"https:\/\/www.visit-ulcinj.com\/blog\/2009\/03\/07\/big-brother-albania-2-e-drejte-apo-e-gabuar\/#webpage","url":"https:\/\/www.visit-ulcinj.com\/blog\/2009\/03\/07\/big-brother-albania-2-e-drejte-apo-e-gabuar\/","name":"Big Brother Albania 2 : E drejt\u00c3\u00ab apo e gabuar?","isPartOf":{"@id":"https:\/\/www.visit-ulcinj.com\/blog\/#website"},"primaryImageOfPage":{"@id":"https:\/\/www.visit-ulcinj.com\/blog\/2009\/03\/07\/big-brother-albania-2-e-drejte-apo-e-gabuar\/#primaryimage"},"datePublished":"2009-03-07T13:53:55+00:00","dateModified":"2009-03-07T13:53:55+00:00","author":{"@id":"https:\/\/www.visit-ulcinj.com\/blog\/#\/schema\/person\/dcab619c614d3038751c63bc2aadc06d"},"description":"Big Brother Albania 2 - Banor\u00c3\u00abt hapin nj\u00c3\u00ab tem\u00c3\u00ab p\u00c3\u00abr t\u00c3\u00ab diskutuar q\u00c3\u00ab \u00c3\u00absht\u00c3\u00ab adoptimi i f\u00c3\u00abmij\u00c3\u00abve nga dy prind\u00c3\u00abr t\u00c3\u00ab t\u00c3\u00ab njejt\u00c3\u00abs gjini dhe a \u00c3\u00absht\u00c3\u00ab kjo e drejt\u00c3\u00ab apo e gabuar. Ata, gjat\u00c3\u00ab diskutimit ndahen n\u00c3\u00ab dy grupe.","breadcrumb":{"@id":"https:\/\/www.visit-ulcinj.com\/blog\/2009\/03\/07\/big-brother-albania-2-e-drejte-apo-e-gabuar\/#breadcrumb"},"inLanguage":"en-US","potentialAction":[{"@type":"ReadAction","target":["https:\/\/www.visit-ulcinj.com\/blog\/2009\/03\/07\/big-brother-albania-2-e-drejte-apo-e-gabuar\/"]}]},{"@type":"BreadcrumbList","@id":"https:\/\/www.visit-ulcinj.com\/blog\/2009\/03\/07\/big-brother-albania-2-e-drejte-apo-e-gabuar\/#breadcrumb","itemListElement":[{"@type":"ListItem","position":1,"name":"Big Brother Albania 2 : E drejt\u00eb apo e gabuar?"}]},{"@type":"Person","@id":"https:\/\/www.visit-ulcinj.com\/blog\/#\/schema\/person\/dcab619c614d3038751c63bc2aadc06d","name":"ulqini","sameAs":["http:\/\/www.visit-ulcinj.com"],"url":"https:\/\/www.visit-ulcinj.com\/blog\/author\/admin\/"}]}},"jetpack_featured_media_url":"","jetpack_sharing_enabled":true,"jetpack_shortlink":"https:\/\/wp.me\/pe6lTn-3qE","_links":{"self":[{"href":"https:\/\/www.visit-ulcinj.com\/blog\/wp-json\/wp\/v2\/posts\/13184"}],"collection":[{"href":"https:\/\/www.visit-ulcinj.com\/blog\/wp-json\/wp\/v2\/posts"}],"about":[{"href":"https:\/\/www.visit-ulcinj.com\/blog\/wp-json\/wp\/v2\/types\/post"}],"author":[{"embeddable":true,"href":"https:\/\/www.visit-ulcinj.com\/blog\/wp-json\/wp\/v2\/users\/1"}],"replies":[{"embeddable":true,"href":"https:\/\/www.visit-ulcinj.com\/blog\/wp-json\/wp\/v2\/comments?post=13184"}],"version-history":[{"count":0,"href":"https:\/\/www.visit-ulcinj.com\/blog\/wp-json\/wp\/v2\/posts\/13184\/revisions"}],"wp:attachment":[{"href":"https:\/\/www.visit-ulcinj.com\/blog\/wp-json\/wp\/v2\/media?parent=13184"}],"wp:term":[{"taxonomy":"category","embeddable":true,"href":"https:\/\/www.visit-ulcinj.com\/blog\/wp-json\/wp\/v2\/categories?post=13184"},{"taxonomy":"post_tag","embeddable":true,"href":"https:\/\/www.visit-ulcinj.com\/blog\/wp-json\/wp\/v2\/tags?post=13184"}],"curies":[{"name":"wp","href":"https:\/\/api.w.org\/{rel}","templated":true}]}}