{"id":13188,"date":"2009-03-07T14:57:17","date_gmt":"2009-03-07T13:57:17","guid":{"rendered":"http:\/\/www.visit-ulcinj.com\/blog\/?p=13188"},"modified":"2009-03-07T14:57:17","modified_gmt":"2009-03-07T13:57:17","slug":"aida-adelajda-do-te-nominohet","status":"publish","type":"post","link":"https:\/\/www.visit-ulcinj.com\/blog\/2009\/03\/07\/aida-adelajda-do-te-nominohet\/","title":{"rendered":"Aida: Adelajda do t\u00eb nominohet"},"content":{"rendered":"<p><em><span class=\"newsdate\"><a href=\"http:\/\/www.visit-ulcinj.com\/blog\/wp-content\/uploads\/2009\/03\/per-nominimet1.jpg\"><img loading=\"lazy\" class=\"alignleft size-full wp-image-13189\" title=\"per-nominimet-big-brother-albania-2\" src=\"http:\/\/www.visit-ulcinj.com\/blog\/wp-content\/uploads\/2009\/03\/per-nominimet1.jpg\" alt=\"per-nominimet-big-brother-albania-2\" width=\"300\" height=\"205\" \/><\/a>07\/03\/09 01:42<\/span><\/em><\/p>\n<p>Mesida diskuton me Aid\u00ebn dhe Lirit\u00ebn p\u00ebr emocionet q\u00eb t\u00eb pushtojn\u00eb dit\u00ebn e shtun\u00eb gjat\u00eb spektaklit. Ajo i thot\u00eb se ndihet kurioze se cfar\u00eb emocionesh do p\u00ebrjetoj\u00eb. Aida i thot\u00eb se n\u00ebse ndihet rehat n\u00eb sht\u00ebpi edhe pse mund t\u00eb ket\u00eb ngacmime t\u00eb vogla me t\u00eb tjer\u00ebt, at\u00ebher\u00eb ka p\u00ebr t\u00eb q\u00ebn\u00eb shum\u00eb n\u00eb siklet sepse nuk do dij\u00eb k\u00eb t\u00eb nominoj\u00eb. Mesida tregon se e ka t\u00eb v\u00ebshtir\u00eb t\u00eb gjej\u00eb argumente p\u00ebr t\u00eb cilat t\u00eb nominoj\u00eb ndonj\u00eb edhe pse e ka menduar gjat\u00eb gjith\u00eb jav\u00ebs dhe se \u00ebsht\u00eb munduar t\u2019i njoh\u00eb t\u00eb gjith\u00eb. Aida e pyet p\u00ebr personat t\u00eb cil\u00ebt nuk ka shum\u00eb bised\u00eb. Mesida i tregon p\u00ebr Bik\u00ebn e cila nuk i ka krijuar mund\u00ebsin\u00eb ta njoh\u00eb por Aida e k\u00ebshillon se ajo do nj\u00eb ose dy jav\u00eb q\u00eb t\u00eb hapet dhe shton se Bika \u00ebsht\u00eb njeri shum\u00eb i mir\u00eb. Mesida interesohet p\u00ebr m\u00ebnyr\u00ebn se si veprohet kur \u00ebsht\u00eb momenti i nominimeve dhe Aida ia spjegon. Lirita ka frik\u00eb se k\u00ebt\u00eb jav\u00eb mund t\u00eb jet\u00eb dhe ajo e nominuar dhe se nj\u00eb nd\u00ebr ata q\u00eb do ta nominoj\u00eb mund t\u00eb jet\u00eb Sori. Ajo pyet vajzat se cil\u00ebt persona mund t\u00eb nominohen k\u00ebt\u00eb jav\u00eb dhe Aida p\u00ebrgjigjet se ka p\u00ebrshtypjen se Adelajda do t\u00eb rikthehet pasi ka debatuar shum\u00eb me Sorin. Aida dhe Lirita bisedojn\u00eb me z\u00eb shum\u00eb t\u00eb ul\u00ebt me njera-tjetr\u00ebn lidhur me tem\u00ebn e nominimeve.<\/p>\n","protected":false},"excerpt":{"rendered":"<p>07\/03\/09 01:42 Mesida diskuton me Aid\u00ebn dhe Lirit\u00ebn p\u00ebr emocionet q\u00eb t\u00eb pushtojn\u00eb dit\u00ebn e shtun\u00eb gjat\u00eb spektaklit. Ajo i thot\u00eb se ndihet kurioze se cfar\u00eb emocionesh do p\u00ebrjetoj\u00eb. Aida i thot\u00eb se n\u00ebse ndihet rehat n\u00eb sht\u00ebpi edhe pse mund t\u00eb ket\u00eb ngacmime t\u00eb vogla me t\u00eb tjer\u00ebt, at\u00ebher\u00eb ka p\u00ebr t\u00eb q\u00ebn\u00eb shum\u00eb [&hellip;]<\/p>\n","protected":false},"author":1,"featured_media":0,"comment_status":"open","ping_status":"closed","sticky":false,"template":"","format":"standard","meta":{"spay_email":"","jetpack_publicize_message":"","jetpack_is_tweetstorm":false,"jetpack_publicize_feature_enabled":true},"categories":[6502],"tags":[6562,7598,6566,5057,6506,6516,6712,7129,6567,7365,6757,6891,6693,6887],"jetpack_publicize_connections":[],"yoast_head":"<!-- This site is optimized with the Yoast SEO plugin v19.1 - https:\/\/yoast.com\/wordpress\/plugins\/seo\/ -->\n<title>Aida: Adelajda do t\u00c3\u00ab nominohet | Big Brother Albania 2<\/title>\n<meta name=\"description\" content=\"Big Brother Albania 2 - Mesida diskuton me Aid\u00c3\u00abn dhe Lirit\u00c3\u00abn p\u00c3\u00abr emocionet q\u00c3\u00ab t\u00c3\u00ab pushtojn\u00c3\u00ab dit\u00c3\u00abn e shtun\u00c3\u00ab gjat\u00c3\u00ab spektakli.\" \/>\n<meta name=\"robots\" content=\"index, follow, max-snippet:-1, max-image-preview:large, max-video-preview:-1\" \/>\n<link rel=\"canonical\" href=\"https:\/\/www.visit-ulcinj.com\/blog\/2009\/03\/07\/aida-adelajda-do-te-nominohet\/\" \/>\n<meta property=\"og:locale\" content=\"en_US\" \/>\n<meta property=\"og:type\" content=\"article\" \/>\n<meta property=\"og:title\" content=\"Aida: Adelajda do t\u00c3\u00ab nominohet | Big Brother Albania 2\" \/>\n<meta property=\"og:description\" content=\"Big Brother Albania 2 - Mesida diskuton me Aid\u00c3\u00abn dhe Lirit\u00c3\u00abn p\u00c3\u00abr emocionet q\u00c3\u00ab t\u00c3\u00ab pushtojn\u00c3\u00ab dit\u00c3\u00abn e shtun\u00c3\u00ab gjat\u00c3\u00ab spektakli.\" \/>\n<meta property=\"og:url\" content=\"https:\/\/www.visit-ulcinj.com\/blog\/2009\/03\/07\/aida-adelajda-do-te-nominohet\/\" \/>\n<meta property=\"og:site_name\" content=\"Lajme nga Ulqini\" \/>\n<meta property=\"article:published_time\" content=\"2009-03-07T13:57:17+00:00\" \/>\n<meta property=\"og:image\" content=\"http:\/\/www.visit-ulcinj.com\/blog\/wp-content\/uploads\/2009\/03\/per-nominimet1.jpg\" \/>\n<meta name=\"twitter:label1\" content=\"Written by\" \/>\n\t<meta name=\"twitter:data1\" content=\"ulqini\" \/>\n\t<meta name=\"twitter:label2\" content=\"Est. reading time\" \/>\n\t<meta name=\"twitter:data2\" content=\"1 minute\" \/>\n<script type=\"application\/ld+json\" class=\"yoast-schema-graph\">{\"@context\":\"https:\/\/schema.org\",\"@graph\":[{\"@type\":\"WebSite\",\"@id\":\"https:\/\/www.visit-ulcinj.com\/blog\/#website\",\"url\":\"https:\/\/www.visit-ulcinj.com\/blog\/\",\"name\":\"Lajme nga Ulqini\",\"description\":\"Lajme,Vijesti,Ulqini,Ulqin,Crna Gora,Mali i Zi\",\"potentialAction\":[{\"@type\":\"SearchAction\",\"target\":{\"@type\":\"EntryPoint\",\"urlTemplate\":\"https:\/\/www.visit-ulcinj.com\/blog\/?s={search_term_string}\"},\"query-input\":\"required name=search_term_string\"}],\"inLanguage\":\"en-US\"},{\"@type\":\"ImageObject\",\"inLanguage\":\"en-US\",\"@id\":\"https:\/\/www.visit-ulcinj.com\/blog\/2009\/03\/07\/aida-adelajda-do-te-nominohet\/#primaryimage\",\"url\":\"http:\/\/www.visit-ulcinj.com\/blog\/wp-content\/uploads\/2009\/03\/per-nominimet1.jpg\",\"contentUrl\":\"http:\/\/www.visit-ulcinj.com\/blog\/wp-content\/uploads\/2009\/03\/per-nominimet1.jpg\"},{\"@type\":\"WebPage\",\"@id\":\"https:\/\/www.visit-ulcinj.com\/blog\/2009\/03\/07\/aida-adelajda-do-te-nominohet\/#webpage\",\"url\":\"https:\/\/www.visit-ulcinj.com\/blog\/2009\/03\/07\/aida-adelajda-do-te-nominohet\/\",\"name\":\"Aida: Adelajda do t\u00c3\u00ab nominohet | Big Brother Albania 2\",\"isPartOf\":{\"@id\":\"https:\/\/www.visit-ulcinj.com\/blog\/#website\"},\"primaryImageOfPage\":{\"@id\":\"https:\/\/www.visit-ulcinj.com\/blog\/2009\/03\/07\/aida-adelajda-do-te-nominohet\/#primaryimage\"},\"datePublished\":\"2009-03-07T13:57:17+00:00\",\"dateModified\":\"2009-03-07T13:57:17+00:00\",\"author\":{\"@id\":\"https:\/\/www.visit-ulcinj.com\/blog\/#\/schema\/person\/dcab619c614d3038751c63bc2aadc06d\"},\"description\":\"Big Brother Albania 2 - Mesida diskuton me Aid\u00c3\u00abn dhe Lirit\u00c3\u00abn p\u00c3\u00abr emocionet q\u00c3\u00ab t\u00c3\u00ab pushtojn\u00c3\u00ab dit\u00c3\u00abn e shtun\u00c3\u00ab gjat\u00c3\u00ab spektakli.\",\"breadcrumb\":{\"@id\":\"https:\/\/www.visit-ulcinj.com\/blog\/2009\/03\/07\/aida-adelajda-do-te-nominohet\/#breadcrumb\"},\"inLanguage\":\"en-US\",\"potentialAction\":[{\"@type\":\"ReadAction\",\"target\":[\"https:\/\/www.visit-ulcinj.com\/blog\/2009\/03\/07\/aida-adelajda-do-te-nominohet\/\"]}]},{\"@type\":\"BreadcrumbList\",\"@id\":\"https:\/\/www.visit-ulcinj.com\/blog\/2009\/03\/07\/aida-adelajda-do-te-nominohet\/#breadcrumb\",\"itemListElement\":[{\"@type\":\"ListItem\",\"position\":1,\"name\":\"Aida: Adelajda do t\u00eb nominohet\"}]},{\"@type\":\"Person\",\"@id\":\"https:\/\/www.visit-ulcinj.com\/blog\/#\/schema\/person\/dcab619c614d3038751c63bc2aadc06d\",\"name\":\"ulqini\",\"sameAs\":[\"http:\/\/www.visit-ulcinj.com\"],\"url\":\"https:\/\/www.visit-ulcinj.com\/blog\/author\/admin\/\"}]}<\/script>\n<!-- \/ Yoast SEO plugin. -->","yoast_head_json":{"title":"Aida: Adelajda do t\u00c3\u00ab nominohet | Big Brother Albania 2","description":"Big Brother Albania 2 - Mesida diskuton me Aid\u00c3\u00abn dhe Lirit\u00c3\u00abn p\u00c3\u00abr emocionet q\u00c3\u00ab t\u00c3\u00ab pushtojn\u00c3\u00ab dit\u00c3\u00abn e shtun\u00c3\u00ab gjat\u00c3\u00ab spektakli.","robots":{"index":"index","follow":"follow","max-snippet":"max-snippet:-1","max-image-preview":"max-image-preview:large","max-video-preview":"max-video-preview:-1"},"canonical":"https:\/\/www.visit-ulcinj.com\/blog\/2009\/03\/07\/aida-adelajda-do-te-nominohet\/","og_locale":"en_US","og_type":"article","og_title":"Aida: Adelajda do t\u00c3\u00ab nominohet | Big Brother Albania 2","og_description":"Big Brother Albania 2 - Mesida diskuton me Aid\u00c3\u00abn dhe Lirit\u00c3\u00abn p\u00c3\u00abr emocionet q\u00c3\u00ab t\u00c3\u00ab pushtojn\u00c3\u00ab dit\u00c3\u00abn e shtun\u00c3\u00ab gjat\u00c3\u00ab spektakli.","og_url":"https:\/\/www.visit-ulcinj.com\/blog\/2009\/03\/07\/aida-adelajda-do-te-nominohet\/","og_site_name":"Lajme nga Ulqini","article_published_time":"2009-03-07T13:57:17+00:00","og_image":[{"url":"http:\/\/www.visit-ulcinj.com\/blog\/wp-content\/uploads\/2009\/03\/per-nominimet1.jpg"}],"twitter_misc":{"Written by":"ulqini","Est. reading time":"1 minute"},"schema":{"@context":"https:\/\/schema.org","@graph":[{"@type":"WebSite","@id":"https:\/\/www.visit-ulcinj.com\/blog\/#website","url":"https:\/\/www.visit-ulcinj.com\/blog\/","name":"Lajme nga Ulqini","description":"Lajme,Vijesti,Ulqini,Ulqin,Crna Gora,Mali i Zi","potentialAction":[{"@type":"SearchAction","target":{"@type":"EntryPoint","urlTemplate":"https:\/\/www.visit-ulcinj.com\/blog\/?s={search_term_string}"},"query-input":"required name=search_term_string"}],"inLanguage":"en-US"},{"@type":"ImageObject","inLanguage":"en-US","@id":"https:\/\/www.visit-ulcinj.com\/blog\/2009\/03\/07\/aida-adelajda-do-te-nominohet\/#primaryimage","url":"http:\/\/www.visit-ulcinj.com\/blog\/wp-content\/uploads\/2009\/03\/per-nominimet1.jpg","contentUrl":"http:\/\/www.visit-ulcinj.com\/blog\/wp-content\/uploads\/2009\/03\/per-nominimet1.jpg"},{"@type":"WebPage","@id":"https:\/\/www.visit-ulcinj.com\/blog\/2009\/03\/07\/aida-adelajda-do-te-nominohet\/#webpage","url":"https:\/\/www.visit-ulcinj.com\/blog\/2009\/03\/07\/aida-adelajda-do-te-nominohet\/","name":"Aida: Adelajda do t\u00c3\u00ab nominohet | Big Brother Albania 2","isPartOf":{"@id":"https:\/\/www.visit-ulcinj.com\/blog\/#website"},"primaryImageOfPage":{"@id":"https:\/\/www.visit-ulcinj.com\/blog\/2009\/03\/07\/aida-adelajda-do-te-nominohet\/#primaryimage"},"datePublished":"2009-03-07T13:57:17+00:00","dateModified":"2009-03-07T13:57:17+00:00","author":{"@id":"https:\/\/www.visit-ulcinj.com\/blog\/#\/schema\/person\/dcab619c614d3038751c63bc2aadc06d"},"description":"Big Brother Albania 2 - Mesida diskuton me Aid\u00c3\u00abn dhe Lirit\u00c3\u00abn p\u00c3\u00abr emocionet q\u00c3\u00ab t\u00c3\u00ab pushtojn\u00c3\u00ab dit\u00c3\u00abn e shtun\u00c3\u00ab gjat\u00c3\u00ab spektakli.","breadcrumb":{"@id":"https:\/\/www.visit-ulcinj.com\/blog\/2009\/03\/07\/aida-adelajda-do-te-nominohet\/#breadcrumb"},"inLanguage":"en-US","potentialAction":[{"@type":"ReadAction","target":["https:\/\/www.visit-ulcinj.com\/blog\/2009\/03\/07\/aida-adelajda-do-te-nominohet\/"]}]},{"@type":"BreadcrumbList","@id":"https:\/\/www.visit-ulcinj.com\/blog\/2009\/03\/07\/aida-adelajda-do-te-nominohet\/#breadcrumb","itemListElement":[{"@type":"ListItem","position":1,"name":"Aida: Adelajda do t\u00eb nominohet"}]},{"@type":"Person","@id":"https:\/\/www.visit-ulcinj.com\/blog\/#\/schema\/person\/dcab619c614d3038751c63bc2aadc06d","name":"ulqini","sameAs":["http:\/\/www.visit-ulcinj.com"],"url":"https:\/\/www.visit-ulcinj.com\/blog\/author\/admin\/"}]}},"jetpack_featured_media_url":"","jetpack_sharing_enabled":true,"jetpack_shortlink":"https:\/\/wp.me\/pe6lTn-3qI","_links":{"self":[{"href":"https:\/\/www.visit-ulcinj.com\/blog\/wp-json\/wp\/v2\/posts\/13188"}],"collection":[{"href":"https:\/\/www.visit-ulcinj.com\/blog\/wp-json\/wp\/v2\/posts"}],"about":[{"href":"https:\/\/www.visit-ulcinj.com\/blog\/wp-json\/wp\/v2\/types\/post"}],"author":[{"embeddable":true,"href":"https:\/\/www.visit-ulcinj.com\/blog\/wp-json\/wp\/v2\/users\/1"}],"replies":[{"embeddable":true,"href":"https:\/\/www.visit-ulcinj.com\/blog\/wp-json\/wp\/v2\/comments?post=13188"}],"version-history":[{"count":0,"href":"https:\/\/www.visit-ulcinj.com\/blog\/wp-json\/wp\/v2\/posts\/13188\/revisions"}],"wp:attachment":[{"href":"https:\/\/www.visit-ulcinj.com\/blog\/wp-json\/wp\/v2\/media?parent=13188"}],"wp:term":[{"taxonomy":"category","embeddable":true,"href":"https:\/\/www.visit-ulcinj.com\/blog\/wp-json\/wp\/v2\/categories?post=13188"},{"taxonomy":"post_tag","embeddable":true,"href":"https:\/\/www.visit-ulcinj.com\/blog\/wp-json\/wp\/v2\/tags?post=13188"}],"curies":[{"name":"wp","href":"https:\/\/api.w.org\/{rel}","templated":true}]}}