{"id":13200,"date":"2009-03-07T16:28:22","date_gmt":"2009-03-07T15:28:22","guid":{"rendered":"http:\/\/www.visit-ulcinj.com\/blog\/?p=13200"},"modified":"2009-03-07T18:31:08","modified_gmt":"2009-03-07T17:31:08","slug":"ekspozita-e-fotografise-2009","status":"publish","type":"post","link":"https:\/\/www.visit-ulcinj.com\/blog\/2009\/03\/07\/ekspozita-e-fotografise-2009\/","title":{"rendered":"Forca Rinore Ulqin: Ekspozita e fotografis\u00eb 2009"},"content":{"rendered":"<p><a href=\"http:\/\/www.visit-ulcinj.com\/blog\/wp-content\/uploads\/2009\/03\/konkursi-ne-fokusin-e-te-rinjve-4_ali-zhygjelifis-dobrecidrita-buzukugezim-mavriqisrdan-drobnjak.jpg\"><img loading=\"lazy\" class=\"alignleft size-full wp-image-13201\" title=\"konkursi-ne-fokusin-e-te-rinjve-4_ali-zhygjelifis-dobrecidrita-buzukugezim-mavriqisrdan-drobnjak\" src=\"http:\/\/www.visit-ulcinj.com\/blog\/wp-content\/uploads\/2009\/03\/konkursi-ne-fokusin-e-te-rinjve-4_ali-zhygjelifis-dobrecidrita-buzukugezim-mavriqisrdan-drobnjak.jpg\" alt=\"konkursi-ne-fokusin-e-te-rinjve-4_ali-zhygjelifis-dobrecidrita-buzukugezim-mavriqisrdan-drobnjak\" width=\"570\" height=\"334\" \/><\/a>Mbr\u00ebm\u00eb ne sall\u00ebn e qendr\u00ebs p\u00ebr Kultur\u00eb n\u00eb Ulqin u mbajt ekspozita e fotografis\u00eb \u201cN\u00eb fokusin e te rinjve 4\u201d t\u00eb organizuar nga Forca Rinore.<br \/>\nKy eveniment i cili tesh kat\u00ebr vite me radh\u00eb organizohet nga Forca rinore shnd\u00ebrroi n\u00eb nj\u00eb ngjarje t\u00eb r\u00ebnd\u00ebsishme kulturore artistike. D\u00ebshmi e k\u00ebsaj \u00ebsht\u00eb pjes\u00ebmarrja e madhe e t\u00eb rinjve si pjes\u00ebmarr\u00ebs direkt n\u00eb konkurs por edhe n\u00eb prezence t\u00eb madhe n\u00eb ekspozita.<br \/>\nT\u00eb pranish\u00ebmve u drejtuan Genci Nimanbegu n\u00ebnkryetar\u00eb i Forc\u00ebs s\u00eb Re Demokratike dhe bart\u00ebsi i List\u00ebs FORCA \u2013 Nazif Cungu\u00a0 n\u00eb zgjedhjet parlamentare 2009.<\/p>\n<p>Mbr\u00ebm\u00eb u ekspozuan rreth 80 fotografi t\u00eb cilat hyn\u00eb n\u00eb p\u00ebrzgjedhje te ngusht\u00eb nga juria profesioniste.<\/p>\n<p>N\u00eb kategorin\u00eb e fotografis\u00eb Analoge \/Digjitale<br \/>\n\u00c7mimin e par\u00eb 300 eur. e morri Ali Zhygjeli<br \/>\n\u00c7mimin e dyt\u00eb 200 eur. Fis Dobreci<br \/>\n\u00c7mimin e tret\u00eb 100 eur. Drita Buzuku<\/p>\n<p>N\u00eb kategorin\u00eb e fotomontazhit fotografia m\u00eb emir\u00eb i zgjodh fotografia e G\u00ebzim Mavriqit p\u00ebr t\u00eb cil\u00ebn fitoi shp\u00ebrblim 100 eur.<br \/>\n\u00c7mimi i Kategoris\u00eb MMS i takoi Srgjan Drobnjak<br \/>\nKjo ishte ekspozita e par\u00eb. Tjetra do t\u00ebmbahet me 8 mars n\u00eb Ostros.<\/p>\n<p><strong>Sh\u00ebrbimi informativ i Forc\u00ebs<\/strong><\/p>\n<p><strong>Kto Fotografi jan Eskluzivitet i web sajtit <a href=\"http:\/\/www.ulqini.de\/shqip.htm\" target=\"_blank\">www.ulqini.de<\/a><br \/>\n<\/strong><\/p>\n<p><strong>\n\t\t<style type=\"text\/css\">\n\t\t\t#gallery-1 {\n\t\t\t\tmargin: auto;\n\t\t\t}\n\t\t\t#gallery-1 .gallery-item {\n\t\t\t\tfloat: left;\n\t\t\t\tmargin-top: 10px;\n\t\t\t\ttext-align: center;\n\t\t\t\twidth: 33%;\n\t\t\t}\n\t\t\t#gallery-1 img {\n\t\t\t\tborder: 2px solid #cfcfcf;\n\t\t\t}\n\t\t\t#gallery-1 .gallery-caption {\n\t\t\t\tmargin-left: 0;\n\t\t\t}\n\t\t\t\/* see gallery_shortcode() in wp-includes\/media.php *\/\n\t\t<\/style>\n\t\t<div id='gallery-1' class='gallery galleryid-13200 gallery-columns-3 gallery-size-thumbnail'><dl class='gallery-item'>\n\t\t\t<dt class='gallery-icon landscape'>\n\t\t\t\t<a href='https:\/\/www.visit-ulcinj.com\/blog\/2009\/03\/07\/ekspozita-e-fotografise-2009\/konkurs-fotografije-u-fokusu-mladih-4_-omladina-force\/'><img width=\"150\" height=\"150\" src=\"https:\/\/www.visit-ulcinj.com\/blog\/wp-content\/uploads\/2009\/03\/konkurs-fotografije-u-fokusu-mladih-4_-omladina-force-150x150.png\" class=\"attachment-thumbnail size-thumbnail\" alt=\"\" loading=\"lazy\" \/><\/a>\n\t\t\t<\/dt><\/dl><dl class='gallery-item'>\n\t\t\t<dt class='gallery-icon landscape'>\n\t\t\t\t<a href='https:\/\/www.visit-ulcinj.com\/blog\/2009\/03\/07\/ekspozita-e-fotografise-2009\/konkursi-i-fotografis-ne-fokusin-e-te-rinjve-4_forca-rinore\/'><img width=\"150\" height=\"150\" src=\"https:\/\/www.visit-ulcinj.com\/blog\/wp-content\/uploads\/2009\/03\/konkursi-i-fotografis-ne-fokusin-e-te-rinjve-4_forca-rinore-150x150.png\" class=\"attachment-thumbnail size-thumbnail\" alt=\"\" loading=\"lazy\" \/><\/a>\n\t\t\t<\/dt><\/dl><dl class='gallery-item'>\n\t\t\t<dt class='gallery-icon landscape'>\n\t\t\t\t<a href='https:\/\/www.visit-ulcinj.com\/blog\/2009\/03\/07\/ekspozita-e-fotografise-2009\/ekspozita-e-fotografise-_ne-fokusin-e-te-rinjve-4_ulqin-20091\/'><img width=\"150\" height=\"150\" src=\"https:\/\/www.visit-ulcinj.com\/blog\/wp-content\/uploads\/2009\/03\/ekspozita-e-fotografise-_ne-fokusin-e-te-rinjve-4_ulqin-20091-150x150.jpg\" class=\"attachment-thumbnail size-thumbnail\" alt=\"\" loading=\"lazy\" \/><\/a>\n\t\t\t<\/dt><\/dl><br style=\"clear: both\" \/><dl class='gallery-item'>\n\t\t\t<dt class='gallery-icon landscape'>\n\t\t\t\t<a href='https:\/\/www.visit-ulcinj.com\/blog\/2009\/03\/07\/ekspozita-e-fotografise-2009\/ekspozita-e-fotografise-_ne-fokusin-e-te-rinjve-4_ulqin-20092\/'><img width=\"150\" height=\"150\" src=\"https:\/\/www.visit-ulcinj.com\/blog\/wp-content\/uploads\/2009\/03\/ekspozita-e-fotografise-_ne-fokusin-e-te-rinjve-4_ulqin-20092-150x150.jpg\" class=\"attachment-thumbnail size-thumbnail\" alt=\"\" loading=\"lazy\" \/><\/a>\n\t\t\t<\/dt><\/dl><dl class='gallery-item'>\n\t\t\t<dt class='gallery-icon landscape'>\n\t\t\t\t<a href='https:\/\/www.visit-ulcinj.com\/blog\/2009\/03\/07\/ekspozita-e-fotografise-2009\/ekspozita-e-fotografise-_ne-fokusin-e-te-rinjve-4_ulqin-20093\/'><img width=\"150\" height=\"150\" src=\"https:\/\/www.visit-ulcinj.com\/blog\/wp-content\/uploads\/2009\/03\/ekspozita-e-fotografise-_ne-fokusin-e-te-rinjve-4_ulqin-20093-150x150.jpg\" class=\"attachment-thumbnail size-thumbnail\" alt=\"\" loading=\"lazy\" \/><\/a>\n\t\t\t<\/dt><\/dl><dl class='gallery-item'>\n\t\t\t<dt class='gallery-icon landscape'>\n\t\t\t\t<a href='https:\/\/www.visit-ulcinj.com\/blog\/2009\/03\/07\/ekspozita-e-fotografise-2009\/ekspozita-e-fotografise-_ne-fokusin-e-te-rinjve-4_ulqin-20094\/'><img width=\"150\" height=\"150\" src=\"https:\/\/www.visit-ulcinj.com\/blog\/wp-content\/uploads\/2009\/03\/ekspozita-e-fotografise-_ne-fokusin-e-te-rinjve-4_ulqin-20094-150x150.jpg\" class=\"attachment-thumbnail size-thumbnail\" alt=\"\" loading=\"lazy\" \/><\/a>\n\t\t\t<\/dt><\/dl><br style=\"clear: both\" \/><dl class='gallery-item'>\n\t\t\t<dt class='gallery-icon landscape'>\n\t\t\t\t<a href='https:\/\/www.visit-ulcinj.com\/blog\/2009\/03\/07\/ekspozita-e-fotografise-2009\/ekspozita-e-fotografise-_ne-fokusin-e-te-rinjve-4_ulqin-20095\/'><img width=\"150\" height=\"150\" src=\"https:\/\/www.visit-ulcinj.com\/blog\/wp-content\/uploads\/2009\/03\/ekspozita-e-fotografise-_ne-fokusin-e-te-rinjve-4_ulqin-20095-150x150.jpg\" class=\"attachment-thumbnail size-thumbnail\" alt=\"\" loading=\"lazy\" \/><\/a>\n\t\t\t<\/dt><\/dl><dl class='gallery-item'>\n\t\t\t<dt class='gallery-icon landscape'>\n\t\t\t\t<a href='https:\/\/www.visit-ulcinj.com\/blog\/2009\/03\/07\/ekspozita-e-fotografise-2009\/ekspozita-e-fotografise-_ne-fokusin-e-te-rinjve-4_ulqin-20096\/'><img width=\"150\" height=\"150\" src=\"https:\/\/www.visit-ulcinj.com\/blog\/wp-content\/uploads\/2009\/03\/ekspozita-e-fotografise-_ne-fokusin-e-te-rinjve-4_ulqin-20096-150x150.jpg\" class=\"attachment-thumbnail size-thumbnail\" alt=\"\" loading=\"lazy\" \/><\/a>\n\t\t\t<\/dt><\/dl><dl class='gallery-item'>\n\t\t\t<dt class='gallery-icon landscape'>\n\t\t\t\t<a href='https:\/\/www.visit-ulcinj.com\/blog\/2009\/03\/07\/ekspozita-e-fotografise-2009\/ekspozita-e-fotografise-_ne-fokusin-e-te-rinjve-4_ulqin-20097\/'><img width=\"150\" height=\"150\" src=\"https:\/\/www.visit-ulcinj.com\/blog\/wp-content\/uploads\/2009\/03\/ekspozita-e-fotografise-_ne-fokusin-e-te-rinjve-4_ulqin-20097-150x150.jpg\" class=\"attachment-thumbnail size-thumbnail\" alt=\"\" loading=\"lazy\" \/><\/a>\n\t\t\t<\/dt><\/dl><br style=\"clear: both\" \/><dl class='gallery-item'>\n\t\t\t<dt class='gallery-icon portrait'>\n\t\t\t\t<a href='https:\/\/www.visit-ulcinj.com\/blog\/2009\/03\/07\/ekspozita-e-fotografise-2009\/ekspozita-e-fotografise-_ne-fokusin-e-te-rinjve-4_ulqin-20098\/'><img width=\"150\" height=\"150\" src=\"https:\/\/www.visit-ulcinj.com\/blog\/wp-content\/uploads\/2009\/03\/ekspozita-e-fotografise-_ne-fokusin-e-te-rinjve-4_ulqin-20098-150x150.jpg\" class=\"attachment-thumbnail size-thumbnail\" alt=\"\" loading=\"lazy\" \/><\/a>\n\t\t\t<\/dt><\/dl><dl class='gallery-item'>\n\t\t\t<dt class='gallery-icon portrait'>\n\t\t\t\t<a href='https:\/\/www.visit-ulcinj.com\/blog\/2009\/03\/07\/ekspozita-e-fotografise-2009\/ekspozita-e-fotografise-_ne-fokusin-e-te-rinjve-4_ulqin-20099\/'><img width=\"150\" height=\"150\" src=\"https:\/\/www.visit-ulcinj.com\/blog\/wp-content\/uploads\/2009\/03\/ekspozita-e-fotografise-_ne-fokusin-e-te-rinjve-4_ulqin-20099-150x150.jpg\" class=\"attachment-thumbnail size-thumbnail\" alt=\"\" loading=\"lazy\" \/><\/a>\n\t\t\t<\/dt><\/dl><dl class='gallery-item'>\n\t\t\t<dt class='gallery-icon landscape'>\n\t\t\t\t<a href='https:\/\/www.visit-ulcinj.com\/blog\/2009\/03\/07\/ekspozita-e-fotografise-2009\/ekspozita-e-fotografise-_ne-fokusin-e-te-rinjve-4_ulqin-200910\/'><img width=\"150\" height=\"150\" src=\"https:\/\/www.visit-ulcinj.com\/blog\/wp-content\/uploads\/2009\/03\/ekspozita-e-fotografise-_ne-fokusin-e-te-rinjve-4_ulqin-200910-150x150.jpg\" class=\"attachment-thumbnail size-thumbnail\" alt=\"\" loading=\"lazy\" \/><\/a>\n\t\t\t<\/dt><\/dl><br style=\"clear: both\" \/><dl class='gallery-item'>\n\t\t\t<dt class='gallery-icon landscape'>\n\t\t\t\t<a href='https:\/\/www.visit-ulcinj.com\/blog\/2009\/03\/07\/ekspozita-e-fotografise-2009\/ekspozita-e-fotografise-_ne-fokusin-e-te-rinjve-4_ulqin-200911\/'><img width=\"150\" height=\"150\" src=\"https:\/\/www.visit-ulcinj.com\/blog\/wp-content\/uploads\/2009\/03\/ekspozita-e-fotografise-_ne-fokusin-e-te-rinjve-4_ulqin-200911-150x150.jpg\" class=\"attachment-thumbnail size-thumbnail\" alt=\"\" loading=\"lazy\" \/><\/a>\n\t\t\t<\/dt><\/dl><dl class='gallery-item'>\n\t\t\t<dt class='gallery-icon landscape'>\n\t\t\t\t<a href='https:\/\/www.visit-ulcinj.com\/blog\/2009\/03\/07\/ekspozita-e-fotografise-2009\/ekspozita-e-fotografise-_ne-fokusin-e-te-rinjve-4_ulqin-200912\/'><img width=\"150\" height=\"150\" src=\"https:\/\/www.visit-ulcinj.com\/blog\/wp-content\/uploads\/2009\/03\/ekspozita-e-fotografise-_ne-fokusin-e-te-rinjve-4_ulqin-200912-150x150.jpg\" class=\"attachment-thumbnail size-thumbnail\" alt=\"\" loading=\"lazy\" \/><\/a>\n\t\t\t<\/dt><\/dl><dl class='gallery-item'>\n\t\t\t<dt class='gallery-icon portrait'>\n\t\t\t\t<a href='https:\/\/www.visit-ulcinj.com\/blog\/2009\/03\/07\/ekspozita-e-fotografise-2009\/ekspozita-e-fotografise-_ne-fokusin-e-te-rinjve-4_ulqin-200913\/'><img width=\"150\" height=\"150\" src=\"https:\/\/www.visit-ulcinj.com\/blog\/wp-content\/uploads\/2009\/03\/ekspozita-e-fotografise-_ne-fokusin-e-te-rinjve-4_ulqin-200913-150x150.jpg\" class=\"attachment-thumbnail size-thumbnail\" alt=\"\" loading=\"lazy\" \/><\/a>\n\t\t\t<\/dt><\/dl><br style=\"clear: both\" \/><dl class='gallery-item'>\n\t\t\t<dt class='gallery-icon portrait'>\n\t\t\t\t<a href='https:\/\/www.visit-ulcinj.com\/blog\/2009\/03\/07\/ekspozita-e-fotografise-2009\/ekspozita-e-fotografise-_ne-fokusin-e-te-rinjve-4_ulqin-200914\/'><img width=\"150\" height=\"150\" src=\"https:\/\/www.visit-ulcinj.com\/blog\/wp-content\/uploads\/2009\/03\/ekspozita-e-fotografise-_ne-fokusin-e-te-rinjve-4_ulqin-200914-150x150.jpg\" class=\"attachment-thumbnail size-thumbnail\" alt=\"\" loading=\"lazy\" \/><\/a>\n\t\t\t<\/dt><\/dl><dl class='gallery-item'>\n\t\t\t<dt class='gallery-icon portrait'>\n\t\t\t\t<a href='https:\/\/www.visit-ulcinj.com\/blog\/2009\/03\/07\/ekspozita-e-fotografise-2009\/ekspozita-e-fotografise-_ne-fokusin-e-te-rinjve-4_ulqin-200915\/'><img width=\"150\" height=\"150\" src=\"https:\/\/www.visit-ulcinj.com\/blog\/wp-content\/uploads\/2009\/03\/ekspozita-e-fotografise-_ne-fokusin-e-te-rinjve-4_ulqin-200915-150x150.jpg\" class=\"attachment-thumbnail size-thumbnail\" alt=\"\" loading=\"lazy\" \/><\/a>\n\t\t\t<\/dt><\/dl><dl class='gallery-item'>\n\t\t\t<dt class='gallery-icon landscape'>\n\t\t\t\t<a href='https:\/\/www.visit-ulcinj.com\/blog\/2009\/03\/07\/ekspozita-e-fotografise-2009\/ekspozita-e-fotografise-_ne-fokusin-e-te-rinjve-4_ulqin-200916\/'><img width=\"150\" height=\"150\" src=\"https:\/\/www.visit-ulcinj.com\/blog\/wp-content\/uploads\/2009\/03\/ekspozita-e-fotografise-_ne-fokusin-e-te-rinjve-4_ulqin-200916-150x150.jpg\" class=\"attachment-thumbnail size-thumbnail\" alt=\"\" loading=\"lazy\" \/><\/a>\n\t\t\t<\/dt><\/dl><br style=\"clear: both\" \/><dl class='gallery-item'>\n\t\t\t<dt class='gallery-icon landscape'>\n\t\t\t\t<a href='https:\/\/www.visit-ulcinj.com\/blog\/2009\/03\/07\/ekspozita-e-fotografise-2009\/ekspozita-e-fotografise-_ne-fokusin-e-te-rinjve-4_ulqin-200917\/'><img width=\"150\" height=\"150\" src=\"https:\/\/www.visit-ulcinj.com\/blog\/wp-content\/uploads\/2009\/03\/ekspozita-e-fotografise-_ne-fokusin-e-te-rinjve-4_ulqin-200917-150x150.jpg\" class=\"attachment-thumbnail size-thumbnail\" alt=\"\" loading=\"lazy\" \/><\/a>\n\t\t\t<\/dt><\/dl><dl class='gallery-item'>\n\t\t\t<dt class='gallery-icon landscape'>\n\t\t\t\t<a href='https:\/\/www.visit-ulcinj.com\/blog\/2009\/03\/07\/ekspozita-e-fotografise-2009\/ekspozita-e-fotografise-_ne-fokusin-e-te-rinjve-4_ulqin-200918\/'><img width=\"150\" height=\"150\" src=\"https:\/\/www.visit-ulcinj.com\/blog\/wp-content\/uploads\/2009\/03\/ekspozita-e-fotografise-_ne-fokusin-e-te-rinjve-4_ulqin-200918-150x150.jpg\" class=\"attachment-thumbnail size-thumbnail\" alt=\"\" loading=\"lazy\" \/><\/a>\n\t\t\t<\/dt><\/dl><dl class='gallery-item'>\n\t\t\t<dt class='gallery-icon landscape'>\n\t\t\t\t<a href='https:\/\/www.visit-ulcinj.com\/blog\/2009\/03\/07\/ekspozita-e-fotografise-2009\/ekspozita-e-fotografise-_ne-fokusin-e-te-rinjve-4_ulqin-200919\/'><img width=\"150\" height=\"150\" src=\"https:\/\/www.visit-ulcinj.com\/blog\/wp-content\/uploads\/2009\/03\/ekspozita-e-fotografise-_ne-fokusin-e-te-rinjve-4_ulqin-200919-150x150.jpg\" class=\"attachment-thumbnail size-thumbnail\" alt=\"\" loading=\"lazy\" \/><\/a>\n\t\t\t<\/dt><\/dl><br style=\"clear: both\" \/><dl class='gallery-item'>\n\t\t\t<dt class='gallery-icon landscape'>\n\t\t\t\t<a href='https:\/\/www.visit-ulcinj.com\/blog\/2009\/03\/07\/ekspozita-e-fotografise-2009\/ekspozita-e-fotografise-_ne-fokusin-e-te-rinjve-4_ulqin-200920\/'><img width=\"150\" height=\"150\" src=\"https:\/\/www.visit-ulcinj.com\/blog\/wp-content\/uploads\/2009\/03\/ekspozita-e-fotografise-_ne-fokusin-e-te-rinjve-4_ulqin-200920-150x150.jpg\" class=\"attachment-thumbnail size-thumbnail\" alt=\"\" loading=\"lazy\" \/><\/a>\n\t\t\t<\/dt><\/dl><dl class='gallery-item'>\n\t\t\t<dt class='gallery-icon landscape'>\n\t\t\t\t<a href='https:\/\/www.visit-ulcinj.com\/blog\/2009\/03\/07\/ekspozita-e-fotografise-2009\/ekspozita-e-fotografise-_ne-fokusin-e-te-rinjve-4_ulqin-200921\/'><img width=\"150\" height=\"150\" src=\"https:\/\/www.visit-ulcinj.com\/blog\/wp-content\/uploads\/2009\/03\/ekspozita-e-fotografise-_ne-fokusin-e-te-rinjve-4_ulqin-200921-150x150.jpg\" class=\"attachment-thumbnail size-thumbnail\" alt=\"\" loading=\"lazy\" \/><\/a>\n\t\t\t<\/dt><\/dl><dl class='gallery-item'>\n\t\t\t<dt class='gallery-icon landscape'>\n\t\t\t\t<a href='https:\/\/www.visit-ulcinj.com\/blog\/2009\/03\/07\/ekspozita-e-fotografise-2009\/ekspozita-e-fotografise-_ne-fokusin-e-te-rinjve-4_ulqin-200922\/'><img width=\"150\" height=\"150\" src=\"https:\/\/www.visit-ulcinj.com\/blog\/wp-content\/uploads\/2009\/03\/ekspozita-e-fotografise-_ne-fokusin-e-te-rinjve-4_ulqin-200922-150x150.jpg\" class=\"attachment-thumbnail size-thumbnail\" alt=\"\" loading=\"lazy\" \/><\/a>\n\t\t\t<\/dt><\/dl><br style=\"clear: both\" \/><dl class='gallery-item'>\n\t\t\t<dt class='gallery-icon landscape'>\n\t\t\t\t<a href='https:\/\/www.visit-ulcinj.com\/blog\/2009\/03\/07\/ekspozita-e-fotografise-2009\/ekspozita-e-fotografise-_ne-fokusin-e-te-rinjve-4_ulqin-200923\/'><img width=\"150\" height=\"150\" src=\"https:\/\/www.visit-ulcinj.com\/blog\/wp-content\/uploads\/2009\/03\/ekspozita-e-fotografise-_ne-fokusin-e-te-rinjve-4_ulqin-200923-150x150.jpg\" class=\"attachment-thumbnail size-thumbnail\" alt=\"\" loading=\"lazy\" \/><\/a>\n\t\t\t<\/dt><\/dl><dl class='gallery-item'>\n\t\t\t<dt class='gallery-icon landscape'>\n\t\t\t\t<a href='https:\/\/www.visit-ulcinj.com\/blog\/2009\/03\/07\/ekspozita-e-fotografise-2009\/ekspozita-e-fotografise-_ne-fokusin-e-te-rinjve-4_ulqin-200924\/'><img width=\"150\" height=\"150\" src=\"https:\/\/www.visit-ulcinj.com\/blog\/wp-content\/uploads\/2009\/03\/ekspozita-e-fotografise-_ne-fokusin-e-te-rinjve-4_ulqin-200924-150x150.jpg\" class=\"attachment-thumbnail size-thumbnail\" alt=\"\" loading=\"lazy\" \/><\/a>\n\t\t\t<\/dt><\/dl><dl class='gallery-item'>\n\t\t\t<dt class='gallery-icon portrait'>\n\t\t\t\t<a href='https:\/\/www.visit-ulcinj.com\/blog\/2009\/03\/07\/ekspozita-e-fotografise-2009\/ekspozita-e-fotografise-_ne-fokusin-e-te-rinjve-4_ulqin-200925\/'><img width=\"150\" height=\"150\" src=\"https:\/\/www.visit-ulcinj.com\/blog\/wp-content\/uploads\/2009\/03\/ekspozita-e-fotografise-_ne-fokusin-e-te-rinjve-4_ulqin-200925-150x150.jpg\" class=\"attachment-thumbnail size-thumbnail\" alt=\"\" loading=\"lazy\" \/><\/a>\n\t\t\t<\/dt><\/dl><br style=\"clear: both\" \/><dl class='gallery-item'>\n\t\t\t<dt class='gallery-icon landscape'>\n\t\t\t\t<a href='https:\/\/www.visit-ulcinj.com\/blog\/2009\/03\/07\/ekspozita-e-fotografise-2009\/ekspozita-e-fotografise-_ne-fokusin-e-te-rinjve-4_ulqin-200926\/'><img width=\"150\" height=\"150\" src=\"https:\/\/www.visit-ulcinj.com\/blog\/wp-content\/uploads\/2009\/03\/ekspozita-e-fotografise-_ne-fokusin-e-te-rinjve-4_ulqin-200926-150x150.jpg\" class=\"attachment-thumbnail size-thumbnail\" alt=\"\" loading=\"lazy\" \/><\/a>\n\t\t\t<\/dt><\/dl><dl class='gallery-item'>\n\t\t\t<dt class='gallery-icon landscape'>\n\t\t\t\t<a href='https:\/\/www.visit-ulcinj.com\/blog\/2009\/03\/07\/ekspozita-e-fotografise-2009\/ekspozita-e-fotografise-_ne-fokusin-e-te-rinjve-4_ulqin-200927\/'><img width=\"150\" height=\"150\" src=\"https:\/\/www.visit-ulcinj.com\/blog\/wp-content\/uploads\/2009\/03\/ekspozita-e-fotografise-_ne-fokusin-e-te-rinjve-4_ulqin-200927-150x150.jpg\" class=\"attachment-thumbnail size-thumbnail\" alt=\"\" loading=\"lazy\" \/><\/a>\n\t\t\t<\/dt><\/dl><dl class='gallery-item'>\n\t\t\t<dt class='gallery-icon landscape'>\n\t\t\t\t<a href='https:\/\/www.visit-ulcinj.com\/blog\/2009\/03\/07\/ekspozita-e-fotografise-2009\/ekspozita-e-fotografise-_ne-fokusin-e-te-rinjve-4_ulqin-200928\/'><img width=\"150\" height=\"150\" src=\"https:\/\/www.visit-ulcinj.com\/blog\/wp-content\/uploads\/2009\/03\/ekspozita-e-fotografise-_ne-fokusin-e-te-rinjve-4_ulqin-200928-150x150.jpg\" class=\"attachment-thumbnail size-thumbnail\" alt=\"\" loading=\"lazy\" \/><\/a>\n\t\t\t<\/dt><\/dl><br style=\"clear: both\" \/><dl class='gallery-item'>\n\t\t\t<dt class='gallery-icon landscape'>\n\t\t\t\t<a href='https:\/\/www.visit-ulcinj.com\/blog\/2009\/03\/07\/ekspozita-e-fotografise-2009\/ekspozita-e-fotografise-_ne-fokusin-e-te-rinjve-4_ulqin-200929\/'><img width=\"150\" height=\"150\" src=\"https:\/\/www.visit-ulcinj.com\/blog\/wp-content\/uploads\/2009\/03\/ekspozita-e-fotografise-_ne-fokusin-e-te-rinjve-4_ulqin-200929-150x150.jpg\" class=\"attachment-thumbnail size-thumbnail\" alt=\"\" loading=\"lazy\" \/><\/a>\n\t\t\t<\/dt><\/dl><dl class='gallery-item'>\n\t\t\t<dt class='gallery-icon landscape'>\n\t\t\t\t<a href='https:\/\/www.visit-ulcinj.com\/blog\/2009\/03\/07\/ekspozita-e-fotografise-2009\/ekspozita-e-fotografise-_ne-fokusin-e-te-rinjve-4_ulqin-200930\/'><img width=\"150\" height=\"150\" src=\"https:\/\/www.visit-ulcinj.com\/blog\/wp-content\/uploads\/2009\/03\/ekspozita-e-fotografise-_ne-fokusin-e-te-rinjve-4_ulqin-200930-150x150.jpg\" class=\"attachment-thumbnail size-thumbnail\" alt=\"\" loading=\"lazy\" \/><\/a>\n\t\t\t<\/dt><\/dl><dl class='gallery-item'>\n\t\t\t<dt class='gallery-icon landscape'>\n\t\t\t\t<a href='https:\/\/www.visit-ulcinj.com\/blog\/2009\/03\/07\/ekspozita-e-fotografise-2009\/ekspozita-e-fotografise-_ne-fokusin-e-te-rinjve-4_ulqin-200931\/'><img width=\"150\" height=\"150\" src=\"https:\/\/www.visit-ulcinj.com\/blog\/wp-content\/uploads\/2009\/03\/ekspozita-e-fotografise-_ne-fokusin-e-te-rinjve-4_ulqin-200931-150x150.jpg\" class=\"attachment-thumbnail size-thumbnail\" alt=\"\" loading=\"lazy\" \/><\/a>\n\t\t\t<\/dt><\/dl><br style=\"clear: both\" \/><dl class='gallery-item'>\n\t\t\t<dt class='gallery-icon landscape'>\n\t\t\t\t<a href='https:\/\/www.visit-ulcinj.com\/blog\/2009\/03\/07\/ekspozita-e-fotografise-2009\/ekspozita-e-fotografise-_ne-fokusin-e-te-rinjve-4_ulqin-200932\/'><img width=\"150\" height=\"150\" src=\"https:\/\/www.visit-ulcinj.com\/blog\/wp-content\/uploads\/2009\/03\/ekspozita-e-fotografise-_ne-fokusin-e-te-rinjve-4_ulqin-200932-150x150.jpg\" class=\"attachment-thumbnail size-thumbnail\" alt=\"\" loading=\"lazy\" \/><\/a>\n\t\t\t<\/dt><\/dl><dl class='gallery-item'>\n\t\t\t<dt class='gallery-icon landscape'>\n\t\t\t\t<a href='https:\/\/www.visit-ulcinj.com\/blog\/2009\/03\/07\/ekspozita-e-fotografise-2009\/ekspozita-e-fotografise-_ne-fokusin-e-te-rinjve-4_ulqin-200933\/'><img width=\"150\" height=\"150\" src=\"https:\/\/www.visit-ulcinj.com\/blog\/wp-content\/uploads\/2009\/03\/ekspozita-e-fotografise-_ne-fokusin-e-te-rinjve-4_ulqin-200933-150x150.jpg\" class=\"attachment-thumbnail size-thumbnail\" alt=\"\" loading=\"lazy\" \/><\/a>\n\t\t\t<\/dt><\/dl><dl class='gallery-item'>\n\t\t\t<dt class='gallery-icon landscape'>\n\t\t\t\t<a href='https:\/\/www.visit-ulcinj.com\/blog\/2009\/03\/07\/ekspozita-e-fotografise-2009\/ekspozita-e-fotografise-_ne-fokusin-e-te-rinjve-4_ulqin-200934\/'><img width=\"150\" height=\"150\" src=\"https:\/\/www.visit-ulcinj.com\/blog\/wp-content\/uploads\/2009\/03\/ekspozita-e-fotografise-_ne-fokusin-e-te-rinjve-4_ulqin-200934-150x150.jpg\" class=\"attachment-thumbnail size-thumbnail\" alt=\"\" loading=\"lazy\" \/><\/a>\n\t\t\t<\/dt><\/dl><br style=\"clear: both\" \/><dl class='gallery-item'>\n\t\t\t<dt class='gallery-icon landscape'>\n\t\t\t\t<a href='https:\/\/www.visit-ulcinj.com\/blog\/2009\/03\/07\/ekspozita-e-fotografise-2009\/ekspozita-e-fotografise-_ne-fokusin-e-te-rinjve-4_ulqin-200935\/'><img width=\"150\" height=\"150\" src=\"https:\/\/www.visit-ulcinj.com\/blog\/wp-content\/uploads\/2009\/03\/ekspozita-e-fotografise-_ne-fokusin-e-te-rinjve-4_ulqin-200935-150x150.jpg\" class=\"attachment-thumbnail size-thumbnail\" alt=\"\" loading=\"lazy\" \/><\/a>\n\t\t\t<\/dt><\/dl><dl class='gallery-item'>\n\t\t\t<dt class='gallery-icon landscape'>\n\t\t\t\t<a href='https:\/\/www.visit-ulcinj.com\/blog\/2009\/03\/07\/ekspozita-e-fotografise-2009\/ekspozita-e-fotografise-_ne-fokusin-e-te-rinjve-4_ulqin-200936\/'><img width=\"150\" height=\"150\" src=\"https:\/\/www.visit-ulcinj.com\/blog\/wp-content\/uploads\/2009\/03\/ekspozita-e-fotografise-_ne-fokusin-e-te-rinjve-4_ulqin-200936-150x150.jpg\" class=\"attachment-thumbnail size-thumbnail\" alt=\"\" loading=\"lazy\" \/><\/a>\n\t\t\t<\/dt><\/dl><dl class='gallery-item'>\n\t\t\t<dt class='gallery-icon landscape'>\n\t\t\t\t<a href='https:\/\/www.visit-ulcinj.com\/blog\/2009\/03\/07\/ekspozita-e-fotografise-2009\/ekspozita-e-fotografise-_ne-fokusin-e-te-rinjve-4_ulqin-200937\/'><img width=\"150\" height=\"150\" src=\"https:\/\/www.visit-ulcinj.com\/blog\/wp-content\/uploads\/2009\/03\/ekspozita-e-fotografise-_ne-fokusin-e-te-rinjve-4_ulqin-200937-150x150.jpg\" class=\"attachment-thumbnail size-thumbnail\" alt=\"\" loading=\"lazy\" \/><\/a>\n\t\t\t<\/dt><\/dl><br style=\"clear: both\" \/><dl class='gallery-item'>\n\t\t\t<dt class='gallery-icon landscape'>\n\t\t\t\t<a href='https:\/\/www.visit-ulcinj.com\/blog\/2009\/03\/07\/ekspozita-e-fotografise-2009\/ekspozita-e-fotografise-_ne-fokusin-e-te-rinjve-4_ulqin-200938\/'><img width=\"150\" height=\"150\" src=\"https:\/\/www.visit-ulcinj.com\/blog\/wp-content\/uploads\/2009\/03\/ekspozita-e-fotografise-_ne-fokusin-e-te-rinjve-4_ulqin-200938-150x150.jpg\" class=\"attachment-thumbnail size-thumbnail\" alt=\"\" loading=\"lazy\" \/><\/a>\n\t\t\t<\/dt><\/dl><dl class='gallery-item'>\n\t\t\t<dt class='gallery-icon landscape'>\n\t\t\t\t<a href='https:\/\/www.visit-ulcinj.com\/blog\/2009\/03\/07\/ekspozita-e-fotografise-2009\/ekspozita-e-fotografise-_ne-fokusin-e-te-rinjve-4_ulqin-200939\/'><img width=\"150\" height=\"150\" src=\"https:\/\/www.visit-ulcinj.com\/blog\/wp-content\/uploads\/2009\/03\/ekspozita-e-fotografise-_ne-fokusin-e-te-rinjve-4_ulqin-200939-150x150.jpg\" class=\"attachment-thumbnail size-thumbnail\" alt=\"\" loading=\"lazy\" \/><\/a>\n\t\t\t<\/dt><\/dl><dl class='gallery-item'>\n\t\t\t<dt class='gallery-icon landscape'>\n\t\t\t\t<a href='https:\/\/www.visit-ulcinj.com\/blog\/2009\/03\/07\/ekspozita-e-fotografise-2009\/ekspozita-e-fotografise-_ne-fokusin-e-te-rinjve-4_ulqin-200940\/'><img width=\"150\" height=\"150\" src=\"https:\/\/www.visit-ulcinj.com\/blog\/wp-content\/uploads\/2009\/03\/ekspozita-e-fotografise-_ne-fokusin-e-te-rinjve-4_ulqin-200940-150x150.jpg\" class=\"attachment-thumbnail size-thumbnail\" alt=\"\" loading=\"lazy\" \/><\/a>\n\t\t\t<\/dt><\/dl><br style=\"clear: both\" \/><dl class='gallery-item'>\n\t\t\t<dt class='gallery-icon landscape'>\n\t\t\t\t<a href='https:\/\/www.visit-ulcinj.com\/blog\/2009\/03\/07\/ekspozita-e-fotografise-2009\/ekspozita-e-fotografise-_ne-fokusin-e-te-rinjve-4_ulqin-200941\/'><img width=\"150\" height=\"150\" src=\"https:\/\/www.visit-ulcinj.com\/blog\/wp-content\/uploads\/2009\/03\/ekspozita-e-fotografise-_ne-fokusin-e-te-rinjve-4_ulqin-200941-150x150.jpg\" class=\"attachment-thumbnail size-thumbnail\" alt=\"\" loading=\"lazy\" \/><\/a>\n\t\t\t<\/dt><\/dl><dl class='gallery-item'>\n\t\t\t<dt class='gallery-icon landscape'>\n\t\t\t\t<a href='https:\/\/www.visit-ulcinj.com\/blog\/2009\/03\/07\/ekspozita-e-fotografise-2009\/ekspozita-e-fotografise-_ne-fokusin-e-te-rinjve-4_ulqin-200942\/'><img width=\"150\" height=\"150\" src=\"https:\/\/www.visit-ulcinj.com\/blog\/wp-content\/uploads\/2009\/03\/ekspozita-e-fotografise-_ne-fokusin-e-te-rinjve-4_ulqin-200942-150x150.jpg\" class=\"attachment-thumbnail size-thumbnail\" alt=\"\" loading=\"lazy\" \/><\/a>\n\t\t\t<\/dt><\/dl><dl class='gallery-item'>\n\t\t\t<dt class='gallery-icon landscape'>\n\t\t\t\t<a href='https:\/\/www.visit-ulcinj.com\/blog\/2009\/03\/07\/ekspozita-e-fotografise-2009\/ekspozita-e-fotografise-_ne-fokusin-e-te-rinjve-4_ulqin-200943\/'><img width=\"150\" height=\"150\" src=\"https:\/\/www.visit-ulcinj.com\/blog\/wp-content\/uploads\/2009\/03\/ekspozita-e-fotografise-_ne-fokusin-e-te-rinjve-4_ulqin-200943-150x150.jpg\" class=\"attachment-thumbnail size-thumbnail\" alt=\"\" loading=\"lazy\" \/><\/a>\n\t\t\t<\/dt><\/dl><br style=\"clear: both\" \/><dl class='gallery-item'>\n\t\t\t<dt class='gallery-icon landscape'>\n\t\t\t\t<a href='https:\/\/www.visit-ulcinj.com\/blog\/2009\/03\/07\/ekspozita-e-fotografise-2009\/ekspozita-e-fotografise-_ne-fokusin-e-te-rinjve-4_ulqin-200944\/'><img width=\"150\" height=\"150\" src=\"https:\/\/www.visit-ulcinj.com\/blog\/wp-content\/uploads\/2009\/03\/ekspozita-e-fotografise-_ne-fokusin-e-te-rinjve-4_ulqin-200944-150x150.jpg\" class=\"attachment-thumbnail size-thumbnail\" alt=\"\" loading=\"lazy\" \/><\/a>\n\t\t\t<\/dt><\/dl><dl class='gallery-item'>\n\t\t\t<dt class='gallery-icon landscape'>\n\t\t\t\t<a href='https:\/\/www.visit-ulcinj.com\/blog\/2009\/03\/07\/ekspozita-e-fotografise-2009\/ekspozita-e-fotografise-_ne-fokusin-e-te-rinjve-4_ulqin-200945\/'><img width=\"150\" height=\"150\" src=\"https:\/\/www.visit-ulcinj.com\/blog\/wp-content\/uploads\/2009\/03\/ekspozita-e-fotografise-_ne-fokusin-e-te-rinjve-4_ulqin-200945-150x150.jpg\" class=\"attachment-thumbnail size-thumbnail\" alt=\"\" loading=\"lazy\" \/><\/a>\n\t\t\t<\/dt><\/dl><dl class='gallery-item'>\n\t\t\t<dt class='gallery-icon landscape'>\n\t\t\t\t<a href='https:\/\/www.visit-ulcinj.com\/blog\/2009\/03\/07\/ekspozita-e-fotografise-2009\/ekspozita-e-fotografise-_ne-fokusin-e-te-rinjve-4_ulqin-200946\/'><img width=\"150\" height=\"150\" src=\"https:\/\/www.visit-ulcinj.com\/blog\/wp-content\/uploads\/2009\/03\/ekspozita-e-fotografise-_ne-fokusin-e-te-rinjve-4_ulqin-200946-150x150.jpg\" class=\"attachment-thumbnail size-thumbnail\" alt=\"\" loading=\"lazy\" \/><\/a>\n\t\t\t<\/dt><\/dl><br style=\"clear: both\" \/><dl class='gallery-item'>\n\t\t\t<dt class='gallery-icon landscape'>\n\t\t\t\t<a href='https:\/\/www.visit-ulcinj.com\/blog\/2009\/03\/07\/ekspozita-e-fotografise-2009\/ekspozita-e-fotografise-_ne-fokusin-e-te-rinjve-4_ulqin-200947\/'><img width=\"150\" height=\"150\" src=\"https:\/\/www.visit-ulcinj.com\/blog\/wp-content\/uploads\/2009\/03\/ekspozita-e-fotografise-_ne-fokusin-e-te-rinjve-4_ulqin-200947-150x150.jpg\" class=\"attachment-thumbnail size-thumbnail\" alt=\"\" loading=\"lazy\" \/><\/a>\n\t\t\t<\/dt><\/dl><dl class='gallery-item'>\n\t\t\t<dt class='gallery-icon landscape'>\n\t\t\t\t<a href='https:\/\/www.visit-ulcinj.com\/blog\/2009\/03\/07\/ekspozita-e-fotografise-2009\/ekspozita-e-fotografise-_ne-fokusin-e-te-rinjve-4_ulqin-200948\/'><img width=\"150\" height=\"150\" src=\"https:\/\/www.visit-ulcinj.com\/blog\/wp-content\/uploads\/2009\/03\/ekspozita-e-fotografise-_ne-fokusin-e-te-rinjve-4_ulqin-200948-150x150.jpg\" class=\"attachment-thumbnail size-thumbnail\" alt=\"\" loading=\"lazy\" \/><\/a>\n\t\t\t<\/dt><\/dl><dl class='gallery-item'>\n\t\t\t<dt class='gallery-icon landscape'>\n\t\t\t\t<a href='https:\/\/www.visit-ulcinj.com\/blog\/2009\/03\/07\/ekspozita-e-fotografise-2009\/ekspozita-e-fotografise-_ne-fokusin-e-te-rinjve-4_ulqin-200949\/'><img width=\"150\" height=\"150\" src=\"https:\/\/www.visit-ulcinj.com\/blog\/wp-content\/uploads\/2009\/03\/ekspozita-e-fotografise-_ne-fokusin-e-te-rinjve-4_ulqin-200949-150x150.jpg\" class=\"attachment-thumbnail size-thumbnail\" alt=\"\" loading=\"lazy\" \/><\/a>\n\t\t\t<\/dt><\/dl><br style=\"clear: both\" \/><dl class='gallery-item'>\n\t\t\t<dt class='gallery-icon landscape'>\n\t\t\t\t<a href='https:\/\/www.visit-ulcinj.com\/blog\/2009\/03\/07\/ekspozita-e-fotografise-2009\/ekspozita-e-fotografise-_ne-fokusin-e-te-rinjve-4_ulqin-200950\/'><img width=\"150\" height=\"150\" src=\"https:\/\/www.visit-ulcinj.com\/blog\/wp-content\/uploads\/2009\/03\/ekspozita-e-fotografise-_ne-fokusin-e-te-rinjve-4_ulqin-200950-150x150.jpg\" class=\"attachment-thumbnail size-thumbnail\" alt=\"\" loading=\"lazy\" \/><\/a>\n\t\t\t<\/dt><\/dl><dl class='gallery-item'>\n\t\t\t<dt class='gallery-icon landscape'>\n\t\t\t\t<a href='https:\/\/www.visit-ulcinj.com\/blog\/2009\/03\/07\/ekspozita-e-fotografise-2009\/ekspozita-e-fotografise-_ne-fokusin-e-te-rinjve-4_ulqin-200951\/'><img width=\"150\" height=\"150\" src=\"https:\/\/www.visit-ulcinj.com\/blog\/wp-content\/uploads\/2009\/03\/ekspozita-e-fotografise-_ne-fokusin-e-te-rinjve-4_ulqin-200951-150x150.jpg\" class=\"attachment-thumbnail size-thumbnail\" alt=\"\" loading=\"lazy\" \/><\/a>\n\t\t\t<\/dt><\/dl><dl class='gallery-item'>\n\t\t\t<dt class='gallery-icon landscape'>\n\t\t\t\t<a href='https:\/\/www.visit-ulcinj.com\/blog\/2009\/03\/07\/ekspozita-e-fotografise-2009\/ekspozita-e-fotografise-_ne-fokusin-e-te-rinjve-4_ulqin-200953\/'><img width=\"150\" height=\"150\" src=\"https:\/\/www.visit-ulcinj.com\/blog\/wp-content\/uploads\/2009\/03\/ekspozita-e-fotografise-_ne-fokusin-e-te-rinjve-4_ulqin-200953-150x150.jpg\" class=\"attachment-thumbnail size-thumbnail\" alt=\"\" loading=\"lazy\" \/><\/a>\n\t\t\t<\/dt><\/dl><br style=\"clear: both\" \/>\n\t\t<\/div>\n<\/p>\n<p><\/strong><\/p>\n<p><strong><\/strong><\/p>\n<p><strong><\/strong><\/p>\n<p><strong><\/strong><\/p>\n<p><strong><\/strong><\/p>\n<p><strong><!--YouTube Error: bad URL entered--><br \/>\n<\/strong><\/p>\n","protected":false},"excerpt":{"rendered":"<p>Mbr\u00ebm\u00eb ne sall\u00ebn e qendr\u00ebs p\u00ebr Kultur\u00eb n\u00eb Ulqin u mbajt ekspozita e fotografis\u00eb \u201cN\u00eb fokusin e te rinjve 4\u201d t\u00eb organizuar nga Forca Rinore. Ky eveniment i cili tesh kat\u00ebr vite me radh\u00eb organizohet nga Forca rinore shnd\u00ebrroi n\u00eb nj\u00eb ngjarje t\u00eb r\u00ebnd\u00ebsishme kulturore artistike. D\u00ebshmi e k\u00ebsaj \u00ebsht\u00eb pjes\u00ebmarrja e madhe e t\u00eb [&hellip;]<\/p>\n","protected":false},"author":1,"featured_media":0,"comment_status":"open","ping_status":"closed","sticky":false,"template":"","format":"standard","meta":{"spay_email":"","jetpack_publicize_message":"","jetpack_is_tweetstorm":false,"jetpack_publicize_feature_enabled":true},"categories":[4],"tags":[7606,7603,7605,7604,7607],"jetpack_publicize_connections":[],"yoast_head":"<!-- This site is optimized with the Yoast SEO plugin v19.1 - https:\/\/yoast.com\/wordpress\/plugins\/seo\/ -->\n<title>Forca Rinore Ulqin: Ekspozita e fotografis\u00eb 2009 - Lajme nga Ulqini<\/title>\n<meta name=\"description\" content=\"Mbr\u00ebm\u00eb ne sall\u00ebn e qendr\u00ebs p\u00ebr Kultur\u00eb n\u00eb Ulqin u mbajt ekspozita e fotografis\u00eb \u201cN\u00eb fokusin e te rinjve 4\u201d t\u00eb organizuar nga Forca Rinore. Ky eveniment i\" \/>\n<meta name=\"robots\" content=\"index, follow, max-snippet:-1, max-image-preview:large, max-video-preview:-1\" \/>\n<link rel=\"canonical\" href=\"https:\/\/www.visit-ulcinj.com\/blog\/2009\/03\/07\/ekspozita-e-fotografise-2009\/\" \/>\n<meta property=\"og:locale\" content=\"en_US\" \/>\n<meta property=\"og:type\" content=\"article\" \/>\n<meta property=\"og:title\" content=\"Forca Rinore Ulqin: Ekspozita e fotografis\u00eb 2009 - Lajme nga Ulqini\" \/>\n<meta property=\"og:description\" content=\"Mbr\u00ebm\u00eb ne sall\u00ebn e qendr\u00ebs p\u00ebr Kultur\u00eb n\u00eb Ulqin u mbajt ekspozita e fotografis\u00eb \u201cN\u00eb fokusin e te rinjve 4\u201d t\u00eb organizuar nga Forca Rinore. Ky eveniment i\" \/>\n<meta property=\"og:url\" content=\"https:\/\/www.visit-ulcinj.com\/blog\/2009\/03\/07\/ekspozita-e-fotografise-2009\/\" \/>\n<meta property=\"og:site_name\" content=\"Lajme nga Ulqini\" \/>\n<meta property=\"article:published_time\" content=\"2009-03-07T15:28:22+00:00\" \/>\n<meta property=\"article:modified_time\" content=\"2009-03-07T17:31:08+00:00\" \/>\n<meta property=\"og:image\" content=\"https:\/\/www.visit-ulcinj.com\/blog\/wp-content\/uploads\/2009\/03\/konkursi-ne-fokusin-e-te-rinjve-4_ali-zhygjelifis-dobrecidrita-buzukugezim-mavriqisrdan-drobnjak-150x150.jpg\" \/>\n<meta name=\"twitter:label1\" content=\"Written by\" \/>\n\t<meta name=\"twitter:data1\" content=\"ulqini\" \/>\n\t<meta name=\"twitter:label2\" content=\"Est. reading time\" \/>\n\t<meta name=\"twitter:data2\" content=\"1 minute\" \/>\n<script type=\"application\/ld+json\" class=\"yoast-schema-graph\">{\"@context\":\"https:\/\/schema.org\",\"@graph\":[{\"@type\":\"WebSite\",\"@id\":\"https:\/\/www.visit-ulcinj.com\/blog\/#website\",\"url\":\"https:\/\/www.visit-ulcinj.com\/blog\/\",\"name\":\"Lajme nga Ulqini\",\"description\":\"Lajme,Vijesti,Ulqini,Ulqin,Crna Gora,Mali i Zi\",\"potentialAction\":[{\"@type\":\"SearchAction\",\"target\":{\"@type\":\"EntryPoint\",\"urlTemplate\":\"https:\/\/www.visit-ulcinj.com\/blog\/?s={search_term_string}\"},\"query-input\":\"required name=search_term_string\"}],\"inLanguage\":\"en-US\"},{\"@type\":\"ImageObject\",\"inLanguage\":\"en-US\",\"@id\":\"https:\/\/www.visit-ulcinj.com\/blog\/2009\/03\/07\/ekspozita-e-fotografise-2009\/#primaryimage\",\"url\":\"http:\/\/www.visit-ulcinj.com\/blog\/wp-content\/uploads\/2009\/03\/konkursi-ne-fokusin-e-te-rinjve-4_ali-zhygjelifis-dobrecidrita-buzukugezim-mavriqisrdan-drobnjak.jpg\",\"contentUrl\":\"http:\/\/www.visit-ulcinj.com\/blog\/wp-content\/uploads\/2009\/03\/konkursi-ne-fokusin-e-te-rinjve-4_ali-zhygjelifis-dobrecidrita-buzukugezim-mavriqisrdan-drobnjak.jpg\"},{\"@type\":\"WebPage\",\"@id\":\"https:\/\/www.visit-ulcinj.com\/blog\/2009\/03\/07\/ekspozita-e-fotografise-2009\/#webpage\",\"url\":\"https:\/\/www.visit-ulcinj.com\/blog\/2009\/03\/07\/ekspozita-e-fotografise-2009\/\",\"name\":\"Forca Rinore Ulqin: Ekspozita e fotografis\u00eb 2009 - Lajme nga Ulqini\",\"isPartOf\":{\"@id\":\"https:\/\/www.visit-ulcinj.com\/blog\/#website\"},\"primaryImageOfPage\":{\"@id\":\"https:\/\/www.visit-ulcinj.com\/blog\/2009\/03\/07\/ekspozita-e-fotografise-2009\/#primaryimage\"},\"datePublished\":\"2009-03-07T15:28:22+00:00\",\"dateModified\":\"2009-03-07T17:31:08+00:00\",\"author\":{\"@id\":\"https:\/\/www.visit-ulcinj.com\/blog\/#\/schema\/person\/dcab619c614d3038751c63bc2aadc06d\"},\"description\":\"Mbr\u00ebm\u00eb ne sall\u00ebn e qendr\u00ebs p\u00ebr Kultur\u00eb n\u00eb Ulqin u mbajt ekspozita e fotografis\u00eb \u201cN\u00eb fokusin e te rinjve 4\u201d t\u00eb organizuar nga Forca Rinore. Ky eveniment i\",\"breadcrumb\":{\"@id\":\"https:\/\/www.visit-ulcinj.com\/blog\/2009\/03\/07\/ekspozita-e-fotografise-2009\/#breadcrumb\"},\"inLanguage\":\"en-US\",\"potentialAction\":[{\"@type\":\"ReadAction\",\"target\":[\"https:\/\/www.visit-ulcinj.com\/blog\/2009\/03\/07\/ekspozita-e-fotografise-2009\/\"]}]},{\"@type\":\"BreadcrumbList\",\"@id\":\"https:\/\/www.visit-ulcinj.com\/blog\/2009\/03\/07\/ekspozita-e-fotografise-2009\/#breadcrumb\",\"itemListElement\":[{\"@type\":\"ListItem\",\"position\":1,\"name\":\"Forca Rinore Ulqin: Ekspozita e fotografis\u00eb 2009\"}]},{\"@type\":\"Person\",\"@id\":\"https:\/\/www.visit-ulcinj.com\/blog\/#\/schema\/person\/dcab619c614d3038751c63bc2aadc06d\",\"name\":\"ulqini\",\"sameAs\":[\"http:\/\/www.visit-ulcinj.com\"],\"url\":\"https:\/\/www.visit-ulcinj.com\/blog\/author\/admin\/\"}]}<\/script>\n<!-- \/ Yoast SEO plugin. -->","yoast_head_json":{"title":"Forca Rinore Ulqin: Ekspozita e fotografis\u00eb 2009 - Lajme nga Ulqini","description":"Mbr\u00ebm\u00eb ne sall\u00ebn e qendr\u00ebs p\u00ebr Kultur\u00eb n\u00eb Ulqin u mbajt ekspozita e fotografis\u00eb \u201cN\u00eb fokusin e te rinjve 4\u201d t\u00eb organizuar nga Forca Rinore. Ky eveniment i","robots":{"index":"index","follow":"follow","max-snippet":"max-snippet:-1","max-image-preview":"max-image-preview:large","max-video-preview":"max-video-preview:-1"},"canonical":"https:\/\/www.visit-ulcinj.com\/blog\/2009\/03\/07\/ekspozita-e-fotografise-2009\/","og_locale":"en_US","og_type":"article","og_title":"Forca Rinore Ulqin: Ekspozita e fotografis\u00eb 2009 - Lajme nga Ulqini","og_description":"Mbr\u00ebm\u00eb ne sall\u00ebn e qendr\u00ebs p\u00ebr Kultur\u00eb n\u00eb Ulqin u mbajt ekspozita e fotografis\u00eb \u201cN\u00eb fokusin e te rinjve 4\u201d t\u00eb organizuar nga Forca Rinore. Ky eveniment i","og_url":"https:\/\/www.visit-ulcinj.com\/blog\/2009\/03\/07\/ekspozita-e-fotografise-2009\/","og_site_name":"Lajme nga Ulqini","article_published_time":"2009-03-07T15:28:22+00:00","article_modified_time":"2009-03-07T17:31:08+00:00","og_image":[{"url":"https:\/\/www.visit-ulcinj.com\/blog\/wp-content\/uploads\/2009\/03\/konkursi-ne-fokusin-e-te-rinjve-4_ali-zhygjelifis-dobrecidrita-buzukugezim-mavriqisrdan-drobnjak-150x150.jpg"}],"twitter_misc":{"Written by":"ulqini","Est. reading time":"1 minute"},"schema":{"@context":"https:\/\/schema.org","@graph":[{"@type":"WebSite","@id":"https:\/\/www.visit-ulcinj.com\/blog\/#website","url":"https:\/\/www.visit-ulcinj.com\/blog\/","name":"Lajme nga Ulqini","description":"Lajme,Vijesti,Ulqini,Ulqin,Crna Gora,Mali i Zi","potentialAction":[{"@type":"SearchAction","target":{"@type":"EntryPoint","urlTemplate":"https:\/\/www.visit-ulcinj.com\/blog\/?s={search_term_string}"},"query-input":"required name=search_term_string"}],"inLanguage":"en-US"},{"@type":"ImageObject","inLanguage":"en-US","@id":"https:\/\/www.visit-ulcinj.com\/blog\/2009\/03\/07\/ekspozita-e-fotografise-2009\/#primaryimage","url":"http:\/\/www.visit-ulcinj.com\/blog\/wp-content\/uploads\/2009\/03\/konkursi-ne-fokusin-e-te-rinjve-4_ali-zhygjelifis-dobrecidrita-buzukugezim-mavriqisrdan-drobnjak.jpg","contentUrl":"http:\/\/www.visit-ulcinj.com\/blog\/wp-content\/uploads\/2009\/03\/konkursi-ne-fokusin-e-te-rinjve-4_ali-zhygjelifis-dobrecidrita-buzukugezim-mavriqisrdan-drobnjak.jpg"},{"@type":"WebPage","@id":"https:\/\/www.visit-ulcinj.com\/blog\/2009\/03\/07\/ekspozita-e-fotografise-2009\/#webpage","url":"https:\/\/www.visit-ulcinj.com\/blog\/2009\/03\/07\/ekspozita-e-fotografise-2009\/","name":"Forca Rinore Ulqin: Ekspozita e fotografis\u00eb 2009 - Lajme nga Ulqini","isPartOf":{"@id":"https:\/\/www.visit-ulcinj.com\/blog\/#website"},"primaryImageOfPage":{"@id":"https:\/\/www.visit-ulcinj.com\/blog\/2009\/03\/07\/ekspozita-e-fotografise-2009\/#primaryimage"},"datePublished":"2009-03-07T15:28:22+00:00","dateModified":"2009-03-07T17:31:08+00:00","author":{"@id":"https:\/\/www.visit-ulcinj.com\/blog\/#\/schema\/person\/dcab619c614d3038751c63bc2aadc06d"},"description":"Mbr\u00ebm\u00eb ne sall\u00ebn e qendr\u00ebs p\u00ebr Kultur\u00eb n\u00eb Ulqin u mbajt ekspozita e fotografis\u00eb \u201cN\u00eb fokusin e te rinjve 4\u201d t\u00eb organizuar nga Forca Rinore. Ky eveniment i","breadcrumb":{"@id":"https:\/\/www.visit-ulcinj.com\/blog\/2009\/03\/07\/ekspozita-e-fotografise-2009\/#breadcrumb"},"inLanguage":"en-US","potentialAction":[{"@type":"ReadAction","target":["https:\/\/www.visit-ulcinj.com\/blog\/2009\/03\/07\/ekspozita-e-fotografise-2009\/"]}]},{"@type":"BreadcrumbList","@id":"https:\/\/www.visit-ulcinj.com\/blog\/2009\/03\/07\/ekspozita-e-fotografise-2009\/#breadcrumb","itemListElement":[{"@type":"ListItem","position":1,"name":"Forca Rinore Ulqin: Ekspozita e fotografis\u00eb 2009"}]},{"@type":"Person","@id":"https:\/\/www.visit-ulcinj.com\/blog\/#\/schema\/person\/dcab619c614d3038751c63bc2aadc06d","name":"ulqini","sameAs":["http:\/\/www.visit-ulcinj.com"],"url":"https:\/\/www.visit-ulcinj.com\/blog\/author\/admin\/"}]}},"jetpack_featured_media_url":"","jetpack_sharing_enabled":true,"jetpack_shortlink":"https:\/\/wp.me\/pe6lTn-3qU","_links":{"self":[{"href":"https:\/\/www.visit-ulcinj.com\/blog\/wp-json\/wp\/v2\/posts\/13200"}],"collection":[{"href":"https:\/\/www.visit-ulcinj.com\/blog\/wp-json\/wp\/v2\/posts"}],"about":[{"href":"https:\/\/www.visit-ulcinj.com\/blog\/wp-json\/wp\/v2\/types\/post"}],"author":[{"embeddable":true,"href":"https:\/\/www.visit-ulcinj.com\/blog\/wp-json\/wp\/v2\/users\/1"}],"replies":[{"embeddable":true,"href":"https:\/\/www.visit-ulcinj.com\/blog\/wp-json\/wp\/v2\/comments?post=13200"}],"version-history":[{"count":0,"href":"https:\/\/www.visit-ulcinj.com\/blog\/wp-json\/wp\/v2\/posts\/13200\/revisions"}],"wp:attachment":[{"href":"https:\/\/www.visit-ulcinj.com\/blog\/wp-json\/wp\/v2\/media?parent=13200"}],"wp:term":[{"taxonomy":"category","embeddable":true,"href":"https:\/\/www.visit-ulcinj.com\/blog\/wp-json\/wp\/v2\/categories?post=13200"},{"taxonomy":"post_tag","embeddable":true,"href":"https:\/\/www.visit-ulcinj.com\/blog\/wp-json\/wp\/v2\/tags?post=13200"}],"curies":[{"name":"wp","href":"https:\/\/api.w.org\/{rel}","templated":true}]}}