{"id":13209,"date":"2009-03-07T17:15:08","date_gmt":"2009-03-07T16:15:08","guid":{"rendered":"http:\/\/www.visit-ulcinj.com\/blog\/?p=13209"},"modified":"2009-03-07T17:15:08","modified_gmt":"2009-03-07T16:15:08","slug":"gezim-hajdinaga-urime-7-marsi-dita-e-mesuesit","status":"publish","type":"post","link":"https:\/\/www.visit-ulcinj.com\/blog\/2009\/03\/07\/gezim-hajdinaga-urime-7-marsi-dita-e-mesuesit\/","title":{"rendered":"G\u00ebzim Hajdinaga: Urime 7 Marsi &#8211; Dita e M\u00ebsuesit"},"content":{"rendered":"<p><span style=\"font-family: Times New Roman; font-size: small;\"><strong><a href=\"http:\/\/www.visit-ulcinj.com\/blog\/wp-content\/uploads\/2009\/03\/7-marsi-dite-e-mesuesit_gezim-hajdinaga.jpg\"><img loading=\"lazy\" class=\"alignleft size-full wp-image-13210\" title=\"7-marsi-dite-e-mesuesit_gezim-hajdinaga\" src=\"http:\/\/www.visit-ulcinj.com\/blog\/wp-content\/uploads\/2009\/03\/7-marsi-dite-e-mesuesit_gezim-hajdinaga.jpg\" alt=\"7-marsi-dite-e-mesuesit_gezim-hajdinaga\" width=\"570\" height=\"400\" \/><\/a>TELEGRAM URIMI <\/strong><\/p>\n<p>Kryetari i Komun\u00ebs s\u00eb Ulqinit G\u00ebzim Hajdinaga, uron t\u00eb gjith\u00eb m\u00ebsueset dhe m\u00ebsuesit me rastin e Fest\u00ebs s\u00eb tyre 7 Marsit.<br \/>\nJu uroj nga zemra G\u00ebzuar Festen Tuaj t\u00eb 7 Marsit.<br \/>\nDit\u00eb t\u00eb madhe t\u00eb dijes dhe edukimit.Misioni Juaj \u00ebsht\u00eb sa fisnik aq dhe i vlefsh\u00ebm.<br \/>\nPuna dhe vepra\u00a0 juaj do t\u00eb mbet\u00ebn gjithnj\u00eb t\u00eb pashlyera n\u00eb breza.<br \/>\nEdhe nj\u00ebher\u00eb G\u00ebzuar Fest\u00ebn tuaj.<br \/>\n<strong><br \/>\nSinqerisht i Juaji,<\/strong><\/p>\n<p><strong> Kryetar<\/p>\n<p>G\u00ebzim Hajdinaga<\/strong><\/p>\n<p><\/span><\/p>\n","protected":false},"excerpt":{"rendered":"<p>TELEGRAM URIMI Kryetari i Komun\u00ebs s\u00eb Ulqinit G\u00ebzim Hajdinaga, uron t\u00eb gjith\u00eb m\u00ebsueset dhe m\u00ebsuesit me rastin e Fest\u00ebs s\u00eb tyre 7 Marsit. Ju uroj nga zemra G\u00ebzuar Festen Tuaj t\u00eb 7 Marsit. Dit\u00eb t\u00eb madhe t\u00eb dijes dhe edukimit.Misioni Juaj \u00ebsht\u00eb sa fisnik aq dhe i vlefsh\u00ebm. Puna dhe vepra\u00a0 juaj do t\u00eb mbet\u00ebn [&hellip;]<\/p>\n","protected":false},"author":1,"featured_media":0,"comment_status":"open","ping_status":"closed","sticky":false,"template":"","format":"standard","meta":{"spay_email":"","jetpack_publicize_message":"","jetpack_is_tweetstorm":false,"jetpack_publicize_feature_enabled":true},"categories":[1],"tags":[222,7609,2515,7608],"jetpack_publicize_connections":[],"yoast_head":"<!-- This site is optimized with the Yoast SEO plugin v19.1 - https:\/\/yoast.com\/wordpress\/plugins\/seo\/ -->\n<title>G\u00ebzim Hajdinaga: Urime 7 Marsi - Dita e M\u00ebsuesit - Lajme nga Ulqini<\/title>\n<meta name=\"description\" content=\"TELEGRAM URIMI Kryetari i Komun\u00ebs s\u00eb Ulqinit G\u00ebzim Hajdinaga, uron t\u00eb gjith\u00eb m\u00ebsueset dhe m\u00ebsuesit me rastin e Fest\u00ebs s\u00eb tyre 7 Marsit. Ju uroj nga zemra\" \/>\n<meta name=\"robots\" content=\"index, follow, max-snippet:-1, max-image-preview:large, max-video-preview:-1\" \/>\n<link rel=\"canonical\" href=\"https:\/\/www.visit-ulcinj.com\/blog\/2009\/03\/07\/gezim-hajdinaga-urime-7-marsi-dita-e-mesuesit\/\" \/>\n<meta property=\"og:locale\" content=\"en_US\" \/>\n<meta property=\"og:type\" content=\"article\" \/>\n<meta property=\"og:title\" content=\"G\u00ebzim Hajdinaga: Urime 7 Marsi - Dita e M\u00ebsuesit - Lajme nga Ulqini\" \/>\n<meta property=\"og:description\" content=\"TELEGRAM URIMI Kryetari i Komun\u00ebs s\u00eb Ulqinit G\u00ebzim Hajdinaga, uron t\u00eb gjith\u00eb m\u00ebsueset dhe m\u00ebsuesit me rastin e Fest\u00ebs s\u00eb tyre 7 Marsit. Ju uroj nga zemra\" \/>\n<meta property=\"og:url\" content=\"https:\/\/www.visit-ulcinj.com\/blog\/2009\/03\/07\/gezim-hajdinaga-urime-7-marsi-dita-e-mesuesit\/\" \/>\n<meta property=\"og:site_name\" content=\"Lajme nga Ulqini\" \/>\n<meta property=\"article:published_time\" content=\"2009-03-07T16:15:08+00:00\" \/>\n<meta property=\"og:image\" content=\"http:\/\/www.visit-ulcinj.com\/blog\/wp-content\/uploads\/2009\/03\/7-marsi-dite-e-mesuesit_gezim-hajdinaga.jpg\" \/>\n<meta name=\"twitter:label1\" content=\"Written by\" \/>\n\t<meta name=\"twitter:data1\" content=\"ulqini\" \/>\n<script type=\"application\/ld+json\" class=\"yoast-schema-graph\">{\"@context\":\"https:\/\/schema.org\",\"@graph\":[{\"@type\":\"WebSite\",\"@id\":\"https:\/\/www.visit-ulcinj.com\/blog\/#website\",\"url\":\"https:\/\/www.visit-ulcinj.com\/blog\/\",\"name\":\"Lajme nga Ulqini\",\"description\":\"Lajme,Vijesti,Ulqini,Ulqin,Crna Gora,Mali i Zi\",\"potentialAction\":[{\"@type\":\"SearchAction\",\"target\":{\"@type\":\"EntryPoint\",\"urlTemplate\":\"https:\/\/www.visit-ulcinj.com\/blog\/?s={search_term_string}\"},\"query-input\":\"required name=search_term_string\"}],\"inLanguage\":\"en-US\"},{\"@type\":\"ImageObject\",\"inLanguage\":\"en-US\",\"@id\":\"https:\/\/www.visit-ulcinj.com\/blog\/2009\/03\/07\/gezim-hajdinaga-urime-7-marsi-dita-e-mesuesit\/#primaryimage\",\"url\":\"https:\/\/www.visit-ulcinj.com\/blog\/wp-content\/uploads\/2009\/03\/7-marsi-dite-e-mesuesit_gezim-hajdinaga.jpg\",\"contentUrl\":\"https:\/\/www.visit-ulcinj.com\/blog\/wp-content\/uploads\/2009\/03\/7-marsi-dite-e-mesuesit_gezim-hajdinaga.jpg\",\"width\":\"790\",\"height\":\"480\"},{\"@type\":\"WebPage\",\"@id\":\"https:\/\/www.visit-ulcinj.com\/blog\/2009\/03\/07\/gezim-hajdinaga-urime-7-marsi-dita-e-mesuesit\/#webpage\",\"url\":\"https:\/\/www.visit-ulcinj.com\/blog\/2009\/03\/07\/gezim-hajdinaga-urime-7-marsi-dita-e-mesuesit\/\",\"name\":\"G\u00ebzim Hajdinaga: Urime 7 Marsi - Dita e M\u00ebsuesit - Lajme nga Ulqini\",\"isPartOf\":{\"@id\":\"https:\/\/www.visit-ulcinj.com\/blog\/#website\"},\"primaryImageOfPage\":{\"@id\":\"https:\/\/www.visit-ulcinj.com\/blog\/2009\/03\/07\/gezim-hajdinaga-urime-7-marsi-dita-e-mesuesit\/#primaryimage\"},\"datePublished\":\"2009-03-07T16:15:08+00:00\",\"dateModified\":\"2009-03-07T16:15:08+00:00\",\"author\":{\"@id\":\"https:\/\/www.visit-ulcinj.com\/blog\/#\/schema\/person\/dcab619c614d3038751c63bc2aadc06d\"},\"description\":\"TELEGRAM URIMI Kryetari i Komun\u00ebs s\u00eb Ulqinit G\u00ebzim Hajdinaga, uron t\u00eb gjith\u00eb m\u00ebsueset dhe m\u00ebsuesit me rastin e Fest\u00ebs s\u00eb tyre 7 Marsit. Ju uroj nga zemra\",\"breadcrumb\":{\"@id\":\"https:\/\/www.visit-ulcinj.com\/blog\/2009\/03\/07\/gezim-hajdinaga-urime-7-marsi-dita-e-mesuesit\/#breadcrumb\"},\"inLanguage\":\"en-US\",\"potentialAction\":[{\"@type\":\"ReadAction\",\"target\":[\"https:\/\/www.visit-ulcinj.com\/blog\/2009\/03\/07\/gezim-hajdinaga-urime-7-marsi-dita-e-mesuesit\/\"]}]},{\"@type\":\"BreadcrumbList\",\"@id\":\"https:\/\/www.visit-ulcinj.com\/blog\/2009\/03\/07\/gezim-hajdinaga-urime-7-marsi-dita-e-mesuesit\/#breadcrumb\",\"itemListElement\":[{\"@type\":\"ListItem\",\"position\":1,\"name\":\"G\u00ebzim Hajdinaga: Urime 7 Marsi &#8211; Dita e M\u00ebsuesit\"}]},{\"@type\":\"Person\",\"@id\":\"https:\/\/www.visit-ulcinj.com\/blog\/#\/schema\/person\/dcab619c614d3038751c63bc2aadc06d\",\"name\":\"ulqini\",\"sameAs\":[\"http:\/\/www.visit-ulcinj.com\"],\"url\":\"https:\/\/www.visit-ulcinj.com\/blog\/author\/admin\/\"}]}<\/script>\n<!-- \/ Yoast SEO plugin. -->","yoast_head_json":{"title":"G\u00ebzim Hajdinaga: Urime 7 Marsi - Dita e M\u00ebsuesit - Lajme nga Ulqini","description":"TELEGRAM URIMI Kryetari i Komun\u00ebs s\u00eb Ulqinit G\u00ebzim Hajdinaga, uron t\u00eb gjith\u00eb m\u00ebsueset dhe m\u00ebsuesit me rastin e Fest\u00ebs s\u00eb tyre 7 Marsit. Ju uroj nga zemra","robots":{"index":"index","follow":"follow","max-snippet":"max-snippet:-1","max-image-preview":"max-image-preview:large","max-video-preview":"max-video-preview:-1"},"canonical":"https:\/\/www.visit-ulcinj.com\/blog\/2009\/03\/07\/gezim-hajdinaga-urime-7-marsi-dita-e-mesuesit\/","og_locale":"en_US","og_type":"article","og_title":"G\u00ebzim Hajdinaga: Urime 7 Marsi - Dita e M\u00ebsuesit - Lajme nga Ulqini","og_description":"TELEGRAM URIMI Kryetari i Komun\u00ebs s\u00eb Ulqinit G\u00ebzim Hajdinaga, uron t\u00eb gjith\u00eb m\u00ebsueset dhe m\u00ebsuesit me rastin e Fest\u00ebs s\u00eb tyre 7 Marsit. Ju uroj nga zemra","og_url":"https:\/\/www.visit-ulcinj.com\/blog\/2009\/03\/07\/gezim-hajdinaga-urime-7-marsi-dita-e-mesuesit\/","og_site_name":"Lajme nga Ulqini","article_published_time":"2009-03-07T16:15:08+00:00","og_image":[{"url":"http:\/\/www.visit-ulcinj.com\/blog\/wp-content\/uploads\/2009\/03\/7-marsi-dite-e-mesuesit_gezim-hajdinaga.jpg"}],"twitter_misc":{"Written by":"ulqini"},"schema":{"@context":"https:\/\/schema.org","@graph":[{"@type":"WebSite","@id":"https:\/\/www.visit-ulcinj.com\/blog\/#website","url":"https:\/\/www.visit-ulcinj.com\/blog\/","name":"Lajme nga Ulqini","description":"Lajme,Vijesti,Ulqini,Ulqin,Crna Gora,Mali i Zi","potentialAction":[{"@type":"SearchAction","target":{"@type":"EntryPoint","urlTemplate":"https:\/\/www.visit-ulcinj.com\/blog\/?s={search_term_string}"},"query-input":"required name=search_term_string"}],"inLanguage":"en-US"},{"@type":"ImageObject","inLanguage":"en-US","@id":"https:\/\/www.visit-ulcinj.com\/blog\/2009\/03\/07\/gezim-hajdinaga-urime-7-marsi-dita-e-mesuesit\/#primaryimage","url":"https:\/\/www.visit-ulcinj.com\/blog\/wp-content\/uploads\/2009\/03\/7-marsi-dite-e-mesuesit_gezim-hajdinaga.jpg","contentUrl":"https:\/\/www.visit-ulcinj.com\/blog\/wp-content\/uploads\/2009\/03\/7-marsi-dite-e-mesuesit_gezim-hajdinaga.jpg","width":"790","height":"480"},{"@type":"WebPage","@id":"https:\/\/www.visit-ulcinj.com\/blog\/2009\/03\/07\/gezim-hajdinaga-urime-7-marsi-dita-e-mesuesit\/#webpage","url":"https:\/\/www.visit-ulcinj.com\/blog\/2009\/03\/07\/gezim-hajdinaga-urime-7-marsi-dita-e-mesuesit\/","name":"G\u00ebzim Hajdinaga: Urime 7 Marsi - Dita e M\u00ebsuesit - Lajme nga Ulqini","isPartOf":{"@id":"https:\/\/www.visit-ulcinj.com\/blog\/#website"},"primaryImageOfPage":{"@id":"https:\/\/www.visit-ulcinj.com\/blog\/2009\/03\/07\/gezim-hajdinaga-urime-7-marsi-dita-e-mesuesit\/#primaryimage"},"datePublished":"2009-03-07T16:15:08+00:00","dateModified":"2009-03-07T16:15:08+00:00","author":{"@id":"https:\/\/www.visit-ulcinj.com\/blog\/#\/schema\/person\/dcab619c614d3038751c63bc2aadc06d"},"description":"TELEGRAM URIMI Kryetari i Komun\u00ebs s\u00eb Ulqinit G\u00ebzim Hajdinaga, uron t\u00eb gjith\u00eb m\u00ebsueset dhe m\u00ebsuesit me rastin e Fest\u00ebs s\u00eb tyre 7 Marsit. Ju uroj nga zemra","breadcrumb":{"@id":"https:\/\/www.visit-ulcinj.com\/blog\/2009\/03\/07\/gezim-hajdinaga-urime-7-marsi-dita-e-mesuesit\/#breadcrumb"},"inLanguage":"en-US","potentialAction":[{"@type":"ReadAction","target":["https:\/\/www.visit-ulcinj.com\/blog\/2009\/03\/07\/gezim-hajdinaga-urime-7-marsi-dita-e-mesuesit\/"]}]},{"@type":"BreadcrumbList","@id":"https:\/\/www.visit-ulcinj.com\/blog\/2009\/03\/07\/gezim-hajdinaga-urime-7-marsi-dita-e-mesuesit\/#breadcrumb","itemListElement":[{"@type":"ListItem","position":1,"name":"G\u00ebzim Hajdinaga: Urime 7 Marsi &#8211; Dita e M\u00ebsuesit"}]},{"@type":"Person","@id":"https:\/\/www.visit-ulcinj.com\/blog\/#\/schema\/person\/dcab619c614d3038751c63bc2aadc06d","name":"ulqini","sameAs":["http:\/\/www.visit-ulcinj.com"],"url":"https:\/\/www.visit-ulcinj.com\/blog\/author\/admin\/"}]}},"jetpack_featured_media_url":"","jetpack_sharing_enabled":true,"jetpack_shortlink":"https:\/\/wp.me\/pe6lTn-3r3","_links":{"self":[{"href":"https:\/\/www.visit-ulcinj.com\/blog\/wp-json\/wp\/v2\/posts\/13209"}],"collection":[{"href":"https:\/\/www.visit-ulcinj.com\/blog\/wp-json\/wp\/v2\/posts"}],"about":[{"href":"https:\/\/www.visit-ulcinj.com\/blog\/wp-json\/wp\/v2\/types\/post"}],"author":[{"embeddable":true,"href":"https:\/\/www.visit-ulcinj.com\/blog\/wp-json\/wp\/v2\/users\/1"}],"replies":[{"embeddable":true,"href":"https:\/\/www.visit-ulcinj.com\/blog\/wp-json\/wp\/v2\/comments?post=13209"}],"version-history":[{"count":0,"href":"https:\/\/www.visit-ulcinj.com\/blog\/wp-json\/wp\/v2\/posts\/13209\/revisions"}],"wp:attachment":[{"href":"https:\/\/www.visit-ulcinj.com\/blog\/wp-json\/wp\/v2\/media?parent=13209"}],"wp:term":[{"taxonomy":"category","embeddable":true,"href":"https:\/\/www.visit-ulcinj.com\/blog\/wp-json\/wp\/v2\/categories?post=13209"},{"taxonomy":"post_tag","embeddable":true,"href":"https:\/\/www.visit-ulcinj.com\/blog\/wp-json\/wp\/v2\/tags?post=13209"}],"curies":[{"name":"wp","href":"https:\/\/api.w.org\/{rel}","templated":true}]}}