{"id":13289,"date":"2009-03-07T18:57:16","date_gmt":"2009-03-07T17:57:16","guid":{"rendered":"http:\/\/www.visit-ulcinj.com\/blog\/?p=13289"},"modified":"2009-03-07T18:57:16","modified_gmt":"2009-03-07T17:57:16","slug":"mesida-ne-karaoke-para-se-te-futej-ne-bb","status":"publish","type":"post","link":"https:\/\/www.visit-ulcinj.com\/blog\/2009\/03\/07\/mesida-ne-karaoke-para-se-te-futej-ne-bb\/","title":{"rendered":"Mesida n\u00eb Karaoke para se t\u00eb futej n\u00eb BB"},"content":{"rendered":"<p><a href=\"http:\/\/www.visit-ulcinj.com\/blog\/wp-content\/uploads\/2009\/03\/mesida-karakoke.jpg\"><img loading=\"lazy\" class=\"alignleft size-full wp-image-13290\" title=\"mesida-karakoke\" src=\"http:\/\/www.visit-ulcinj.com\/blog\/wp-content\/uploads\/2009\/03\/mesida-karakoke.jpg\" alt=\"mesida-karakoke\" width=\"590\" height=\"347\" \/><\/a>Kjo q\u00eb shikoni n\u00eb foto tashm\u00eb \u00ebsht\u00eb nj\u00eb fytyr\u00eb shum\u00eb e njohur p\u00ebr ju. Pra \u00ebsht\u00eb Mesida Lleshi, vajza q\u00eb u fut n\u00eb sht\u00ebpin\u00eb e \u201cBig Brother\u201d nj\u00eb jav\u00eb m\u00eb par\u00eb. Mesida ka treguar p\u00ebr veten gjat\u00eb q\u00ebndrimit nj\u00eb javor n\u00eb sht\u00ebpi. Ajo ka th\u00ebn\u00eb se ka vite q\u00eb jeton jasht\u00eb Shqip\u00ebris\u00eb me babain dhe v\u00ebllez\u00ebrit. Prind\u00ebrit i ka t\u00eb ndar\u00eb dhe maman\u00eb e saj e ka takuar vet\u00ebm kat\u00ebr her\u00eb gjat\u00eb gjith\u00eb jet\u00ebs s\u00eb saj. Kjo foto \u00ebsht\u00eb shkrepur nga paparaci yn\u00eb para se ajo t\u00eb futej n\u00eb \u201cBig Brother\u201d thjesht si n\u00eb vajz\u00eb simpatike. Mesida ka qen\u00eb tek \u201cMagic 4\u201d dit\u00ebn e Pavar\u00ebsis\u00eb n\u00eb nj\u00eb lokal t\u00eb njohur p\u00ebr karaoke dhe p\u00ebr t\u00eb qen\u00eb deri n\u00eb fund e p\u00ebrshtatshme n\u00eb look me fest\u00ebn, ajo kishte vizatuar n\u00eb trup nj\u00eb shqiponj\u00eb dhe disa yje. Edhe pse larg Shqp\u00ebris\u00eb, duket se Mesida di t\u00eb p\u00ebrshtatet shum\u00eb mir\u00eb me ambientin dhe at\u00eb nat\u00eb ajo ka qen\u00eb e shoq\u00ebruar nga shum\u00eb miq me t\u00eb cil\u00ebt ka k\u00ebnduar dhe \u00ebsht\u00eb arg\u00ebtuar.<\/p>\n","protected":false},"excerpt":{"rendered":"<p>Kjo q\u00eb shikoni n\u00eb foto tashm\u00eb \u00ebsht\u00eb nj\u00eb fytyr\u00eb shum\u00eb e njohur p\u00ebr ju. Pra \u00ebsht\u00eb Mesida Lleshi, vajza q\u00eb u fut n\u00eb sht\u00ebpin\u00eb e \u201cBig Brother\u201d nj\u00eb jav\u00eb m\u00eb par\u00eb. Mesida ka treguar p\u00ebr veten gjat\u00eb q\u00ebndrimit nj\u00eb javor n\u00eb sht\u00ebpi. Ajo ka th\u00ebn\u00eb se ka vite q\u00eb jeton jasht\u00eb Shqip\u00ebris\u00eb me babain dhe [&hellip;]<\/p>\n","protected":false},"author":1,"featured_media":0,"comment_status":"open","ping_status":"closed","sticky":false,"template":"","format":"standard","meta":{"spay_email":"","jetpack_publicize_message":"","jetpack_is_tweetstorm":false,"jetpack_publicize_feature_enabled":true},"categories":[6502],"tags":[5057,6506,6516,6712,7129,7616,7365,7364,7615,6891,6693,6887],"jetpack_publicize_connections":[],"yoast_head":"<!-- This site is optimized with the Yoast SEO plugin v19.1 - https:\/\/yoast.com\/wordpress\/plugins\/seo\/ -->\n<title>Mesida n\u00c3\u00ab Karaoke para se t\u00c3\u00ab futej n\u00c3\u00ab BB | Big Brother Albania 2<\/title>\n<meta name=\"description\" content=\"Big Brother Albania 2 - Kjo q\u00c3\u00ab shikoni n\u00c3\u00ab foto tashm\u00c3\u00ab \u00c3\u00absht\u00c3\u00ab nj\u00c3\u00ab fytyr\u00c3\u00ab shum\u00c3\u00ab e njohur p\u00c3\u00abr ju. Pra \u00c3\u00absht\u00c3\u00ab Mesida Lleshi, vajza q\u00c3\u00ab u fut n\u00c3\u00ab sht\u00c3\u00abpin\u00c3\u00ab e \u00e2\u20ac\u0153Big Brother\u00e2\u20ac\u009d nj\u00c3\u00ab jav\u00c3\u00ab m\u00c3\u00ab par\u00c3\u00ab. Mesida ka treguar p\u00c3\u00abr veten gjat\u00c3\u00ab q\u00c3\u00abndrimit nj\u00c3\u00ab javor n\u00c3\u00ab sht\u00c3\u00abpi.\" \/>\n<meta name=\"robots\" content=\"index, follow, max-snippet:-1, max-image-preview:large, max-video-preview:-1\" \/>\n<link rel=\"canonical\" href=\"https:\/\/www.visit-ulcinj.com\/blog\/2009\/03\/07\/mesida-ne-karaoke-para-se-te-futej-ne-bb\/\" \/>\n<meta property=\"og:locale\" content=\"en_US\" \/>\n<meta property=\"og:type\" content=\"article\" \/>\n<meta property=\"og:title\" content=\"Mesida n\u00c3\u00ab Karaoke para se t\u00c3\u00ab futej n\u00c3\u00ab BB | Big Brother Albania 2\" \/>\n<meta property=\"og:description\" content=\"Big Brother Albania 2 - Kjo q\u00c3\u00ab shikoni n\u00c3\u00ab foto tashm\u00c3\u00ab \u00c3\u00absht\u00c3\u00ab nj\u00c3\u00ab fytyr\u00c3\u00ab shum\u00c3\u00ab e njohur p\u00c3\u00abr ju. Pra \u00c3\u00absht\u00c3\u00ab Mesida Lleshi, vajza q\u00c3\u00ab u fut n\u00c3\u00ab sht\u00c3\u00abpin\u00c3\u00ab e \u00e2\u20ac\u0153Big Brother\u00e2\u20ac\u009d nj\u00c3\u00ab jav\u00c3\u00ab m\u00c3\u00ab par\u00c3\u00ab. Mesida ka treguar p\u00c3\u00abr veten gjat\u00c3\u00ab q\u00c3\u00abndrimit nj\u00c3\u00ab javor n\u00c3\u00ab sht\u00c3\u00abpi.\" \/>\n<meta property=\"og:url\" content=\"https:\/\/www.visit-ulcinj.com\/blog\/2009\/03\/07\/mesida-ne-karaoke-para-se-te-futej-ne-bb\/\" \/>\n<meta property=\"og:site_name\" content=\"Lajme nga Ulqini\" \/>\n<meta property=\"article:published_time\" content=\"2009-03-07T17:57:16+00:00\" \/>\n<meta property=\"og:image\" content=\"http:\/\/www.visit-ulcinj.com\/blog\/wp-content\/uploads\/2009\/03\/mesida-karakoke.jpg\" \/>\n<meta name=\"twitter:label1\" content=\"Written by\" \/>\n\t<meta name=\"twitter:data1\" content=\"ulqini\" \/>\n\t<meta name=\"twitter:label2\" content=\"Est. reading time\" \/>\n\t<meta name=\"twitter:data2\" content=\"1 minute\" \/>\n<script type=\"application\/ld+json\" class=\"yoast-schema-graph\">{\"@context\":\"https:\/\/schema.org\",\"@graph\":[{\"@type\":\"WebSite\",\"@id\":\"https:\/\/www.visit-ulcinj.com\/blog\/#website\",\"url\":\"https:\/\/www.visit-ulcinj.com\/blog\/\",\"name\":\"Lajme nga Ulqini\",\"description\":\"Lajme,Vijesti,Ulqini,Ulqin,Crna Gora,Mali i Zi\",\"potentialAction\":[{\"@type\":\"SearchAction\",\"target\":{\"@type\":\"EntryPoint\",\"urlTemplate\":\"https:\/\/www.visit-ulcinj.com\/blog\/?s={search_term_string}\"},\"query-input\":\"required name=search_term_string\"}],\"inLanguage\":\"en-US\"},{\"@type\":\"ImageObject\",\"inLanguage\":\"en-US\",\"@id\":\"https:\/\/www.visit-ulcinj.com\/blog\/2009\/03\/07\/mesida-ne-karaoke-para-se-te-futej-ne-bb\/#primaryimage\",\"url\":\"http:\/\/www.visit-ulcinj.com\/blog\/wp-content\/uploads\/2009\/03\/mesida-karakoke.jpg\",\"contentUrl\":\"http:\/\/www.visit-ulcinj.com\/blog\/wp-content\/uploads\/2009\/03\/mesida-karakoke.jpg\"},{\"@type\":\"WebPage\",\"@id\":\"https:\/\/www.visit-ulcinj.com\/blog\/2009\/03\/07\/mesida-ne-karaoke-para-se-te-futej-ne-bb\/#webpage\",\"url\":\"https:\/\/www.visit-ulcinj.com\/blog\/2009\/03\/07\/mesida-ne-karaoke-para-se-te-futej-ne-bb\/\",\"name\":\"Mesida n\u00c3\u00ab Karaoke para se t\u00c3\u00ab futej n\u00c3\u00ab BB | Big Brother Albania 2\",\"isPartOf\":{\"@id\":\"https:\/\/www.visit-ulcinj.com\/blog\/#website\"},\"primaryImageOfPage\":{\"@id\":\"https:\/\/www.visit-ulcinj.com\/blog\/2009\/03\/07\/mesida-ne-karaoke-para-se-te-futej-ne-bb\/#primaryimage\"},\"datePublished\":\"2009-03-07T17:57:16+00:00\",\"dateModified\":\"2009-03-07T17:57:16+00:00\",\"author\":{\"@id\":\"https:\/\/www.visit-ulcinj.com\/blog\/#\/schema\/person\/dcab619c614d3038751c63bc2aadc06d\"},\"description\":\"Big Brother Albania 2 - Kjo q\u00c3\u00ab shikoni n\u00c3\u00ab foto tashm\u00c3\u00ab \u00c3\u00absht\u00c3\u00ab nj\u00c3\u00ab fytyr\u00c3\u00ab shum\u00c3\u00ab e njohur p\u00c3\u00abr ju. Pra \u00c3\u00absht\u00c3\u00ab Mesida Lleshi, vajza q\u00c3\u00ab u fut n\u00c3\u00ab sht\u00c3\u00abpin\u00c3\u00ab e \u00e2\u20ac\u0153Big Brother\u00e2\u20ac\u009d nj\u00c3\u00ab jav\u00c3\u00ab m\u00c3\u00ab par\u00c3\u00ab. Mesida ka treguar p\u00c3\u00abr veten gjat\u00c3\u00ab q\u00c3\u00abndrimit nj\u00c3\u00ab javor n\u00c3\u00ab sht\u00c3\u00abpi.\",\"breadcrumb\":{\"@id\":\"https:\/\/www.visit-ulcinj.com\/blog\/2009\/03\/07\/mesida-ne-karaoke-para-se-te-futej-ne-bb\/#breadcrumb\"},\"inLanguage\":\"en-US\",\"potentialAction\":[{\"@type\":\"ReadAction\",\"target\":[\"https:\/\/www.visit-ulcinj.com\/blog\/2009\/03\/07\/mesida-ne-karaoke-para-se-te-futej-ne-bb\/\"]}]},{\"@type\":\"BreadcrumbList\",\"@id\":\"https:\/\/www.visit-ulcinj.com\/blog\/2009\/03\/07\/mesida-ne-karaoke-para-se-te-futej-ne-bb\/#breadcrumb\",\"itemListElement\":[{\"@type\":\"ListItem\",\"position\":1,\"name\":\"Mesida n\u00eb Karaoke para se t\u00eb futej n\u00eb BB\"}]},{\"@type\":\"Person\",\"@id\":\"https:\/\/www.visit-ulcinj.com\/blog\/#\/schema\/person\/dcab619c614d3038751c63bc2aadc06d\",\"name\":\"ulqini\",\"sameAs\":[\"http:\/\/www.visit-ulcinj.com\"],\"url\":\"https:\/\/www.visit-ulcinj.com\/blog\/author\/admin\/\"}]}<\/script>\n<!-- \/ Yoast SEO plugin. -->","yoast_head_json":{"title":"Mesida n\u00c3\u00ab Karaoke para se t\u00c3\u00ab futej n\u00c3\u00ab BB | Big Brother Albania 2","description":"Big Brother Albania 2 - Kjo q\u00c3\u00ab shikoni n\u00c3\u00ab foto tashm\u00c3\u00ab \u00c3\u00absht\u00c3\u00ab nj\u00c3\u00ab fytyr\u00c3\u00ab shum\u00c3\u00ab e njohur p\u00c3\u00abr ju. Pra \u00c3\u00absht\u00c3\u00ab Mesida Lleshi, vajza q\u00c3\u00ab u fut n\u00c3\u00ab sht\u00c3\u00abpin\u00c3\u00ab e \u00e2\u20ac\u0153Big Brother\u00e2\u20ac\u009d nj\u00c3\u00ab jav\u00c3\u00ab m\u00c3\u00ab par\u00c3\u00ab. Mesida ka treguar p\u00c3\u00abr veten gjat\u00c3\u00ab q\u00c3\u00abndrimit nj\u00c3\u00ab javor n\u00c3\u00ab sht\u00c3\u00abpi.","robots":{"index":"index","follow":"follow","max-snippet":"max-snippet:-1","max-image-preview":"max-image-preview:large","max-video-preview":"max-video-preview:-1"},"canonical":"https:\/\/www.visit-ulcinj.com\/blog\/2009\/03\/07\/mesida-ne-karaoke-para-se-te-futej-ne-bb\/","og_locale":"en_US","og_type":"article","og_title":"Mesida n\u00c3\u00ab Karaoke para se t\u00c3\u00ab futej n\u00c3\u00ab BB | Big Brother Albania 2","og_description":"Big Brother Albania 2 - Kjo q\u00c3\u00ab shikoni n\u00c3\u00ab foto tashm\u00c3\u00ab \u00c3\u00absht\u00c3\u00ab nj\u00c3\u00ab fytyr\u00c3\u00ab shum\u00c3\u00ab e njohur p\u00c3\u00abr ju. Pra \u00c3\u00absht\u00c3\u00ab Mesida Lleshi, vajza q\u00c3\u00ab u fut n\u00c3\u00ab sht\u00c3\u00abpin\u00c3\u00ab e \u00e2\u20ac\u0153Big Brother\u00e2\u20ac\u009d nj\u00c3\u00ab jav\u00c3\u00ab m\u00c3\u00ab par\u00c3\u00ab. Mesida ka treguar p\u00c3\u00abr veten gjat\u00c3\u00ab q\u00c3\u00abndrimit nj\u00c3\u00ab javor n\u00c3\u00ab sht\u00c3\u00abpi.","og_url":"https:\/\/www.visit-ulcinj.com\/blog\/2009\/03\/07\/mesida-ne-karaoke-para-se-te-futej-ne-bb\/","og_site_name":"Lajme nga Ulqini","article_published_time":"2009-03-07T17:57:16+00:00","og_image":[{"url":"http:\/\/www.visit-ulcinj.com\/blog\/wp-content\/uploads\/2009\/03\/mesida-karakoke.jpg"}],"twitter_misc":{"Written by":"ulqini","Est. reading time":"1 minute"},"schema":{"@context":"https:\/\/schema.org","@graph":[{"@type":"WebSite","@id":"https:\/\/www.visit-ulcinj.com\/blog\/#website","url":"https:\/\/www.visit-ulcinj.com\/blog\/","name":"Lajme nga Ulqini","description":"Lajme,Vijesti,Ulqini,Ulqin,Crna Gora,Mali i Zi","potentialAction":[{"@type":"SearchAction","target":{"@type":"EntryPoint","urlTemplate":"https:\/\/www.visit-ulcinj.com\/blog\/?s={search_term_string}"},"query-input":"required name=search_term_string"}],"inLanguage":"en-US"},{"@type":"ImageObject","inLanguage":"en-US","@id":"https:\/\/www.visit-ulcinj.com\/blog\/2009\/03\/07\/mesida-ne-karaoke-para-se-te-futej-ne-bb\/#primaryimage","url":"http:\/\/www.visit-ulcinj.com\/blog\/wp-content\/uploads\/2009\/03\/mesida-karakoke.jpg","contentUrl":"http:\/\/www.visit-ulcinj.com\/blog\/wp-content\/uploads\/2009\/03\/mesida-karakoke.jpg"},{"@type":"WebPage","@id":"https:\/\/www.visit-ulcinj.com\/blog\/2009\/03\/07\/mesida-ne-karaoke-para-se-te-futej-ne-bb\/#webpage","url":"https:\/\/www.visit-ulcinj.com\/blog\/2009\/03\/07\/mesida-ne-karaoke-para-se-te-futej-ne-bb\/","name":"Mesida n\u00c3\u00ab Karaoke para se t\u00c3\u00ab futej n\u00c3\u00ab BB | Big Brother Albania 2","isPartOf":{"@id":"https:\/\/www.visit-ulcinj.com\/blog\/#website"},"primaryImageOfPage":{"@id":"https:\/\/www.visit-ulcinj.com\/blog\/2009\/03\/07\/mesida-ne-karaoke-para-se-te-futej-ne-bb\/#primaryimage"},"datePublished":"2009-03-07T17:57:16+00:00","dateModified":"2009-03-07T17:57:16+00:00","author":{"@id":"https:\/\/www.visit-ulcinj.com\/blog\/#\/schema\/person\/dcab619c614d3038751c63bc2aadc06d"},"description":"Big Brother Albania 2 - Kjo q\u00c3\u00ab shikoni n\u00c3\u00ab foto tashm\u00c3\u00ab \u00c3\u00absht\u00c3\u00ab nj\u00c3\u00ab fytyr\u00c3\u00ab shum\u00c3\u00ab e njohur p\u00c3\u00abr ju. Pra \u00c3\u00absht\u00c3\u00ab Mesida Lleshi, vajza q\u00c3\u00ab u fut n\u00c3\u00ab sht\u00c3\u00abpin\u00c3\u00ab e \u00e2\u20ac\u0153Big Brother\u00e2\u20ac\u009d nj\u00c3\u00ab jav\u00c3\u00ab m\u00c3\u00ab par\u00c3\u00ab. Mesida ka treguar p\u00c3\u00abr veten gjat\u00c3\u00ab q\u00c3\u00abndrimit nj\u00c3\u00ab javor n\u00c3\u00ab sht\u00c3\u00abpi.","breadcrumb":{"@id":"https:\/\/www.visit-ulcinj.com\/blog\/2009\/03\/07\/mesida-ne-karaoke-para-se-te-futej-ne-bb\/#breadcrumb"},"inLanguage":"en-US","potentialAction":[{"@type":"ReadAction","target":["https:\/\/www.visit-ulcinj.com\/blog\/2009\/03\/07\/mesida-ne-karaoke-para-se-te-futej-ne-bb\/"]}]},{"@type":"BreadcrumbList","@id":"https:\/\/www.visit-ulcinj.com\/blog\/2009\/03\/07\/mesida-ne-karaoke-para-se-te-futej-ne-bb\/#breadcrumb","itemListElement":[{"@type":"ListItem","position":1,"name":"Mesida n\u00eb Karaoke para se t\u00eb futej n\u00eb BB"}]},{"@type":"Person","@id":"https:\/\/www.visit-ulcinj.com\/blog\/#\/schema\/person\/dcab619c614d3038751c63bc2aadc06d","name":"ulqini","sameAs":["http:\/\/www.visit-ulcinj.com"],"url":"https:\/\/www.visit-ulcinj.com\/blog\/author\/admin\/"}]}},"jetpack_featured_media_url":"","jetpack_sharing_enabled":true,"jetpack_shortlink":"https:\/\/wp.me\/pe6lTn-3sl","_links":{"self":[{"href":"https:\/\/www.visit-ulcinj.com\/blog\/wp-json\/wp\/v2\/posts\/13289"}],"collection":[{"href":"https:\/\/www.visit-ulcinj.com\/blog\/wp-json\/wp\/v2\/posts"}],"about":[{"href":"https:\/\/www.visit-ulcinj.com\/blog\/wp-json\/wp\/v2\/types\/post"}],"author":[{"embeddable":true,"href":"https:\/\/www.visit-ulcinj.com\/blog\/wp-json\/wp\/v2\/users\/1"}],"replies":[{"embeddable":true,"href":"https:\/\/www.visit-ulcinj.com\/blog\/wp-json\/wp\/v2\/comments?post=13289"}],"version-history":[{"count":0,"href":"https:\/\/www.visit-ulcinj.com\/blog\/wp-json\/wp\/v2\/posts\/13289\/revisions"}],"wp:attachment":[{"href":"https:\/\/www.visit-ulcinj.com\/blog\/wp-json\/wp\/v2\/media?parent=13289"}],"wp:term":[{"taxonomy":"category","embeddable":true,"href":"https:\/\/www.visit-ulcinj.com\/blog\/wp-json\/wp\/v2\/categories?post=13289"},{"taxonomy":"post_tag","embeddable":true,"href":"https:\/\/www.visit-ulcinj.com\/blog\/wp-json\/wp\/v2\/tags?post=13289"}],"curies":[{"name":"wp","href":"https:\/\/api.w.org\/{rel}","templated":true}]}}