{"id":13305,"date":"2009-03-07T22:07:19","date_gmt":"2009-03-07T21:07:19","guid":{"rendered":"http:\/\/www.visit-ulcinj.com\/blog\/?p=13305"},"modified":"2009-03-17T16:41:58","modified_gmt":"2009-03-17T15:41:58","slug":"sot-ne-ulqin-qendroi-per-vizite-millo-gjukanoviq","status":"publish","type":"post","link":"https:\/\/www.visit-ulcinj.com\/blog\/2009\/03\/07\/sot-ne-ulqin-qendroi-per-vizite-millo-gjukanoviq\/","title":{"rendered":"Video &#8211; Sot n\u00eb Ulqin q\u00ebndroi p\u00ebr vizit\u00eb Millo Gjukanoviq"},"content":{"rendered":"<p><a href=\"http:\/\/www.visit-ulcinj.com\/blog\/wp-content\/uploads\/2009\/03\/kryetar-hajdinaga-me-kryeministrin-gjukanoviq.jpg\"><img loading=\"lazy\" class=\"alignleft size-full wp-image-13307\" title=\"kryetar-hajdinaga-me-kryeministrin-gjukanoviq\" src=\"http:\/\/www.visit-ulcinj.com\/blog\/wp-content\/uploads\/2009\/03\/kryetar-hajdinaga-me-kryeministrin-gjukanoviq.jpg\" alt=\"kryetar-hajdinaga-me-kryeministrin-gjukanoviq\" width=\"570\" height=\"400\" \/><\/a>N\u00eb Ulqin q\u00ebndroi p\u00ebr vizit\u00eb Kryeministri i Malit t\u00eb Zi, Millo Gjukanoviq.Ai u takua me Kryetarin e Ulqinit z. G\u00ebzim Hajdinaga.N\u00eb nj takim t\u00eb hapur dhe miq\u00ebsor\u00eb u prek\u00ebn nj\u00eb s\u00ebr\u00eb \u00e7\u00ebshtjesh t\u00eb r\u00ebnd\u00ebsishme, ve\u00e7mas ata  q\u00eb kan\u00eb t\u00eb b\u00ebjn\u00eb me investimet q\u00eb jan\u00eb duke u realizuar dhe ata madhore q\u00eb priten t\u00eb realizohen n\u00eb nj\u00eb t\u00eb ardhme t\u00eb shpejt\u00eb.<\/p>\n<p>Kryeministri Gjukanoviq theksoi angazhimin e Qeveris\u00eb n\u00eb realizimin e k\u00ebtyre projekteve dhe n\u00ebnvizoi q\u00eb Komuna e Ulqinit p\u00ebrher\u00eb mund t\u00eb llogaris\u00eb n\u00eb p\u00ebrkrahjen e Qeverise respektivisht dikastereve p\u00ebrkat\u00ebse.<\/p>\n<p><strong>Municipality of Ulcinj \/ Ulqin &#8211; Montenegro<\/strong><\/p>\n<p><strong>Arsllan Hajdinaga<\/strong><\/p>\n<p><strong>Fotografijat n\u00eb Kat\u00ebrkoll jan eskluzivitet i web sajtit <a href=\"http:\/\/www.ulqini.de\/shqip.htm\" target=\"_blank\">www.ulqini.de<\/a><\/strong><\/p>\n<p><strong><\/strong><\/p>\n<p><strong>\n\t\t<style type=\"text\/css\">\n\t\t\t#gallery-1 {\n\t\t\t\tmargin: auto;\n\t\t\t}\n\t\t\t#gallery-1 .gallery-item {\n\t\t\t\tfloat: left;\n\t\t\t\tmargin-top: 10px;\n\t\t\t\ttext-align: center;\n\t\t\t\twidth: 33%;\n\t\t\t}\n\t\t\t#gallery-1 img {\n\t\t\t\tborder: 2px solid #cfcfcf;\n\t\t\t}\n\t\t\t#gallery-1 .gallery-caption {\n\t\t\t\tmargin-left: 0;\n\t\t\t}\n\t\t\t\/* see gallery_shortcode() in wp-includes\/media.php *\/\n\t\t<\/style>\n\t\t<div id='gallery-1' class='gallery galleryid-13305 gallery-columns-3 gallery-size-thumbnail'><dl class='gallery-item'>\n\t\t\t<dt class='gallery-icon landscape'>\n\t\t\t\t<a href='https:\/\/www.visit-ulcinj.com\/blog\/2009\/03\/07\/sot-ne-ulqin-qendroi-per-vizite-millo-gjukanoviq\/kryetar-hajdinaga-me-kryeministrin-gjukanoviq\/'><img width=\"150\" height=\"150\" src=\"https:\/\/www.visit-ulcinj.com\/blog\/wp-content\/uploads\/2009\/03\/kryetar-hajdinaga-me-kryeministrin-gjukanoviq-150x150.jpg\" class=\"attachment-thumbnail size-thumbnail\" alt=\"\" loading=\"lazy\" \/><\/a>\n\t\t\t<\/dt><\/dl><dl class='gallery-item'>\n\t\t\t<dt class='gallery-icon landscape'>\n\t\t\t\t<a href='https:\/\/www.visit-ulcinj.com\/blog\/2009\/03\/07\/sot-ne-ulqin-qendroi-per-vizite-millo-gjukanoviq\/luigj-shkrela_dps_ulcinj_ulqin\/'><img width=\"150\" height=\"150\" src=\"https:\/\/www.visit-ulcinj.com\/blog\/wp-content\/uploads\/2009\/03\/luigj-shkrela_dps_ulcinj_ulqin-150x150.jpg\" class=\"attachment-thumbnail size-thumbnail\" alt=\"\" loading=\"lazy\" \/><\/a>\n\t\t\t<\/dt><\/dl><dl class='gallery-item'>\n\t\t\t<dt class='gallery-icon landscape'>\n\t\t\t\t<a href='https:\/\/www.visit-ulcinj.com\/blog\/2009\/03\/07\/sot-ne-ulqin-qendroi-per-vizite-millo-gjukanoviq\/milo-dukanovic-u-ulcinju-7-marta1\/'><img width=\"150\" height=\"150\" src=\"https:\/\/www.visit-ulcinj.com\/blog\/wp-content\/uploads\/2009\/03\/milo-dukanovic-u-ulcinju-7-marta1-150x150.jpg\" class=\"attachment-thumbnail size-thumbnail\" alt=\"\" loading=\"lazy\" \/><\/a>\n\t\t\t<\/dt><\/dl><br style=\"clear: both\" \/><dl class='gallery-item'>\n\t\t\t<dt class='gallery-icon landscape'>\n\t\t\t\t<a href='https:\/\/www.visit-ulcinj.com\/blog\/2009\/03\/07\/sot-ne-ulqin-qendroi-per-vizite-millo-gjukanoviq\/milo-dukanovic-u-ulcinju-7-marta2\/'><img width=\"150\" height=\"150\" src=\"https:\/\/www.visit-ulcinj.com\/blog\/wp-content\/uploads\/2009\/03\/milo-dukanovic-u-ulcinju-7-marta2-150x150.jpg\" class=\"attachment-thumbnail size-thumbnail\" alt=\"\" loading=\"lazy\" \/><\/a>\n\t\t\t<\/dt><\/dl><dl class='gallery-item'>\n\t\t\t<dt class='gallery-icon landscape'>\n\t\t\t\t<a href='https:\/\/www.visit-ulcinj.com\/blog\/2009\/03\/07\/sot-ne-ulqin-qendroi-per-vizite-millo-gjukanoviq\/milo-dukanovic-u-ulcinju-7-marta3\/'><img width=\"150\" height=\"150\" src=\"https:\/\/www.visit-ulcinj.com\/blog\/wp-content\/uploads\/2009\/03\/milo-dukanovic-u-ulcinju-7-marta3-150x150.jpg\" class=\"attachment-thumbnail size-thumbnail\" alt=\"\" loading=\"lazy\" \/><\/a>\n\t\t\t<\/dt><\/dl><dl class='gallery-item'>\n\t\t\t<dt class='gallery-icon landscape'>\n\t\t\t\t<a href='https:\/\/www.visit-ulcinj.com\/blog\/2009\/03\/07\/sot-ne-ulqin-qendroi-per-vizite-millo-gjukanoviq\/milo-dukanovic-u-ulcinju-7-marta\/'><img width=\"150\" height=\"150\" src=\"https:\/\/www.visit-ulcinj.com\/blog\/wp-content\/uploads\/2009\/03\/milo-dukanovic-u-ulcinju-7-marta-150x150.jpg\" class=\"attachment-thumbnail size-thumbnail\" alt=\"\" loading=\"lazy\" \/><\/a>\n\t\t\t<\/dt><\/dl><br style=\"clear: both\" \/><dl class='gallery-item'>\n\t\t\t<dt class='gallery-icon landscape'>\n\t\t\t\t<a href='https:\/\/www.visit-ulcinj.com\/blog\/2009\/03\/07\/sot-ne-ulqin-qendroi-per-vizite-millo-gjukanoviq\/millo-gjukanoviq-ne-katerkoll070320091\/'><img width=\"150\" height=\"150\" src=\"https:\/\/www.visit-ulcinj.com\/blog\/wp-content\/uploads\/2009\/03\/millo-gjukanoviq-ne-katerkoll070320091-150x150.jpg\" class=\"attachment-thumbnail size-thumbnail\" alt=\"\" loading=\"lazy\" \/><\/a>\n\t\t\t<\/dt><\/dl><dl class='gallery-item'>\n\t\t\t<dt class='gallery-icon landscape'>\n\t\t\t\t<a href='https:\/\/www.visit-ulcinj.com\/blog\/2009\/03\/07\/sot-ne-ulqin-qendroi-per-vizite-millo-gjukanoviq\/millo-gjukanoviq-ne-katerkoll070320092\/'><img width=\"150\" height=\"150\" src=\"https:\/\/www.visit-ulcinj.com\/blog\/wp-content\/uploads\/2009\/03\/millo-gjukanoviq-ne-katerkoll070320092-150x150.jpg\" class=\"attachment-thumbnail size-thumbnail\" alt=\"\" loading=\"lazy\" \/><\/a>\n\t\t\t<\/dt><\/dl><dl class='gallery-item'>\n\t\t\t<dt class='gallery-icon landscape'>\n\t\t\t\t<a href='https:\/\/www.visit-ulcinj.com\/blog\/2009\/03\/07\/sot-ne-ulqin-qendroi-per-vizite-millo-gjukanoviq\/millo-gjukanoviq-ne-katerkoll070320093\/'><img width=\"150\" height=\"150\" src=\"https:\/\/www.visit-ulcinj.com\/blog\/wp-content\/uploads\/2009\/03\/millo-gjukanoviq-ne-katerkoll070320093-150x150.jpg\" class=\"attachment-thumbnail size-thumbnail\" alt=\"\" loading=\"lazy\" \/><\/a>\n\t\t\t<\/dt><\/dl><br style=\"clear: both\" \/><dl class='gallery-item'>\n\t\t\t<dt class='gallery-icon landscape'>\n\t\t\t\t<a href='https:\/\/www.visit-ulcinj.com\/blog\/2009\/03\/07\/sot-ne-ulqin-qendroi-per-vizite-millo-gjukanoviq\/millo-gjukanoviq-ne-katerkoll070320094\/'><img width=\"150\" height=\"150\" src=\"https:\/\/www.visit-ulcinj.com\/blog\/wp-content\/uploads\/2009\/03\/millo-gjukanoviq-ne-katerkoll070320094-150x150.jpg\" class=\"attachment-thumbnail size-thumbnail\" alt=\"\" loading=\"lazy\" \/><\/a>\n\t\t\t<\/dt><\/dl><dl class='gallery-item'>\n\t\t\t<dt class='gallery-icon landscape'>\n\t\t\t\t<a href='https:\/\/www.visit-ulcinj.com\/blog\/2009\/03\/07\/sot-ne-ulqin-qendroi-per-vizite-millo-gjukanoviq\/millo-gjukanoviq-ne-katerkoll070320095\/'><img width=\"150\" height=\"150\" src=\"https:\/\/www.visit-ulcinj.com\/blog\/wp-content\/uploads\/2009\/03\/millo-gjukanoviq-ne-katerkoll070320095-150x150.jpg\" class=\"attachment-thumbnail size-thumbnail\" alt=\"\" loading=\"lazy\" \/><\/a>\n\t\t\t<\/dt><\/dl><dl class='gallery-item'>\n\t\t\t<dt class='gallery-icon landscape'>\n\t\t\t\t<a href='https:\/\/www.visit-ulcinj.com\/blog\/2009\/03\/07\/sot-ne-ulqin-qendroi-per-vizite-millo-gjukanoviq\/millo-gjukanoviq-ne-katerkoll070320096\/'><img width=\"150\" height=\"150\" src=\"https:\/\/www.visit-ulcinj.com\/blog\/wp-content\/uploads\/2009\/03\/millo-gjukanoviq-ne-katerkoll070320096-150x150.jpg\" class=\"attachment-thumbnail size-thumbnail\" alt=\"\" loading=\"lazy\" \/><\/a>\n\t\t\t<\/dt><\/dl><br style=\"clear: both\" \/><dl class='gallery-item'>\n\t\t\t<dt class='gallery-icon landscape'>\n\t\t\t\t<a href='https:\/\/www.visit-ulcinj.com\/blog\/2009\/03\/07\/sot-ne-ulqin-qendroi-per-vizite-millo-gjukanoviq\/millo-gjukanoviq-ne-katerkoll070320097\/'><img width=\"150\" height=\"150\" src=\"https:\/\/www.visit-ulcinj.com\/blog\/wp-content\/uploads\/2009\/03\/millo-gjukanoviq-ne-katerkoll070320097-150x150.jpg\" class=\"attachment-thumbnail size-thumbnail\" alt=\"\" loading=\"lazy\" \/><\/a>\n\t\t\t<\/dt><\/dl><dl class='gallery-item'>\n\t\t\t<dt class='gallery-icon landscape'>\n\t\t\t\t<a href='https:\/\/www.visit-ulcinj.com\/blog\/2009\/03\/07\/sot-ne-ulqin-qendroi-per-vizite-millo-gjukanoviq\/millo-gjukanoviq-ne-katerkoll070320099\/'><img width=\"150\" height=\"150\" src=\"https:\/\/www.visit-ulcinj.com\/blog\/wp-content\/uploads\/2009\/03\/millo-gjukanoviq-ne-katerkoll070320099-150x150.jpg\" class=\"attachment-thumbnail size-thumbnail\" alt=\"\" loading=\"lazy\" \/><\/a>\n\t\t\t<\/dt><\/dl><dl class='gallery-item'>\n\t\t\t<dt class='gallery-icon landscape'>\n\t\t\t\t<a href='https:\/\/www.visit-ulcinj.com\/blog\/2009\/03\/07\/sot-ne-ulqin-qendroi-per-vizite-millo-gjukanoviq\/millo-gjukanoviq-ne-katerkoll07032009\/'><img width=\"150\" height=\"150\" src=\"https:\/\/www.visit-ulcinj.com\/blog\/wp-content\/uploads\/2009\/03\/millo-gjukanoviq-ne-katerkoll07032009-150x150.jpg\" class=\"attachment-thumbnail size-thumbnail\" alt=\"\" loading=\"lazy\" \/><\/a>\n\t\t\t<\/dt><\/dl><br style=\"clear: both\" \/>\n\t\t<\/div>\n<\/p>\n<p><\/strong><\/p>\n<p><strong><\/strong><\/p>\n<p><strong><\/strong><\/p>\n<p><strong>Video 1<\/strong><\/p>\n<p><strong><\/strong><\/p>\n<p><strong><!--YouTube Error: bad URL entered--><\/strong><\/p>\n<p><strong>Video 2<\/strong><\/p>\n<p><strong><!--YouTube Error: bad URL entered--><\/strong><\/p>\n<p><strong><\/strong><\/p>\n","protected":false},"excerpt":{"rendered":"<p>N\u00eb Ulqin q\u00ebndroi p\u00ebr vizit\u00eb Kryeministri i Malit t\u00eb Zi, Millo Gjukanoviq.Ai u takua me Kryetarin e Ulqinit z. G\u00ebzim Hajdinaga.N\u00eb nj takim t\u00eb hapur dhe miq\u00ebsor\u00eb u prek\u00ebn nj\u00eb s\u00ebr\u00eb \u00e7\u00ebshtjesh t\u00eb r\u00ebnd\u00ebsishme, ve\u00e7mas ata q\u00eb kan\u00eb t\u00eb b\u00ebjn\u00eb me investimet q\u00eb jan\u00eb duke u realizuar dhe ata madhore q\u00eb priten t\u00eb realizohen n\u00eb [&hellip;]<\/p>\n","protected":false},"author":1,"featured_media":0,"comment_status":"open","ping_status":"closed","sticky":false,"template":"","format":"standard","meta":{"spay_email":"","jetpack_publicize_message":"","jetpack_is_tweetstorm":false,"jetpack_publicize_feature_enabled":true},"categories":[13],"tags":[7630,297,7628,2671,7631,2806,7629,7627],"jetpack_publicize_connections":[],"yoast_head":"<!-- This site is optimized with the Yoast SEO plugin v19.1 - https:\/\/yoast.com\/wordpress\/plugins\/seo\/ -->\n<title>Video - Sot n\u00eb Ulqin q\u00ebndroi p\u00ebr vizit\u00eb Millo Gjukanoviq - Lajme nga Ulqini<\/title>\n<meta name=\"description\" content=\"N\u00eb Ulqin q\u00ebndroi p\u00ebr vizit\u00eb Kryeministri i Malit t\u00eb Zi, Millo Gjukanoviq.Ai u takua me Kryetarin e Ulqinit z. G\u00ebzim Hajdinaga.N\u00eb nj takim t\u00eb hapur dhe\" \/>\n<meta name=\"robots\" content=\"index, follow, max-snippet:-1, max-image-preview:large, max-video-preview:-1\" \/>\n<link rel=\"canonical\" href=\"https:\/\/www.visit-ulcinj.com\/blog\/2009\/03\/07\/sot-ne-ulqin-qendroi-per-vizite-millo-gjukanoviq\/\" \/>\n<meta property=\"og:locale\" content=\"en_US\" \/>\n<meta property=\"og:type\" content=\"article\" \/>\n<meta property=\"og:title\" content=\"Video - Sot n\u00eb Ulqin q\u00ebndroi p\u00ebr vizit\u00eb Millo Gjukanoviq - Lajme nga Ulqini\" \/>\n<meta property=\"og:description\" content=\"N\u00eb Ulqin q\u00ebndroi p\u00ebr vizit\u00eb Kryeministri i Malit t\u00eb Zi, Millo Gjukanoviq.Ai u takua me Kryetarin e Ulqinit z. G\u00ebzim Hajdinaga.N\u00eb nj takim t\u00eb hapur dhe\" \/>\n<meta property=\"og:url\" content=\"https:\/\/www.visit-ulcinj.com\/blog\/2009\/03\/07\/sot-ne-ulqin-qendroi-per-vizite-millo-gjukanoviq\/\" \/>\n<meta property=\"og:site_name\" content=\"Lajme nga Ulqini\" \/>\n<meta property=\"article:published_time\" content=\"2009-03-07T21:07:19+00:00\" \/>\n<meta property=\"article:modified_time\" content=\"2009-03-17T15:41:58+00:00\" \/>\n<meta property=\"og:image\" content=\"https:\/\/www.visit-ulcinj.com\/blog\/wp-content\/uploads\/2009\/03\/kryetar-hajdinaga-me-kryeministrin-gjukanoviq-150x150.jpg\" \/>\n<meta name=\"twitter:label1\" content=\"Written by\" \/>\n\t<meta name=\"twitter:data1\" content=\"ulqini\" \/>\n\t<meta name=\"twitter:label2\" content=\"Est. reading time\" \/>\n\t<meta name=\"twitter:data2\" content=\"1 minute\" \/>\n<script type=\"application\/ld+json\" class=\"yoast-schema-graph\">{\"@context\":\"https:\/\/schema.org\",\"@graph\":[{\"@type\":\"WebSite\",\"@id\":\"https:\/\/www.visit-ulcinj.com\/blog\/#website\",\"url\":\"https:\/\/www.visit-ulcinj.com\/blog\/\",\"name\":\"Lajme nga Ulqini\",\"description\":\"Lajme,Vijesti,Ulqini,Ulqin,Crna Gora,Mali i Zi\",\"potentialAction\":[{\"@type\":\"SearchAction\",\"target\":{\"@type\":\"EntryPoint\",\"urlTemplate\":\"https:\/\/www.visit-ulcinj.com\/blog\/?s={search_term_string}\"},\"query-input\":\"required name=search_term_string\"}],\"inLanguage\":\"en-US\"},{\"@type\":\"ImageObject\",\"inLanguage\":\"en-US\",\"@id\":\"https:\/\/www.visit-ulcinj.com\/blog\/2009\/03\/07\/sot-ne-ulqin-qendroi-per-vizite-millo-gjukanoviq\/#primaryimage\",\"url\":\"https:\/\/www.visit-ulcinj.com\/blog\/wp-content\/uploads\/2009\/03\/kryetar-hajdinaga-me-kryeministrin-gjukanoviq.jpg\",\"contentUrl\":\"https:\/\/www.visit-ulcinj.com\/blog\/wp-content\/uploads\/2009\/03\/kryetar-hajdinaga-me-kryeministrin-gjukanoviq.jpg\",\"width\":\"560\",\"height\":\"468\"},{\"@type\":\"WebPage\",\"@id\":\"https:\/\/www.visit-ulcinj.com\/blog\/2009\/03\/07\/sot-ne-ulqin-qendroi-per-vizite-millo-gjukanoviq\/#webpage\",\"url\":\"https:\/\/www.visit-ulcinj.com\/blog\/2009\/03\/07\/sot-ne-ulqin-qendroi-per-vizite-millo-gjukanoviq\/\",\"name\":\"Video - Sot n\u00eb Ulqin q\u00ebndroi p\u00ebr vizit\u00eb Millo Gjukanoviq - Lajme nga Ulqini\",\"isPartOf\":{\"@id\":\"https:\/\/www.visit-ulcinj.com\/blog\/#website\"},\"primaryImageOfPage\":{\"@id\":\"https:\/\/www.visit-ulcinj.com\/blog\/2009\/03\/07\/sot-ne-ulqin-qendroi-per-vizite-millo-gjukanoviq\/#primaryimage\"},\"datePublished\":\"2009-03-07T21:07:19+00:00\",\"dateModified\":\"2009-03-17T15:41:58+00:00\",\"author\":{\"@id\":\"https:\/\/www.visit-ulcinj.com\/blog\/#\/schema\/person\/dcab619c614d3038751c63bc2aadc06d\"},\"description\":\"N\u00eb Ulqin q\u00ebndroi p\u00ebr vizit\u00eb Kryeministri i Malit t\u00eb Zi, Millo Gjukanoviq.Ai u takua me Kryetarin e Ulqinit z. G\u00ebzim Hajdinaga.N\u00eb nj takim t\u00eb hapur dhe\",\"breadcrumb\":{\"@id\":\"https:\/\/www.visit-ulcinj.com\/blog\/2009\/03\/07\/sot-ne-ulqin-qendroi-per-vizite-millo-gjukanoviq\/#breadcrumb\"},\"inLanguage\":\"en-US\",\"potentialAction\":[{\"@type\":\"ReadAction\",\"target\":[\"https:\/\/www.visit-ulcinj.com\/blog\/2009\/03\/07\/sot-ne-ulqin-qendroi-per-vizite-millo-gjukanoviq\/\"]}]},{\"@type\":\"BreadcrumbList\",\"@id\":\"https:\/\/www.visit-ulcinj.com\/blog\/2009\/03\/07\/sot-ne-ulqin-qendroi-per-vizite-millo-gjukanoviq\/#breadcrumb\",\"itemListElement\":[{\"@type\":\"ListItem\",\"position\":1,\"name\":\"Video &#8211; Sot n\u00eb Ulqin q\u00ebndroi p\u00ebr vizit\u00eb Millo Gjukanoviq\"}]},{\"@type\":\"Person\",\"@id\":\"https:\/\/www.visit-ulcinj.com\/blog\/#\/schema\/person\/dcab619c614d3038751c63bc2aadc06d\",\"name\":\"ulqini\",\"sameAs\":[\"http:\/\/www.visit-ulcinj.com\"],\"url\":\"https:\/\/www.visit-ulcinj.com\/blog\/author\/admin\/\"}]}<\/script>\n<!-- \/ Yoast SEO plugin. -->","yoast_head_json":{"title":"Video - Sot n\u00eb Ulqin q\u00ebndroi p\u00ebr vizit\u00eb Millo Gjukanoviq - Lajme nga Ulqini","description":"N\u00eb Ulqin q\u00ebndroi p\u00ebr vizit\u00eb Kryeministri i Malit t\u00eb Zi, Millo Gjukanoviq.Ai u takua me Kryetarin e Ulqinit z. G\u00ebzim Hajdinaga.N\u00eb nj takim t\u00eb hapur dhe","robots":{"index":"index","follow":"follow","max-snippet":"max-snippet:-1","max-image-preview":"max-image-preview:large","max-video-preview":"max-video-preview:-1"},"canonical":"https:\/\/www.visit-ulcinj.com\/blog\/2009\/03\/07\/sot-ne-ulqin-qendroi-per-vizite-millo-gjukanoviq\/","og_locale":"en_US","og_type":"article","og_title":"Video - Sot n\u00eb Ulqin q\u00ebndroi p\u00ebr vizit\u00eb Millo Gjukanoviq - Lajme nga Ulqini","og_description":"N\u00eb Ulqin q\u00ebndroi p\u00ebr vizit\u00eb Kryeministri i Malit t\u00eb Zi, Millo Gjukanoviq.Ai u takua me Kryetarin e Ulqinit z. G\u00ebzim Hajdinaga.N\u00eb nj takim t\u00eb hapur dhe","og_url":"https:\/\/www.visit-ulcinj.com\/blog\/2009\/03\/07\/sot-ne-ulqin-qendroi-per-vizite-millo-gjukanoviq\/","og_site_name":"Lajme nga Ulqini","article_published_time":"2009-03-07T21:07:19+00:00","article_modified_time":"2009-03-17T15:41:58+00:00","og_image":[{"url":"https:\/\/www.visit-ulcinj.com\/blog\/wp-content\/uploads\/2009\/03\/kryetar-hajdinaga-me-kryeministrin-gjukanoviq-150x150.jpg"}],"twitter_misc":{"Written by":"ulqini","Est. reading time":"1 minute"},"schema":{"@context":"https:\/\/schema.org","@graph":[{"@type":"WebSite","@id":"https:\/\/www.visit-ulcinj.com\/blog\/#website","url":"https:\/\/www.visit-ulcinj.com\/blog\/","name":"Lajme nga Ulqini","description":"Lajme,Vijesti,Ulqini,Ulqin,Crna Gora,Mali i Zi","potentialAction":[{"@type":"SearchAction","target":{"@type":"EntryPoint","urlTemplate":"https:\/\/www.visit-ulcinj.com\/blog\/?s={search_term_string}"},"query-input":"required name=search_term_string"}],"inLanguage":"en-US"},{"@type":"ImageObject","inLanguage":"en-US","@id":"https:\/\/www.visit-ulcinj.com\/blog\/2009\/03\/07\/sot-ne-ulqin-qendroi-per-vizite-millo-gjukanoviq\/#primaryimage","url":"https:\/\/www.visit-ulcinj.com\/blog\/wp-content\/uploads\/2009\/03\/kryetar-hajdinaga-me-kryeministrin-gjukanoviq.jpg","contentUrl":"https:\/\/www.visit-ulcinj.com\/blog\/wp-content\/uploads\/2009\/03\/kryetar-hajdinaga-me-kryeministrin-gjukanoviq.jpg","width":"560","height":"468"},{"@type":"WebPage","@id":"https:\/\/www.visit-ulcinj.com\/blog\/2009\/03\/07\/sot-ne-ulqin-qendroi-per-vizite-millo-gjukanoviq\/#webpage","url":"https:\/\/www.visit-ulcinj.com\/blog\/2009\/03\/07\/sot-ne-ulqin-qendroi-per-vizite-millo-gjukanoviq\/","name":"Video - Sot n\u00eb Ulqin q\u00ebndroi p\u00ebr vizit\u00eb Millo Gjukanoviq - Lajme nga Ulqini","isPartOf":{"@id":"https:\/\/www.visit-ulcinj.com\/blog\/#website"},"primaryImageOfPage":{"@id":"https:\/\/www.visit-ulcinj.com\/blog\/2009\/03\/07\/sot-ne-ulqin-qendroi-per-vizite-millo-gjukanoviq\/#primaryimage"},"datePublished":"2009-03-07T21:07:19+00:00","dateModified":"2009-03-17T15:41:58+00:00","author":{"@id":"https:\/\/www.visit-ulcinj.com\/blog\/#\/schema\/person\/dcab619c614d3038751c63bc2aadc06d"},"description":"N\u00eb Ulqin q\u00ebndroi p\u00ebr vizit\u00eb Kryeministri i Malit t\u00eb Zi, Millo Gjukanoviq.Ai u takua me Kryetarin e Ulqinit z. G\u00ebzim Hajdinaga.N\u00eb nj takim t\u00eb hapur dhe","breadcrumb":{"@id":"https:\/\/www.visit-ulcinj.com\/blog\/2009\/03\/07\/sot-ne-ulqin-qendroi-per-vizite-millo-gjukanoviq\/#breadcrumb"},"inLanguage":"en-US","potentialAction":[{"@type":"ReadAction","target":["https:\/\/www.visit-ulcinj.com\/blog\/2009\/03\/07\/sot-ne-ulqin-qendroi-per-vizite-millo-gjukanoviq\/"]}]},{"@type":"BreadcrumbList","@id":"https:\/\/www.visit-ulcinj.com\/blog\/2009\/03\/07\/sot-ne-ulqin-qendroi-per-vizite-millo-gjukanoviq\/#breadcrumb","itemListElement":[{"@type":"ListItem","position":1,"name":"Video &#8211; Sot n\u00eb Ulqin q\u00ebndroi p\u00ebr vizit\u00eb Millo Gjukanoviq"}]},{"@type":"Person","@id":"https:\/\/www.visit-ulcinj.com\/blog\/#\/schema\/person\/dcab619c614d3038751c63bc2aadc06d","name":"ulqini","sameAs":["http:\/\/www.visit-ulcinj.com"],"url":"https:\/\/www.visit-ulcinj.com\/blog\/author\/admin\/"}]}},"jetpack_featured_media_url":"","jetpack_sharing_enabled":true,"jetpack_shortlink":"https:\/\/wp.me\/pe6lTn-3sB","_links":{"self":[{"href":"https:\/\/www.visit-ulcinj.com\/blog\/wp-json\/wp\/v2\/posts\/13305"}],"collection":[{"href":"https:\/\/www.visit-ulcinj.com\/blog\/wp-json\/wp\/v2\/posts"}],"about":[{"href":"https:\/\/www.visit-ulcinj.com\/blog\/wp-json\/wp\/v2\/types\/post"}],"author":[{"embeddable":true,"href":"https:\/\/www.visit-ulcinj.com\/blog\/wp-json\/wp\/v2\/users\/1"}],"replies":[{"embeddable":true,"href":"https:\/\/www.visit-ulcinj.com\/blog\/wp-json\/wp\/v2\/comments?post=13305"}],"version-history":[{"count":0,"href":"https:\/\/www.visit-ulcinj.com\/blog\/wp-json\/wp\/v2\/posts\/13305\/revisions"}],"wp:attachment":[{"href":"https:\/\/www.visit-ulcinj.com\/blog\/wp-json\/wp\/v2\/media?parent=13305"}],"wp:term":[{"taxonomy":"category","embeddable":true,"href":"https:\/\/www.visit-ulcinj.com\/blog\/wp-json\/wp\/v2\/categories?post=13305"},{"taxonomy":"post_tag","embeddable":true,"href":"https:\/\/www.visit-ulcinj.com\/blog\/wp-json\/wp\/v2\/tags?post=13305"}],"curies":[{"name":"wp","href":"https:\/\/api.w.org\/{rel}","templated":true}]}}