{"id":13309,"date":"2009-03-07T22:20:42","date_gmt":"2009-03-07T21:20:42","guid":{"rendered":"http:\/\/www.visit-ulcinj.com\/blog\/?p=13309"},"modified":"2009-03-07T22:20:42","modified_gmt":"2009-03-07T21:20:42","slug":"aida-do-me-marre-malli-per-ju-2","status":"publish","type":"post","link":"https:\/\/www.visit-ulcinj.com\/blog\/2009\/03\/07\/aida-do-me-marre-malli-per-ju-2\/","title":{"rendered":"Aida: Do m\u00eb marr\u00eb malli p\u00ebr ju"},"content":{"rendered":"<p><em><span class=\"newsdate\"><a href=\"http:\/\/www.visit-ulcinj.com\/blog\/wp-content\/uploads\/2009\/03\/aidabikaadela1.jpg\"><img loading=\"lazy\" class=\"alignleft size-full wp-image-13310\" title=\"aida-republika-adelajda-big-brother-albania-2\" src=\"http:\/\/www.visit-ulcinj.com\/blog\/wp-content\/uploads\/2009\/03\/aidabikaadela1.jpg\" alt=\"aida-republika-adelajda-big-brother-albania-2\" width=\"300\" height=\"205\" \/><\/a>07\/03\/09 11:38<\/span><\/em><\/p>\n<p>Republika, Aida dhe Adelajda bisedojn\u00eb se si do t\u00eb jet\u00eb momenti kur t\u00eb dalin e t\u00eb shkojn\u00eb n\u00eb sht\u00ebpi. Ato thon\u00eb se kan\u00eb koh\u00eb k\u00ebtu dhe se do u duhet pak koh\u00eb q\u00eb t\u00eb ambientohen m\u00eb pas me sht\u00ebpin\u00eb e tyre. Aida e krahason me ardhjen nga jasht\u00eb vendit. Adelajda pyet n\u00ebse do t\u2019i ruajn\u00eb kontaktet kur t\u00eb jen\u00eb jasht\u00eb. Aida u thot\u00eb vajzave se ajo ka p\u00ebr ta ndjer\u00eb shum\u00eb munges\u00ebn e tyre sepse jeton vet\u00ebm dhe u m\u00ebsua me shum\u00eb njer\u00ebz. Adela i thot\u00eb me shaka se tani q\u00eb u b\u00eb VIP nuk do ta l\u00ebr\u00eb m\u00eb njeri vet\u00ebm. Bika i thot\u00eb se u mjafton nj\u00eb zile nga ajo dhe i shkojn\u00eb drejt e n\u00eb sht\u00ebpi. Ajo i thot\u00eb Adel\u00ebs se e mori nj\u00eb ftes\u00eb nga Aida dhe pak r\u00ebnd\u00ebsi ka n\u00ebse \u00ebsht\u00eb e sinqert\u00eb apo jo. Aida i p\u00ebrgjigjet se ftes\u00ebn ia ka b\u00ebr\u00eb dhe ajo le ta marr\u00eb si t\u00eb doj\u00eb. Vajzat fillojn\u00eb t\u00eb b\u00ebjn\u00eb shaka m\u00eb Aid\u00ebn dhe i thon\u00eb se kur t\u00eb trokasin n\u00eb sht\u00ebpin\u00eb e saj, ajo do t\u2019u hap\u00eb der\u00ebn e do i pyes\u00eb se kush jan\u00eb sepse n\u00eb Big Brother ka q\u00ebn\u00eb por ato nuk i mban mend. Ato qeshin me njera-tjetr\u00ebn.<\/p>\n","protected":false},"excerpt":{"rendered":"<p>07\/03\/09 11:38 Republika, Aida dhe Adelajda bisedojn\u00eb se si do t\u00eb jet\u00eb momenti kur t\u00eb dalin e t\u00eb shkojn\u00eb n\u00eb sht\u00ebpi. Ato thon\u00eb se kan\u00eb koh\u00eb k\u00ebtu dhe se do u duhet pak koh\u00eb q\u00eb t\u00eb ambientohen m\u00eb pas me sht\u00ebpin\u00eb e tyre. Aida e krahason me ardhjen nga jasht\u00eb vendit. Adelajda pyet n\u00ebse do [&hellip;]<\/p>\n","protected":false},"author":1,"featured_media":0,"comment_status":"open","ping_status":"closed","sticky":false,"template":"","format":"standard","meta":{"spay_email":"","jetpack_publicize_message":"","jetpack_is_tweetstorm":false,"jetpack_publicize_feature_enabled":true},"categories":[6502],"tags":[6562,6566,5057,6506,6516,6712,7129,7599,262,6891,6693,6887],"jetpack_publicize_connections":[],"yoast_head":"<!-- This site is optimized with the Yoast SEO plugin v19.1 - https:\/\/yoast.com\/wordpress\/plugins\/seo\/ -->\n<title>Aida: Do m\u00c3\u00ab marr\u00c3\u00ab malli p\u00c3\u00abr ju | Big Brother Albania 2<\/title>\n<meta name=\"description\" content=\"Big Brother Albania 2 : Republika, Aida dhe Adelajda bisedojn\u00c3\u00ab se si do t\u00c3\u00ab jet\u00c3\u00ab momenti kur t\u00c3\u00ab dalin e t\u00c3\u00ab shkojn\u00c3\u00ab n\u00c3\u00ab sht\u00c3\u00abpi. Ato thon\u00c3\u00ab se kan\u00c3\u00ab koh\u00c3\u00ab k\u00c3\u00abtu dhe se do u duhet pak koh\u00c3\u00ab q\u00c3\u00ab t\u00c3\u00ab ambientohen m\u00c3\u00ab pas me sht\u00c3\u00abpin\u00c3\u00ab e tyre\" \/>\n<meta name=\"robots\" content=\"index, follow, max-snippet:-1, max-image-preview:large, max-video-preview:-1\" \/>\n<link rel=\"canonical\" href=\"https:\/\/www.visit-ulcinj.com\/blog\/2009\/03\/07\/aida-do-me-marre-malli-per-ju-2\/\" \/>\n<meta property=\"og:locale\" content=\"en_US\" \/>\n<meta property=\"og:type\" content=\"article\" \/>\n<meta property=\"og:title\" content=\"Aida: Do m\u00c3\u00ab marr\u00c3\u00ab malli p\u00c3\u00abr ju | Big Brother Albania 2\" \/>\n<meta property=\"og:description\" content=\"Big Brother Albania 2 : Republika, Aida dhe Adelajda bisedojn\u00c3\u00ab se si do t\u00c3\u00ab jet\u00c3\u00ab momenti kur t\u00c3\u00ab dalin e t\u00c3\u00ab shkojn\u00c3\u00ab n\u00c3\u00ab sht\u00c3\u00abpi. Ato thon\u00c3\u00ab se kan\u00c3\u00ab koh\u00c3\u00ab k\u00c3\u00abtu dhe se do u duhet pak koh\u00c3\u00ab q\u00c3\u00ab t\u00c3\u00ab ambientohen m\u00c3\u00ab pas me sht\u00c3\u00abpin\u00c3\u00ab e tyre\" \/>\n<meta property=\"og:url\" content=\"https:\/\/www.visit-ulcinj.com\/blog\/2009\/03\/07\/aida-do-me-marre-malli-per-ju-2\/\" \/>\n<meta property=\"og:site_name\" content=\"Lajme nga Ulqini\" \/>\n<meta property=\"article:published_time\" content=\"2009-03-07T21:20:42+00:00\" \/>\n<meta property=\"og:image\" content=\"http:\/\/www.visit-ulcinj.com\/blog\/wp-content\/uploads\/2009\/03\/aidabikaadela1.jpg\" \/>\n<meta name=\"twitter:label1\" content=\"Written by\" \/>\n\t<meta name=\"twitter:data1\" content=\"ulqini\" \/>\n\t<meta name=\"twitter:label2\" content=\"Est. reading time\" \/>\n\t<meta name=\"twitter:data2\" content=\"1 minute\" \/>\n<script type=\"application\/ld+json\" class=\"yoast-schema-graph\">{\"@context\":\"https:\/\/schema.org\",\"@graph\":[{\"@type\":\"WebSite\",\"@id\":\"https:\/\/www.visit-ulcinj.com\/blog\/#website\",\"url\":\"https:\/\/www.visit-ulcinj.com\/blog\/\",\"name\":\"Lajme nga Ulqini\",\"description\":\"Lajme,Vijesti,Ulqini,Ulqin,Crna Gora,Mali i Zi\",\"potentialAction\":[{\"@type\":\"SearchAction\",\"target\":{\"@type\":\"EntryPoint\",\"urlTemplate\":\"https:\/\/www.visit-ulcinj.com\/blog\/?s={search_term_string}\"},\"query-input\":\"required name=search_term_string\"}],\"inLanguage\":\"en-US\"},{\"@type\":\"ImageObject\",\"inLanguage\":\"en-US\",\"@id\":\"https:\/\/www.visit-ulcinj.com\/blog\/2009\/03\/07\/aida-do-me-marre-malli-per-ju-2\/#primaryimage\",\"url\":\"http:\/\/www.visit-ulcinj.com\/blog\/wp-content\/uploads\/2009\/03\/aidabikaadela1.jpg\",\"contentUrl\":\"http:\/\/www.visit-ulcinj.com\/blog\/wp-content\/uploads\/2009\/03\/aidabikaadela1.jpg\"},{\"@type\":\"WebPage\",\"@id\":\"https:\/\/www.visit-ulcinj.com\/blog\/2009\/03\/07\/aida-do-me-marre-malli-per-ju-2\/#webpage\",\"url\":\"https:\/\/www.visit-ulcinj.com\/blog\/2009\/03\/07\/aida-do-me-marre-malli-per-ju-2\/\",\"name\":\"Aida: Do m\u00c3\u00ab marr\u00c3\u00ab malli p\u00c3\u00abr ju | Big Brother Albania 2\",\"isPartOf\":{\"@id\":\"https:\/\/www.visit-ulcinj.com\/blog\/#website\"},\"primaryImageOfPage\":{\"@id\":\"https:\/\/www.visit-ulcinj.com\/blog\/2009\/03\/07\/aida-do-me-marre-malli-per-ju-2\/#primaryimage\"},\"datePublished\":\"2009-03-07T21:20:42+00:00\",\"dateModified\":\"2009-03-07T21:20:42+00:00\",\"author\":{\"@id\":\"https:\/\/www.visit-ulcinj.com\/blog\/#\/schema\/person\/dcab619c614d3038751c63bc2aadc06d\"},\"description\":\"Big Brother Albania 2 : Republika, Aida dhe Adelajda bisedojn\u00c3\u00ab se si do t\u00c3\u00ab jet\u00c3\u00ab momenti kur t\u00c3\u00ab dalin e t\u00c3\u00ab shkojn\u00c3\u00ab n\u00c3\u00ab sht\u00c3\u00abpi. Ato thon\u00c3\u00ab se kan\u00c3\u00ab koh\u00c3\u00ab k\u00c3\u00abtu dhe se do u duhet pak koh\u00c3\u00ab q\u00c3\u00ab t\u00c3\u00ab ambientohen m\u00c3\u00ab pas me sht\u00c3\u00abpin\u00c3\u00ab e tyre\",\"breadcrumb\":{\"@id\":\"https:\/\/www.visit-ulcinj.com\/blog\/2009\/03\/07\/aida-do-me-marre-malli-per-ju-2\/#breadcrumb\"},\"inLanguage\":\"en-US\",\"potentialAction\":[{\"@type\":\"ReadAction\",\"target\":[\"https:\/\/www.visit-ulcinj.com\/blog\/2009\/03\/07\/aida-do-me-marre-malli-per-ju-2\/\"]}]},{\"@type\":\"BreadcrumbList\",\"@id\":\"https:\/\/www.visit-ulcinj.com\/blog\/2009\/03\/07\/aida-do-me-marre-malli-per-ju-2\/#breadcrumb\",\"itemListElement\":[{\"@type\":\"ListItem\",\"position\":1,\"name\":\"Aida: Do m\u00eb marr\u00eb malli p\u00ebr ju\"}]},{\"@type\":\"Person\",\"@id\":\"https:\/\/www.visit-ulcinj.com\/blog\/#\/schema\/person\/dcab619c614d3038751c63bc2aadc06d\",\"name\":\"ulqini\",\"sameAs\":[\"http:\/\/www.visit-ulcinj.com\"],\"url\":\"https:\/\/www.visit-ulcinj.com\/blog\/author\/admin\/\"}]}<\/script>\n<!-- \/ Yoast SEO plugin. -->","yoast_head_json":{"title":"Aida: Do m\u00c3\u00ab marr\u00c3\u00ab malli p\u00c3\u00abr ju | Big Brother Albania 2","description":"Big Brother Albania 2 : Republika, Aida dhe Adelajda bisedojn\u00c3\u00ab se si do t\u00c3\u00ab jet\u00c3\u00ab momenti kur t\u00c3\u00ab dalin e t\u00c3\u00ab shkojn\u00c3\u00ab n\u00c3\u00ab sht\u00c3\u00abpi. Ato thon\u00c3\u00ab se kan\u00c3\u00ab koh\u00c3\u00ab k\u00c3\u00abtu dhe se do u duhet pak koh\u00c3\u00ab q\u00c3\u00ab t\u00c3\u00ab ambientohen m\u00c3\u00ab pas me sht\u00c3\u00abpin\u00c3\u00ab e tyre","robots":{"index":"index","follow":"follow","max-snippet":"max-snippet:-1","max-image-preview":"max-image-preview:large","max-video-preview":"max-video-preview:-1"},"canonical":"https:\/\/www.visit-ulcinj.com\/blog\/2009\/03\/07\/aida-do-me-marre-malli-per-ju-2\/","og_locale":"en_US","og_type":"article","og_title":"Aida: Do m\u00c3\u00ab marr\u00c3\u00ab malli p\u00c3\u00abr ju | Big Brother Albania 2","og_description":"Big Brother Albania 2 : Republika, Aida dhe Adelajda bisedojn\u00c3\u00ab se si do t\u00c3\u00ab jet\u00c3\u00ab momenti kur t\u00c3\u00ab dalin e t\u00c3\u00ab shkojn\u00c3\u00ab n\u00c3\u00ab sht\u00c3\u00abpi. Ato thon\u00c3\u00ab se kan\u00c3\u00ab koh\u00c3\u00ab k\u00c3\u00abtu dhe se do u duhet pak koh\u00c3\u00ab q\u00c3\u00ab t\u00c3\u00ab ambientohen m\u00c3\u00ab pas me sht\u00c3\u00abpin\u00c3\u00ab e tyre","og_url":"https:\/\/www.visit-ulcinj.com\/blog\/2009\/03\/07\/aida-do-me-marre-malli-per-ju-2\/","og_site_name":"Lajme nga Ulqini","article_published_time":"2009-03-07T21:20:42+00:00","og_image":[{"url":"http:\/\/www.visit-ulcinj.com\/blog\/wp-content\/uploads\/2009\/03\/aidabikaadela1.jpg"}],"twitter_misc":{"Written by":"ulqini","Est. reading time":"1 minute"},"schema":{"@context":"https:\/\/schema.org","@graph":[{"@type":"WebSite","@id":"https:\/\/www.visit-ulcinj.com\/blog\/#website","url":"https:\/\/www.visit-ulcinj.com\/blog\/","name":"Lajme nga Ulqini","description":"Lajme,Vijesti,Ulqini,Ulqin,Crna Gora,Mali i Zi","potentialAction":[{"@type":"SearchAction","target":{"@type":"EntryPoint","urlTemplate":"https:\/\/www.visit-ulcinj.com\/blog\/?s={search_term_string}"},"query-input":"required name=search_term_string"}],"inLanguage":"en-US"},{"@type":"ImageObject","inLanguage":"en-US","@id":"https:\/\/www.visit-ulcinj.com\/blog\/2009\/03\/07\/aida-do-me-marre-malli-per-ju-2\/#primaryimage","url":"http:\/\/www.visit-ulcinj.com\/blog\/wp-content\/uploads\/2009\/03\/aidabikaadela1.jpg","contentUrl":"http:\/\/www.visit-ulcinj.com\/blog\/wp-content\/uploads\/2009\/03\/aidabikaadela1.jpg"},{"@type":"WebPage","@id":"https:\/\/www.visit-ulcinj.com\/blog\/2009\/03\/07\/aida-do-me-marre-malli-per-ju-2\/#webpage","url":"https:\/\/www.visit-ulcinj.com\/blog\/2009\/03\/07\/aida-do-me-marre-malli-per-ju-2\/","name":"Aida: Do m\u00c3\u00ab marr\u00c3\u00ab malli p\u00c3\u00abr ju | Big Brother Albania 2","isPartOf":{"@id":"https:\/\/www.visit-ulcinj.com\/blog\/#website"},"primaryImageOfPage":{"@id":"https:\/\/www.visit-ulcinj.com\/blog\/2009\/03\/07\/aida-do-me-marre-malli-per-ju-2\/#primaryimage"},"datePublished":"2009-03-07T21:20:42+00:00","dateModified":"2009-03-07T21:20:42+00:00","author":{"@id":"https:\/\/www.visit-ulcinj.com\/blog\/#\/schema\/person\/dcab619c614d3038751c63bc2aadc06d"},"description":"Big Brother Albania 2 : Republika, Aida dhe Adelajda bisedojn\u00c3\u00ab se si do t\u00c3\u00ab jet\u00c3\u00ab momenti kur t\u00c3\u00ab dalin e t\u00c3\u00ab shkojn\u00c3\u00ab n\u00c3\u00ab sht\u00c3\u00abpi. Ato thon\u00c3\u00ab se kan\u00c3\u00ab koh\u00c3\u00ab k\u00c3\u00abtu dhe se do u duhet pak koh\u00c3\u00ab q\u00c3\u00ab t\u00c3\u00ab ambientohen m\u00c3\u00ab pas me sht\u00c3\u00abpin\u00c3\u00ab e tyre","breadcrumb":{"@id":"https:\/\/www.visit-ulcinj.com\/blog\/2009\/03\/07\/aida-do-me-marre-malli-per-ju-2\/#breadcrumb"},"inLanguage":"en-US","potentialAction":[{"@type":"ReadAction","target":["https:\/\/www.visit-ulcinj.com\/blog\/2009\/03\/07\/aida-do-me-marre-malli-per-ju-2\/"]}]},{"@type":"BreadcrumbList","@id":"https:\/\/www.visit-ulcinj.com\/blog\/2009\/03\/07\/aida-do-me-marre-malli-per-ju-2\/#breadcrumb","itemListElement":[{"@type":"ListItem","position":1,"name":"Aida: Do m\u00eb marr\u00eb malli p\u00ebr ju"}]},{"@type":"Person","@id":"https:\/\/www.visit-ulcinj.com\/blog\/#\/schema\/person\/dcab619c614d3038751c63bc2aadc06d","name":"ulqini","sameAs":["http:\/\/www.visit-ulcinj.com"],"url":"https:\/\/www.visit-ulcinj.com\/blog\/author\/admin\/"}]}},"jetpack_featured_media_url":"","jetpack_sharing_enabled":true,"jetpack_shortlink":"https:\/\/wp.me\/pe6lTn-3sF","_links":{"self":[{"href":"https:\/\/www.visit-ulcinj.com\/blog\/wp-json\/wp\/v2\/posts\/13309"}],"collection":[{"href":"https:\/\/www.visit-ulcinj.com\/blog\/wp-json\/wp\/v2\/posts"}],"about":[{"href":"https:\/\/www.visit-ulcinj.com\/blog\/wp-json\/wp\/v2\/types\/post"}],"author":[{"embeddable":true,"href":"https:\/\/www.visit-ulcinj.com\/blog\/wp-json\/wp\/v2\/users\/1"}],"replies":[{"embeddable":true,"href":"https:\/\/www.visit-ulcinj.com\/blog\/wp-json\/wp\/v2\/comments?post=13309"}],"version-history":[{"count":0,"href":"https:\/\/www.visit-ulcinj.com\/blog\/wp-json\/wp\/v2\/posts\/13309\/revisions"}],"wp:attachment":[{"href":"https:\/\/www.visit-ulcinj.com\/blog\/wp-json\/wp\/v2\/media?parent=13309"}],"wp:term":[{"taxonomy":"category","embeddable":true,"href":"https:\/\/www.visit-ulcinj.com\/blog\/wp-json\/wp\/v2\/categories?post=13309"},{"taxonomy":"post_tag","embeddable":true,"href":"https:\/\/www.visit-ulcinj.com\/blog\/wp-json\/wp\/v2\/tags?post=13309"}],"curies":[{"name":"wp","href":"https:\/\/api.w.org\/{rel}","templated":true}]}}