{"id":1331,"date":"2008-04-21T11:39:51","date_gmt":"2008-04-21T16:39:51","guid":{"rendered":"http:\/\/www.visit-ulcinj.com\/blog\/?p=1331"},"modified":"2008-04-21T11:39:51","modified_gmt":"2008-04-21T16:39:51","slug":"mmf-crna-gora-ove-godine-s-najvecim-rastom-u-regionu","status":"publish","type":"post","link":"https:\/\/www.visit-ulcinj.com\/blog\/2008\/04\/21\/mmf-crna-gora-ove-godine-s-najvecim-rastom-u-regionu\/","title":{"rendered":"MMF: Crna Gora ove godine s najve?im rastom u regionu"},"content":{"rendered":"<p><a href=\"http:\/\/www.visit-ulcinj.com\/blog\/wp-content\/uploads\/2008\/04\/medunarodni-monetarni-fond.jpg\"><img loading=\"lazy\" class=\"alignleft attachment wp-att-1332\" style=\"float: left;\" src=\"http:\/\/www.visit-ulcinj.com\/blog\/wp-content\/uploads\/2008\/04\/medunarodni-monetarni-fond.thumbnail.jpg\" alt=\"Me?unarodni monetarni fond\" width=\"200\" height=\"200\" \/><\/a><strong>PODGORICA &#8211; Analiti?ari MMF-a u Regionalnom ekonomskom pregledu predvi?aju da ?e inflacija u Crnoj Gori na kraju ove godine iznositi 4,8 odsto<\/strong><br \/>\nCrna Gora bi ove godine trebalo da ostvari najve?u stopu ekonomskog rasta u regionu zapadnog Balkana, sa 7,2 odsto, ali ?e naredne godine privredna ekspanzija biti ni\u017ea i iznosi?e 5,4 odsto, prognoze su Me?unarodnog monetarnog fonda (MMF). Crnogorski rast ?e izgubiti lidersku poziciju regiona ve? naredne godine, kada se procjenjuje da ?e je prete?i Rusija, Srbija, Bosna i Hercegovina, Bjelorusija i Albanija.<br \/>\nAnaliti?ari MMF-a u Regionalnom ekonomskom pregledu predvi?aju da ?e inflacija u Crnoj Gori na kraju ove godine iznositi 4,8 odsto, dok ?e u narednoj pasti na 4,1 odsto. Manju inflaciju od Crne Gore ove godine ima?e samo Albanija, 4,2, dok ?e ve? naredne godine u Hrvatskoj, Makedoniji, Albaniji i Bosni i Hercegovini inflacija biti ni\u017ea nego u Crnoj Gori. Deficit crnogorskog teku?eg ra?una u odnosu na bruto doma?i proizvod (BDP), na kraju godine, prema prognozama MMF-a, iznosi?e 32,7 odsto, 4,3 odsto manje nego prethodne godine.<br \/>\nMMF prognozira da ?e crnogorski dr\u017eavni bud\u017eet i u ovoj godini zabilje\u017eiti suficit od 2,7 odsto BDP-a, za razliku od 5,5 odsto koliko je iznosio pro\u0161le godine.<\/p>\n<p><strong><em>Autor\/izvor<\/em>: Mina-business<\/strong><\/p>\n","protected":false},"excerpt":{"rendered":"<p><img loading=\"lazy\" class=\"alignleft attachment wp-att-1332\" style=\"float: left;\" src=\"http:\/\/www.visit-ulcinj.com\/blog\/wp-content\/uploads\/2008\/04\/medunarodni-monetarni-fond.thumbnail.jpg\" alt=\"Me?unarodni monetarni fond\" width=\"140\" height=\"140\" \/><\/p>\n","protected":false},"author":1,"featured_media":0,"comment_status":"open","ping_status":"closed","sticky":false,"template":"","format":"standard","meta":{"spay_email":"","jetpack_publicize_message":"","jetpack_is_tweetstorm":false,"jetpack_publicize_feature_enabled":true},"categories":[10,12],"tags":[2641,20,2642],"jetpack_publicize_connections":[],"yoast_head":"<!-- This site is optimized with the Yoast SEO plugin v19.1 - https:\/\/yoast.com\/wordpress\/plugins\/seo\/ -->\n<title>MMF: Crna Gora ove godine s najve?im rastom u regionu - Lajme nga Ulqini<\/title>\n<meta name=\"robots\" content=\"index, follow, max-snippet:-1, max-image-preview:large, max-video-preview:-1\" \/>\n<link rel=\"canonical\" href=\"https:\/\/www.visit-ulcinj.com\/blog\/2008\/04\/21\/mmf-crna-gora-ove-godine-s-najvecim-rastom-u-regionu\/\" \/>\n<meta property=\"og:locale\" content=\"en_US\" \/>\n<meta property=\"og:type\" content=\"article\" \/>\n<meta property=\"og:title\" content=\"MMF: Crna Gora ove godine s najve?im rastom u regionu - Lajme nga Ulqini\" \/>\n<meta property=\"og:url\" content=\"https:\/\/www.visit-ulcinj.com\/blog\/2008\/04\/21\/mmf-crna-gora-ove-godine-s-najvecim-rastom-u-regionu\/\" \/>\n<meta property=\"og:site_name\" content=\"Lajme nga Ulqini\" \/>\n<meta property=\"article:published_time\" content=\"2008-04-21T16:39:51+00:00\" \/>\n<meta property=\"og:image\" content=\"http:\/\/www.visit-ulcinj.com\/blog\/wp-content\/uploads\/2008\/04\/medunarodni-monetarni-fond.thumbnail.jpg\" \/>\n<meta name=\"twitter:label1\" content=\"Written by\" \/>\n\t<meta name=\"twitter:data1\" content=\"ulqini\" \/>\n\t<meta name=\"twitter:label2\" content=\"Est. reading time\" \/>\n\t<meta name=\"twitter:data2\" content=\"1 minute\" \/>\n<script type=\"application\/ld+json\" class=\"yoast-schema-graph\">{\"@context\":\"https:\/\/schema.org\",\"@graph\":[{\"@type\":\"WebSite\",\"@id\":\"https:\/\/www.visit-ulcinj.com\/blog\/#website\",\"url\":\"https:\/\/www.visit-ulcinj.com\/blog\/\",\"name\":\"Lajme nga Ulqini\",\"description\":\"Lajme,Vijesti,Ulqini,Ulqin,Crna Gora,Mali i Zi\",\"potentialAction\":[{\"@type\":\"SearchAction\",\"target\":{\"@type\":\"EntryPoint\",\"urlTemplate\":\"https:\/\/www.visit-ulcinj.com\/blog\/?s={search_term_string}\"},\"query-input\":\"required name=search_term_string\"}],\"inLanguage\":\"en-US\"},{\"@type\":\"ImageObject\",\"inLanguage\":\"en-US\",\"@id\":\"https:\/\/www.visit-ulcinj.com\/blog\/2008\/04\/21\/mmf-crna-gora-ove-godine-s-najvecim-rastom-u-regionu\/#primaryimage\",\"url\":\"http:\/\/www.visit-ulcinj.com\/blog\/wp-content\/uploads\/2008\/04\/medunarodni-monetarni-fond.thumbnail.jpg\",\"contentUrl\":\"http:\/\/www.visit-ulcinj.com\/blog\/wp-content\/uploads\/2008\/04\/medunarodni-monetarni-fond.thumbnail.jpg\"},{\"@type\":\"WebPage\",\"@id\":\"https:\/\/www.visit-ulcinj.com\/blog\/2008\/04\/21\/mmf-crna-gora-ove-godine-s-najvecim-rastom-u-regionu\/#webpage\",\"url\":\"https:\/\/www.visit-ulcinj.com\/blog\/2008\/04\/21\/mmf-crna-gora-ove-godine-s-najvecim-rastom-u-regionu\/\",\"name\":\"MMF: Crna Gora ove godine s najve?im rastom u regionu - Lajme nga Ulqini\",\"isPartOf\":{\"@id\":\"https:\/\/www.visit-ulcinj.com\/blog\/#website\"},\"primaryImageOfPage\":{\"@id\":\"https:\/\/www.visit-ulcinj.com\/blog\/2008\/04\/21\/mmf-crna-gora-ove-godine-s-najvecim-rastom-u-regionu\/#primaryimage\"},\"datePublished\":\"2008-04-21T16:39:51+00:00\",\"dateModified\":\"2008-04-21T16:39:51+00:00\",\"author\":{\"@id\":\"https:\/\/www.visit-ulcinj.com\/blog\/#\/schema\/person\/dcab619c614d3038751c63bc2aadc06d\"},\"breadcrumb\":{\"@id\":\"https:\/\/www.visit-ulcinj.com\/blog\/2008\/04\/21\/mmf-crna-gora-ove-godine-s-najvecim-rastom-u-regionu\/#breadcrumb\"},\"inLanguage\":\"en-US\",\"potentialAction\":[{\"@type\":\"ReadAction\",\"target\":[\"https:\/\/www.visit-ulcinj.com\/blog\/2008\/04\/21\/mmf-crna-gora-ove-godine-s-najvecim-rastom-u-regionu\/\"]}]},{\"@type\":\"BreadcrumbList\",\"@id\":\"https:\/\/www.visit-ulcinj.com\/blog\/2008\/04\/21\/mmf-crna-gora-ove-godine-s-najvecim-rastom-u-regionu\/#breadcrumb\",\"itemListElement\":[{\"@type\":\"ListItem\",\"position\":1,\"name\":\"MMF: Crna Gora ove godine s najve?im rastom u regionu\"}]},{\"@type\":\"Person\",\"@id\":\"https:\/\/www.visit-ulcinj.com\/blog\/#\/schema\/person\/dcab619c614d3038751c63bc2aadc06d\",\"name\":\"ulqini\",\"sameAs\":[\"http:\/\/www.visit-ulcinj.com\"],\"url\":\"https:\/\/www.visit-ulcinj.com\/blog\/author\/admin\/\"}]}<\/script>\n<!-- \/ Yoast SEO plugin. -->","yoast_head_json":{"title":"MMF: Crna Gora ove godine s najve?im rastom u regionu - Lajme nga Ulqini","robots":{"index":"index","follow":"follow","max-snippet":"max-snippet:-1","max-image-preview":"max-image-preview:large","max-video-preview":"max-video-preview:-1"},"canonical":"https:\/\/www.visit-ulcinj.com\/blog\/2008\/04\/21\/mmf-crna-gora-ove-godine-s-najvecim-rastom-u-regionu\/","og_locale":"en_US","og_type":"article","og_title":"MMF: Crna Gora ove godine s najve?im rastom u regionu - Lajme nga Ulqini","og_url":"https:\/\/www.visit-ulcinj.com\/blog\/2008\/04\/21\/mmf-crna-gora-ove-godine-s-najvecim-rastom-u-regionu\/","og_site_name":"Lajme nga Ulqini","article_published_time":"2008-04-21T16:39:51+00:00","og_image":[{"url":"http:\/\/www.visit-ulcinj.com\/blog\/wp-content\/uploads\/2008\/04\/medunarodni-monetarni-fond.thumbnail.jpg"}],"twitter_misc":{"Written by":"ulqini","Est. reading time":"1 minute"},"schema":{"@context":"https:\/\/schema.org","@graph":[{"@type":"WebSite","@id":"https:\/\/www.visit-ulcinj.com\/blog\/#website","url":"https:\/\/www.visit-ulcinj.com\/blog\/","name":"Lajme nga Ulqini","description":"Lajme,Vijesti,Ulqini,Ulqin,Crna Gora,Mali i Zi","potentialAction":[{"@type":"SearchAction","target":{"@type":"EntryPoint","urlTemplate":"https:\/\/www.visit-ulcinj.com\/blog\/?s={search_term_string}"},"query-input":"required name=search_term_string"}],"inLanguage":"en-US"},{"@type":"ImageObject","inLanguage":"en-US","@id":"https:\/\/www.visit-ulcinj.com\/blog\/2008\/04\/21\/mmf-crna-gora-ove-godine-s-najvecim-rastom-u-regionu\/#primaryimage","url":"http:\/\/www.visit-ulcinj.com\/blog\/wp-content\/uploads\/2008\/04\/medunarodni-monetarni-fond.thumbnail.jpg","contentUrl":"http:\/\/www.visit-ulcinj.com\/blog\/wp-content\/uploads\/2008\/04\/medunarodni-monetarni-fond.thumbnail.jpg"},{"@type":"WebPage","@id":"https:\/\/www.visit-ulcinj.com\/blog\/2008\/04\/21\/mmf-crna-gora-ove-godine-s-najvecim-rastom-u-regionu\/#webpage","url":"https:\/\/www.visit-ulcinj.com\/blog\/2008\/04\/21\/mmf-crna-gora-ove-godine-s-najvecim-rastom-u-regionu\/","name":"MMF: Crna Gora ove godine s najve?im rastom u regionu - Lajme nga Ulqini","isPartOf":{"@id":"https:\/\/www.visit-ulcinj.com\/blog\/#website"},"primaryImageOfPage":{"@id":"https:\/\/www.visit-ulcinj.com\/blog\/2008\/04\/21\/mmf-crna-gora-ove-godine-s-najvecim-rastom-u-regionu\/#primaryimage"},"datePublished":"2008-04-21T16:39:51+00:00","dateModified":"2008-04-21T16:39:51+00:00","author":{"@id":"https:\/\/www.visit-ulcinj.com\/blog\/#\/schema\/person\/dcab619c614d3038751c63bc2aadc06d"},"breadcrumb":{"@id":"https:\/\/www.visit-ulcinj.com\/blog\/2008\/04\/21\/mmf-crna-gora-ove-godine-s-najvecim-rastom-u-regionu\/#breadcrumb"},"inLanguage":"en-US","potentialAction":[{"@type":"ReadAction","target":["https:\/\/www.visit-ulcinj.com\/blog\/2008\/04\/21\/mmf-crna-gora-ove-godine-s-najvecim-rastom-u-regionu\/"]}]},{"@type":"BreadcrumbList","@id":"https:\/\/www.visit-ulcinj.com\/blog\/2008\/04\/21\/mmf-crna-gora-ove-godine-s-najvecim-rastom-u-regionu\/#breadcrumb","itemListElement":[{"@type":"ListItem","position":1,"name":"MMF: Crna Gora ove godine s najve?im rastom u regionu"}]},{"@type":"Person","@id":"https:\/\/www.visit-ulcinj.com\/blog\/#\/schema\/person\/dcab619c614d3038751c63bc2aadc06d","name":"ulqini","sameAs":["http:\/\/www.visit-ulcinj.com"],"url":"https:\/\/www.visit-ulcinj.com\/blog\/author\/admin\/"}]}},"jetpack_featured_media_url":"","jetpack_sharing_enabled":true,"jetpack_shortlink":"https:\/\/wp.me\/pe6lTn-lt","_links":{"self":[{"href":"https:\/\/www.visit-ulcinj.com\/blog\/wp-json\/wp\/v2\/posts\/1331"}],"collection":[{"href":"https:\/\/www.visit-ulcinj.com\/blog\/wp-json\/wp\/v2\/posts"}],"about":[{"href":"https:\/\/www.visit-ulcinj.com\/blog\/wp-json\/wp\/v2\/types\/post"}],"author":[{"embeddable":true,"href":"https:\/\/www.visit-ulcinj.com\/blog\/wp-json\/wp\/v2\/users\/1"}],"replies":[{"embeddable":true,"href":"https:\/\/www.visit-ulcinj.com\/blog\/wp-json\/wp\/v2\/comments?post=1331"}],"version-history":[{"count":0,"href":"https:\/\/www.visit-ulcinj.com\/blog\/wp-json\/wp\/v2\/posts\/1331\/revisions"}],"wp:attachment":[{"href":"https:\/\/www.visit-ulcinj.com\/blog\/wp-json\/wp\/v2\/media?parent=1331"}],"wp:term":[{"taxonomy":"category","embeddable":true,"href":"https:\/\/www.visit-ulcinj.com\/blog\/wp-json\/wp\/v2\/categories?post=1331"},{"taxonomy":"post_tag","embeddable":true,"href":"https:\/\/www.visit-ulcinj.com\/blog\/wp-json\/wp\/v2\/tags?post=1331"}],"curies":[{"name":"wp","href":"https:\/\/api.w.org\/{rel}","templated":true}]}}