{"id":13316,"date":"2009-03-07T22:28:38","date_gmt":"2009-03-07T21:28:38","guid":{"rendered":"http:\/\/www.visit-ulcinj.com\/blog\/?p=13316"},"modified":"2009-03-07T22:28:38","modified_gmt":"2009-03-07T21:28:38","slug":"surpriza-per-pavlinin","status":"publish","type":"post","link":"https:\/\/www.visit-ulcinj.com\/blog\/2009\/03\/07\/surpriza-per-pavlinin\/","title":{"rendered":"Surpriza p\u00ebr Pavlinin"},"content":{"rendered":"<p><em><span class=\"newsdate\"><a href=\"http:\/\/www.visit-ulcinj.com\/blog\/wp-content\/uploads\/2009\/03\/pavlini-gjate-spetaklit.jpg\"><img loading=\"lazy\" class=\"alignleft size-full wp-image-13318\" title=\"pavlini-gjate-spetaklit-big-brother-albania-2\" src=\"http:\/\/www.visit-ulcinj.com\/blog\/wp-content\/uploads\/2009\/03\/pavlini-gjate-spetaklit.jpg\" alt=\"pavlini-gjate-spetaklit-big-brother-albania-2\" width=\"300\" height=\"205\" \/><\/a>07\/03\/09 21:10<\/span><\/em><\/p>\n<p>Big Brother me d\u00ebshir\u00ebn p\u00ebr t\u00eb mb\u00ebshtetur Pavlinin n\u00eb situat\u00ebn e tij, mendoi t`i pergatis\u00eb nj\u00eb surpriz\u00eb. P\u00ebr k\u00ebt\u00eb ka kontaktuar me n\u00ebn\u00ebn e f\u00ebmij\u00ebve t\u00eb tij. Ajo i ka l\u00ebn\u00eb nj\u00eb videomesazh n\u00eb t\u00eb cil\u00ebn ajo i thot\u00eb Pavlinit q\u00eb \u00ebsht\u00eb i lir\u00eb t`i takoj\u00eb f\u00ebmij\u00ebt e tij kur t\u00eb d\u00ebshiroj\u00eb dhe se p\u00ebr k\u00ebt\u00eb gj\u00eb nuk e ka penguar njeri. Pavlini sqaron situat\u00ebn n\u00eb lidhje me regjistrimin e f\u00ebmij\u00ebve t\u00eb tij. Ai thot\u00eb q\u00eb djalin nuk pati mund\u00ebsi ta regjistroj\u00eb pasi dy dit\u00eb m\u00eb von\u00eb ai hyri n\u00eb Big Brother por kur t\u00eb dal\u00eb nga sht\u00ebpia do e regjistroj\u00eb. Pavlini i tregon banor\u00ebve t\u00eb tjer\u00eb p\u00ebr surpriz\u00ebn dhe thot\u00eb:-\u201cishte mesazh shum\u00eb i mir\u00eb ky q\u00eb m\u00eb dhan\u00eb\u201d.<\/p>\n","protected":false},"excerpt":{"rendered":"<p>07\/03\/09 21:10 Big Brother me d\u00ebshir\u00ebn p\u00ebr t\u00eb mb\u00ebshtetur Pavlinin n\u00eb situat\u00ebn e tij, mendoi t`i pergatis\u00eb nj\u00eb surpriz\u00eb. P\u00ebr k\u00ebt\u00eb ka kontaktuar me n\u00ebn\u00ebn e f\u00ebmij\u00ebve t\u00eb tij. Ajo i ka l\u00ebn\u00eb nj\u00eb videomesazh n\u00eb t\u00eb cil\u00ebn ajo i thot\u00eb Pavlinit q\u00eb \u00ebsht\u00eb i lir\u00eb t`i takoj\u00eb f\u00ebmij\u00ebt e tij kur t\u00eb d\u00ebshiroj\u00eb dhe [&hellip;]<\/p>\n","protected":false},"author":1,"featured_media":0,"comment_status":"open","ping_status":"closed","sticky":false,"template":"","format":"standard","meta":{"spay_email":"","jetpack_publicize_message":"","jetpack_is_tweetstorm":false,"jetpack_publicize_feature_enabled":true},"categories":[6502],"tags":[5057,6506,6516,6712,7129,6540,7634,6891,6693,6887],"jetpack_publicize_connections":[],"yoast_head":"<!-- This site is optimized with the Yoast SEO plugin v19.1 - https:\/\/yoast.com\/wordpress\/plugins\/seo\/ -->\n<title>Surpriza p\u00c3\u00abr Pavlinin | Big Brother Albania 2<\/title>\n<meta name=\"description\" content=\"Big Brother Albania 2 : Big Brother me d\u00c3\u00abshir\u00c3\u00abn p\u00c3\u00abr t\u00c3\u00ab mb\u00c3\u00abshtetur Pavlinin n\u00c3\u00ab situat\u00c3\u00abn e tij, mendoi t`i pergatis\u00c3\u00ab nj\u00c3\u00ab surpriz\u00c3\u00ab.\" \/>\n<meta name=\"robots\" content=\"index, follow, max-snippet:-1, max-image-preview:large, max-video-preview:-1\" \/>\n<link rel=\"canonical\" href=\"https:\/\/www.visit-ulcinj.com\/blog\/2009\/03\/07\/surpriza-per-pavlinin\/\" \/>\n<meta property=\"og:locale\" content=\"en_US\" \/>\n<meta property=\"og:type\" content=\"article\" \/>\n<meta property=\"og:title\" content=\"Surpriza p\u00c3\u00abr Pavlinin | Big Brother Albania 2\" \/>\n<meta property=\"og:description\" content=\"Big Brother Albania 2 : Big Brother me d\u00c3\u00abshir\u00c3\u00abn p\u00c3\u00abr t\u00c3\u00ab mb\u00c3\u00abshtetur Pavlinin n\u00c3\u00ab situat\u00c3\u00abn e tij, mendoi t`i pergatis\u00c3\u00ab nj\u00c3\u00ab surpriz\u00c3\u00ab.\" \/>\n<meta property=\"og:url\" content=\"https:\/\/www.visit-ulcinj.com\/blog\/2009\/03\/07\/surpriza-per-pavlinin\/\" \/>\n<meta property=\"og:site_name\" content=\"Lajme nga Ulqini\" \/>\n<meta property=\"article:published_time\" content=\"2009-03-07T21:28:38+00:00\" \/>\n<meta property=\"og:image\" content=\"http:\/\/www.visit-ulcinj.com\/blog\/wp-content\/uploads\/2009\/03\/pavlini-gjate-spetaklit.jpg\" \/>\n<meta name=\"twitter:label1\" content=\"Written by\" \/>\n\t<meta name=\"twitter:data1\" content=\"ulqini\" \/>\n\t<meta name=\"twitter:label2\" content=\"Est. reading time\" \/>\n\t<meta name=\"twitter:data2\" content=\"1 minute\" \/>\n<script type=\"application\/ld+json\" class=\"yoast-schema-graph\">{\"@context\":\"https:\/\/schema.org\",\"@graph\":[{\"@type\":\"WebSite\",\"@id\":\"https:\/\/www.visit-ulcinj.com\/blog\/#website\",\"url\":\"https:\/\/www.visit-ulcinj.com\/blog\/\",\"name\":\"Lajme nga Ulqini\",\"description\":\"Lajme,Vijesti,Ulqini,Ulqin,Crna Gora,Mali i Zi\",\"potentialAction\":[{\"@type\":\"SearchAction\",\"target\":{\"@type\":\"EntryPoint\",\"urlTemplate\":\"https:\/\/www.visit-ulcinj.com\/blog\/?s={search_term_string}\"},\"query-input\":\"required name=search_term_string\"}],\"inLanguage\":\"en-US\"},{\"@type\":\"ImageObject\",\"inLanguage\":\"en-US\",\"@id\":\"https:\/\/www.visit-ulcinj.com\/blog\/2009\/03\/07\/surpriza-per-pavlinin\/#primaryimage\",\"url\":\"http:\/\/www.visit-ulcinj.com\/blog\/wp-content\/uploads\/2009\/03\/pavlini-gjate-spetaklit.jpg\",\"contentUrl\":\"http:\/\/www.visit-ulcinj.com\/blog\/wp-content\/uploads\/2009\/03\/pavlini-gjate-spetaklit.jpg\"},{\"@type\":\"WebPage\",\"@id\":\"https:\/\/www.visit-ulcinj.com\/blog\/2009\/03\/07\/surpriza-per-pavlinin\/#webpage\",\"url\":\"https:\/\/www.visit-ulcinj.com\/blog\/2009\/03\/07\/surpriza-per-pavlinin\/\",\"name\":\"Surpriza p\u00c3\u00abr Pavlinin | Big Brother Albania 2\",\"isPartOf\":{\"@id\":\"https:\/\/www.visit-ulcinj.com\/blog\/#website\"},\"primaryImageOfPage\":{\"@id\":\"https:\/\/www.visit-ulcinj.com\/blog\/2009\/03\/07\/surpriza-per-pavlinin\/#primaryimage\"},\"datePublished\":\"2009-03-07T21:28:38+00:00\",\"dateModified\":\"2009-03-07T21:28:38+00:00\",\"author\":{\"@id\":\"https:\/\/www.visit-ulcinj.com\/blog\/#\/schema\/person\/dcab619c614d3038751c63bc2aadc06d\"},\"description\":\"Big Brother Albania 2 : Big Brother me d\u00c3\u00abshir\u00c3\u00abn p\u00c3\u00abr t\u00c3\u00ab mb\u00c3\u00abshtetur Pavlinin n\u00c3\u00ab situat\u00c3\u00abn e tij, mendoi t`i pergatis\u00c3\u00ab nj\u00c3\u00ab surpriz\u00c3\u00ab.\",\"breadcrumb\":{\"@id\":\"https:\/\/www.visit-ulcinj.com\/blog\/2009\/03\/07\/surpriza-per-pavlinin\/#breadcrumb\"},\"inLanguage\":\"en-US\",\"potentialAction\":[{\"@type\":\"ReadAction\",\"target\":[\"https:\/\/www.visit-ulcinj.com\/blog\/2009\/03\/07\/surpriza-per-pavlinin\/\"]}]},{\"@type\":\"BreadcrumbList\",\"@id\":\"https:\/\/www.visit-ulcinj.com\/blog\/2009\/03\/07\/surpriza-per-pavlinin\/#breadcrumb\",\"itemListElement\":[{\"@type\":\"ListItem\",\"position\":1,\"name\":\"Surpriza p\u00ebr Pavlinin\"}]},{\"@type\":\"Person\",\"@id\":\"https:\/\/www.visit-ulcinj.com\/blog\/#\/schema\/person\/dcab619c614d3038751c63bc2aadc06d\",\"name\":\"ulqini\",\"sameAs\":[\"http:\/\/www.visit-ulcinj.com\"],\"url\":\"https:\/\/www.visit-ulcinj.com\/blog\/author\/admin\/\"}]}<\/script>\n<!-- \/ Yoast SEO plugin. -->","yoast_head_json":{"title":"Surpriza p\u00c3\u00abr Pavlinin | Big Brother Albania 2","description":"Big Brother Albania 2 : Big Brother me d\u00c3\u00abshir\u00c3\u00abn p\u00c3\u00abr t\u00c3\u00ab mb\u00c3\u00abshtetur Pavlinin n\u00c3\u00ab situat\u00c3\u00abn e tij, mendoi t`i pergatis\u00c3\u00ab nj\u00c3\u00ab surpriz\u00c3\u00ab.","robots":{"index":"index","follow":"follow","max-snippet":"max-snippet:-1","max-image-preview":"max-image-preview:large","max-video-preview":"max-video-preview:-1"},"canonical":"https:\/\/www.visit-ulcinj.com\/blog\/2009\/03\/07\/surpriza-per-pavlinin\/","og_locale":"en_US","og_type":"article","og_title":"Surpriza p\u00c3\u00abr Pavlinin | Big Brother Albania 2","og_description":"Big Brother Albania 2 : Big Brother me d\u00c3\u00abshir\u00c3\u00abn p\u00c3\u00abr t\u00c3\u00ab mb\u00c3\u00abshtetur Pavlinin n\u00c3\u00ab situat\u00c3\u00abn e tij, mendoi t`i pergatis\u00c3\u00ab nj\u00c3\u00ab surpriz\u00c3\u00ab.","og_url":"https:\/\/www.visit-ulcinj.com\/blog\/2009\/03\/07\/surpriza-per-pavlinin\/","og_site_name":"Lajme nga Ulqini","article_published_time":"2009-03-07T21:28:38+00:00","og_image":[{"url":"http:\/\/www.visit-ulcinj.com\/blog\/wp-content\/uploads\/2009\/03\/pavlini-gjate-spetaklit.jpg"}],"twitter_misc":{"Written by":"ulqini","Est. reading time":"1 minute"},"schema":{"@context":"https:\/\/schema.org","@graph":[{"@type":"WebSite","@id":"https:\/\/www.visit-ulcinj.com\/blog\/#website","url":"https:\/\/www.visit-ulcinj.com\/blog\/","name":"Lajme nga Ulqini","description":"Lajme,Vijesti,Ulqini,Ulqin,Crna Gora,Mali i Zi","potentialAction":[{"@type":"SearchAction","target":{"@type":"EntryPoint","urlTemplate":"https:\/\/www.visit-ulcinj.com\/blog\/?s={search_term_string}"},"query-input":"required name=search_term_string"}],"inLanguage":"en-US"},{"@type":"ImageObject","inLanguage":"en-US","@id":"https:\/\/www.visit-ulcinj.com\/blog\/2009\/03\/07\/surpriza-per-pavlinin\/#primaryimage","url":"http:\/\/www.visit-ulcinj.com\/blog\/wp-content\/uploads\/2009\/03\/pavlini-gjate-spetaklit.jpg","contentUrl":"http:\/\/www.visit-ulcinj.com\/blog\/wp-content\/uploads\/2009\/03\/pavlini-gjate-spetaklit.jpg"},{"@type":"WebPage","@id":"https:\/\/www.visit-ulcinj.com\/blog\/2009\/03\/07\/surpriza-per-pavlinin\/#webpage","url":"https:\/\/www.visit-ulcinj.com\/blog\/2009\/03\/07\/surpriza-per-pavlinin\/","name":"Surpriza p\u00c3\u00abr Pavlinin | Big Brother Albania 2","isPartOf":{"@id":"https:\/\/www.visit-ulcinj.com\/blog\/#website"},"primaryImageOfPage":{"@id":"https:\/\/www.visit-ulcinj.com\/blog\/2009\/03\/07\/surpriza-per-pavlinin\/#primaryimage"},"datePublished":"2009-03-07T21:28:38+00:00","dateModified":"2009-03-07T21:28:38+00:00","author":{"@id":"https:\/\/www.visit-ulcinj.com\/blog\/#\/schema\/person\/dcab619c614d3038751c63bc2aadc06d"},"description":"Big Brother Albania 2 : Big Brother me d\u00c3\u00abshir\u00c3\u00abn p\u00c3\u00abr t\u00c3\u00ab mb\u00c3\u00abshtetur Pavlinin n\u00c3\u00ab situat\u00c3\u00abn e tij, mendoi t`i pergatis\u00c3\u00ab nj\u00c3\u00ab surpriz\u00c3\u00ab.","breadcrumb":{"@id":"https:\/\/www.visit-ulcinj.com\/blog\/2009\/03\/07\/surpriza-per-pavlinin\/#breadcrumb"},"inLanguage":"en-US","potentialAction":[{"@type":"ReadAction","target":["https:\/\/www.visit-ulcinj.com\/blog\/2009\/03\/07\/surpriza-per-pavlinin\/"]}]},{"@type":"BreadcrumbList","@id":"https:\/\/www.visit-ulcinj.com\/blog\/2009\/03\/07\/surpriza-per-pavlinin\/#breadcrumb","itemListElement":[{"@type":"ListItem","position":1,"name":"Surpriza p\u00ebr Pavlinin"}]},{"@type":"Person","@id":"https:\/\/www.visit-ulcinj.com\/blog\/#\/schema\/person\/dcab619c614d3038751c63bc2aadc06d","name":"ulqini","sameAs":["http:\/\/www.visit-ulcinj.com"],"url":"https:\/\/www.visit-ulcinj.com\/blog\/author\/admin\/"}]}},"jetpack_featured_media_url":"","jetpack_sharing_enabled":true,"jetpack_shortlink":"https:\/\/wp.me\/pe6lTn-3sM","_links":{"self":[{"href":"https:\/\/www.visit-ulcinj.com\/blog\/wp-json\/wp\/v2\/posts\/13316"}],"collection":[{"href":"https:\/\/www.visit-ulcinj.com\/blog\/wp-json\/wp\/v2\/posts"}],"about":[{"href":"https:\/\/www.visit-ulcinj.com\/blog\/wp-json\/wp\/v2\/types\/post"}],"author":[{"embeddable":true,"href":"https:\/\/www.visit-ulcinj.com\/blog\/wp-json\/wp\/v2\/users\/1"}],"replies":[{"embeddable":true,"href":"https:\/\/www.visit-ulcinj.com\/blog\/wp-json\/wp\/v2\/comments?post=13316"}],"version-history":[{"count":0,"href":"https:\/\/www.visit-ulcinj.com\/blog\/wp-json\/wp\/v2\/posts\/13316\/revisions"}],"wp:attachment":[{"href":"https:\/\/www.visit-ulcinj.com\/blog\/wp-json\/wp\/v2\/media?parent=13316"}],"wp:term":[{"taxonomy":"category","embeddable":true,"href":"https:\/\/www.visit-ulcinj.com\/blog\/wp-json\/wp\/v2\/categories?post=13316"},{"taxonomy":"post_tag","embeddable":true,"href":"https:\/\/www.visit-ulcinj.com\/blog\/wp-json\/wp\/v2\/tags?post=13316"}],"curies":[{"name":"wp","href":"https:\/\/api.w.org\/{rel}","templated":true}]}}