{"id":13329,"date":"2009-03-07T22:36:16","date_gmt":"2009-03-07T21:36:16","guid":{"rendered":"http:\/\/www.visit-ulcinj.com\/blog\/?p=13329"},"modified":"2009-03-07T22:36:16","modified_gmt":"2009-03-07T21:36:16","slug":"arjon-nuk-dua-te-dal","status":"publish","type":"post","link":"https:\/\/www.visit-ulcinj.com\/blog\/2009\/03\/07\/arjon-nuk-dua-te-dal\/","title":{"rendered":"Arjon: Nuk dua t\u00eb dal"},"content":{"rendered":"<p><em><span class=\"newsdate\"><a href=\"http:\/\/www.visit-ulcinj.com\/blog\/wp-content\/uploads\/2009\/03\/arjoni.jpg\"><img loading=\"lazy\" class=\"alignleft size-full wp-image-13328\" title=\"arjoni-big-brother-albania-2\" src=\"http:\/\/www.visit-ulcinj.com\/blog\/wp-content\/uploads\/2009\/03\/arjoni.jpg\" alt=\"arjoni-big-brother-albania-2\" width=\"300\" height=\"205\" \/><\/a>07\/03\/09 14:37<\/span><\/em><\/p>\n<p>Adelajda pyet Arjonin se si ndihet p\u00ebr nat\u00ebn e spetaklit dhe faktin q\u00eb mund t\u00eb dal\u00eb nga sht\u00ebpia. Ai i thot\u00eb q\u00eb nuk ka ndonj\u00eb emocion shum\u00eb t\u00eb madh pasi e ka kaluar nj\u00ebher\u00eb k\u00ebt\u00eb faz\u00eb, por gjith\u00ebsesi nj\u00eb lloj emocioni ndjen. Adelajda i thot\u00eb:-\u201cUn\u00eb nuk dua q\u00eb ti t\u00eb dal\u00ebsh\u201d! Arjoni i thot\u00eb q\u00eb dhe ai nuk e d\u00ebshiron k\u00ebt\u00eb gj\u00eb, pasi p\u00ebr t\u00eb \u00ebsht\u00eb nj\u00eb eksperienc\u00eb q\u00eb nuk p\u00ebrs\u00ebritet. Ai thot\u00eb q\u00eb tani ndjehet i qet\u00eb n\u00eb sht\u00ebpi dhe se ka d\u00ebshir\u00eb t\u00eb q\u00ebndroj\u00eb ende aty. Adelajda i thot\u00eb q\u00eb me kalimin e koh\u00ebs i duket sikur nuk do dalin ndonj\u00ebher\u00eb nga sht\u00ebpia,por kur vjen nominimi kujtohet q\u00eb kjo gj\u00eb do t\u00eb ndodh\u00eb. Mesida thot\u00eb se kur je brenda n\u00eb sht\u00ebpi ndjenjat shtohen,dhe miq\u00ebsohesh me nj\u00ebri-tjetrin dhe p\u00ebr dy dit\u00eb. Adelajda thot\u00eb:-\u201cE kisha imagjinuar ndryshe Big Brotherin nga ekrani,por \u00ebsht\u00eb ndryshe kur e jeton\u201d.<\/p>\n","protected":false},"excerpt":{"rendered":"<p>07\/03\/09 14:37 Adelajda pyet Arjonin se si ndihet p\u00ebr nat\u00ebn e spetaklit dhe faktin q\u00eb mund t\u00eb dal\u00eb nga sht\u00ebpia. Ai i thot\u00eb q\u00eb nuk ka ndonj\u00eb emocion shum\u00eb t\u00eb madh pasi e ka kaluar nj\u00ebher\u00eb k\u00ebt\u00eb faz\u00eb, por gjith\u00ebsesi nj\u00eb lloj emocioni ndjen. Adelajda i thot\u00eb:-\u201cUn\u00eb nuk dua q\u00eb ti t\u00eb dal\u00ebsh\u201d! Arjoni i [&hellip;]<\/p>\n","protected":false},"author":1,"featured_media":0,"comment_status":"open","ping_status":"closed","sticky":false,"template":"","format":"standard","meta":{"spay_email":"","jetpack_publicize_message":"","jetpack_is_tweetstorm":false,"jetpack_publicize_feature_enabled":true},"categories":[6502],"tags":[6566,6558,5057,6506,6516,6712,7129,7636,6540,6891,6693,6887],"jetpack_publicize_connections":[],"yoast_head":"<!-- This site is optimized with the Yoast SEO plugin v19.1 - https:\/\/yoast.com\/wordpress\/plugins\/seo\/ -->\n<title>Arjon: Nuk dua t\u00c3\u00ab dal | Big Brother Albania 2<\/title>\n<meta name=\"description\" content=\"Big Brother Albania 2 - Adelajda pyet Arjonin se si ndihet p\u00c3\u00abr nat\u00c3\u00abn e spetaklit dhe faktin q\u00c3\u00ab mund t\u00c3\u00ab dal\u00c3\u00ab nga sht\u00c3\u00abpia\" \/>\n<meta name=\"robots\" content=\"index, follow, max-snippet:-1, max-image-preview:large, max-video-preview:-1\" \/>\n<link rel=\"canonical\" href=\"https:\/\/www.visit-ulcinj.com\/blog\/2009\/03\/07\/arjon-nuk-dua-te-dal\/\" \/>\n<meta property=\"og:locale\" content=\"en_US\" \/>\n<meta property=\"og:type\" content=\"article\" \/>\n<meta property=\"og:title\" content=\"Arjon: Nuk dua t\u00c3\u00ab dal | Big Brother Albania 2\" \/>\n<meta property=\"og:description\" content=\"Big Brother Albania 2 - Adelajda pyet Arjonin se si ndihet p\u00c3\u00abr nat\u00c3\u00abn e spetaklit dhe faktin q\u00c3\u00ab mund t\u00c3\u00ab dal\u00c3\u00ab nga sht\u00c3\u00abpia\" \/>\n<meta property=\"og:url\" content=\"https:\/\/www.visit-ulcinj.com\/blog\/2009\/03\/07\/arjon-nuk-dua-te-dal\/\" \/>\n<meta property=\"og:site_name\" content=\"Lajme nga Ulqini\" \/>\n<meta property=\"article:published_time\" content=\"2009-03-07T21:36:16+00:00\" \/>\n<meta property=\"og:image\" content=\"http:\/\/www.visit-ulcinj.com\/blog\/wp-content\/uploads\/2009\/03\/arjoni.jpg\" \/>\n<meta name=\"twitter:label1\" content=\"Written by\" \/>\n\t<meta name=\"twitter:data1\" content=\"ulqini\" \/>\n\t<meta name=\"twitter:label2\" content=\"Est. reading time\" \/>\n\t<meta name=\"twitter:data2\" content=\"1 minute\" \/>\n<script type=\"application\/ld+json\" class=\"yoast-schema-graph\">{\"@context\":\"https:\/\/schema.org\",\"@graph\":[{\"@type\":\"WebSite\",\"@id\":\"https:\/\/www.visit-ulcinj.com\/blog\/#website\",\"url\":\"https:\/\/www.visit-ulcinj.com\/blog\/\",\"name\":\"Lajme nga Ulqini\",\"description\":\"Lajme,Vijesti,Ulqini,Ulqin,Crna Gora,Mali i Zi\",\"potentialAction\":[{\"@type\":\"SearchAction\",\"target\":{\"@type\":\"EntryPoint\",\"urlTemplate\":\"https:\/\/www.visit-ulcinj.com\/blog\/?s={search_term_string}\"},\"query-input\":\"required name=search_term_string\"}],\"inLanguage\":\"en-US\"},{\"@type\":\"ImageObject\",\"inLanguage\":\"en-US\",\"@id\":\"https:\/\/www.visit-ulcinj.com\/blog\/2009\/03\/07\/arjon-nuk-dua-te-dal\/#primaryimage\",\"url\":\"http:\/\/www.visit-ulcinj.com\/blog\/wp-content\/uploads\/2009\/03\/arjoni.jpg\",\"contentUrl\":\"http:\/\/www.visit-ulcinj.com\/blog\/wp-content\/uploads\/2009\/03\/arjoni.jpg\"},{\"@type\":\"WebPage\",\"@id\":\"https:\/\/www.visit-ulcinj.com\/blog\/2009\/03\/07\/arjon-nuk-dua-te-dal\/#webpage\",\"url\":\"https:\/\/www.visit-ulcinj.com\/blog\/2009\/03\/07\/arjon-nuk-dua-te-dal\/\",\"name\":\"Arjon: Nuk dua t\u00c3\u00ab dal | Big Brother Albania 2\",\"isPartOf\":{\"@id\":\"https:\/\/www.visit-ulcinj.com\/blog\/#website\"},\"primaryImageOfPage\":{\"@id\":\"https:\/\/www.visit-ulcinj.com\/blog\/2009\/03\/07\/arjon-nuk-dua-te-dal\/#primaryimage\"},\"datePublished\":\"2009-03-07T21:36:16+00:00\",\"dateModified\":\"2009-03-07T21:36:16+00:00\",\"author\":{\"@id\":\"https:\/\/www.visit-ulcinj.com\/blog\/#\/schema\/person\/dcab619c614d3038751c63bc2aadc06d\"},\"description\":\"Big Brother Albania 2 - Adelajda pyet Arjonin se si ndihet p\u00c3\u00abr nat\u00c3\u00abn e spetaklit dhe faktin q\u00c3\u00ab mund t\u00c3\u00ab dal\u00c3\u00ab nga sht\u00c3\u00abpia\",\"breadcrumb\":{\"@id\":\"https:\/\/www.visit-ulcinj.com\/blog\/2009\/03\/07\/arjon-nuk-dua-te-dal\/#breadcrumb\"},\"inLanguage\":\"en-US\",\"potentialAction\":[{\"@type\":\"ReadAction\",\"target\":[\"https:\/\/www.visit-ulcinj.com\/blog\/2009\/03\/07\/arjon-nuk-dua-te-dal\/\"]}]},{\"@type\":\"BreadcrumbList\",\"@id\":\"https:\/\/www.visit-ulcinj.com\/blog\/2009\/03\/07\/arjon-nuk-dua-te-dal\/#breadcrumb\",\"itemListElement\":[{\"@type\":\"ListItem\",\"position\":1,\"name\":\"Arjon: Nuk dua t\u00eb dal\"}]},{\"@type\":\"Person\",\"@id\":\"https:\/\/www.visit-ulcinj.com\/blog\/#\/schema\/person\/dcab619c614d3038751c63bc2aadc06d\",\"name\":\"ulqini\",\"sameAs\":[\"http:\/\/www.visit-ulcinj.com\"],\"url\":\"https:\/\/www.visit-ulcinj.com\/blog\/author\/admin\/\"}]}<\/script>\n<!-- \/ Yoast SEO plugin. -->","yoast_head_json":{"title":"Arjon: Nuk dua t\u00c3\u00ab dal | Big Brother Albania 2","description":"Big Brother Albania 2 - Adelajda pyet Arjonin se si ndihet p\u00c3\u00abr nat\u00c3\u00abn e spetaklit dhe faktin q\u00c3\u00ab mund t\u00c3\u00ab dal\u00c3\u00ab nga sht\u00c3\u00abpia","robots":{"index":"index","follow":"follow","max-snippet":"max-snippet:-1","max-image-preview":"max-image-preview:large","max-video-preview":"max-video-preview:-1"},"canonical":"https:\/\/www.visit-ulcinj.com\/blog\/2009\/03\/07\/arjon-nuk-dua-te-dal\/","og_locale":"en_US","og_type":"article","og_title":"Arjon: Nuk dua t\u00c3\u00ab dal | Big Brother Albania 2","og_description":"Big Brother Albania 2 - Adelajda pyet Arjonin se si ndihet p\u00c3\u00abr nat\u00c3\u00abn e spetaklit dhe faktin q\u00c3\u00ab mund t\u00c3\u00ab dal\u00c3\u00ab nga sht\u00c3\u00abpia","og_url":"https:\/\/www.visit-ulcinj.com\/blog\/2009\/03\/07\/arjon-nuk-dua-te-dal\/","og_site_name":"Lajme nga Ulqini","article_published_time":"2009-03-07T21:36:16+00:00","og_image":[{"url":"http:\/\/www.visit-ulcinj.com\/blog\/wp-content\/uploads\/2009\/03\/arjoni.jpg"}],"twitter_misc":{"Written by":"ulqini","Est. reading time":"1 minute"},"schema":{"@context":"https:\/\/schema.org","@graph":[{"@type":"WebSite","@id":"https:\/\/www.visit-ulcinj.com\/blog\/#website","url":"https:\/\/www.visit-ulcinj.com\/blog\/","name":"Lajme nga Ulqini","description":"Lajme,Vijesti,Ulqini,Ulqin,Crna Gora,Mali i Zi","potentialAction":[{"@type":"SearchAction","target":{"@type":"EntryPoint","urlTemplate":"https:\/\/www.visit-ulcinj.com\/blog\/?s={search_term_string}"},"query-input":"required name=search_term_string"}],"inLanguage":"en-US"},{"@type":"ImageObject","inLanguage":"en-US","@id":"https:\/\/www.visit-ulcinj.com\/blog\/2009\/03\/07\/arjon-nuk-dua-te-dal\/#primaryimage","url":"http:\/\/www.visit-ulcinj.com\/blog\/wp-content\/uploads\/2009\/03\/arjoni.jpg","contentUrl":"http:\/\/www.visit-ulcinj.com\/blog\/wp-content\/uploads\/2009\/03\/arjoni.jpg"},{"@type":"WebPage","@id":"https:\/\/www.visit-ulcinj.com\/blog\/2009\/03\/07\/arjon-nuk-dua-te-dal\/#webpage","url":"https:\/\/www.visit-ulcinj.com\/blog\/2009\/03\/07\/arjon-nuk-dua-te-dal\/","name":"Arjon: Nuk dua t\u00c3\u00ab dal | Big Brother Albania 2","isPartOf":{"@id":"https:\/\/www.visit-ulcinj.com\/blog\/#website"},"primaryImageOfPage":{"@id":"https:\/\/www.visit-ulcinj.com\/blog\/2009\/03\/07\/arjon-nuk-dua-te-dal\/#primaryimage"},"datePublished":"2009-03-07T21:36:16+00:00","dateModified":"2009-03-07T21:36:16+00:00","author":{"@id":"https:\/\/www.visit-ulcinj.com\/blog\/#\/schema\/person\/dcab619c614d3038751c63bc2aadc06d"},"description":"Big Brother Albania 2 - Adelajda pyet Arjonin se si ndihet p\u00c3\u00abr nat\u00c3\u00abn e spetaklit dhe faktin q\u00c3\u00ab mund t\u00c3\u00ab dal\u00c3\u00ab nga sht\u00c3\u00abpia","breadcrumb":{"@id":"https:\/\/www.visit-ulcinj.com\/blog\/2009\/03\/07\/arjon-nuk-dua-te-dal\/#breadcrumb"},"inLanguage":"en-US","potentialAction":[{"@type":"ReadAction","target":["https:\/\/www.visit-ulcinj.com\/blog\/2009\/03\/07\/arjon-nuk-dua-te-dal\/"]}]},{"@type":"BreadcrumbList","@id":"https:\/\/www.visit-ulcinj.com\/blog\/2009\/03\/07\/arjon-nuk-dua-te-dal\/#breadcrumb","itemListElement":[{"@type":"ListItem","position":1,"name":"Arjon: Nuk dua t\u00eb dal"}]},{"@type":"Person","@id":"https:\/\/www.visit-ulcinj.com\/blog\/#\/schema\/person\/dcab619c614d3038751c63bc2aadc06d","name":"ulqini","sameAs":["http:\/\/www.visit-ulcinj.com"],"url":"https:\/\/www.visit-ulcinj.com\/blog\/author\/admin\/"}]}},"jetpack_featured_media_url":"","jetpack_sharing_enabled":true,"jetpack_shortlink":"https:\/\/wp.me\/pe6lTn-3sZ","_links":{"self":[{"href":"https:\/\/www.visit-ulcinj.com\/blog\/wp-json\/wp\/v2\/posts\/13329"}],"collection":[{"href":"https:\/\/www.visit-ulcinj.com\/blog\/wp-json\/wp\/v2\/posts"}],"about":[{"href":"https:\/\/www.visit-ulcinj.com\/blog\/wp-json\/wp\/v2\/types\/post"}],"author":[{"embeddable":true,"href":"https:\/\/www.visit-ulcinj.com\/blog\/wp-json\/wp\/v2\/users\/1"}],"replies":[{"embeddable":true,"href":"https:\/\/www.visit-ulcinj.com\/blog\/wp-json\/wp\/v2\/comments?post=13329"}],"version-history":[{"count":0,"href":"https:\/\/www.visit-ulcinj.com\/blog\/wp-json\/wp\/v2\/posts\/13329\/revisions"}],"wp:attachment":[{"href":"https:\/\/www.visit-ulcinj.com\/blog\/wp-json\/wp\/v2\/media?parent=13329"}],"wp:term":[{"taxonomy":"category","embeddable":true,"href":"https:\/\/www.visit-ulcinj.com\/blog\/wp-json\/wp\/v2\/categories?post=13329"},{"taxonomy":"post_tag","embeddable":true,"href":"https:\/\/www.visit-ulcinj.com\/blog\/wp-json\/wp\/v2\/tags?post=13329"}],"curies":[{"name":"wp","href":"https:\/\/api.w.org\/{rel}","templated":true}]}}