{"id":1333,"date":"2008-04-21T12:27:24","date_gmt":"2008-04-21T17:27:24","guid":{"rendered":"http:\/\/www.visit-ulcinj.com\/blog\/?p=1333"},"modified":"2008-04-21T12:27:24","modified_gmt":"2008-04-21T17:27:24","slug":"luigj-shkreli-anetar-i-keshillit-gjyqesor-me-vendim-te-parlamentit-te-malit-te-zi","status":"publish","type":"post","link":"https:\/\/www.visit-ulcinj.com\/blog\/2008\/04\/21\/luigj-shkreli-anetar-i-keshillit-gjyqesor-me-vendim-te-parlamentit-te-malit-te-zi\/","title":{"rendered":"Luigj Shkreli an\u00ebtar i k\u00ebshillit gjyq\u00ebsor me vendim t\u00eb parlamentit t\u00eb Malit t\u00eb Zi"},"content":{"rendered":"<p><a href=\"http:\/\/www.visit-ulcinj.com\/blog\/wp-content\/uploads\/2008\/04\/luigj-shkreli-ne-parlament.jpg\"><img loading=\"lazy\" class=\"alignleft attachment wp-att-1334\" style=\"float: left;\" src=\"http:\/\/www.visit-ulcinj.com\/blog\/wp-content\/uploads\/2008\/04\/luigj-shkreli-ne-parlament.thumbnail.jpg\" alt=\"luigj shkreli\" width=\"215\" height=\"128\" \/><\/a>Podgoric\u00eb &#8211; Parlamenti i Malit t\u00eb Zi zgjodhi n\u00eb seanc\u00ebn e s\u00eb m\u00ebrkur\u00ebs s\u00eb kaluar deputetin e PDS-s\u00eb, Luigj Shkreli, an\u00ebtar t\u00eb K\u00ebshillit Gjyq\u00ebsor. Deputeti tjet\u00ebr Dragan Shoq nga Partia Popullore, i propozuar nga K\u00ebshilli administrativ, e t\u00ebrhoqi kandidatur\u00ebn sepse L\u00ebvizja p\u00ebr Ndryshime dhe Lista Serbe vler\u00ebsuan q\u00eb ky vend u takon atyre.<br \/>\nShkreli ka th\u00ebn\u00eb se zgjedhjen e tij n\u00eb K\u00ebshillin Gjyq\u00ebsor e vler\u00ebson si shum\u00eb afirmative duke marr\u00eb parasysh edhe faktin se vendimi \u00ebsht\u00eb marr\u00eb me votat e konsiderueshme t\u00eb t\u00eb gjith\u00eb deputet\u00ebve.<img loading=\"lazy\" class=\"alignright\" style=\"float: right;\" src=\"http:\/\/www.kohajavore.cg.yu\/slike\/1208763568.jpg\" alt=\"\" width=\"150\" height=\"212\" \/><br \/>\nAi megjithat\u00eb shpreh keqardhje p\u00ebr shkak t\u00eb mospjes\u00ebmarrjes n\u00eb votim t\u00eb deputet\u00ebve shqiptar\u00eb Mehmet Bardhi dhe Vasel Sinishtaj, si\u00e7 thot\u00eb ai, &#8220;me siguri p\u00ebr shkaqe t\u00eb arsyeshme&#8221;.<br \/>\n&#8220;Un\u00eb do t\u00eb mundohem q\u00eb me kapacitetin tim t\u00eb plot\u00eb intelektual dhe njer\u00ebzor t\u00eb p\u00ebrballoj k\u00ebt\u00eb detyr\u00eb&#8221;, thot\u00eb Shkreli.<br \/>\nK\u00ebshilli Gjyq\u00ebsor p\u00ebrb\u00ebhet nga dhjet\u00eb an\u00ebtar\u00eb dhe mandati i tij zgjat kat\u00ebr vjet. Kryetar i K\u00ebshillit Gjyq\u00ebsor \u00ebsht\u00eb kryetari i Gjykat\u00ebs s\u00eb Lart\u00eb, kurse an\u00ebtar\u00eb t\u00eb tij jan\u00eb kat\u00ebr gjykat\u00ebs t\u00eb cil\u00ebt i zgjedh dhe i shkarkon Konferenca e gjykat\u00ebsve, dy deputet\u00eb t\u00eb cil\u00ebt i zgjedh dhe i shkarkon Parlamenti nga radh\u00ebt e shumic\u00ebs parlamentare dhe opozit\u00ebs, dy jurist\u00eb t\u00eb cil\u00ebt i zgjedh dhe i shkarkon Presidenti i Malit t\u00eb Zi dhe ministri i Drejt\u00ebsis\u00eb.<br \/>\nMbledhja konstitutive e K\u00ebshillit Gjyq\u00ebsor pritet t\u00eb mbahet m\u00eb s\u00eb voni deri m\u00eb 20 prill.<\/p>\n<p><strong>i.k.<\/strong><\/p>\n<p><strong>KOHA JAVORE<\/strong><\/p>\n","protected":false},"excerpt":{"rendered":"<p><img loading=\"lazy\" class=\"alignleft attachment wp-att-1334\" style=\"float: left;\" src=\"http:\/\/www.visit-ulcinj.com\/blog\/wp-content\/uploads\/2008\/04\/luigj-shkreli-ne-parlament.thumbnail.jpg\" alt=\"luigj shkreli\" width=\"140\" height=\"140\" \/><\/p>\n","protected":false},"author":1,"featured_media":0,"comment_status":"open","ping_status":"closed","sticky":false,"template":"","format":"standard","meta":{"spay_email":"","jetpack_publicize_message":"","jetpack_is_tweetstorm":false,"jetpack_publicize_feature_enabled":true},"categories":[6,12],"tags":[2645,2644,729,347,2643,348],"jetpack_publicize_connections":[],"yoast_head":"<!-- This site is optimized with the Yoast SEO plugin v19.1 - https:\/\/yoast.com\/wordpress\/plugins\/seo\/ -->\n<title>Luigj Shkreli an\u00ebtar i k\u00ebshillit gjyq\u00ebsor me vendim t\u00eb parlamentit t\u00eb Malit t\u00eb Zi - Lajme nga Ulqini<\/title>\n<meta name=\"robots\" content=\"index, follow, max-snippet:-1, max-image-preview:large, max-video-preview:-1\" \/>\n<link rel=\"canonical\" href=\"https:\/\/www.visit-ulcinj.com\/blog\/2008\/04\/21\/luigj-shkreli-anetar-i-keshillit-gjyqesor-me-vendim-te-parlamentit-te-malit-te-zi\/\" \/>\n<meta property=\"og:locale\" content=\"en_US\" \/>\n<meta property=\"og:type\" content=\"article\" \/>\n<meta property=\"og:title\" content=\"Luigj Shkreli an\u00ebtar i k\u00ebshillit gjyq\u00ebsor me vendim t\u00eb parlamentit t\u00eb Malit t\u00eb Zi - Lajme nga Ulqini\" \/>\n<meta property=\"og:url\" content=\"https:\/\/www.visit-ulcinj.com\/blog\/2008\/04\/21\/luigj-shkreli-anetar-i-keshillit-gjyqesor-me-vendim-te-parlamentit-te-malit-te-zi\/\" \/>\n<meta property=\"og:site_name\" content=\"Lajme nga Ulqini\" \/>\n<meta property=\"article:published_time\" content=\"2008-04-21T17:27:24+00:00\" \/>\n<meta property=\"og:image\" content=\"http:\/\/www.visit-ulcinj.com\/blog\/wp-content\/uploads\/2008\/04\/luigj-shkreli-ne-parlament.thumbnail.jpg\" \/>\n<meta name=\"twitter:label1\" content=\"Written by\" \/>\n\t<meta name=\"twitter:data1\" content=\"ulqini\" \/>\n\t<meta name=\"twitter:label2\" content=\"Est. reading time\" \/>\n\t<meta name=\"twitter:data2\" content=\"1 minute\" \/>\n<script type=\"application\/ld+json\" class=\"yoast-schema-graph\">{\"@context\":\"https:\/\/schema.org\",\"@graph\":[{\"@type\":\"WebSite\",\"@id\":\"https:\/\/www.visit-ulcinj.com\/blog\/#website\",\"url\":\"https:\/\/www.visit-ulcinj.com\/blog\/\",\"name\":\"Lajme nga Ulqini\",\"description\":\"Lajme,Vijesti,Ulqini,Ulqin,Crna Gora,Mali i Zi\",\"potentialAction\":[{\"@type\":\"SearchAction\",\"target\":{\"@type\":\"EntryPoint\",\"urlTemplate\":\"https:\/\/www.visit-ulcinj.com\/blog\/?s={search_term_string}\"},\"query-input\":\"required name=search_term_string\"}],\"inLanguage\":\"en-US\"},{\"@type\":\"ImageObject\",\"inLanguage\":\"en-US\",\"@id\":\"https:\/\/www.visit-ulcinj.com\/blog\/2008\/04\/21\/luigj-shkreli-anetar-i-keshillit-gjyqesor-me-vendim-te-parlamentit-te-malit-te-zi\/#primaryimage\",\"url\":\"http:\/\/www.visit-ulcinj.com\/blog\/wp-content\/uploads\/2008\/04\/luigj-shkreli-ne-parlament.thumbnail.jpg\",\"contentUrl\":\"http:\/\/www.visit-ulcinj.com\/blog\/wp-content\/uploads\/2008\/04\/luigj-shkreli-ne-parlament.thumbnail.jpg\"},{\"@type\":\"WebPage\",\"@id\":\"https:\/\/www.visit-ulcinj.com\/blog\/2008\/04\/21\/luigj-shkreli-anetar-i-keshillit-gjyqesor-me-vendim-te-parlamentit-te-malit-te-zi\/#webpage\",\"url\":\"https:\/\/www.visit-ulcinj.com\/blog\/2008\/04\/21\/luigj-shkreli-anetar-i-keshillit-gjyqesor-me-vendim-te-parlamentit-te-malit-te-zi\/\",\"name\":\"Luigj Shkreli an\u00ebtar i k\u00ebshillit gjyq\u00ebsor me vendim t\u00eb parlamentit t\u00eb Malit t\u00eb Zi - Lajme nga Ulqini\",\"isPartOf\":{\"@id\":\"https:\/\/www.visit-ulcinj.com\/blog\/#website\"},\"primaryImageOfPage\":{\"@id\":\"https:\/\/www.visit-ulcinj.com\/blog\/2008\/04\/21\/luigj-shkreli-anetar-i-keshillit-gjyqesor-me-vendim-te-parlamentit-te-malit-te-zi\/#primaryimage\"},\"datePublished\":\"2008-04-21T17:27:24+00:00\",\"dateModified\":\"2008-04-21T17:27:24+00:00\",\"author\":{\"@id\":\"https:\/\/www.visit-ulcinj.com\/blog\/#\/schema\/person\/dcab619c614d3038751c63bc2aadc06d\"},\"breadcrumb\":{\"@id\":\"https:\/\/www.visit-ulcinj.com\/blog\/2008\/04\/21\/luigj-shkreli-anetar-i-keshillit-gjyqesor-me-vendim-te-parlamentit-te-malit-te-zi\/#breadcrumb\"},\"inLanguage\":\"en-US\",\"potentialAction\":[{\"@type\":\"ReadAction\",\"target\":[\"https:\/\/www.visit-ulcinj.com\/blog\/2008\/04\/21\/luigj-shkreli-anetar-i-keshillit-gjyqesor-me-vendim-te-parlamentit-te-malit-te-zi\/\"]}]},{\"@type\":\"BreadcrumbList\",\"@id\":\"https:\/\/www.visit-ulcinj.com\/blog\/2008\/04\/21\/luigj-shkreli-anetar-i-keshillit-gjyqesor-me-vendim-te-parlamentit-te-malit-te-zi\/#breadcrumb\",\"itemListElement\":[{\"@type\":\"ListItem\",\"position\":1,\"name\":\"Luigj Shkreli an\u00ebtar i k\u00ebshillit gjyq\u00ebsor me vendim t\u00eb parlamentit t\u00eb Malit t\u00eb Zi\"}]},{\"@type\":\"Person\",\"@id\":\"https:\/\/www.visit-ulcinj.com\/blog\/#\/schema\/person\/dcab619c614d3038751c63bc2aadc06d\",\"name\":\"ulqini\",\"sameAs\":[\"http:\/\/www.visit-ulcinj.com\"],\"url\":\"https:\/\/www.visit-ulcinj.com\/blog\/author\/admin\/\"}]}<\/script>\n<!-- \/ Yoast SEO plugin. -->","yoast_head_json":{"title":"Luigj Shkreli an\u00ebtar i k\u00ebshillit gjyq\u00ebsor me vendim t\u00eb parlamentit t\u00eb Malit t\u00eb Zi - Lajme nga Ulqini","robots":{"index":"index","follow":"follow","max-snippet":"max-snippet:-1","max-image-preview":"max-image-preview:large","max-video-preview":"max-video-preview:-1"},"canonical":"https:\/\/www.visit-ulcinj.com\/blog\/2008\/04\/21\/luigj-shkreli-anetar-i-keshillit-gjyqesor-me-vendim-te-parlamentit-te-malit-te-zi\/","og_locale":"en_US","og_type":"article","og_title":"Luigj Shkreli an\u00ebtar i k\u00ebshillit gjyq\u00ebsor me vendim t\u00eb parlamentit t\u00eb Malit t\u00eb Zi - Lajme nga Ulqini","og_url":"https:\/\/www.visit-ulcinj.com\/blog\/2008\/04\/21\/luigj-shkreli-anetar-i-keshillit-gjyqesor-me-vendim-te-parlamentit-te-malit-te-zi\/","og_site_name":"Lajme nga Ulqini","article_published_time":"2008-04-21T17:27:24+00:00","og_image":[{"url":"http:\/\/www.visit-ulcinj.com\/blog\/wp-content\/uploads\/2008\/04\/luigj-shkreli-ne-parlament.thumbnail.jpg"}],"twitter_misc":{"Written by":"ulqini","Est. reading time":"1 minute"},"schema":{"@context":"https:\/\/schema.org","@graph":[{"@type":"WebSite","@id":"https:\/\/www.visit-ulcinj.com\/blog\/#website","url":"https:\/\/www.visit-ulcinj.com\/blog\/","name":"Lajme nga Ulqini","description":"Lajme,Vijesti,Ulqini,Ulqin,Crna Gora,Mali i Zi","potentialAction":[{"@type":"SearchAction","target":{"@type":"EntryPoint","urlTemplate":"https:\/\/www.visit-ulcinj.com\/blog\/?s={search_term_string}"},"query-input":"required name=search_term_string"}],"inLanguage":"en-US"},{"@type":"ImageObject","inLanguage":"en-US","@id":"https:\/\/www.visit-ulcinj.com\/blog\/2008\/04\/21\/luigj-shkreli-anetar-i-keshillit-gjyqesor-me-vendim-te-parlamentit-te-malit-te-zi\/#primaryimage","url":"http:\/\/www.visit-ulcinj.com\/blog\/wp-content\/uploads\/2008\/04\/luigj-shkreli-ne-parlament.thumbnail.jpg","contentUrl":"http:\/\/www.visit-ulcinj.com\/blog\/wp-content\/uploads\/2008\/04\/luigj-shkreli-ne-parlament.thumbnail.jpg"},{"@type":"WebPage","@id":"https:\/\/www.visit-ulcinj.com\/blog\/2008\/04\/21\/luigj-shkreli-anetar-i-keshillit-gjyqesor-me-vendim-te-parlamentit-te-malit-te-zi\/#webpage","url":"https:\/\/www.visit-ulcinj.com\/blog\/2008\/04\/21\/luigj-shkreli-anetar-i-keshillit-gjyqesor-me-vendim-te-parlamentit-te-malit-te-zi\/","name":"Luigj Shkreli an\u00ebtar i k\u00ebshillit gjyq\u00ebsor me vendim t\u00eb parlamentit t\u00eb Malit t\u00eb Zi - Lajme nga Ulqini","isPartOf":{"@id":"https:\/\/www.visit-ulcinj.com\/blog\/#website"},"primaryImageOfPage":{"@id":"https:\/\/www.visit-ulcinj.com\/blog\/2008\/04\/21\/luigj-shkreli-anetar-i-keshillit-gjyqesor-me-vendim-te-parlamentit-te-malit-te-zi\/#primaryimage"},"datePublished":"2008-04-21T17:27:24+00:00","dateModified":"2008-04-21T17:27:24+00:00","author":{"@id":"https:\/\/www.visit-ulcinj.com\/blog\/#\/schema\/person\/dcab619c614d3038751c63bc2aadc06d"},"breadcrumb":{"@id":"https:\/\/www.visit-ulcinj.com\/blog\/2008\/04\/21\/luigj-shkreli-anetar-i-keshillit-gjyqesor-me-vendim-te-parlamentit-te-malit-te-zi\/#breadcrumb"},"inLanguage":"en-US","potentialAction":[{"@type":"ReadAction","target":["https:\/\/www.visit-ulcinj.com\/blog\/2008\/04\/21\/luigj-shkreli-anetar-i-keshillit-gjyqesor-me-vendim-te-parlamentit-te-malit-te-zi\/"]}]},{"@type":"BreadcrumbList","@id":"https:\/\/www.visit-ulcinj.com\/blog\/2008\/04\/21\/luigj-shkreli-anetar-i-keshillit-gjyqesor-me-vendim-te-parlamentit-te-malit-te-zi\/#breadcrumb","itemListElement":[{"@type":"ListItem","position":1,"name":"Luigj Shkreli an\u00ebtar i k\u00ebshillit gjyq\u00ebsor me vendim t\u00eb parlamentit t\u00eb Malit t\u00eb Zi"}]},{"@type":"Person","@id":"https:\/\/www.visit-ulcinj.com\/blog\/#\/schema\/person\/dcab619c614d3038751c63bc2aadc06d","name":"ulqini","sameAs":["http:\/\/www.visit-ulcinj.com"],"url":"https:\/\/www.visit-ulcinj.com\/blog\/author\/admin\/"}]}},"jetpack_featured_media_url":"","jetpack_sharing_enabled":true,"jetpack_shortlink":"https:\/\/wp.me\/pe6lTn-lv","_links":{"self":[{"href":"https:\/\/www.visit-ulcinj.com\/blog\/wp-json\/wp\/v2\/posts\/1333"}],"collection":[{"href":"https:\/\/www.visit-ulcinj.com\/blog\/wp-json\/wp\/v2\/posts"}],"about":[{"href":"https:\/\/www.visit-ulcinj.com\/blog\/wp-json\/wp\/v2\/types\/post"}],"author":[{"embeddable":true,"href":"https:\/\/www.visit-ulcinj.com\/blog\/wp-json\/wp\/v2\/users\/1"}],"replies":[{"embeddable":true,"href":"https:\/\/www.visit-ulcinj.com\/blog\/wp-json\/wp\/v2\/comments?post=1333"}],"version-history":[{"count":0,"href":"https:\/\/www.visit-ulcinj.com\/blog\/wp-json\/wp\/v2\/posts\/1333\/revisions"}],"wp:attachment":[{"href":"https:\/\/www.visit-ulcinj.com\/blog\/wp-json\/wp\/v2\/media?parent=1333"}],"wp:term":[{"taxonomy":"category","embeddable":true,"href":"https:\/\/www.visit-ulcinj.com\/blog\/wp-json\/wp\/v2\/categories?post=1333"},{"taxonomy":"post_tag","embeddable":true,"href":"https:\/\/www.visit-ulcinj.com\/blog\/wp-json\/wp\/v2\/tags?post=1333"}],"curies":[{"name":"wp","href":"https:\/\/api.w.org\/{rel}","templated":true}]}}