{"id":13335,"date":"2009-03-07T22:50:36","date_gmt":"2009-03-07T21:50:36","guid":{"rendered":"http:\/\/www.visit-ulcinj.com\/blog\/?p=13335"},"modified":"2009-03-07T22:50:36","modified_gmt":"2009-03-07T21:50:36","slug":"big-brother-albania-2-vajzat-kunder-djemve","status":"publish","type":"post","link":"https:\/\/www.visit-ulcinj.com\/blog\/2009\/03\/07\/big-brother-albania-2-vajzat-kunder-djemve\/","title":{"rendered":"Big Brother Albania 2 : Vajzat kund\u00ebr djemve"},"content":{"rendered":"<p><em><span class=\"newsdate\"><a href=\"http:\/\/www.visit-ulcinj.com\/blog\/wp-content\/uploads\/2009\/03\/vajzat.jpg\"><img loading=\"lazy\" class=\"alignleft size-full wp-image-13339\" title=\"vajzat-big-brother-albania-2\" src=\"http:\/\/www.visit-ulcinj.com\/blog\/wp-content\/uploads\/2009\/03\/vajzat.jpg\" alt=\"vajzat-big-brother-albania-2\" width=\"300\" height=\"205\" \/><\/a>07\/03\/09 16:47<\/span><\/em><\/p>\n<p>Adelajda,Zhuljeta dhe Mimoza mendojn\u00eb t`i b\u00ebjn\u00eb ndonj\u00eb loj\u00eb djemve. Adelajda mendon q\u00eb t\u00eb cohen n\u00eb dark\u00eb dhe t\u00eb vizatojn\u00eb djemt\u00eb kur ato jan\u00eb n\u00eb gjum\u00eb. Mimoza ka frik\u00eb se mos djemt\u00eb zgjohen nga gjumi, kur ato t\u00eb jen\u00eb duke i vizatuar n\u00eb fytyr\u00eb. Adelajda propozon q\u00eb t`i pikturojn\u00eb me penelin e syve. Ajo thot\u00eb q\u00eb do t\u00eb shikoj reagimin e tyre kur t\u00eb zgjohen n\u00eb m\u00ebngjes. Mimoza mendon q\u00eb t\u00eb mos tregojn\u00eb asgj\u00eb vajzave t\u00eb tjera, pasi duhet t`a mendojn\u00eb m\u00eb mir\u00eb. Adela mendon q\u00eb k\u00ebt\u00eb gj\u00eb duhet t`a organizojn\u00eb kur djemt\u00eb t\u00eb pin\u00eb ver\u00eb,q\u00eb t\u00eb jen\u00eb t\u00eb sigurta q\u00eb ata jan\u00eb n\u00eb gjum\u00eb dhe nuk do zgjohen. Ajo thot\u00eb:-\u201cDo jet\u00eb shum\u00eb gallat\u00eb\u201d!<\/p>\n","protected":false},"excerpt":{"rendered":"<p>07\/03\/09 16:47 Adelajda,Zhuljeta dhe Mimoza mendojn\u00eb t`i b\u00ebjn\u00eb ndonj\u00eb loj\u00eb djemve. Adelajda mendon q\u00eb t\u00eb cohen n\u00eb dark\u00eb dhe t\u00eb vizatojn\u00eb djemt\u00eb kur ato jan\u00eb n\u00eb gjum\u00eb. Mimoza ka frik\u00eb se mos djemt\u00eb zgjohen nga gjumi, kur ato t\u00eb jen\u00eb duke i vizatuar n\u00eb fytyr\u00eb. Adelajda propozon q\u00eb t`i pikturojn\u00eb me penelin e syve. Ajo [&hellip;]<\/p>\n","protected":false},"author":1,"featured_media":0,"comment_status":"open","ping_status":"closed","sticky":false,"template":"","format":"standard","meta":{"spay_email":"","jetpack_publicize_message":"","jetpack_is_tweetstorm":false,"jetpack_publicize_feature_enabled":true},"categories":[6502],"tags":[6562,6738,5057,6506,6516,6712,7129,6665,6905,6568,6891,6693,6887,6564],"jetpack_publicize_connections":[],"yoast_head":"<!-- This site is optimized with the Yoast SEO plugin v19.1 - https:\/\/yoast.com\/wordpress\/plugins\/seo\/ -->\n<title>Big Brother Albania 2 : Vajzat kund\u00c3\u00abr djemve<\/title>\n<meta name=\"description\" content=\"Big Brother Albania 2 : Adelajda,Zhuljeta dhe Mimoza mendojn\u00c3\u00ab t`i b\u00c3\u00abjn\u00c3\u00ab ndonj\u00c3\u00ab loj\u00c3\u00ab djemve. Adelajda mendon q\u00c3\u00ab t\u00c3\u00ab cohen n\u00c3\u00ab dark\u00c3\u00ab dhe t\u00c3\u00ab vizatojn\u00c3\u00ab djemt\u00c3\u00ab kur ato jan\u00c3\u00ab n\u00c3\u00ab gjum\u00c3\u00ab.\" \/>\n<meta name=\"robots\" content=\"index, follow, max-snippet:-1, max-image-preview:large, max-video-preview:-1\" \/>\n<link rel=\"canonical\" href=\"https:\/\/www.visit-ulcinj.com\/blog\/2009\/03\/07\/big-brother-albania-2-vajzat-kunder-djemve\/\" \/>\n<meta property=\"og:locale\" content=\"en_US\" \/>\n<meta property=\"og:type\" content=\"article\" \/>\n<meta property=\"og:title\" content=\"Big Brother Albania 2 : Vajzat kund\u00c3\u00abr djemve\" \/>\n<meta property=\"og:description\" content=\"Big Brother Albania 2 : Adelajda,Zhuljeta dhe Mimoza mendojn\u00c3\u00ab t`i b\u00c3\u00abjn\u00c3\u00ab ndonj\u00c3\u00ab loj\u00c3\u00ab djemve. Adelajda mendon q\u00c3\u00ab t\u00c3\u00ab cohen n\u00c3\u00ab dark\u00c3\u00ab dhe t\u00c3\u00ab vizatojn\u00c3\u00ab djemt\u00c3\u00ab kur ato jan\u00c3\u00ab n\u00c3\u00ab gjum\u00c3\u00ab.\" \/>\n<meta property=\"og:url\" content=\"https:\/\/www.visit-ulcinj.com\/blog\/2009\/03\/07\/big-brother-albania-2-vajzat-kunder-djemve\/\" \/>\n<meta property=\"og:site_name\" content=\"Lajme nga Ulqini\" \/>\n<meta property=\"article:published_time\" content=\"2009-03-07T21:50:36+00:00\" \/>\n<meta property=\"og:image\" content=\"http:\/\/www.visit-ulcinj.com\/blog\/wp-content\/uploads\/2009\/03\/vajzat.jpg\" \/>\n<meta name=\"twitter:label1\" content=\"Written by\" \/>\n\t<meta name=\"twitter:data1\" content=\"ulqini\" \/>\n\t<meta name=\"twitter:label2\" content=\"Est. reading time\" \/>\n\t<meta name=\"twitter:data2\" content=\"1 minute\" \/>\n<script type=\"application\/ld+json\" class=\"yoast-schema-graph\">{\"@context\":\"https:\/\/schema.org\",\"@graph\":[{\"@type\":\"WebSite\",\"@id\":\"https:\/\/www.visit-ulcinj.com\/blog\/#website\",\"url\":\"https:\/\/www.visit-ulcinj.com\/blog\/\",\"name\":\"Lajme nga Ulqini\",\"description\":\"Lajme,Vijesti,Ulqini,Ulqin,Crna Gora,Mali i Zi\",\"potentialAction\":[{\"@type\":\"SearchAction\",\"target\":{\"@type\":\"EntryPoint\",\"urlTemplate\":\"https:\/\/www.visit-ulcinj.com\/blog\/?s={search_term_string}\"},\"query-input\":\"required name=search_term_string\"}],\"inLanguage\":\"en-US\"},{\"@type\":\"ImageObject\",\"inLanguage\":\"en-US\",\"@id\":\"https:\/\/www.visit-ulcinj.com\/blog\/2009\/03\/07\/big-brother-albania-2-vajzat-kunder-djemve\/#primaryimage\",\"url\":\"http:\/\/www.visit-ulcinj.com\/blog\/wp-content\/uploads\/2009\/03\/vajzat.jpg\",\"contentUrl\":\"http:\/\/www.visit-ulcinj.com\/blog\/wp-content\/uploads\/2009\/03\/vajzat.jpg\"},{\"@type\":\"WebPage\",\"@id\":\"https:\/\/www.visit-ulcinj.com\/blog\/2009\/03\/07\/big-brother-albania-2-vajzat-kunder-djemve\/#webpage\",\"url\":\"https:\/\/www.visit-ulcinj.com\/blog\/2009\/03\/07\/big-brother-albania-2-vajzat-kunder-djemve\/\",\"name\":\"Big Brother Albania 2 : Vajzat kund\u00c3\u00abr djemve\",\"isPartOf\":{\"@id\":\"https:\/\/www.visit-ulcinj.com\/blog\/#website\"},\"primaryImageOfPage\":{\"@id\":\"https:\/\/www.visit-ulcinj.com\/blog\/2009\/03\/07\/big-brother-albania-2-vajzat-kunder-djemve\/#primaryimage\"},\"datePublished\":\"2009-03-07T21:50:36+00:00\",\"dateModified\":\"2009-03-07T21:50:36+00:00\",\"author\":{\"@id\":\"https:\/\/www.visit-ulcinj.com\/blog\/#\/schema\/person\/dcab619c614d3038751c63bc2aadc06d\"},\"description\":\"Big Brother Albania 2 : Adelajda,Zhuljeta dhe Mimoza mendojn\u00c3\u00ab t`i b\u00c3\u00abjn\u00c3\u00ab ndonj\u00c3\u00ab loj\u00c3\u00ab djemve. Adelajda mendon q\u00c3\u00ab t\u00c3\u00ab cohen n\u00c3\u00ab dark\u00c3\u00ab dhe t\u00c3\u00ab vizatojn\u00c3\u00ab djemt\u00c3\u00ab kur ato jan\u00c3\u00ab n\u00c3\u00ab gjum\u00c3\u00ab.\",\"breadcrumb\":{\"@id\":\"https:\/\/www.visit-ulcinj.com\/blog\/2009\/03\/07\/big-brother-albania-2-vajzat-kunder-djemve\/#breadcrumb\"},\"inLanguage\":\"en-US\",\"potentialAction\":[{\"@type\":\"ReadAction\",\"target\":[\"https:\/\/www.visit-ulcinj.com\/blog\/2009\/03\/07\/big-brother-albania-2-vajzat-kunder-djemve\/\"]}]},{\"@type\":\"BreadcrumbList\",\"@id\":\"https:\/\/www.visit-ulcinj.com\/blog\/2009\/03\/07\/big-brother-albania-2-vajzat-kunder-djemve\/#breadcrumb\",\"itemListElement\":[{\"@type\":\"ListItem\",\"position\":1,\"name\":\"Big Brother Albania 2 : Vajzat kund\u00ebr djemve\"}]},{\"@type\":\"Person\",\"@id\":\"https:\/\/www.visit-ulcinj.com\/blog\/#\/schema\/person\/dcab619c614d3038751c63bc2aadc06d\",\"name\":\"ulqini\",\"sameAs\":[\"http:\/\/www.visit-ulcinj.com\"],\"url\":\"https:\/\/www.visit-ulcinj.com\/blog\/author\/admin\/\"}]}<\/script>\n<!-- \/ Yoast SEO plugin. -->","yoast_head_json":{"title":"Big Brother Albania 2 : Vajzat kund\u00c3\u00abr djemve","description":"Big Brother Albania 2 : Adelajda,Zhuljeta dhe Mimoza mendojn\u00c3\u00ab t`i b\u00c3\u00abjn\u00c3\u00ab ndonj\u00c3\u00ab loj\u00c3\u00ab djemve. Adelajda mendon q\u00c3\u00ab t\u00c3\u00ab cohen n\u00c3\u00ab dark\u00c3\u00ab dhe t\u00c3\u00ab vizatojn\u00c3\u00ab djemt\u00c3\u00ab kur ato jan\u00c3\u00ab n\u00c3\u00ab gjum\u00c3\u00ab.","robots":{"index":"index","follow":"follow","max-snippet":"max-snippet:-1","max-image-preview":"max-image-preview:large","max-video-preview":"max-video-preview:-1"},"canonical":"https:\/\/www.visit-ulcinj.com\/blog\/2009\/03\/07\/big-brother-albania-2-vajzat-kunder-djemve\/","og_locale":"en_US","og_type":"article","og_title":"Big Brother Albania 2 : Vajzat kund\u00c3\u00abr djemve","og_description":"Big Brother Albania 2 : Adelajda,Zhuljeta dhe Mimoza mendojn\u00c3\u00ab t`i b\u00c3\u00abjn\u00c3\u00ab ndonj\u00c3\u00ab loj\u00c3\u00ab djemve. Adelajda mendon q\u00c3\u00ab t\u00c3\u00ab cohen n\u00c3\u00ab dark\u00c3\u00ab dhe t\u00c3\u00ab vizatojn\u00c3\u00ab djemt\u00c3\u00ab kur ato jan\u00c3\u00ab n\u00c3\u00ab gjum\u00c3\u00ab.","og_url":"https:\/\/www.visit-ulcinj.com\/blog\/2009\/03\/07\/big-brother-albania-2-vajzat-kunder-djemve\/","og_site_name":"Lajme nga Ulqini","article_published_time":"2009-03-07T21:50:36+00:00","og_image":[{"url":"http:\/\/www.visit-ulcinj.com\/blog\/wp-content\/uploads\/2009\/03\/vajzat.jpg"}],"twitter_misc":{"Written by":"ulqini","Est. reading time":"1 minute"},"schema":{"@context":"https:\/\/schema.org","@graph":[{"@type":"WebSite","@id":"https:\/\/www.visit-ulcinj.com\/blog\/#website","url":"https:\/\/www.visit-ulcinj.com\/blog\/","name":"Lajme nga Ulqini","description":"Lajme,Vijesti,Ulqini,Ulqin,Crna Gora,Mali i Zi","potentialAction":[{"@type":"SearchAction","target":{"@type":"EntryPoint","urlTemplate":"https:\/\/www.visit-ulcinj.com\/blog\/?s={search_term_string}"},"query-input":"required name=search_term_string"}],"inLanguage":"en-US"},{"@type":"ImageObject","inLanguage":"en-US","@id":"https:\/\/www.visit-ulcinj.com\/blog\/2009\/03\/07\/big-brother-albania-2-vajzat-kunder-djemve\/#primaryimage","url":"http:\/\/www.visit-ulcinj.com\/blog\/wp-content\/uploads\/2009\/03\/vajzat.jpg","contentUrl":"http:\/\/www.visit-ulcinj.com\/blog\/wp-content\/uploads\/2009\/03\/vajzat.jpg"},{"@type":"WebPage","@id":"https:\/\/www.visit-ulcinj.com\/blog\/2009\/03\/07\/big-brother-albania-2-vajzat-kunder-djemve\/#webpage","url":"https:\/\/www.visit-ulcinj.com\/blog\/2009\/03\/07\/big-brother-albania-2-vajzat-kunder-djemve\/","name":"Big Brother Albania 2 : Vajzat kund\u00c3\u00abr djemve","isPartOf":{"@id":"https:\/\/www.visit-ulcinj.com\/blog\/#website"},"primaryImageOfPage":{"@id":"https:\/\/www.visit-ulcinj.com\/blog\/2009\/03\/07\/big-brother-albania-2-vajzat-kunder-djemve\/#primaryimage"},"datePublished":"2009-03-07T21:50:36+00:00","dateModified":"2009-03-07T21:50:36+00:00","author":{"@id":"https:\/\/www.visit-ulcinj.com\/blog\/#\/schema\/person\/dcab619c614d3038751c63bc2aadc06d"},"description":"Big Brother Albania 2 : Adelajda,Zhuljeta dhe Mimoza mendojn\u00c3\u00ab t`i b\u00c3\u00abjn\u00c3\u00ab ndonj\u00c3\u00ab loj\u00c3\u00ab djemve. Adelajda mendon q\u00c3\u00ab t\u00c3\u00ab cohen n\u00c3\u00ab dark\u00c3\u00ab dhe t\u00c3\u00ab vizatojn\u00c3\u00ab djemt\u00c3\u00ab kur ato jan\u00c3\u00ab n\u00c3\u00ab gjum\u00c3\u00ab.","breadcrumb":{"@id":"https:\/\/www.visit-ulcinj.com\/blog\/2009\/03\/07\/big-brother-albania-2-vajzat-kunder-djemve\/#breadcrumb"},"inLanguage":"en-US","potentialAction":[{"@type":"ReadAction","target":["https:\/\/www.visit-ulcinj.com\/blog\/2009\/03\/07\/big-brother-albania-2-vajzat-kunder-djemve\/"]}]},{"@type":"BreadcrumbList","@id":"https:\/\/www.visit-ulcinj.com\/blog\/2009\/03\/07\/big-brother-albania-2-vajzat-kunder-djemve\/#breadcrumb","itemListElement":[{"@type":"ListItem","position":1,"name":"Big Brother Albania 2 : Vajzat kund\u00ebr djemve"}]},{"@type":"Person","@id":"https:\/\/www.visit-ulcinj.com\/blog\/#\/schema\/person\/dcab619c614d3038751c63bc2aadc06d","name":"ulqini","sameAs":["http:\/\/www.visit-ulcinj.com"],"url":"https:\/\/www.visit-ulcinj.com\/blog\/author\/admin\/"}]}},"jetpack_featured_media_url":"","jetpack_sharing_enabled":true,"jetpack_shortlink":"https:\/\/wp.me\/pe6lTn-3t5","_links":{"self":[{"href":"https:\/\/www.visit-ulcinj.com\/blog\/wp-json\/wp\/v2\/posts\/13335"}],"collection":[{"href":"https:\/\/www.visit-ulcinj.com\/blog\/wp-json\/wp\/v2\/posts"}],"about":[{"href":"https:\/\/www.visit-ulcinj.com\/blog\/wp-json\/wp\/v2\/types\/post"}],"author":[{"embeddable":true,"href":"https:\/\/www.visit-ulcinj.com\/blog\/wp-json\/wp\/v2\/users\/1"}],"replies":[{"embeddable":true,"href":"https:\/\/www.visit-ulcinj.com\/blog\/wp-json\/wp\/v2\/comments?post=13335"}],"version-history":[{"count":0,"href":"https:\/\/www.visit-ulcinj.com\/blog\/wp-json\/wp\/v2\/posts\/13335\/revisions"}],"wp:attachment":[{"href":"https:\/\/www.visit-ulcinj.com\/blog\/wp-json\/wp\/v2\/media?parent=13335"}],"wp:term":[{"taxonomy":"category","embeddable":true,"href":"https:\/\/www.visit-ulcinj.com\/blog\/wp-json\/wp\/v2\/categories?post=13335"},{"taxonomy":"post_tag","embeddable":true,"href":"https:\/\/www.visit-ulcinj.com\/blog\/wp-json\/wp\/v2\/tags?post=13335"}],"curies":[{"name":"wp","href":"https:\/\/api.w.org\/{rel}","templated":true}]}}