{"id":13338,"date":"2009-03-07T22:54:28","date_gmt":"2009-03-07T21:54:28","guid":{"rendered":"http:\/\/www.visit-ulcinj.com\/blog\/?p=13338"},"modified":"2009-03-07T22:57:11","modified_gmt":"2009-03-07T21:57:11","slug":"ekzalton-bukuroshet-e-miss-kosovarja-%e2%80%9809-ne-zvicer","status":"publish","type":"post","link":"https:\/\/www.visit-ulcinj.com\/blog\/2009\/03\/07\/ekzalton-bukuroshet-e-miss-kosovarja-%e2%80%9809-ne-zvicer\/","title":{"rendered":"Ekzalton bukuroshet e Miss Kosovarja \u201809 n\u00eb Zvic\u00ebr"},"content":{"rendered":"<p><a href=\"http:\/\/www.visit-ulcinj.com\/blog\/wp-content\/uploads\/2009\/03\/valton-krasniqi_miss-kosovarja-2009_zvicer.jpg\"><img loading=\"lazy\" class=\"alignleft size-full wp-image-13343\" title=\"valton-krasniqi_miss-kosovarja-2009_zvicer\" src=\"http:\/\/www.visit-ulcinj.com\/blog\/wp-content\/uploads\/2009\/03\/valton-krasniqi_miss-kosovarja-2009_zvicer.jpg\" alt=\"valton-krasniqi_miss-kosovarja-2009_zvicer\" width=\"570\" height=\"347\" \/><\/a>Ka qen\u00eb nj\u00eb ekstaz\u00eb e v\u00ebrtet\u00eb, atmosfera q\u00eb ka krijuar Valton Krasniqi nj\u00eb jav\u00eb m\u00eb par\u00eb n\u00eb spektaklin e bukuris\u00eb \u201cMiss Kosovarja\u201d 2009, q\u00eb u organizua n\u00eb Zvic\u00ebr m\u00eb 28 shkurt. N\u00eb konkursin e bukuris\u00eb s\u00eb k\u00ebtij viti, ku kan\u00eb marr\u00eb pjes\u00eb vajza kosovare q\u00eb jetojn\u00eb n\u00eb diaspor\u00eb, ka qen\u00eb i ftuar Valtoni, i cili ka k\u00ebnduar \u201clive\u201d disa k\u00ebng\u00eb t\u00eb tij. Si\u00e7 e shihni n\u00eb foto k\u00ebng\u00ebtari ka nxehur shum\u00eb shpejt atmosfer\u00ebn me k\u00ebng\u00ebt m\u00eb t\u00eb mira, nd\u00ebrsa shum\u00eb vajza q\u00eb ndodheshin n\u00eb sall\u00eb i jan\u00eb afruar p\u00ebr ta p\u00ebrqafuar.<\/p>\n<p>Ai ka pozuar me disa nga vajzat konkurrente, pasi dihet tashm\u00eb debulesa e tij p\u00ebr miss-et. Aktualisht Valton Krasniqi \u00ebsht\u00eb duke punuar p\u00ebr singel- in e ri, q\u00eb do t\u00eb pasoj\u00eb \u201cRast\u00ebsisht u pam\u00eb\u201d, nj\u00eb duet me k\u00ebng\u00ebtaren Emmy. Gjithashtu ai k\u00ebt\u00eb muaj mbyll turin dymujor t\u00eb koncerteve n\u00eb Evrop\u00eb. N\u00eb muajin Prill,do t\u00eb nis\u00eb nj\u00eb tjet\u00ebr tur koncertesh n\u00eb Kanada, dhe Shtetet e Bashkuara t\u00eb Amerik\u00ebs.<\/p>\n<p><strong>Vip.Shqiperia<\/strong><\/p>\n<!--YouTube Error: bad URL entered-->\n","protected":false},"excerpt":{"rendered":"<p>Ka qen\u00eb nj\u00eb ekstaz\u00eb e v\u00ebrtet\u00eb, atmosfera q\u00eb ka krijuar Valton Krasniqi nj\u00eb jav\u00eb m\u00eb par\u00eb n\u00eb spektaklin e bukuris\u00eb \u201cMiss Kosovarja\u201d 2009, q\u00eb u organizua n\u00eb Zvic\u00ebr m\u00eb 28 shkurt. N\u00eb konkursin e bukuris\u00eb s\u00eb k\u00ebtij viti, ku kan\u00eb marr\u00eb pjes\u00eb vajza kosovare q\u00eb jetojn\u00eb n\u00eb diaspor\u00eb, ka qen\u00eb i ftuar Valtoni, i cili [&hellip;]<\/p>\n","protected":false},"author":1,"featured_media":0,"comment_status":"open","ping_status":"closed","sticky":false,"template":"","format":"standard","meta":{"spay_email":"","jetpack_publicize_message":"","jetpack_is_tweetstorm":false,"jetpack_publicize_feature_enabled":true},"categories":[1],"tags":[7647,7646,7645,7644,7643],"jetpack_publicize_connections":[],"yoast_head":"<!-- This site is optimized with the Yoast SEO plugin v19.1 - https:\/\/yoast.com\/wordpress\/plugins\/seo\/ -->\n<title>Ekzalton bukuroshet e Miss Kosovarja \u201809 n\u00eb Zvic\u00ebr - Lajme nga Ulqini<\/title>\n<meta name=\"description\" content=\"Ka qen\u00eb nj\u00eb ekstaz\u00eb e v\u00ebrtet\u00eb, atmosfera q\u00eb ka krijuar Valton Krasniqi nj\u00eb jav\u00eb m\u00eb par\u00eb n\u00eb spektaklin e bukuris\u00eb \u201cMiss Kosovarja\u201d 2009, q\u00eb u organizua n\u00eb\" \/>\n<meta name=\"robots\" content=\"index, follow, max-snippet:-1, max-image-preview:large, max-video-preview:-1\" \/>\n<link rel=\"canonical\" href=\"https:\/\/www.visit-ulcinj.com\/blog\/2009\/03\/07\/ekzalton-bukuroshet-e-miss-kosovarja-\u201809-ne-zvicer\/\" \/>\n<meta property=\"og:locale\" content=\"en_US\" \/>\n<meta property=\"og:type\" content=\"article\" \/>\n<meta property=\"og:title\" content=\"Ekzalton bukuroshet e Miss Kosovarja \u201809 n\u00eb Zvic\u00ebr - Lajme nga Ulqini\" \/>\n<meta property=\"og:description\" content=\"Ka qen\u00eb nj\u00eb ekstaz\u00eb e v\u00ebrtet\u00eb, atmosfera q\u00eb ka krijuar Valton Krasniqi nj\u00eb jav\u00eb m\u00eb par\u00eb n\u00eb spektaklin e bukuris\u00eb \u201cMiss Kosovarja\u201d 2009, q\u00eb u organizua n\u00eb\" \/>\n<meta property=\"og:url\" content=\"https:\/\/www.visit-ulcinj.com\/blog\/2009\/03\/07\/ekzalton-bukuroshet-e-miss-kosovarja-\u201809-ne-zvicer\/\" \/>\n<meta property=\"og:site_name\" content=\"Lajme nga Ulqini\" \/>\n<meta property=\"article:published_time\" content=\"2009-03-07T21:54:28+00:00\" \/>\n<meta property=\"article:modified_time\" content=\"2009-03-07T21:57:11+00:00\" \/>\n<meta property=\"og:image\" content=\"http:\/\/www.visit-ulcinj.com\/blog\/wp-content\/uploads\/2009\/03\/valton-krasniqi_miss-kosovarja-2009_zvicer.jpg\" \/>\n<meta name=\"twitter:label1\" content=\"Written by\" \/>\n\t<meta name=\"twitter:data1\" content=\"ulqini\" \/>\n\t<meta name=\"twitter:label2\" content=\"Est. reading time\" \/>\n\t<meta name=\"twitter:data2\" content=\"1 minute\" \/>\n<script type=\"application\/ld+json\" class=\"yoast-schema-graph\">{\"@context\":\"https:\/\/schema.org\",\"@graph\":[{\"@type\":\"WebSite\",\"@id\":\"https:\/\/www.visit-ulcinj.com\/blog\/#website\",\"url\":\"https:\/\/www.visit-ulcinj.com\/blog\/\",\"name\":\"Lajme nga Ulqini\",\"description\":\"Lajme,Vijesti,Ulqini,Ulqin,Crna Gora,Mali i Zi\",\"potentialAction\":[{\"@type\":\"SearchAction\",\"target\":{\"@type\":\"EntryPoint\",\"urlTemplate\":\"https:\/\/www.visit-ulcinj.com\/blog\/?s={search_term_string}\"},\"query-input\":\"required name=search_term_string\"}],\"inLanguage\":\"en-US\"},{\"@type\":\"ImageObject\",\"inLanguage\":\"en-US\",\"@id\":\"https:\/\/www.visit-ulcinj.com\/blog\/2009\/03\/07\/ekzalton-bukuroshet-e-miss-kosovarja-%e2%80%9809-ne-zvicer\/#primaryimage\",\"url\":\"http:\/\/www.visit-ulcinj.com\/blog\/wp-content\/uploads\/2009\/03\/valton-krasniqi_miss-kosovarja-2009_zvicer.jpg\",\"contentUrl\":\"http:\/\/www.visit-ulcinj.com\/blog\/wp-content\/uploads\/2009\/03\/valton-krasniqi_miss-kosovarja-2009_zvicer.jpg\"},{\"@type\":\"WebPage\",\"@id\":\"https:\/\/www.visit-ulcinj.com\/blog\/2009\/03\/07\/ekzalton-bukuroshet-e-miss-kosovarja-%e2%80%9809-ne-zvicer\/#webpage\",\"url\":\"https:\/\/www.visit-ulcinj.com\/blog\/2009\/03\/07\/ekzalton-bukuroshet-e-miss-kosovarja-%e2%80%9809-ne-zvicer\/\",\"name\":\"Ekzalton bukuroshet e Miss Kosovarja \u201809 n\u00eb Zvic\u00ebr - Lajme nga Ulqini\",\"isPartOf\":{\"@id\":\"https:\/\/www.visit-ulcinj.com\/blog\/#website\"},\"primaryImageOfPage\":{\"@id\":\"https:\/\/www.visit-ulcinj.com\/blog\/2009\/03\/07\/ekzalton-bukuroshet-e-miss-kosovarja-%e2%80%9809-ne-zvicer\/#primaryimage\"},\"datePublished\":\"2009-03-07T21:54:28+00:00\",\"dateModified\":\"2009-03-07T21:57:11+00:00\",\"author\":{\"@id\":\"https:\/\/www.visit-ulcinj.com\/blog\/#\/schema\/person\/dcab619c614d3038751c63bc2aadc06d\"},\"description\":\"Ka qen\u00eb nj\u00eb ekstaz\u00eb e v\u00ebrtet\u00eb, atmosfera q\u00eb ka krijuar Valton Krasniqi nj\u00eb jav\u00eb m\u00eb par\u00eb n\u00eb spektaklin e bukuris\u00eb \u201cMiss Kosovarja\u201d 2009, q\u00eb u organizua n\u00eb\",\"breadcrumb\":{\"@id\":\"https:\/\/www.visit-ulcinj.com\/blog\/2009\/03\/07\/ekzalton-bukuroshet-e-miss-kosovarja-%e2%80%9809-ne-zvicer\/#breadcrumb\"},\"inLanguage\":\"en-US\",\"potentialAction\":[{\"@type\":\"ReadAction\",\"target\":[\"https:\/\/www.visit-ulcinj.com\/blog\/2009\/03\/07\/ekzalton-bukuroshet-e-miss-kosovarja-%e2%80%9809-ne-zvicer\/\"]}]},{\"@type\":\"BreadcrumbList\",\"@id\":\"https:\/\/www.visit-ulcinj.com\/blog\/2009\/03\/07\/ekzalton-bukuroshet-e-miss-kosovarja-%e2%80%9809-ne-zvicer\/#breadcrumb\",\"itemListElement\":[{\"@type\":\"ListItem\",\"position\":1,\"name\":\"Ekzalton bukuroshet e Miss Kosovarja \u201809 n\u00eb Zvic\u00ebr\"}]},{\"@type\":\"Person\",\"@id\":\"https:\/\/www.visit-ulcinj.com\/blog\/#\/schema\/person\/dcab619c614d3038751c63bc2aadc06d\",\"name\":\"ulqini\",\"sameAs\":[\"http:\/\/www.visit-ulcinj.com\"],\"url\":\"https:\/\/www.visit-ulcinj.com\/blog\/author\/admin\/\"}]}<\/script>\n<!-- \/ Yoast SEO plugin. -->","yoast_head_json":{"title":"Ekzalton bukuroshet e Miss Kosovarja \u201809 n\u00eb Zvic\u00ebr - Lajme nga Ulqini","description":"Ka qen\u00eb nj\u00eb ekstaz\u00eb e v\u00ebrtet\u00eb, atmosfera q\u00eb ka krijuar Valton Krasniqi nj\u00eb jav\u00eb m\u00eb par\u00eb n\u00eb spektaklin e bukuris\u00eb \u201cMiss Kosovarja\u201d 2009, q\u00eb u organizua n\u00eb","robots":{"index":"index","follow":"follow","max-snippet":"max-snippet:-1","max-image-preview":"max-image-preview:large","max-video-preview":"max-video-preview:-1"},"canonical":"https:\/\/www.visit-ulcinj.com\/blog\/2009\/03\/07\/ekzalton-bukuroshet-e-miss-kosovarja-\u201809-ne-zvicer\/","og_locale":"en_US","og_type":"article","og_title":"Ekzalton bukuroshet e Miss Kosovarja \u201809 n\u00eb Zvic\u00ebr - Lajme nga Ulqini","og_description":"Ka qen\u00eb nj\u00eb ekstaz\u00eb e v\u00ebrtet\u00eb, atmosfera q\u00eb ka krijuar Valton Krasniqi nj\u00eb jav\u00eb m\u00eb par\u00eb n\u00eb spektaklin e bukuris\u00eb \u201cMiss Kosovarja\u201d 2009, q\u00eb u organizua n\u00eb","og_url":"https:\/\/www.visit-ulcinj.com\/blog\/2009\/03\/07\/ekzalton-bukuroshet-e-miss-kosovarja-\u201809-ne-zvicer\/","og_site_name":"Lajme nga Ulqini","article_published_time":"2009-03-07T21:54:28+00:00","article_modified_time":"2009-03-07T21:57:11+00:00","og_image":[{"url":"http:\/\/www.visit-ulcinj.com\/blog\/wp-content\/uploads\/2009\/03\/valton-krasniqi_miss-kosovarja-2009_zvicer.jpg"}],"twitter_misc":{"Written by":"ulqini","Est. reading time":"1 minute"},"schema":{"@context":"https:\/\/schema.org","@graph":[{"@type":"WebSite","@id":"https:\/\/www.visit-ulcinj.com\/blog\/#website","url":"https:\/\/www.visit-ulcinj.com\/blog\/","name":"Lajme nga Ulqini","description":"Lajme,Vijesti,Ulqini,Ulqin,Crna Gora,Mali i Zi","potentialAction":[{"@type":"SearchAction","target":{"@type":"EntryPoint","urlTemplate":"https:\/\/www.visit-ulcinj.com\/blog\/?s={search_term_string}"},"query-input":"required name=search_term_string"}],"inLanguage":"en-US"},{"@type":"ImageObject","inLanguage":"en-US","@id":"https:\/\/www.visit-ulcinj.com\/blog\/2009\/03\/07\/ekzalton-bukuroshet-e-miss-kosovarja-%e2%80%9809-ne-zvicer\/#primaryimage","url":"http:\/\/www.visit-ulcinj.com\/blog\/wp-content\/uploads\/2009\/03\/valton-krasniqi_miss-kosovarja-2009_zvicer.jpg","contentUrl":"http:\/\/www.visit-ulcinj.com\/blog\/wp-content\/uploads\/2009\/03\/valton-krasniqi_miss-kosovarja-2009_zvicer.jpg"},{"@type":"WebPage","@id":"https:\/\/www.visit-ulcinj.com\/blog\/2009\/03\/07\/ekzalton-bukuroshet-e-miss-kosovarja-%e2%80%9809-ne-zvicer\/#webpage","url":"https:\/\/www.visit-ulcinj.com\/blog\/2009\/03\/07\/ekzalton-bukuroshet-e-miss-kosovarja-%e2%80%9809-ne-zvicer\/","name":"Ekzalton bukuroshet e Miss Kosovarja \u201809 n\u00eb Zvic\u00ebr - Lajme nga Ulqini","isPartOf":{"@id":"https:\/\/www.visit-ulcinj.com\/blog\/#website"},"primaryImageOfPage":{"@id":"https:\/\/www.visit-ulcinj.com\/blog\/2009\/03\/07\/ekzalton-bukuroshet-e-miss-kosovarja-%e2%80%9809-ne-zvicer\/#primaryimage"},"datePublished":"2009-03-07T21:54:28+00:00","dateModified":"2009-03-07T21:57:11+00:00","author":{"@id":"https:\/\/www.visit-ulcinj.com\/blog\/#\/schema\/person\/dcab619c614d3038751c63bc2aadc06d"},"description":"Ka qen\u00eb nj\u00eb ekstaz\u00eb e v\u00ebrtet\u00eb, atmosfera q\u00eb ka krijuar Valton Krasniqi nj\u00eb jav\u00eb m\u00eb par\u00eb n\u00eb spektaklin e bukuris\u00eb \u201cMiss Kosovarja\u201d 2009, q\u00eb u organizua n\u00eb","breadcrumb":{"@id":"https:\/\/www.visit-ulcinj.com\/blog\/2009\/03\/07\/ekzalton-bukuroshet-e-miss-kosovarja-%e2%80%9809-ne-zvicer\/#breadcrumb"},"inLanguage":"en-US","potentialAction":[{"@type":"ReadAction","target":["https:\/\/www.visit-ulcinj.com\/blog\/2009\/03\/07\/ekzalton-bukuroshet-e-miss-kosovarja-%e2%80%9809-ne-zvicer\/"]}]},{"@type":"BreadcrumbList","@id":"https:\/\/www.visit-ulcinj.com\/blog\/2009\/03\/07\/ekzalton-bukuroshet-e-miss-kosovarja-%e2%80%9809-ne-zvicer\/#breadcrumb","itemListElement":[{"@type":"ListItem","position":1,"name":"Ekzalton bukuroshet e Miss Kosovarja \u201809 n\u00eb Zvic\u00ebr"}]},{"@type":"Person","@id":"https:\/\/www.visit-ulcinj.com\/blog\/#\/schema\/person\/dcab619c614d3038751c63bc2aadc06d","name":"ulqini","sameAs":["http:\/\/www.visit-ulcinj.com"],"url":"https:\/\/www.visit-ulcinj.com\/blog\/author\/admin\/"}]}},"jetpack_featured_media_url":"","jetpack_sharing_enabled":true,"jetpack_shortlink":"https:\/\/wp.me\/pe6lTn-3t8","_links":{"self":[{"href":"https:\/\/www.visit-ulcinj.com\/blog\/wp-json\/wp\/v2\/posts\/13338"}],"collection":[{"href":"https:\/\/www.visit-ulcinj.com\/blog\/wp-json\/wp\/v2\/posts"}],"about":[{"href":"https:\/\/www.visit-ulcinj.com\/blog\/wp-json\/wp\/v2\/types\/post"}],"author":[{"embeddable":true,"href":"https:\/\/www.visit-ulcinj.com\/blog\/wp-json\/wp\/v2\/users\/1"}],"replies":[{"embeddable":true,"href":"https:\/\/www.visit-ulcinj.com\/blog\/wp-json\/wp\/v2\/comments?post=13338"}],"version-history":[{"count":0,"href":"https:\/\/www.visit-ulcinj.com\/blog\/wp-json\/wp\/v2\/posts\/13338\/revisions"}],"wp:attachment":[{"href":"https:\/\/www.visit-ulcinj.com\/blog\/wp-json\/wp\/v2\/media?parent=13338"}],"wp:term":[{"taxonomy":"category","embeddable":true,"href":"https:\/\/www.visit-ulcinj.com\/blog\/wp-json\/wp\/v2\/categories?post=13338"},{"taxonomy":"post_tag","embeddable":true,"href":"https:\/\/www.visit-ulcinj.com\/blog\/wp-json\/wp\/v2\/tags?post=13338"}],"curies":[{"name":"wp","href":"https:\/\/api.w.org\/{rel}","templated":true}]}}