{"id":13384,"date":"2009-03-08T11:33:18","date_gmt":"2009-03-08T10:33:18","guid":{"rendered":"http:\/\/www.visit-ulcinj.com\/blog\/?p=13384"},"modified":"2009-03-08T11:34:04","modified_gmt":"2009-03-08T10:34:04","slug":"ulqinbllokohet-rruga-ne-lagjen-lima","status":"publish","type":"post","link":"https:\/\/www.visit-ulcinj.com\/blog\/2009\/03\/08\/ulqinbllokohet-rruga-ne-lagjen-lima\/","title":{"rendered":"Ulqin: Bllokohet rruga n\u00eb lagjen Lima"},"content":{"rendered":"<p><a href=\"http:\/\/www.visit-ulcinj.com\/blog\/wp-content\/uploads\/2009\/03\/ulcinj-mjestani-limana-blokirali-put.jpg\"><img loading=\"lazy\" class=\"alignleft size-full wp-image-13385\" title=\"ulcinj-mjestani-limana-blokirali-put\" src=\"http:\/\/www.visit-ulcinj.com\/blog\/wp-content\/uploads\/2009\/03\/ulcinj-mjestani-limana-blokirali-put.jpg\" alt=\"ulcinj-mjestani-limana-blokirali-put\" width=\"570\" height=\"290\" \/><\/a>Disa prej banor\u00ebve t\u00eb lagjes Lima\u00a0 kan\u00eb bllokuar dje\u00a0 rrug\u00ebn duke mos lejuar\u00a0 t\u00eb qarkullojn mjetet sikurse kamionat dhe traktor\u00ebt q\u00eb po prishin rrugen n\u00eb Lima.Protestuesit k\u00ebrkojn q\u00eb t\u00eb asfaltohet rruga dhe t\u00eb vendoset ndri\u00e7imi.<\/p>\n<p><strong>P\u00ebr ma teper informata lexoni artikullin t\u00eb Gazet\u00ebs Vijesti<\/strong><\/p>\n<p><strong>Put nije lo\u0161, nego je opasan<br \/>\nBARIKADE U LIMANU, MJE\u0160TANI TRA\u017dE NOVI ASFALT I RASVJETU<\/strong><br \/>\nUlcinj &#8211; Mje\u0161tani Limana blokirali su ju?e pristup kamionima i bagerima u naselju dok nadle\u017ene op\u0161tinske ili dr\u017eavne strukture ne pobolj\u0161aju saobra?ajnu i komunalnu infrastrukturu u tom dijelu grada.<br \/>\n\u201cTra\u017eimo betoniranje i asfaltiranje puta u du\u017eini od 600 metara, postavljanje rasvjete i kvalitetnije napajanje strujom\u201d, ka\u017eu mje\u0161tani Limana Agim Spu\u017ea i Nazmi Biti?i.<br \/>\nNjihov kom\u0161ija \u017deljko Klikovac isti?e da su zbog opasnih o\u0161te?enja puta, usljed nekontrolisane eksploatacije, mje\u0161tani bili primorani na blokadu i podsje?a da su op\u0161tinske vlasti bile na vrijeme upozorene.<br \/>\n\u201cPrije vi\u0161e od mjesec, javno smo uputili apel vlastima za pomo?. Niko se do danas nije odazvao pa ?e blokada puta potrajati sve dok se ne rije\u0161i na\u0161e pitanje\u201d, ka\u017ee Klikovac i dodaje da blokada ne va\u017ei za automobile.<br \/>\nAstrit Ibro?i iz Limana upozorio je da nije rije? o lo\u0161em nego o opasnom putu. On ka\u017ee da je mje\u0161tanima obe?ano da ?e sjutra ujutro na po?etku oba pristupna puta biti postavljeni saobra?ajni znakovi o zabrani kretanja vozila ?ija ukupna nosivost prelazi 3,5 tona.<br \/>\n<strong>S.A.<br \/>\nIzvor \/ Vijesti<\/strong><\/p>\n<!--YouTube Error: bad URL entered-->\n","protected":false},"excerpt":{"rendered":"<p>Disa prej banor\u00ebve t\u00eb lagjes Lima\u00a0 kan\u00eb bllokuar dje\u00a0 rrug\u00ebn duke mos lejuar\u00a0 t\u00eb qarkullojn mjetet sikurse kamionat dhe traktor\u00ebt q\u00eb po prishin rrugen n\u00eb Lima.Protestuesit k\u00ebrkojn q\u00eb t\u00eb asfaltohet rruga dhe t\u00eb vendoset ndri\u00e7imi. P\u00ebr ma teper informata lexoni artikullin t\u00eb Gazet\u00ebs Vijesti Put nije lo\u0161, nego je opasan BARIKADE U LIMANU, MJE\u0160TANI TRA\u017dE [&hellip;]<\/p>\n","protected":false},"author":1,"featured_media":0,"comment_status":"open","ping_status":"closed","sticky":false,"template":"","format":"standard","meta":{"spay_email":"","jetpack_publicize_message":"","jetpack_is_tweetstorm":false,"jetpack_publicize_feature_enabled":true},"categories":[11],"tags":[7658,7661,7655,7660,7659,7656,7657],"jetpack_publicize_connections":[],"yoast_head":"<!-- This site is optimized with the Yoast SEO plugin v19.1 - https:\/\/yoast.com\/wordpress\/plugins\/seo\/ -->\n<title>Ulqin: Bllokohet rruga n\u00eb lagjen Lima - Lajme nga Ulqini<\/title>\n<meta name=\"description\" content=\"Disa prej banor\u00ebve t\u00eb lagjes Lima\u00a0 kan\u00eb bllokuar dje\u00a0 rrug\u00ebn duke mos lejuar\u00a0 t\u00eb qarkullojn mjetet sikurse kamionat dhe traktor\u00ebt q\u00eb po prishin rrugen n\u00eb\" \/>\n<meta name=\"robots\" content=\"index, follow, max-snippet:-1, max-image-preview:large, max-video-preview:-1\" \/>\n<link rel=\"canonical\" href=\"https:\/\/www.visit-ulcinj.com\/blog\/2009\/03\/08\/ulqinbllokohet-rruga-ne-lagjen-lima\/\" \/>\n<meta property=\"og:locale\" content=\"en_US\" \/>\n<meta property=\"og:type\" content=\"article\" \/>\n<meta property=\"og:title\" content=\"Ulqin: Bllokohet rruga n\u00eb lagjen Lima - Lajme nga Ulqini\" \/>\n<meta property=\"og:description\" content=\"Disa prej banor\u00ebve t\u00eb lagjes Lima\u00a0 kan\u00eb bllokuar dje\u00a0 rrug\u00ebn duke mos lejuar\u00a0 t\u00eb qarkullojn mjetet sikurse kamionat dhe traktor\u00ebt q\u00eb po prishin rrugen n\u00eb\" \/>\n<meta property=\"og:url\" content=\"https:\/\/www.visit-ulcinj.com\/blog\/2009\/03\/08\/ulqinbllokohet-rruga-ne-lagjen-lima\/\" \/>\n<meta property=\"og:site_name\" content=\"Lajme nga Ulqini\" \/>\n<meta property=\"article:published_time\" content=\"2009-03-08T10:33:18+00:00\" \/>\n<meta property=\"article:modified_time\" content=\"2009-03-08T10:34:04+00:00\" \/>\n<meta property=\"og:image\" content=\"http:\/\/www.visit-ulcinj.com\/blog\/wp-content\/uploads\/2009\/03\/ulcinj-mjestani-limana-blokirali-put.jpg\" \/>\n<meta name=\"twitter:label1\" content=\"Written by\" \/>\n\t<meta name=\"twitter:data1\" content=\"ulqini\" \/>\n\t<meta name=\"twitter:label2\" content=\"Est. reading time\" \/>\n\t<meta name=\"twitter:data2\" content=\"1 minute\" \/>\n<script type=\"application\/ld+json\" class=\"yoast-schema-graph\">{\"@context\":\"https:\/\/schema.org\",\"@graph\":[{\"@type\":\"WebSite\",\"@id\":\"https:\/\/www.visit-ulcinj.com\/blog\/#website\",\"url\":\"https:\/\/www.visit-ulcinj.com\/blog\/\",\"name\":\"Lajme nga Ulqini\",\"description\":\"Lajme,Vijesti,Ulqini,Ulqin,Crna Gora,Mali i Zi\",\"potentialAction\":[{\"@type\":\"SearchAction\",\"target\":{\"@type\":\"EntryPoint\",\"urlTemplate\":\"https:\/\/www.visit-ulcinj.com\/blog\/?s={search_term_string}\"},\"query-input\":\"required name=search_term_string\"}],\"inLanguage\":\"en-US\"},{\"@type\":\"ImageObject\",\"inLanguage\":\"en-US\",\"@id\":\"https:\/\/www.visit-ulcinj.com\/blog\/2009\/03\/08\/ulqinbllokohet-rruga-ne-lagjen-lima\/#primaryimage\",\"url\":\"https:\/\/www.visit-ulcinj.com\/blog\/wp-content\/uploads\/2009\/03\/ulcinj-mjestani-limana-blokirali-put.jpg\",\"contentUrl\":\"https:\/\/www.visit-ulcinj.com\/blog\/wp-content\/uploads\/2009\/03\/ulcinj-mjestani-limana-blokirali-put.jpg\",\"width\":\"290\",\"height\":\"190\"},{\"@type\":\"WebPage\",\"@id\":\"https:\/\/www.visit-ulcinj.com\/blog\/2009\/03\/08\/ulqinbllokohet-rruga-ne-lagjen-lima\/#webpage\",\"url\":\"https:\/\/www.visit-ulcinj.com\/blog\/2009\/03\/08\/ulqinbllokohet-rruga-ne-lagjen-lima\/\",\"name\":\"Ulqin: Bllokohet rruga n\u00eb lagjen Lima - Lajme nga Ulqini\",\"isPartOf\":{\"@id\":\"https:\/\/www.visit-ulcinj.com\/blog\/#website\"},\"primaryImageOfPage\":{\"@id\":\"https:\/\/www.visit-ulcinj.com\/blog\/2009\/03\/08\/ulqinbllokohet-rruga-ne-lagjen-lima\/#primaryimage\"},\"datePublished\":\"2009-03-08T10:33:18+00:00\",\"dateModified\":\"2009-03-08T10:34:04+00:00\",\"author\":{\"@id\":\"https:\/\/www.visit-ulcinj.com\/blog\/#\/schema\/person\/dcab619c614d3038751c63bc2aadc06d\"},\"description\":\"Disa prej banor\u00ebve t\u00eb lagjes Lima\u00a0 kan\u00eb bllokuar dje\u00a0 rrug\u00ebn duke mos lejuar\u00a0 t\u00eb qarkullojn mjetet sikurse kamionat dhe traktor\u00ebt q\u00eb po prishin rrugen n\u00eb\",\"breadcrumb\":{\"@id\":\"https:\/\/www.visit-ulcinj.com\/blog\/2009\/03\/08\/ulqinbllokohet-rruga-ne-lagjen-lima\/#breadcrumb\"},\"inLanguage\":\"en-US\",\"potentialAction\":[{\"@type\":\"ReadAction\",\"target\":[\"https:\/\/www.visit-ulcinj.com\/blog\/2009\/03\/08\/ulqinbllokohet-rruga-ne-lagjen-lima\/\"]}]},{\"@type\":\"BreadcrumbList\",\"@id\":\"https:\/\/www.visit-ulcinj.com\/blog\/2009\/03\/08\/ulqinbllokohet-rruga-ne-lagjen-lima\/#breadcrumb\",\"itemListElement\":[{\"@type\":\"ListItem\",\"position\":1,\"name\":\"Ulqin: Bllokohet rruga n\u00eb lagjen Lima\"}]},{\"@type\":\"Person\",\"@id\":\"https:\/\/www.visit-ulcinj.com\/blog\/#\/schema\/person\/dcab619c614d3038751c63bc2aadc06d\",\"name\":\"ulqini\",\"sameAs\":[\"http:\/\/www.visit-ulcinj.com\"],\"url\":\"https:\/\/www.visit-ulcinj.com\/blog\/author\/admin\/\"}]}<\/script>\n<!-- \/ Yoast SEO plugin. -->","yoast_head_json":{"title":"Ulqin: Bllokohet rruga n\u00eb lagjen Lima - Lajme nga Ulqini","description":"Disa prej banor\u00ebve t\u00eb lagjes Lima\u00a0 kan\u00eb bllokuar dje\u00a0 rrug\u00ebn duke mos lejuar\u00a0 t\u00eb qarkullojn mjetet sikurse kamionat dhe traktor\u00ebt q\u00eb po prishin rrugen n\u00eb","robots":{"index":"index","follow":"follow","max-snippet":"max-snippet:-1","max-image-preview":"max-image-preview:large","max-video-preview":"max-video-preview:-1"},"canonical":"https:\/\/www.visit-ulcinj.com\/blog\/2009\/03\/08\/ulqinbllokohet-rruga-ne-lagjen-lima\/","og_locale":"en_US","og_type":"article","og_title":"Ulqin: Bllokohet rruga n\u00eb lagjen Lima - Lajme nga Ulqini","og_description":"Disa prej banor\u00ebve t\u00eb lagjes Lima\u00a0 kan\u00eb bllokuar dje\u00a0 rrug\u00ebn duke mos lejuar\u00a0 t\u00eb qarkullojn mjetet sikurse kamionat dhe traktor\u00ebt q\u00eb po prishin rrugen n\u00eb","og_url":"https:\/\/www.visit-ulcinj.com\/blog\/2009\/03\/08\/ulqinbllokohet-rruga-ne-lagjen-lima\/","og_site_name":"Lajme nga Ulqini","article_published_time":"2009-03-08T10:33:18+00:00","article_modified_time":"2009-03-08T10:34:04+00:00","og_image":[{"url":"http:\/\/www.visit-ulcinj.com\/blog\/wp-content\/uploads\/2009\/03\/ulcinj-mjestani-limana-blokirali-put.jpg"}],"twitter_misc":{"Written by":"ulqini","Est. reading time":"1 minute"},"schema":{"@context":"https:\/\/schema.org","@graph":[{"@type":"WebSite","@id":"https:\/\/www.visit-ulcinj.com\/blog\/#website","url":"https:\/\/www.visit-ulcinj.com\/blog\/","name":"Lajme nga Ulqini","description":"Lajme,Vijesti,Ulqini,Ulqin,Crna Gora,Mali i Zi","potentialAction":[{"@type":"SearchAction","target":{"@type":"EntryPoint","urlTemplate":"https:\/\/www.visit-ulcinj.com\/blog\/?s={search_term_string}"},"query-input":"required name=search_term_string"}],"inLanguage":"en-US"},{"@type":"ImageObject","inLanguage":"en-US","@id":"https:\/\/www.visit-ulcinj.com\/blog\/2009\/03\/08\/ulqinbllokohet-rruga-ne-lagjen-lima\/#primaryimage","url":"https:\/\/www.visit-ulcinj.com\/blog\/wp-content\/uploads\/2009\/03\/ulcinj-mjestani-limana-blokirali-put.jpg","contentUrl":"https:\/\/www.visit-ulcinj.com\/blog\/wp-content\/uploads\/2009\/03\/ulcinj-mjestani-limana-blokirali-put.jpg","width":"290","height":"190"},{"@type":"WebPage","@id":"https:\/\/www.visit-ulcinj.com\/blog\/2009\/03\/08\/ulqinbllokohet-rruga-ne-lagjen-lima\/#webpage","url":"https:\/\/www.visit-ulcinj.com\/blog\/2009\/03\/08\/ulqinbllokohet-rruga-ne-lagjen-lima\/","name":"Ulqin: Bllokohet rruga n\u00eb lagjen Lima - Lajme nga Ulqini","isPartOf":{"@id":"https:\/\/www.visit-ulcinj.com\/blog\/#website"},"primaryImageOfPage":{"@id":"https:\/\/www.visit-ulcinj.com\/blog\/2009\/03\/08\/ulqinbllokohet-rruga-ne-lagjen-lima\/#primaryimage"},"datePublished":"2009-03-08T10:33:18+00:00","dateModified":"2009-03-08T10:34:04+00:00","author":{"@id":"https:\/\/www.visit-ulcinj.com\/blog\/#\/schema\/person\/dcab619c614d3038751c63bc2aadc06d"},"description":"Disa prej banor\u00ebve t\u00eb lagjes Lima\u00a0 kan\u00eb bllokuar dje\u00a0 rrug\u00ebn duke mos lejuar\u00a0 t\u00eb qarkullojn mjetet sikurse kamionat dhe traktor\u00ebt q\u00eb po prishin rrugen n\u00eb","breadcrumb":{"@id":"https:\/\/www.visit-ulcinj.com\/blog\/2009\/03\/08\/ulqinbllokohet-rruga-ne-lagjen-lima\/#breadcrumb"},"inLanguage":"en-US","potentialAction":[{"@type":"ReadAction","target":["https:\/\/www.visit-ulcinj.com\/blog\/2009\/03\/08\/ulqinbllokohet-rruga-ne-lagjen-lima\/"]}]},{"@type":"BreadcrumbList","@id":"https:\/\/www.visit-ulcinj.com\/blog\/2009\/03\/08\/ulqinbllokohet-rruga-ne-lagjen-lima\/#breadcrumb","itemListElement":[{"@type":"ListItem","position":1,"name":"Ulqin: Bllokohet rruga n\u00eb lagjen Lima"}]},{"@type":"Person","@id":"https:\/\/www.visit-ulcinj.com\/blog\/#\/schema\/person\/dcab619c614d3038751c63bc2aadc06d","name":"ulqini","sameAs":["http:\/\/www.visit-ulcinj.com"],"url":"https:\/\/www.visit-ulcinj.com\/blog\/author\/admin\/"}]}},"jetpack_featured_media_url":"","jetpack_sharing_enabled":true,"jetpack_shortlink":"https:\/\/wp.me\/pe6lTn-3tS","_links":{"self":[{"href":"https:\/\/www.visit-ulcinj.com\/blog\/wp-json\/wp\/v2\/posts\/13384"}],"collection":[{"href":"https:\/\/www.visit-ulcinj.com\/blog\/wp-json\/wp\/v2\/posts"}],"about":[{"href":"https:\/\/www.visit-ulcinj.com\/blog\/wp-json\/wp\/v2\/types\/post"}],"author":[{"embeddable":true,"href":"https:\/\/www.visit-ulcinj.com\/blog\/wp-json\/wp\/v2\/users\/1"}],"replies":[{"embeddable":true,"href":"https:\/\/www.visit-ulcinj.com\/blog\/wp-json\/wp\/v2\/comments?post=13384"}],"version-history":[{"count":0,"href":"https:\/\/www.visit-ulcinj.com\/blog\/wp-json\/wp\/v2\/posts\/13384\/revisions"}],"wp:attachment":[{"href":"https:\/\/www.visit-ulcinj.com\/blog\/wp-json\/wp\/v2\/media?parent=13384"}],"wp:term":[{"taxonomy":"category","embeddable":true,"href":"https:\/\/www.visit-ulcinj.com\/blog\/wp-json\/wp\/v2\/categories?post=13384"},{"taxonomy":"post_tag","embeddable":true,"href":"https:\/\/www.visit-ulcinj.com\/blog\/wp-json\/wp\/v2\/tags?post=13384"}],"curies":[{"name":"wp","href":"https:\/\/api.w.org\/{rel}","templated":true}]}}