{"id":13409,"date":"2009-03-08T15:27:10","date_gmt":"2009-03-08T14:27:10","guid":{"rendered":"http:\/\/www.visit-ulcinj.com\/blog\/?p=13409"},"modified":"2009-03-17T16:05:07","modified_gmt":"2009-03-17T15:05:07","slug":"video-fillon-asfalltimi-i-rruges-katerkoll-shas","status":"publish","type":"post","link":"https:\/\/www.visit-ulcinj.com\/blog\/2009\/03\/08\/video-fillon-asfalltimi-i-rruges-katerkoll-shas\/","title":{"rendered":"Video &#8211; Fillon asfalltimi i rrug\u00ebs Kat\u00ebrkoll &#8211; Shas"},"content":{"rendered":"<p><a href=\"http:\/\/www.visit-ulcinj.com\/blog\/wp-content\/uploads\/2009\/03\/fillon-asfalltimi-i-rruges-katerkoll-shas.jpg\"><img loading=\"lazy\" class=\"alignleft size-full wp-image-13410\" title=\"fillon-asfalltimi-i-rruges-katerkoll-shas\" src=\"http:\/\/www.visit-ulcinj.com\/blog\/wp-content\/uploads\/2009\/03\/fillon-asfalltimi-i-rruges-katerkoll-shas.jpg\" alt=\"fillon-asfalltimi-i-rruges-katerkoll-shas\" width=\"570\" height=\"350\" \/><\/a>N\u00eb muajin shkurt autoritetet lokale t\u00eb Ulqini kan\u00eb intervenuar p\u00ebr sanimin e gjendjes s\u00eb rrug\u00ebs Kat\u00ebrkoll &#8211; Shas, e cila \u00ebsht\u00eb n\u00eb nd\u00ebrtim e sip\u00ebr. Me tamponimin q\u00eb \u00ebsht\u00eb b\u00ebr\u00eb dhe me shtrirjen e asfaltit me gjansi 5 metrash ose dy traka p\u00ebr ecjen e automjeteve, kjo rrug\u00eb tani mund\u00ebson qarkullim pa probleme t\u00eb automjeteve. Banor\u00ebt e k\u00ebsaj ane tanim\u00eb jan\u00eb t\u00eb k\u00ebnaqur me gjendjen e rrug\u00ebs, nd\u00ebrsa nga komuna njoftojn\u00eb se \u00ebsht\u00eb kjo nj\u00eb zgjidhje e financimit t\u00eb k\u00ebsaj rruge pasi rruga p\u00ebr Lima n\u00eb Ulqin d\u00ebshtoj.Por sido si qoft deri n\u00eb nd\u00ebrtimin e rrug\u00ebs Kat\u00ebrkoll &#8211; Shas do b\u00ebhet me standardet e duhura europiane.<br \/>\n&#8220;Deri n\u00eb rregullimin e plot\u00eb t\u00eb rrug\u00ebs Kat\u00ebrkoll &#8211; Shas , nj\u00eb ekip mobil i Komun\u00ebs s\u00eb Ulqinit gjat\u00eb stin\u00ebs s\u00eb dimrit n\u00eb vazhdim\u00ebsi do t\u00eb kujdeset p\u00ebr mir\u00ebmbajtjen e k\u00ebsaj rruge, do t\u00eb mbushen dhe do t\u00eb rrafshohen t\u00eb gjitha gropat eventuale, me q\u00ebllim q\u00eb kjo rrug\u00eb t\u00eb jet\u00eb funksionale&#8221;, njoftojn\u00eb nga kabineti i kryetarit t\u00eb Komun\u00ebs s\u00eb Ulqinit. Nga ky kabinet, ftojn\u00eb banor\u00ebt e Shasit q\u00eb t\u00eb ken\u00eb mir\u00ebkuptim deri n\u00eb p\u00ebrfundimin e punimeve n\u00eb k\u00ebt\u00eb rrug\u00eb.<br \/>\nSipas planit, kjo rrug\u00eb do t\u00eb jet\u00eb me gjat\u00ebsi prej 5,5 kilometra,kurse e gjer\u00eb 6,5 metra, me trotuare,por parashihet edhe ndri\u00e7im publik dhe sinjalizim.<br \/>\nKy projekt madh\u00ebshtor do t\u00eb kushtoj af\u00ebr 700 mij\u00eb euro,kurse mbarimi i pun\u00ebs t\u00eb\u00a0 k\u00ebtij projekti\u00a0 Kat\u00ebrkoll &#8211; Shas parapahet deri n\u00eb fillim t\u00eb sezonit turistik lajmron Tehno Put nga Podgorica.<\/p>\n<p><strong>Lajme nga Ulqini<\/strong><\/p>\n<p><strong><!--YouTube Error: bad URL entered--><br \/>\n<\/strong><\/p>\n","protected":false},"excerpt":{"rendered":"<p>N\u00eb muajin shkurt autoritetet lokale t\u00eb Ulqini kan\u00eb intervenuar p\u00ebr sanimin e gjendjes s\u00eb rrug\u00ebs Kat\u00ebrkoll &#8211; Shas, e cila \u00ebsht\u00eb n\u00eb nd\u00ebrtim e sip\u00ebr. Me tamponimin q\u00eb \u00ebsht\u00eb b\u00ebr\u00eb dhe me shtrirjen e asfaltit me gjansi 5 metrash ose dy traka p\u00ebr ecjen e automjeteve, kjo rrug\u00eb tani mund\u00ebson qarkullim pa probleme t\u00eb automjeteve. [&hellip;]<\/p>\n","protected":false},"author":1,"featured_media":0,"comment_status":"open","ping_status":"closed","sticky":false,"template":"","format":"standard","meta":{"spay_email":"","jetpack_publicize_message":"","jetpack_is_tweetstorm":false,"jetpack_publicize_feature_enabled":true},"categories":[11],"tags":[7662,7663,7664],"jetpack_publicize_connections":[],"yoast_head":"<!-- This site is optimized with the Yoast SEO plugin v19.1 - https:\/\/yoast.com\/wordpress\/plugins\/seo\/ -->\n<title>Video - Fillon asfalltimi i rrug\u00ebs Kat\u00ebrkoll - Shas - Lajme nga Ulqini<\/title>\n<meta name=\"description\" content=\"N\u00eb muajin shkurt autoritetet lokale t\u00eb Ulqini kan\u00eb intervenuar p\u00ebr sanimin e gjendjes s\u00eb rrug\u00ebs Kat\u00ebrkoll - Shas, e cila \u00ebsht\u00eb n\u00eb nd\u00ebrtim e sip\u00ebr. Me\" \/>\n<meta name=\"robots\" content=\"index, follow, max-snippet:-1, max-image-preview:large, max-video-preview:-1\" \/>\n<link rel=\"canonical\" href=\"https:\/\/www.visit-ulcinj.com\/blog\/2009\/03\/08\/video-fillon-asfalltimi-i-rruges-katerkoll-shas\/\" \/>\n<meta property=\"og:locale\" content=\"en_US\" \/>\n<meta property=\"og:type\" content=\"article\" \/>\n<meta property=\"og:title\" content=\"Video - Fillon asfalltimi i rrug\u00ebs Kat\u00ebrkoll - Shas - Lajme nga Ulqini\" \/>\n<meta property=\"og:description\" content=\"N\u00eb muajin shkurt autoritetet lokale t\u00eb Ulqini kan\u00eb intervenuar p\u00ebr sanimin e gjendjes s\u00eb rrug\u00ebs Kat\u00ebrkoll - Shas, e cila \u00ebsht\u00eb n\u00eb nd\u00ebrtim e sip\u00ebr. Me\" \/>\n<meta property=\"og:url\" content=\"https:\/\/www.visit-ulcinj.com\/blog\/2009\/03\/08\/video-fillon-asfalltimi-i-rruges-katerkoll-shas\/\" \/>\n<meta property=\"og:site_name\" content=\"Lajme nga Ulqini\" \/>\n<meta property=\"article:published_time\" content=\"2009-03-08T14:27:10+00:00\" \/>\n<meta property=\"article:modified_time\" content=\"2009-03-17T15:05:07+00:00\" \/>\n<meta property=\"og:image\" content=\"http:\/\/www.visit-ulcinj.com\/blog\/wp-content\/uploads\/2009\/03\/fillon-asfalltimi-i-rruges-katerkoll-shas.jpg\" \/>\n<meta name=\"twitter:label1\" content=\"Written by\" \/>\n\t<meta name=\"twitter:data1\" content=\"ulqini\" \/>\n\t<meta name=\"twitter:label2\" content=\"Est. reading time\" \/>\n\t<meta name=\"twitter:data2\" content=\"1 minute\" \/>\n<script type=\"application\/ld+json\" class=\"yoast-schema-graph\">{\"@context\":\"https:\/\/schema.org\",\"@graph\":[{\"@type\":\"WebSite\",\"@id\":\"https:\/\/www.visit-ulcinj.com\/blog\/#website\",\"url\":\"https:\/\/www.visit-ulcinj.com\/blog\/\",\"name\":\"Lajme nga Ulqini\",\"description\":\"Lajme,Vijesti,Ulqini,Ulqin,Crna Gora,Mali i Zi\",\"potentialAction\":[{\"@type\":\"SearchAction\",\"target\":{\"@type\":\"EntryPoint\",\"urlTemplate\":\"https:\/\/www.visit-ulcinj.com\/blog\/?s={search_term_string}\"},\"query-input\":\"required name=search_term_string\"}],\"inLanguage\":\"en-US\"},{\"@type\":\"ImageObject\",\"inLanguage\":\"en-US\",\"@id\":\"https:\/\/www.visit-ulcinj.com\/blog\/2009\/03\/08\/video-fillon-asfalltimi-i-rruges-katerkoll-shas\/#primaryimage\",\"url\":\"https:\/\/www.visit-ulcinj.com\/blog\/wp-content\/uploads\/2009\/03\/fillon-asfalltimi-i-rruges-katerkoll-shas.jpg\",\"contentUrl\":\"https:\/\/www.visit-ulcinj.com\/blog\/wp-content\/uploads\/2009\/03\/fillon-asfalltimi-i-rruges-katerkoll-shas.jpg\",\"width\":\"500\",\"height\":\"332\"},{\"@type\":\"WebPage\",\"@id\":\"https:\/\/www.visit-ulcinj.com\/blog\/2009\/03\/08\/video-fillon-asfalltimi-i-rruges-katerkoll-shas\/#webpage\",\"url\":\"https:\/\/www.visit-ulcinj.com\/blog\/2009\/03\/08\/video-fillon-asfalltimi-i-rruges-katerkoll-shas\/\",\"name\":\"Video - Fillon asfalltimi i rrug\u00ebs Kat\u00ebrkoll - Shas - Lajme nga Ulqini\",\"isPartOf\":{\"@id\":\"https:\/\/www.visit-ulcinj.com\/blog\/#website\"},\"primaryImageOfPage\":{\"@id\":\"https:\/\/www.visit-ulcinj.com\/blog\/2009\/03\/08\/video-fillon-asfalltimi-i-rruges-katerkoll-shas\/#primaryimage\"},\"datePublished\":\"2009-03-08T14:27:10+00:00\",\"dateModified\":\"2009-03-17T15:05:07+00:00\",\"author\":{\"@id\":\"https:\/\/www.visit-ulcinj.com\/blog\/#\/schema\/person\/dcab619c614d3038751c63bc2aadc06d\"},\"description\":\"N\u00eb muajin shkurt autoritetet lokale t\u00eb Ulqini kan\u00eb intervenuar p\u00ebr sanimin e gjendjes s\u00eb rrug\u00ebs Kat\u00ebrkoll - Shas, e cila \u00ebsht\u00eb n\u00eb nd\u00ebrtim e sip\u00ebr. Me\",\"breadcrumb\":{\"@id\":\"https:\/\/www.visit-ulcinj.com\/blog\/2009\/03\/08\/video-fillon-asfalltimi-i-rruges-katerkoll-shas\/#breadcrumb\"},\"inLanguage\":\"en-US\",\"potentialAction\":[{\"@type\":\"ReadAction\",\"target\":[\"https:\/\/www.visit-ulcinj.com\/blog\/2009\/03\/08\/video-fillon-asfalltimi-i-rruges-katerkoll-shas\/\"]}]},{\"@type\":\"BreadcrumbList\",\"@id\":\"https:\/\/www.visit-ulcinj.com\/blog\/2009\/03\/08\/video-fillon-asfalltimi-i-rruges-katerkoll-shas\/#breadcrumb\",\"itemListElement\":[{\"@type\":\"ListItem\",\"position\":1,\"name\":\"Video &#8211; Fillon asfalltimi i rrug\u00ebs Kat\u00ebrkoll &#8211; Shas\"}]},{\"@type\":\"Person\",\"@id\":\"https:\/\/www.visit-ulcinj.com\/blog\/#\/schema\/person\/dcab619c614d3038751c63bc2aadc06d\",\"name\":\"ulqini\",\"sameAs\":[\"http:\/\/www.visit-ulcinj.com\"],\"url\":\"https:\/\/www.visit-ulcinj.com\/blog\/author\/admin\/\"}]}<\/script>\n<!-- \/ Yoast SEO plugin. -->","yoast_head_json":{"title":"Video - Fillon asfalltimi i rrug\u00ebs Kat\u00ebrkoll - Shas - Lajme nga Ulqini","description":"N\u00eb muajin shkurt autoritetet lokale t\u00eb Ulqini kan\u00eb intervenuar p\u00ebr sanimin e gjendjes s\u00eb rrug\u00ebs Kat\u00ebrkoll - Shas, e cila \u00ebsht\u00eb n\u00eb nd\u00ebrtim e sip\u00ebr. Me","robots":{"index":"index","follow":"follow","max-snippet":"max-snippet:-1","max-image-preview":"max-image-preview:large","max-video-preview":"max-video-preview:-1"},"canonical":"https:\/\/www.visit-ulcinj.com\/blog\/2009\/03\/08\/video-fillon-asfalltimi-i-rruges-katerkoll-shas\/","og_locale":"en_US","og_type":"article","og_title":"Video - Fillon asfalltimi i rrug\u00ebs Kat\u00ebrkoll - Shas - Lajme nga Ulqini","og_description":"N\u00eb muajin shkurt autoritetet lokale t\u00eb Ulqini kan\u00eb intervenuar p\u00ebr sanimin e gjendjes s\u00eb rrug\u00ebs Kat\u00ebrkoll - Shas, e cila \u00ebsht\u00eb n\u00eb nd\u00ebrtim e sip\u00ebr. Me","og_url":"https:\/\/www.visit-ulcinj.com\/blog\/2009\/03\/08\/video-fillon-asfalltimi-i-rruges-katerkoll-shas\/","og_site_name":"Lajme nga Ulqini","article_published_time":"2009-03-08T14:27:10+00:00","article_modified_time":"2009-03-17T15:05:07+00:00","og_image":[{"url":"http:\/\/www.visit-ulcinj.com\/blog\/wp-content\/uploads\/2009\/03\/fillon-asfalltimi-i-rruges-katerkoll-shas.jpg"}],"twitter_misc":{"Written by":"ulqini","Est. reading time":"1 minute"},"schema":{"@context":"https:\/\/schema.org","@graph":[{"@type":"WebSite","@id":"https:\/\/www.visit-ulcinj.com\/blog\/#website","url":"https:\/\/www.visit-ulcinj.com\/blog\/","name":"Lajme nga Ulqini","description":"Lajme,Vijesti,Ulqini,Ulqin,Crna Gora,Mali i Zi","potentialAction":[{"@type":"SearchAction","target":{"@type":"EntryPoint","urlTemplate":"https:\/\/www.visit-ulcinj.com\/blog\/?s={search_term_string}"},"query-input":"required name=search_term_string"}],"inLanguage":"en-US"},{"@type":"ImageObject","inLanguage":"en-US","@id":"https:\/\/www.visit-ulcinj.com\/blog\/2009\/03\/08\/video-fillon-asfalltimi-i-rruges-katerkoll-shas\/#primaryimage","url":"https:\/\/www.visit-ulcinj.com\/blog\/wp-content\/uploads\/2009\/03\/fillon-asfalltimi-i-rruges-katerkoll-shas.jpg","contentUrl":"https:\/\/www.visit-ulcinj.com\/blog\/wp-content\/uploads\/2009\/03\/fillon-asfalltimi-i-rruges-katerkoll-shas.jpg","width":"500","height":"332"},{"@type":"WebPage","@id":"https:\/\/www.visit-ulcinj.com\/blog\/2009\/03\/08\/video-fillon-asfalltimi-i-rruges-katerkoll-shas\/#webpage","url":"https:\/\/www.visit-ulcinj.com\/blog\/2009\/03\/08\/video-fillon-asfalltimi-i-rruges-katerkoll-shas\/","name":"Video - Fillon asfalltimi i rrug\u00ebs Kat\u00ebrkoll - Shas - Lajme nga Ulqini","isPartOf":{"@id":"https:\/\/www.visit-ulcinj.com\/blog\/#website"},"primaryImageOfPage":{"@id":"https:\/\/www.visit-ulcinj.com\/blog\/2009\/03\/08\/video-fillon-asfalltimi-i-rruges-katerkoll-shas\/#primaryimage"},"datePublished":"2009-03-08T14:27:10+00:00","dateModified":"2009-03-17T15:05:07+00:00","author":{"@id":"https:\/\/www.visit-ulcinj.com\/blog\/#\/schema\/person\/dcab619c614d3038751c63bc2aadc06d"},"description":"N\u00eb muajin shkurt autoritetet lokale t\u00eb Ulqini kan\u00eb intervenuar p\u00ebr sanimin e gjendjes s\u00eb rrug\u00ebs Kat\u00ebrkoll - Shas, e cila \u00ebsht\u00eb n\u00eb nd\u00ebrtim e sip\u00ebr. Me","breadcrumb":{"@id":"https:\/\/www.visit-ulcinj.com\/blog\/2009\/03\/08\/video-fillon-asfalltimi-i-rruges-katerkoll-shas\/#breadcrumb"},"inLanguage":"en-US","potentialAction":[{"@type":"ReadAction","target":["https:\/\/www.visit-ulcinj.com\/blog\/2009\/03\/08\/video-fillon-asfalltimi-i-rruges-katerkoll-shas\/"]}]},{"@type":"BreadcrumbList","@id":"https:\/\/www.visit-ulcinj.com\/blog\/2009\/03\/08\/video-fillon-asfalltimi-i-rruges-katerkoll-shas\/#breadcrumb","itemListElement":[{"@type":"ListItem","position":1,"name":"Video &#8211; Fillon asfalltimi i rrug\u00ebs Kat\u00ebrkoll &#8211; Shas"}]},{"@type":"Person","@id":"https:\/\/www.visit-ulcinj.com\/blog\/#\/schema\/person\/dcab619c614d3038751c63bc2aadc06d","name":"ulqini","sameAs":["http:\/\/www.visit-ulcinj.com"],"url":"https:\/\/www.visit-ulcinj.com\/blog\/author\/admin\/"}]}},"jetpack_featured_media_url":"","jetpack_sharing_enabled":true,"jetpack_shortlink":"https:\/\/wp.me\/pe6lTn-3uh","_links":{"self":[{"href":"https:\/\/www.visit-ulcinj.com\/blog\/wp-json\/wp\/v2\/posts\/13409"}],"collection":[{"href":"https:\/\/www.visit-ulcinj.com\/blog\/wp-json\/wp\/v2\/posts"}],"about":[{"href":"https:\/\/www.visit-ulcinj.com\/blog\/wp-json\/wp\/v2\/types\/post"}],"author":[{"embeddable":true,"href":"https:\/\/www.visit-ulcinj.com\/blog\/wp-json\/wp\/v2\/users\/1"}],"replies":[{"embeddable":true,"href":"https:\/\/www.visit-ulcinj.com\/blog\/wp-json\/wp\/v2\/comments?post=13409"}],"version-history":[{"count":0,"href":"https:\/\/www.visit-ulcinj.com\/blog\/wp-json\/wp\/v2\/posts\/13409\/revisions"}],"wp:attachment":[{"href":"https:\/\/www.visit-ulcinj.com\/blog\/wp-json\/wp\/v2\/media?parent=13409"}],"wp:term":[{"taxonomy":"category","embeddable":true,"href":"https:\/\/www.visit-ulcinj.com\/blog\/wp-json\/wp\/v2\/categories?post=13409"},{"taxonomy":"post_tag","embeddable":true,"href":"https:\/\/www.visit-ulcinj.com\/blog\/wp-json\/wp\/v2\/tags?post=13409"}],"curies":[{"name":"wp","href":"https:\/\/api.w.org\/{rel}","templated":true}]}}