{"id":1341,"date":"2008-04-21T13:30:27","date_gmt":"2008-04-21T18:30:27","guid":{"rendered":"http:\/\/www.visit-ulcinj.com\/blog\/?p=1341"},"modified":"2008-04-21T13:30:27","modified_gmt":"2008-04-21T18:30:27","slug":"seike-interesuje-velika-plaza-u-ulcinju","status":"publish","type":"post","link":"https:\/\/www.visit-ulcinj.com\/blog\/2008\/04\/21\/seike-interesuje-velika-plaza-u-ulcinju\/","title":{"rendered":"\u0160eike interesuje Velika pla\u017ea u Ulcinju"},"content":{"rendered":"<p><a href=\"http:\/\/www.visit-ulcinj.com\/blog\/wp-content\/uploads\/2008\/04\/velika-plaza1.jpg\"><img loading=\"lazy\" class=\"alignleft attachment wp-att-1342\" style=\"float: left;\" src=\"http:\/\/www.visit-ulcinj.com\/blog\/wp-content\/uploads\/2008\/04\/velika-plaza1.thumbnail.jpg\" alt=\"velika plaza1\" width=\"200\" height=\"134\" \/><\/a><strong>Ministarstvo ekonomije u Dubaiju predstavilo projekte za razvoj turizma<\/strong><br \/>\nPodgorica &#8211; Mogu?nosti i planske preduslove odr\u017eivog ekonomskog razvoja Crne Gore, prezentova?e na Samitu Svjetskog savjeta za turizam i putovanja (WTTC), koji je ju?e po?eo u Dubaiju, crnogorski ministar za ekonomski razvoj Branimir Gvozdenovi?.<br \/>\nIz Ministarstva za ekonomski razvoj saop\u0161teno je da ?e poseban akcenat biti stavljen na projekat ulcinjske Velike pla\u017ee, za koji je objavljen poziv me?unarodnim investitorima da do 16. juna poka\u017eu interesovanje o dugoro?nom zakupu.<br \/>\nGvozdenovi? ?e, kako je saop\u0161teno, na Samitu najaviti objavljivanje konkursa za najsposobnije planere iz cijelog svijeta, koji ?e dostaviti najbolje predloge za izgradnju odr\u017eivog, na turizmu zasnovanog, naselja na Velikoj pla\u017ei.<br \/>\nOn ?e tokom Samita imati niz prezentacija i razgovora sa investitorima iz Abu Dabija i Dubaija, koji su zainteresovani za projekat Velike pla\u017ee.<br \/>\nNa samitu, koji ?e trajati do srijede, u?estvuju i predstavnici crnogorskog Ministarstva turizma i za\u0161tite \u017eivotne sredine.<br \/>\nPlanirano je da ministar turizma Predrag Nenezi? danas u?estvuje u oficijelnom dijelu programa Samita, koji ?e biti posve?en ulozi dr\u017eave u odnosima sa privredom i investitorima.<br \/>\nWTTC je osnovalo preko 100 svjetskih preduze?a u cilju dobijanja potpunih podataka o ekonomskim kretanjima u turizmu, kao i opredjeljenja investicione politike tih grupa ka aktuelnim destinacijama.<br \/>\nSamit WTTC se odr\u017eava pod pokroviteljstvom premijera i vladara Ujedinjenih Arapskih Emirata, \u0161eika Moh-ammeda Bin Rashid Al Maktouma.<br \/>\n<strong>(MINA-BUSINESS)<\/strong><\/p>\n<!-- vimeo error: not a vimeo video -->\n","protected":false},"excerpt":{"rendered":"<p><img loading=\"lazy\" class=\"alignleft attachment wp-att-1342\" style=\"float: left;\" src=\"http:\/\/www.visit-ulcinj.com\/blog\/wp-content\/uploads\/2008\/04\/velika-plaza1.thumbnail.jpg\" alt=\"velika plaza1\" width=\"140\" height=\"140\" \/><\/p>\n","protected":false},"author":1,"featured_media":0,"comment_status":"open","ping_status":"closed","sticky":false,"template":"","format":"standard","meta":{"spay_email":"","jetpack_publicize_message":"","jetpack_is_tweetstorm":false,"jetpack_publicize_feature_enabled":true},"categories":[12,15],"tags":[2469,90,2667,19,2665,2666],"jetpack_publicize_connections":[],"yoast_head":"<!-- This site is optimized with the Yoast SEO plugin v19.1 - https:\/\/yoast.com\/wordpress\/plugins\/seo\/ -->\n<title>\u0160eike interesuje Velika pla\u017ea u Ulcinju - Lajme nga Ulqini<\/title>\n<meta name=\"robots\" content=\"index, follow, max-snippet:-1, max-image-preview:large, max-video-preview:-1\" \/>\n<link rel=\"canonical\" href=\"https:\/\/www.visit-ulcinj.com\/blog\/2008\/04\/21\/seike-interesuje-velika-plaza-u-ulcinju\/\" \/>\n<meta property=\"og:locale\" content=\"en_US\" \/>\n<meta property=\"og:type\" content=\"article\" \/>\n<meta property=\"og:title\" content=\"\u0160eike interesuje Velika pla\u017ea u Ulcinju - Lajme nga Ulqini\" \/>\n<meta property=\"og:url\" content=\"https:\/\/www.visit-ulcinj.com\/blog\/2008\/04\/21\/seike-interesuje-velika-plaza-u-ulcinju\/\" \/>\n<meta property=\"og:site_name\" content=\"Lajme nga Ulqini\" \/>\n<meta property=\"article:published_time\" content=\"2008-04-21T18:30:27+00:00\" \/>\n<meta property=\"og:image\" content=\"http:\/\/www.visit-ulcinj.com\/blog\/wp-content\/uploads\/2008\/04\/velika-plaza1.thumbnail.jpg\" \/>\n<meta name=\"twitter:label1\" content=\"Written by\" \/>\n\t<meta name=\"twitter:data1\" content=\"ulqini\" \/>\n\t<meta name=\"twitter:label2\" content=\"Est. reading time\" \/>\n\t<meta name=\"twitter:data2\" content=\"1 minute\" \/>\n<script type=\"application\/ld+json\" class=\"yoast-schema-graph\">{\"@context\":\"https:\/\/schema.org\",\"@graph\":[{\"@type\":\"WebSite\",\"@id\":\"https:\/\/www.visit-ulcinj.com\/blog\/#website\",\"url\":\"https:\/\/www.visit-ulcinj.com\/blog\/\",\"name\":\"Lajme nga Ulqini\",\"description\":\"Lajme,Vijesti,Ulqini,Ulqin,Crna Gora,Mali i Zi\",\"potentialAction\":[{\"@type\":\"SearchAction\",\"target\":{\"@type\":\"EntryPoint\",\"urlTemplate\":\"https:\/\/www.visit-ulcinj.com\/blog\/?s={search_term_string}\"},\"query-input\":\"required name=search_term_string\"}],\"inLanguage\":\"en-US\"},{\"@type\":\"ImageObject\",\"inLanguage\":\"en-US\",\"@id\":\"https:\/\/www.visit-ulcinj.com\/blog\/2008\/04\/21\/seike-interesuje-velika-plaza-u-ulcinju\/#primaryimage\",\"url\":\"http:\/\/www.visit-ulcinj.com\/blog\/wp-content\/uploads\/2008\/04\/velika-plaza1.thumbnail.jpg\",\"contentUrl\":\"http:\/\/www.visit-ulcinj.com\/blog\/wp-content\/uploads\/2008\/04\/velika-plaza1.thumbnail.jpg\"},{\"@type\":\"WebPage\",\"@id\":\"https:\/\/www.visit-ulcinj.com\/blog\/2008\/04\/21\/seike-interesuje-velika-plaza-u-ulcinju\/#webpage\",\"url\":\"https:\/\/www.visit-ulcinj.com\/blog\/2008\/04\/21\/seike-interesuje-velika-plaza-u-ulcinju\/\",\"name\":\"\u0160eike interesuje Velika pla\u017ea u Ulcinju - Lajme nga Ulqini\",\"isPartOf\":{\"@id\":\"https:\/\/www.visit-ulcinj.com\/blog\/#website\"},\"primaryImageOfPage\":{\"@id\":\"https:\/\/www.visit-ulcinj.com\/blog\/2008\/04\/21\/seike-interesuje-velika-plaza-u-ulcinju\/#primaryimage\"},\"datePublished\":\"2008-04-21T18:30:27+00:00\",\"dateModified\":\"2008-04-21T18:30:27+00:00\",\"author\":{\"@id\":\"https:\/\/www.visit-ulcinj.com\/blog\/#\/schema\/person\/dcab619c614d3038751c63bc2aadc06d\"},\"breadcrumb\":{\"@id\":\"https:\/\/www.visit-ulcinj.com\/blog\/2008\/04\/21\/seike-interesuje-velika-plaza-u-ulcinju\/#breadcrumb\"},\"inLanguage\":\"en-US\",\"potentialAction\":[{\"@type\":\"ReadAction\",\"target\":[\"https:\/\/www.visit-ulcinj.com\/blog\/2008\/04\/21\/seike-interesuje-velika-plaza-u-ulcinju\/\"]}]},{\"@type\":\"BreadcrumbList\",\"@id\":\"https:\/\/www.visit-ulcinj.com\/blog\/2008\/04\/21\/seike-interesuje-velika-plaza-u-ulcinju\/#breadcrumb\",\"itemListElement\":[{\"@type\":\"ListItem\",\"position\":1,\"name\":\"\u0160eike interesuje Velika pla\u017ea u Ulcinju\"}]},{\"@type\":\"Person\",\"@id\":\"https:\/\/www.visit-ulcinj.com\/blog\/#\/schema\/person\/dcab619c614d3038751c63bc2aadc06d\",\"name\":\"ulqini\",\"sameAs\":[\"http:\/\/www.visit-ulcinj.com\"],\"url\":\"https:\/\/www.visit-ulcinj.com\/blog\/author\/admin\/\"}]}<\/script>\n<!-- \/ Yoast SEO plugin. -->","yoast_head_json":{"title":"\u0160eike interesuje Velika pla\u017ea u Ulcinju - Lajme nga Ulqini","robots":{"index":"index","follow":"follow","max-snippet":"max-snippet:-1","max-image-preview":"max-image-preview:large","max-video-preview":"max-video-preview:-1"},"canonical":"https:\/\/www.visit-ulcinj.com\/blog\/2008\/04\/21\/seike-interesuje-velika-plaza-u-ulcinju\/","og_locale":"en_US","og_type":"article","og_title":"\u0160eike interesuje Velika pla\u017ea u Ulcinju - Lajme nga Ulqini","og_url":"https:\/\/www.visit-ulcinj.com\/blog\/2008\/04\/21\/seike-interesuje-velika-plaza-u-ulcinju\/","og_site_name":"Lajme nga Ulqini","article_published_time":"2008-04-21T18:30:27+00:00","og_image":[{"url":"http:\/\/www.visit-ulcinj.com\/blog\/wp-content\/uploads\/2008\/04\/velika-plaza1.thumbnail.jpg"}],"twitter_misc":{"Written by":"ulqini","Est. reading time":"1 minute"},"schema":{"@context":"https:\/\/schema.org","@graph":[{"@type":"WebSite","@id":"https:\/\/www.visit-ulcinj.com\/blog\/#website","url":"https:\/\/www.visit-ulcinj.com\/blog\/","name":"Lajme nga Ulqini","description":"Lajme,Vijesti,Ulqini,Ulqin,Crna Gora,Mali i Zi","potentialAction":[{"@type":"SearchAction","target":{"@type":"EntryPoint","urlTemplate":"https:\/\/www.visit-ulcinj.com\/blog\/?s={search_term_string}"},"query-input":"required name=search_term_string"}],"inLanguage":"en-US"},{"@type":"ImageObject","inLanguage":"en-US","@id":"https:\/\/www.visit-ulcinj.com\/blog\/2008\/04\/21\/seike-interesuje-velika-plaza-u-ulcinju\/#primaryimage","url":"http:\/\/www.visit-ulcinj.com\/blog\/wp-content\/uploads\/2008\/04\/velika-plaza1.thumbnail.jpg","contentUrl":"http:\/\/www.visit-ulcinj.com\/blog\/wp-content\/uploads\/2008\/04\/velika-plaza1.thumbnail.jpg"},{"@type":"WebPage","@id":"https:\/\/www.visit-ulcinj.com\/blog\/2008\/04\/21\/seike-interesuje-velika-plaza-u-ulcinju\/#webpage","url":"https:\/\/www.visit-ulcinj.com\/blog\/2008\/04\/21\/seike-interesuje-velika-plaza-u-ulcinju\/","name":"\u0160eike interesuje Velika pla\u017ea u Ulcinju - Lajme nga Ulqini","isPartOf":{"@id":"https:\/\/www.visit-ulcinj.com\/blog\/#website"},"primaryImageOfPage":{"@id":"https:\/\/www.visit-ulcinj.com\/blog\/2008\/04\/21\/seike-interesuje-velika-plaza-u-ulcinju\/#primaryimage"},"datePublished":"2008-04-21T18:30:27+00:00","dateModified":"2008-04-21T18:30:27+00:00","author":{"@id":"https:\/\/www.visit-ulcinj.com\/blog\/#\/schema\/person\/dcab619c614d3038751c63bc2aadc06d"},"breadcrumb":{"@id":"https:\/\/www.visit-ulcinj.com\/blog\/2008\/04\/21\/seike-interesuje-velika-plaza-u-ulcinju\/#breadcrumb"},"inLanguage":"en-US","potentialAction":[{"@type":"ReadAction","target":["https:\/\/www.visit-ulcinj.com\/blog\/2008\/04\/21\/seike-interesuje-velika-plaza-u-ulcinju\/"]}]},{"@type":"BreadcrumbList","@id":"https:\/\/www.visit-ulcinj.com\/blog\/2008\/04\/21\/seike-interesuje-velika-plaza-u-ulcinju\/#breadcrumb","itemListElement":[{"@type":"ListItem","position":1,"name":"\u0160eike interesuje Velika pla\u017ea u Ulcinju"}]},{"@type":"Person","@id":"https:\/\/www.visit-ulcinj.com\/blog\/#\/schema\/person\/dcab619c614d3038751c63bc2aadc06d","name":"ulqini","sameAs":["http:\/\/www.visit-ulcinj.com"],"url":"https:\/\/www.visit-ulcinj.com\/blog\/author\/admin\/"}]}},"jetpack_featured_media_url":"","jetpack_sharing_enabled":true,"jetpack_shortlink":"https:\/\/wp.me\/pe6lTn-lD","_links":{"self":[{"href":"https:\/\/www.visit-ulcinj.com\/blog\/wp-json\/wp\/v2\/posts\/1341"}],"collection":[{"href":"https:\/\/www.visit-ulcinj.com\/blog\/wp-json\/wp\/v2\/posts"}],"about":[{"href":"https:\/\/www.visit-ulcinj.com\/blog\/wp-json\/wp\/v2\/types\/post"}],"author":[{"embeddable":true,"href":"https:\/\/www.visit-ulcinj.com\/blog\/wp-json\/wp\/v2\/users\/1"}],"replies":[{"embeddable":true,"href":"https:\/\/www.visit-ulcinj.com\/blog\/wp-json\/wp\/v2\/comments?post=1341"}],"version-history":[{"count":0,"href":"https:\/\/www.visit-ulcinj.com\/blog\/wp-json\/wp\/v2\/posts\/1341\/revisions"}],"wp:attachment":[{"href":"https:\/\/www.visit-ulcinj.com\/blog\/wp-json\/wp\/v2\/media?parent=1341"}],"wp:term":[{"taxonomy":"category","embeddable":true,"href":"https:\/\/www.visit-ulcinj.com\/blog\/wp-json\/wp\/v2\/categories?post=1341"},{"taxonomy":"post_tag","embeddable":true,"href":"https:\/\/www.visit-ulcinj.com\/blog\/wp-json\/wp\/v2\/tags?post=1341"}],"curies":[{"name":"wp","href":"https:\/\/api.w.org\/{rel}","templated":true}]}}