{"id":13426,"date":"2009-03-08T17:44:56","date_gmt":"2009-03-08T16:44:56","guid":{"rendered":"http:\/\/www.visit-ulcinj.com\/blog\/?p=13426"},"modified":"2023-04-01T13:10:23","modified_gmt":"2023-04-01T12:10:23","slug":"pushimet-verore-ne-plazhin-e-madhe-te-ulqinit-prej-8e-deri-10e","status":"publish","type":"post","link":"https:\/\/www.visit-ulcinj.com\/blog\/2009\/03\/08\/pushimet-verore-ne-plazhin-e-madhe-te-ulqinit-prej-8e-deri-10e\/","title":{"rendered":"Pushimet verore n\u00eb plazhin e madh\u00eb t\u00eb Ulqinit prej 7\u20ac deri 10\u20ac"},"content":{"rendered":"<p><a href=\"http:\/\/www.visit-ulcinj.com\/blog\/wp-content\/uploads\/2009\/03\/Pushimet-verore-ne-plazhin-e-madhe_-Ulqini_ulqin-prej-7\u20ac-deri-10\u20ac.jpg\"><img loading=\"lazy\" class=\"alignleft size-full wp-image-46374\" title=\"Pushimet verore ne plazhin e madhe_ Ulqini_ulqin prej 7\u20ac deri 10\u20ac\" src=\"http:\/\/www.visit-ulcinj.com\/blog\/wp-content\/uploads\/2009\/03\/Pushimet-verore-ne-plazhin-e-madhe_-Ulqini_ulqin-prej-7\u20ac-deri-10\u20ac.jpg\" alt=\"\" width=\"508\" height=\"380\" \/><\/a><strong>Mobil: Viber + Whatsapp: +382 69 335 534\u00a0 : +382 69 335 512<\/strong><\/p>\n<p>Dhomat gjinden n\u00eb plazhen m\u00eb atraktive me gjatsi prej 14 km,e mbuluar m\u00eb ran\u00eb sh\u00ebruese,unikate n\u00eb t\u00ebr\u00eb detin adriatik,buz\u00eb qytetit t\u00eb Ulqinit m\u00eb kultur dhe histori t\u00eb lasht\u00eb. Posedojm\u00a0 dhoma t\u00eb paisura me mini kuzhin,banjo,dhe terac\u00ebn.T\u00eb gjitha dhomat kan shtrat franqez,e disa 2+1.Ne af\u00ebrsi gjindet pllazhi nudistik Ada Bojana me uji t\u00eb njelm\u00ebt dhe t\u00eb \u00ebmbel si dhe me plazhet m\u00eb cilsore n\u00eb bregdetin malazias Copacabana,Tropikana,Safari dhe Bukurija e Ulqinit. gjendet 700 metra af\u00ebr Plazhit Bukuris t\u00eb Ulqinit,Safarit, Tropican\u00ebs,Mijamit dhe 1 km nga Plazhi Kopakabana , 2 km larg nga Ulqini dhe 3 km larg nga Plazhi i Vog\u00ebl. Dhomat posedojn klimatizim,kuzhin dhe parkingun vet\u00ebm p\u00ebr mysafir\u00ebt e saj. Kapaciteti i dhomave \u00ebsht\u00eb 10 Shtretrave. N\u00eb qoft s\u00eb d\u00ebshironi t\u00eb kaloni pushimet juaja ne nj\u00eb ambient t\u00eb qet, na vizitoni.<\/p>\n<p><a href=\"http:\/\/www.visit-ulcinj.com\/sq\/apartamenti-ne-ulqin\/pushime-ne-ulqin-ne-holiday-house-prej-7e\/\" target=\"_blank\" rel=\"noopener\">Dhomat jan 3 km larg stacionit t\u00eb autobus\u00ebve, 80 km larg aeroportit t\u00eb Podgoric\u00ebs dhe 90 km nga ai i Tivatit.<\/a><\/p>\n<p><a href=\"http:\/\/www.visit-ulcinj.com\/sq\/apartamenti-ne-ulqin\/pushime-ne-ulqin-ne-holiday-house-prej-7e\/\" target=\"_blank\" rel=\"noopener\">Ju mir\u00ebpresim.<\/a><\/p>\n<p><a href=\"http:\/\/www.visit-ulcinj.com\/sq\/apartamenti-ne-ulqin\/pushime-ne-ulqin-ne-holiday-house-prej-7e\/\" target=\"_blank\" rel=\"noopener\"><strong>Rezervimi i dhomave n\u00eb numrat e telefonit:<br \/>\n<\/strong><\/a><\/p>\n<p><strong><a href=\"http:\/\/www.visit-ulcinj.com\/sq\/apartamenti-ne-ulqin\/pushime-ne-ulqin-ne-holiday-house-prej-7e\/\" target=\"_blank\" rel=\"noopener\">ESKLUSIVE redukcioni i \u00e7mimeve p\u00ebr muajin e qershorit dhe shtatorit.<\/a><br \/>\n<\/strong><\/p>\n\n\t\t<style type=\"text\/css\">\n\t\t\t#gallery-1 {\n\t\t\t\tmargin: auto;\n\t\t\t}\n\t\t\t#gallery-1 .gallery-item {\n\t\t\t\tfloat: left;\n\t\t\t\tmargin-top: 10px;\n\t\t\t\ttext-align: center;\n\t\t\t\twidth: 33%;\n\t\t\t}\n\t\t\t#gallery-1 img {\n\t\t\t\tborder: 2px solid #cfcfcf;\n\t\t\t}\n\t\t\t#gallery-1 .gallery-caption {\n\t\t\t\tmargin-left: 0;\n\t\t\t}\n\t\t\t\/* see gallery_shortcode() in wp-includes\/media.php *\/\n\t\t<\/style>\n\t\t<div id='gallery-1' class='gallery galleryid-13426 gallery-columns-3 gallery-size-thumbnail'><dl class='gallery-item'>\n\t\t\t<dt class='gallery-icon landscape'>\n\t\t\t\t<a href='https:\/\/www.visit-ulcinj.com\/blog\/2009\/03\/08\/pushimet-verore-ne-plazhin-e-madhe-te-ulqinit-prej-8e-deri-10e\/dhoma-me-qera-buri_ulqin_mali-i-zi1\/'><img width=\"150\" height=\"150\" src=\"https:\/\/www.visit-ulcinj.com\/blog\/wp-content\/uploads\/2009\/03\/dhoma-me-qera-buri_ulqin_mali-i-zi1-150x150.jpg\" class=\"attachment-thumbnail size-thumbnail\" alt=\"\" loading=\"lazy\" \/><\/a>\n\t\t\t<\/dt><\/dl><dl class='gallery-item'>\n\t\t\t<dt class='gallery-icon landscape'>\n\t\t\t\t<a href='https:\/\/www.visit-ulcinj.com\/blog\/2009\/03\/08\/pushimet-verore-ne-plazhin-e-madhe-te-ulqinit-prej-8e-deri-10e\/dhoma-me-qera-buri_ulqin_mali-i-zi2\/'><img width=\"150\" height=\"150\" src=\"https:\/\/www.visit-ulcinj.com\/blog\/wp-content\/uploads\/2009\/03\/dhoma-me-qera-buri_ulqin_mali-i-zi2-150x150.jpg\" class=\"attachment-thumbnail size-thumbnail\" alt=\"\" loading=\"lazy\" \/><\/a>\n\t\t\t<\/dt><\/dl><dl class='gallery-item'>\n\t\t\t<dt class='gallery-icon landscape'>\n\t\t\t\t<a href='https:\/\/www.visit-ulcinj.com\/blog\/2009\/03\/08\/pushimet-verore-ne-plazhin-e-madhe-te-ulqinit-prej-8e-deri-10e\/dhoma-me-qera-buri_ulqin_mali-i-zi3\/'><img width=\"150\" height=\"150\" src=\"https:\/\/www.visit-ulcinj.com\/blog\/wp-content\/uploads\/2009\/03\/dhoma-me-qera-buri_ulqin_mali-i-zi3-150x150.jpg\" class=\"attachment-thumbnail size-thumbnail\" alt=\"\" loading=\"lazy\" \/><\/a>\n\t\t\t<\/dt><\/dl><br style=\"clear: both\" \/><dl class='gallery-item'>\n\t\t\t<dt class='gallery-icon portrait'>\n\t\t\t\t<a href='https:\/\/www.visit-ulcinj.com\/blog\/2009\/03\/08\/pushimet-verore-ne-plazhin-e-madhe-te-ulqinit-prej-8e-deri-10e\/dhoma-me-qera-buri_ulqin_mali-i-zi4\/'><img width=\"150\" height=\"150\" src=\"https:\/\/www.visit-ulcinj.com\/blog\/wp-content\/uploads\/2009\/03\/dhoma-me-qera-buri_ulqin_mali-i-zi4-150x150.jpg\" class=\"attachment-thumbnail size-thumbnail\" alt=\"\" loading=\"lazy\" \/><\/a>\n\t\t\t<\/dt><\/dl><dl class='gallery-item'>\n\t\t\t<dt class='gallery-icon landscape'>\n\t\t\t\t<a href='https:\/\/www.visit-ulcinj.com\/blog\/2009\/03\/08\/pushimet-verore-ne-plazhin-e-madhe-te-ulqinit-prej-8e-deri-10e\/dhoma-me-qera-buri_ulqin_mali-i-zi5\/'><img width=\"150\" height=\"150\" src=\"https:\/\/www.visit-ulcinj.com\/blog\/wp-content\/uploads\/2009\/03\/dhoma-me-qera-buri_ulqin_mali-i-zi5-150x150.jpg\" class=\"attachment-thumbnail size-thumbnail\" alt=\"\" loading=\"lazy\" \/><\/a>\n\t\t\t<\/dt><\/dl><dl class='gallery-item'>\n\t\t\t<dt class='gallery-icon portrait'>\n\t\t\t\t<a href='https:\/\/www.visit-ulcinj.com\/blog\/2009\/03\/08\/pushimet-verore-ne-plazhin-e-madhe-te-ulqinit-prej-8e-deri-10e\/dhoma-me-qera-buri_ulqin_mali-i-zi6\/'><img width=\"150\" height=\"150\" src=\"https:\/\/www.visit-ulcinj.com\/blog\/wp-content\/uploads\/2009\/03\/dhoma-me-qera-buri_ulqin_mali-i-zi6-150x150.jpg\" class=\"attachment-thumbnail size-thumbnail\" alt=\"\" loading=\"lazy\" \/><\/a>\n\t\t\t<\/dt><\/dl><br style=\"clear: both\" \/><dl class='gallery-item'>\n\t\t\t<dt class='gallery-icon portrait'>\n\t\t\t\t<a href='https:\/\/www.visit-ulcinj.com\/blog\/2009\/03\/08\/pushimet-verore-ne-plazhin-e-madhe-te-ulqinit-prej-8e-deri-10e\/dhoma-me-qera-buri_ulqin_mali-i-zi7\/'><img width=\"150\" height=\"150\" src=\"https:\/\/www.visit-ulcinj.com\/blog\/wp-content\/uploads\/2009\/03\/dhoma-me-qera-buri_ulqin_mali-i-zi7-150x150.jpg\" class=\"attachment-thumbnail size-thumbnail\" alt=\"\" loading=\"lazy\" \/><\/a>\n\t\t\t<\/dt><\/dl><dl class='gallery-item'>\n\t\t\t<dt class='gallery-icon landscape'>\n\t\t\t\t<a href='https:\/\/www.visit-ulcinj.com\/blog\/2009\/03\/08\/pushimet-verore-ne-plazhin-e-madhe-te-ulqinit-prej-8e-deri-10e\/plazha-e-madhe-ulqin\/'><img width=\"150\" height=\"150\" src=\"https:\/\/www.visit-ulcinj.com\/blog\/wp-content\/uploads\/2009\/03\/plazha-e-madhe-ulqin-150x150.jpg\" class=\"attachment-thumbnail size-thumbnail\" alt=\"\" loading=\"lazy\" \/><\/a>\n\t\t\t<\/dt><\/dl><dl class='gallery-item'>\n\t\t\t<dt class='gallery-icon landscape'>\n\t\t\t\t<a href='https:\/\/www.visit-ulcinj.com\/blog\/2009\/03\/08\/pushimet-verore-ne-plazhin-e-madhe-te-ulqinit-prej-8e-deri-10e\/pushimet-verore-ne-plazhin-e-madhe_-ulqini_ulqin-prej-7e-deri-10e\/'><img width=\"150\" height=\"150\" src=\"https:\/\/www.visit-ulcinj.com\/blog\/wp-content\/uploads\/2009\/03\/Pushimet-verore-ne-plazhin-e-madhe_-Ulqini_ulqin-prej-7\u20ac-deri-10\u20ac-150x150.jpg\" class=\"attachment-thumbnail size-thumbnail\" alt=\"\" loading=\"lazy\" \/><\/a>\n\t\t\t<\/dt><\/dl><br style=\"clear: both\" \/>\n\t\t<\/div>\n\n<p><strong>Link:<\/strong> <a title=\"Accommodation Holiday House in Ulcinj-Montenegro,from 7\u20ac pers\" href=\"http:\/\/%20%20www.visit-ulcinj.com\/\" target=\"_blank\" rel=\"noopener\"> <strong>www.visit-ulcinj.com<\/strong><\/a><br \/>\n<a title=\"Accommodation Holiday House in Ulcinj-Montenegro,from 7\u20ac pers\" href=\"http:\/\/www.visit-ulcinj.com\/ulcinj-ulqini-accommodation\/holiday-house-last-minute-ulcinj-ulqini-montenegro\/\" target=\"_blank\" rel=\"noopener\"><img loading=\"lazy\" class=\"alignleft size-full wp-image-22793\" title=\"2 km larg nga Ulqini dhe 3 km larg nga Plazhi i Vog\u00ebl., Copacabana, dhoma me qera ulqin, dhoma per pushime ulqin, dhoma te lira ulqin, Kosova, Mali i Zi, maqedoni, Mijamit dhe 1 km nga Plazhi Kopakabana, Pushime ne det te ulqinit, Pushime ne plazh, Pushime te kendshme, pushime te lira ulqin, Pushime Verore ulqin, Safari dhe Bukurija e Ulqinit. gjendet 700 metra af\u00ebr Plazhit Bukuris t\u00eb Ulqinit, Safarit, shqiperi, Tropican\u00ebs, Tropikana,Adelina Isamajli, Albaniku, Artana, Bujanoci, Burimi, Dardana, Dardan\u00eb, De\u00e7an, Dibra, Drenas, Drenasi, Ferizaj, Ferizaji, Fush\u00eb Kosova, Fush\u00eb Kosov\u00eb, Gjakova, Gjakov\u00eb, Gjilan, Gjilani, Gostivari, Istog, Istog\u2022, Ka\u00e7anik, Ka\u00e7aniku, Kastrioti, K\u00ebr\u00e7ova, Klina, Klin\u00eb, Kumanova, Leposaviq, Leskovci, Likova, Lipjan, Lipjani, Malisheva, Malishev\u00eb, Manastiri, Medvegja, Mitrovica, Mitrovic\u00eb, Novob\u00ebrd\u00eb, Obiliq\u2022 Rahovec, Ohri, Peja, Pej\u00eb, Podujeva, Podujev\u00eb, Presheva, Prishtina, Prishtin\u00eb, Prizren, Prizreni, Rahoveci, Sharri, Sharri (Kosov\u00eb), Shkupi, Sht\u00ebrpca, Sht\u00ebrpc\u00eb, Shtime, Sk\u00ebnderaj, Struga, Tetova, Theranda, Therand\u00eb, Triumf Riza, Veleshta, Viti, Vitia, Vushtrri, Vushtrria, Zubin Potok, Zubin Potoku, Zve\u00e7an, Zve\u00e7ani\" src=\"http:\/\/www.visit-ulcinj.com\/blog\/wp-content\/uploads\/2009\/06\/ulcinj-info_holiday-in-montenegro.png\" alt=\"ulcinj-info_holiday-in-montenegro,Simply, travel, Ulcinj,Ulqin,Long Beach,ada bojana, Holidays in montenegro, apartments, cottages, hotels, accommodation, information, maps, holiday, tour operators, car hire, winter,travel, holiday in ulcinj, book, flights in montenegro, booking ulcinj montenegro,holiday apartments in montenegro,beaches in montenegro,all inclusive montenegro,montenegro adriatic sea,Apartmani, Appartements, booking, buy, car, Cobi House, Estate, hire, holiday, Home, Hotel, House, Land, last minute, Montenegro, Plots, Properties, Property, Real, Realtor, rent, rental, room, Travel, Ulcinj, Ulqini, Vacation, \" width=\"508\" height=\"125\" \/><\/a><\/p>\n<div><object width=\"508\" height=\"400\" classid=\"clsid:d27cdb6e-ae6d-11cf-96b8-444553540000\" codebase=\"http:\/\/download.macromedia.com\/pub\/shockwave\/cabs\/flash\/swflash.cab#version=6,0,40,0\"><param name=\"allowFullScreen\" value=\"true\" \/><param name=\"allowScriptAccess\" value=\"always\" \/><param name=\"src\" value=\"http:\/\/www.dailymotion.com\/swf\/x1yc78_copacabana-ulqiniulcinj_ads&amp;autoPlay=1&amp;related=1\" \/><param name=\"allowfullscreen\" value=\"true\" \/><param name=\"allowscriptaccess\" value=\"always\" \/><\/object><\/div>\n","protected":false},"excerpt":{"rendered":"<p>Mobil: Viber + Whatsapp: +382 69 335 534\u00a0 : +382 69 335 512 Dhomat gjinden n\u00eb plazhen m\u00eb atraktive me gjatsi prej 14 km,e mbuluar m\u00eb ran\u00eb sh\u00ebruese,unikate n\u00eb t\u00ebr\u00eb detin adriatik,buz\u00eb qytetit t\u00eb Ulqinit m\u00eb kultur dhe histori t\u00eb lasht\u00eb. Posedojm\u00a0 dhoma t\u00eb paisura me mini kuzhin,banjo,dhe terac\u00ebn.T\u00eb gjitha dhomat kan shtrat franqez,e disa [&hellip;]<\/p>\n","protected":false},"author":1,"featured_media":0,"comment_status":"open","ping_status":"closed","sticky":false,"template":"","format":"standard","meta":{"spay_email":"","jetpack_publicize_message":"","jetpack_is_tweetstorm":false,"jetpack_publicize_feature_enabled":true},"categories":[7679],"tags":[7678,2105,7669,7668,7670,49,95,3945,7677,7672,7666,7667,7671,7665,7674,7675,3946,7676,7673],"jetpack_publicize_connections":[],"yoast_head":"<!-- This site is optimized with the Yoast SEO plugin v19.1 - https:\/\/yoast.com\/wordpress\/plugins\/seo\/ -->\n<title>Pushimet verore n\u00eb plazhin e madh\u00eb t\u00eb Ulqinit prej 7\u20ac deri 10\u20ac - Lajme nga Ulqini<\/title>\n<meta name=\"description\" content=\"Mobil: Viber + Whatsapp: +382 69 335 534\u00a0 : +382 69 335 512 Dhomat gjinden n\u00eb plazhen m\u00eb atraktive me gjatsi prej 14 km,e mbuluar m\u00eb ran\u00eb sh\u00ebruese,unikate\" \/>\n<meta name=\"robots\" content=\"index, follow, max-snippet:-1, max-image-preview:large, max-video-preview:-1\" \/>\n<link rel=\"canonical\" href=\"https:\/\/www.visit-ulcinj.com\/blog\/2009\/03\/08\/pushimet-verore-ne-plazhin-e-madhe-te-ulqinit-prej-8e-deri-10e\/\" \/>\n<meta property=\"og:locale\" content=\"en_US\" \/>\n<meta property=\"og:type\" content=\"article\" \/>\n<meta property=\"og:title\" content=\"Pushimet verore n\u00eb plazhin e madh\u00eb t\u00eb Ulqinit prej 7\u20ac deri 10\u20ac - Lajme nga Ulqini\" \/>\n<meta property=\"og:description\" content=\"Mobil: Viber + Whatsapp: +382 69 335 534\u00a0 : +382 69 335 512 Dhomat gjinden n\u00eb plazhen m\u00eb atraktive me gjatsi prej 14 km,e mbuluar m\u00eb ran\u00eb sh\u00ebruese,unikate\" \/>\n<meta property=\"og:url\" content=\"https:\/\/www.visit-ulcinj.com\/blog\/2009\/03\/08\/pushimet-verore-ne-plazhin-e-madhe-te-ulqinit-prej-8e-deri-10e\/\" \/>\n<meta property=\"og:site_name\" content=\"Lajme nga Ulqini\" \/>\n<meta property=\"article:published_time\" content=\"2009-03-08T16:44:56+00:00\" \/>\n<meta property=\"article:modified_time\" content=\"2023-04-01T12:10:23+00:00\" \/>\n<meta property=\"og:image\" content=\"http:\/\/www.visit-ulcinj.com\/blog\/wp-content\/uploads\/2009\/03\/dhoma-me-qera-buri_ulqin_mali-i-zi1-150x150.jpg\" \/>\n<meta name=\"twitter:label1\" content=\"Written by\" \/>\n\t<meta name=\"twitter:data1\" content=\"ulqini\" \/>\n\t<meta name=\"twitter:label2\" content=\"Est. reading time\" \/>\n\t<meta name=\"twitter:data2\" content=\"2 minutes\" \/>\n<script type=\"application\/ld+json\" class=\"yoast-schema-graph\">{\"@context\":\"https:\/\/schema.org\",\"@graph\":[{\"@type\":\"WebSite\",\"@id\":\"https:\/\/www.visit-ulcinj.com\/blog\/#website\",\"url\":\"https:\/\/www.visit-ulcinj.com\/blog\/\",\"name\":\"Lajme nga Ulqini\",\"description\":\"Lajme,Vijesti,Ulqini,Ulqin,Crna Gora,Mali i Zi\",\"potentialAction\":[{\"@type\":\"SearchAction\",\"target\":{\"@type\":\"EntryPoint\",\"urlTemplate\":\"https:\/\/www.visit-ulcinj.com\/blog\/?s={search_term_string}\"},\"query-input\":\"required name=search_term_string\"}],\"inLanguage\":\"en-US\"},{\"@type\":\"ImageObject\",\"inLanguage\":\"en-US\",\"@id\":\"https:\/\/www.visit-ulcinj.com\/blog\/2009\/03\/08\/pushimet-verore-ne-plazhin-e-madhe-te-ulqinit-prej-8e-deri-10e\/#primaryimage\",\"url\":\"https:\/\/www.visit-ulcinj.com\/blog\/wp-content\/uploads\/2009\/06\/ulcinj-info_holiday-in-montenegro.png\",\"contentUrl\":\"https:\/\/www.visit-ulcinj.com\/blog\/wp-content\/uploads\/2009\/06\/ulcinj-info_holiday-in-montenegro.png\",\"width\":\"562\",\"height\":\"123\"},{\"@type\":\"WebPage\",\"@id\":\"https:\/\/www.visit-ulcinj.com\/blog\/2009\/03\/08\/pushimet-verore-ne-plazhin-e-madhe-te-ulqinit-prej-8e-deri-10e\/#webpage\",\"url\":\"https:\/\/www.visit-ulcinj.com\/blog\/2009\/03\/08\/pushimet-verore-ne-plazhin-e-madhe-te-ulqinit-prej-8e-deri-10e\/\",\"name\":\"Pushimet verore n\u00eb plazhin e madh\u00eb t\u00eb Ulqinit prej 7\u20ac deri 10\u20ac - Lajme nga Ulqini\",\"isPartOf\":{\"@id\":\"https:\/\/www.visit-ulcinj.com\/blog\/#website\"},\"primaryImageOfPage\":{\"@id\":\"https:\/\/www.visit-ulcinj.com\/blog\/2009\/03\/08\/pushimet-verore-ne-plazhin-e-madhe-te-ulqinit-prej-8e-deri-10e\/#primaryimage\"},\"datePublished\":\"2009-03-08T16:44:56+00:00\",\"dateModified\":\"2023-04-01T12:10:23+00:00\",\"author\":{\"@id\":\"https:\/\/www.visit-ulcinj.com\/blog\/#\/schema\/person\/dcab619c614d3038751c63bc2aadc06d\"},\"description\":\"Mobil: Viber + Whatsapp: +382 69 335 534\u00a0 : +382 69 335 512 Dhomat gjinden n\u00eb plazhen m\u00eb atraktive me gjatsi prej 14 km,e mbuluar m\u00eb ran\u00eb sh\u00ebruese,unikate\",\"breadcrumb\":{\"@id\":\"https:\/\/www.visit-ulcinj.com\/blog\/2009\/03\/08\/pushimet-verore-ne-plazhin-e-madhe-te-ulqinit-prej-8e-deri-10e\/#breadcrumb\"},\"inLanguage\":\"en-US\",\"potentialAction\":[{\"@type\":\"ReadAction\",\"target\":[\"https:\/\/www.visit-ulcinj.com\/blog\/2009\/03\/08\/pushimet-verore-ne-plazhin-e-madhe-te-ulqinit-prej-8e-deri-10e\/\"]}]},{\"@type\":\"BreadcrumbList\",\"@id\":\"https:\/\/www.visit-ulcinj.com\/blog\/2009\/03\/08\/pushimet-verore-ne-plazhin-e-madhe-te-ulqinit-prej-8e-deri-10e\/#breadcrumb\",\"itemListElement\":[{\"@type\":\"ListItem\",\"position\":1,\"name\":\"Pushimet verore n\u00eb plazhin e madh\u00eb t\u00eb Ulqinit prej 7\u20ac deri 10\u20ac\"}]},{\"@type\":\"Person\",\"@id\":\"https:\/\/www.visit-ulcinj.com\/blog\/#\/schema\/person\/dcab619c614d3038751c63bc2aadc06d\",\"name\":\"ulqini\",\"sameAs\":[\"http:\/\/www.visit-ulcinj.com\"],\"url\":\"https:\/\/www.visit-ulcinj.com\/blog\/author\/admin\/\"}]}<\/script>\n<!-- \/ Yoast SEO plugin. -->","yoast_head_json":{"title":"Pushimet verore n\u00eb plazhin e madh\u00eb t\u00eb Ulqinit prej 7\u20ac deri 10\u20ac - Lajme nga Ulqini","description":"Mobil: Viber + Whatsapp: +382 69 335 534\u00a0 : +382 69 335 512 Dhomat gjinden n\u00eb plazhen m\u00eb atraktive me gjatsi prej 14 km,e mbuluar m\u00eb ran\u00eb sh\u00ebruese,unikate","robots":{"index":"index","follow":"follow","max-snippet":"max-snippet:-1","max-image-preview":"max-image-preview:large","max-video-preview":"max-video-preview:-1"},"canonical":"https:\/\/www.visit-ulcinj.com\/blog\/2009\/03\/08\/pushimet-verore-ne-plazhin-e-madhe-te-ulqinit-prej-8e-deri-10e\/","og_locale":"en_US","og_type":"article","og_title":"Pushimet verore n\u00eb plazhin e madh\u00eb t\u00eb Ulqinit prej 7\u20ac deri 10\u20ac - Lajme nga Ulqini","og_description":"Mobil: Viber + Whatsapp: +382 69 335 534\u00a0 : +382 69 335 512 Dhomat gjinden n\u00eb plazhen m\u00eb atraktive me gjatsi prej 14 km,e mbuluar m\u00eb ran\u00eb sh\u00ebruese,unikate","og_url":"https:\/\/www.visit-ulcinj.com\/blog\/2009\/03\/08\/pushimet-verore-ne-plazhin-e-madhe-te-ulqinit-prej-8e-deri-10e\/","og_site_name":"Lajme nga Ulqini","article_published_time":"2009-03-08T16:44:56+00:00","article_modified_time":"2023-04-01T12:10:23+00:00","og_image":[{"url":"http:\/\/www.visit-ulcinj.com\/blog\/wp-content\/uploads\/2009\/03\/dhoma-me-qera-buri_ulqin_mali-i-zi1-150x150.jpg"}],"twitter_misc":{"Written by":"ulqini","Est. reading time":"2 minutes"},"schema":{"@context":"https:\/\/schema.org","@graph":[{"@type":"WebSite","@id":"https:\/\/www.visit-ulcinj.com\/blog\/#website","url":"https:\/\/www.visit-ulcinj.com\/blog\/","name":"Lajme nga Ulqini","description":"Lajme,Vijesti,Ulqini,Ulqin,Crna Gora,Mali i Zi","potentialAction":[{"@type":"SearchAction","target":{"@type":"EntryPoint","urlTemplate":"https:\/\/www.visit-ulcinj.com\/blog\/?s={search_term_string}"},"query-input":"required name=search_term_string"}],"inLanguage":"en-US"},{"@type":"ImageObject","inLanguage":"en-US","@id":"https:\/\/www.visit-ulcinj.com\/blog\/2009\/03\/08\/pushimet-verore-ne-plazhin-e-madhe-te-ulqinit-prej-8e-deri-10e\/#primaryimage","url":"https:\/\/www.visit-ulcinj.com\/blog\/wp-content\/uploads\/2009\/06\/ulcinj-info_holiday-in-montenegro.png","contentUrl":"https:\/\/www.visit-ulcinj.com\/blog\/wp-content\/uploads\/2009\/06\/ulcinj-info_holiday-in-montenegro.png","width":"562","height":"123"},{"@type":"WebPage","@id":"https:\/\/www.visit-ulcinj.com\/blog\/2009\/03\/08\/pushimet-verore-ne-plazhin-e-madhe-te-ulqinit-prej-8e-deri-10e\/#webpage","url":"https:\/\/www.visit-ulcinj.com\/blog\/2009\/03\/08\/pushimet-verore-ne-plazhin-e-madhe-te-ulqinit-prej-8e-deri-10e\/","name":"Pushimet verore n\u00eb plazhin e madh\u00eb t\u00eb Ulqinit prej 7\u20ac deri 10\u20ac - Lajme nga Ulqini","isPartOf":{"@id":"https:\/\/www.visit-ulcinj.com\/blog\/#website"},"primaryImageOfPage":{"@id":"https:\/\/www.visit-ulcinj.com\/blog\/2009\/03\/08\/pushimet-verore-ne-plazhin-e-madhe-te-ulqinit-prej-8e-deri-10e\/#primaryimage"},"datePublished":"2009-03-08T16:44:56+00:00","dateModified":"2023-04-01T12:10:23+00:00","author":{"@id":"https:\/\/www.visit-ulcinj.com\/blog\/#\/schema\/person\/dcab619c614d3038751c63bc2aadc06d"},"description":"Mobil: Viber + Whatsapp: +382 69 335 534\u00a0 : +382 69 335 512 Dhomat gjinden n\u00eb plazhen m\u00eb atraktive me gjatsi prej 14 km,e mbuluar m\u00eb ran\u00eb sh\u00ebruese,unikate","breadcrumb":{"@id":"https:\/\/www.visit-ulcinj.com\/blog\/2009\/03\/08\/pushimet-verore-ne-plazhin-e-madhe-te-ulqinit-prej-8e-deri-10e\/#breadcrumb"},"inLanguage":"en-US","potentialAction":[{"@type":"ReadAction","target":["https:\/\/www.visit-ulcinj.com\/blog\/2009\/03\/08\/pushimet-verore-ne-plazhin-e-madhe-te-ulqinit-prej-8e-deri-10e\/"]}]},{"@type":"BreadcrumbList","@id":"https:\/\/www.visit-ulcinj.com\/blog\/2009\/03\/08\/pushimet-verore-ne-plazhin-e-madhe-te-ulqinit-prej-8e-deri-10e\/#breadcrumb","itemListElement":[{"@type":"ListItem","position":1,"name":"Pushimet verore n\u00eb plazhin e madh\u00eb t\u00eb Ulqinit prej 7\u20ac deri 10\u20ac"}]},{"@type":"Person","@id":"https:\/\/www.visit-ulcinj.com\/blog\/#\/schema\/person\/dcab619c614d3038751c63bc2aadc06d","name":"ulqini","sameAs":["http:\/\/www.visit-ulcinj.com"],"url":"https:\/\/www.visit-ulcinj.com\/blog\/author\/admin\/"}]}},"jetpack_featured_media_url":"","jetpack_sharing_enabled":true,"jetpack_shortlink":"https:\/\/wp.me\/pe6lTn-3uy","_links":{"self":[{"href":"https:\/\/www.visit-ulcinj.com\/blog\/wp-json\/wp\/v2\/posts\/13426"}],"collection":[{"href":"https:\/\/www.visit-ulcinj.com\/blog\/wp-json\/wp\/v2\/posts"}],"about":[{"href":"https:\/\/www.visit-ulcinj.com\/blog\/wp-json\/wp\/v2\/types\/post"}],"author":[{"embeddable":true,"href":"https:\/\/www.visit-ulcinj.com\/blog\/wp-json\/wp\/v2\/users\/1"}],"replies":[{"embeddable":true,"href":"https:\/\/www.visit-ulcinj.com\/blog\/wp-json\/wp\/v2\/comments?post=13426"}],"version-history":[{"count":14,"href":"https:\/\/www.visit-ulcinj.com\/blog\/wp-json\/wp\/v2\/posts\/13426\/revisions"}],"predecessor-version":[{"id":106877,"href":"https:\/\/www.visit-ulcinj.com\/blog\/wp-json\/wp\/v2\/posts\/13426\/revisions\/106877"}],"wp:attachment":[{"href":"https:\/\/www.visit-ulcinj.com\/blog\/wp-json\/wp\/v2\/media?parent=13426"}],"wp:term":[{"taxonomy":"category","embeddable":true,"href":"https:\/\/www.visit-ulcinj.com\/blog\/wp-json\/wp\/v2\/categories?post=13426"},{"taxonomy":"post_tag","embeddable":true,"href":"https:\/\/www.visit-ulcinj.com\/blog\/wp-json\/wp\/v2\/tags?post=13426"}],"curies":[{"name":"wp","href":"https:\/\/api.w.org\/{rel}","templated":true}]}}