{"id":13450,"date":"2009-03-08T18:57:42","date_gmt":"2009-03-08T17:57:42","guid":{"rendered":"http:\/\/www.visit-ulcinj.com\/blog\/?p=13450"},"modified":"2009-03-08T18:59:12","modified_gmt":"2009-03-08T17:59:12","slug":"forca-e-re-demokratike-konference-per-media","status":"publish","type":"post","link":"https:\/\/www.visit-ulcinj.com\/blog\/2009\/03\/08\/forca-e-re-demokratike-konference-per-media\/","title":{"rendered":"Video &#8211; Forca e Re Demokratike: Konference p\u00ebr Media"},"content":{"rendered":"<p><strong><a href=\"http:\/\/www.visit-ulcinj.com\/blog\/wp-content\/uploads\/2009\/03\/nazif-cungu_kryetari-i-forces-se-re-demokratike.jpg\"><img loading=\"lazy\" class=\"alignleft size-full wp-image-13451\" title=\"nazif-cungu_kryetari-i-forces-se-re-demokratike\" src=\"http:\/\/www.visit-ulcinj.com\/blog\/wp-content\/uploads\/2009\/03\/nazif-cungu_kryetari-i-forces-se-re-demokratike.jpg\" alt=\"nazif-cungu_kryetari-i-forces-se-re-demokratike\" width=\"570\" height=\"485\" \/><\/a>Koalicioni i deshtuar<\/strong><br \/>\nForca e Re Demokratike \u00ebsht\u00eb p\u00ebrpjekur q\u00eb t\u00eb\u00a0 hyj\u00eb n\u00eb koalicion me t\u00eb gjitha partit\u00ebpolitike shqiptare, me p\u00ebrjashtim t\u00eb Unionit Demokratik Shqiptar, duke dashurq\u00eb populli shqiptar t\u00eb flas me nj\u00eb z\u00eb. Unioni Demokratik Shqiptar e ka zgjedhurrrugen e vet dhe me aktivitet e deritashme\u00a0 nuk ka mbrojtur interesat politike t\u00eb shqiptar\u00ebve t\u00eb Malit t\u00eb Zi.<\/p>\n<p>Bisedimet tona me partit\u00eb\u00a0 tjerashqiptare kan\u00eb qen\u00eb t\u00eb v\u00ebshtira sepse, nga nj\u00eb an\u00eb kemi pasur presion prej nj\u00ebpjese t\u00eb an\u00ebtar\u00ebsis\u00eb dhe elektoratit ton\u00eb q\u00eb nuk donin q\u00eb ne t\u00eb bashk\u00ebpunonimme forca politike t\u00eb konsumuara dhe shteruara q\u00eb jan\u00eb provuar n\u00eb pushtet e nukkan\u00eb d\u00ebshmuar integritet dhe aft\u00ebsi. Nga ana tjet\u00ebr kemi pasur probleme me k\u00ebtoparti shqiptare me t\u00eb cilat kemi biseduar pasi t\u00eb gjitha ato jan\u00eb t\u00eb p\u00ebr\u00e7ara emadje na \u00ebsht\u00eb dashur t\u00eb marrim rolin e mediatorit p\u00ebr t\u00eb mund\u00ebsuar pajtim mesfraksioneve t\u00eb ndryshme t\u00eb k\u00ebtyre partive.<\/p>\n<p>Ne e kemi pasur der\u00ebn e hapur p\u00ebr koalicion deri n\u00eb dit\u00ebn e fundit kurb\u00ebhej regjistrimi i list\u00ebs, mir\u00ebpo, nga t\u00eb t\u00ebra pal\u00ebt vinin z\u00ebra t\u00eb ndrysh\u00ebm,konfuze dhe p\u00ebr at\u00eb arsye vendos\u00ebm t\u00eb dalim vet\u00eb.<\/p>\n<p>An\u00ebtar\u00ebt ton\u00eb n\u00eb Mal\u00ebsi d\u00ebshiruan q\u00eb t\u00eb b\u00ebjm\u00eb koalicion vet\u00ebm meAltrnativ\u00ebn Shqiptare t\u00eb bashkuar, e kurrsesi me nj\u00eb krah t\u00eb p\u00ebr\u00e7ar. Ne nukkemi d\u00ebshiruar q\u00eb t\u00eb b\u00ebhemi pjes\u00eb e p\u00ebr\u00e7arjeve, pasojat e t\u00eb cilave do t\u00eb shihenshum\u00eb shpejt.\u00a0 Jemi munduar q\u00eb t\u00ebnd\u00ebrmjet\u00ebsojm q\u00eb Alternativa shqiptare t\u00eb bashkohet dhe n\u00eb mes veti t\u00eb gjejn\u00ebnj\u00eb kompromis, por pa sukses.<\/p>\n<p>Ishim t\u00eb gatsh\u00ebm q\u00eb t\u00eb lidhim koalicion me Aleans\u00ebn e re t\u00eb An\u00ebs s\u00ebMalit e cila u paraqit si iniciativ\u00eb qytetare, por k\u00ebrkesat e tyre jorealed\u00ebshmuan se ato qysh n\u00eb fillim nuk kan\u00eb dashur koalicion por vet\u00ebm negociata pafund, q\u00eb populli t\u00eb mendoj\u00eb se ato nuk do t\u00eb jen\u00eb shkaktar t\u00eb djegies s\u00ebvotave.<\/p>\n<p>K\u00ebrkesat joreale t\u00eb Aleanc\u00ebs ishin q\u00eb kandidati i tyre t\u00eb jet bart\u00ebs ilist\u00ebs dhe k\u00ebrkuan mjete finasiare n\u00eb baza joreale. Pra, qellimi i tyre ishteq\u00eb mos t\u00eb b\u00ebhet koalicioni dhe t\u00eb lidhen me nj\u00eb krah t\u00eb Alternativ\u00ebs e cila imund\u00ebson vendin e par\u00eb n\u00eb list\u00eb.<\/p>\n<p>D\u00ebshira jon\u00eb ishte q\u00eb t\u00eb kishim b\u00ebr\u00eb nj\u00eb koalicion shqiptarparazgjedhor p\u00ebr t\u00eb eleminuar p\u00ebr\u00e7arjen e thell\u00eb krahinore dhe fetare q\u00eb pomanifestohet tek\u00a0 shqiptar\u00ebt n\u00eb Mal t\u00ebZi.<\/p>\n<p>K\u00ebt\u00eb koalicion nuk e donim p\u00ebr interesin e Forc\u00ebs, por sepse me an\u00ebn enj\u00eb koalicioni m\u00eb t\u00eb gj\u00ebr\u00eb do t\u00eb mund\u00ebsonim q\u00eb partit\u00eb shqiptare t\u00eb merrnin m\u00ebshum\u00eb deputet\u00eb shqiptar\u00eb n\u00eb krahasim me numrin e deputet\u00ebve t\u00eb m\u00ebparsh\u00ebm.<\/p>\n<p>Edhe k\u00ebsaj radhe kan\u00eb dal\u00eb n\u00eb shesh interesat personale dhe q\u00ebllimi p\u00ebrt\u00eb vazhduar me politika t\u00eb vjetra. N\u00eb sken\u00ebn politike shqiptare ka edhe asipersonash q\u00eb jan\u00eb duke b\u00ebr\u00eb \u00e7mos q\u00eb t\u00eb digjen votat e\u00a0 partis\u00eb tjet\u00ebr.<\/p>\n<p>K\u00ebtyre p\u00ebr\u00e7amje dhe manipulime i ka ndihmuar edhe ligji i tash\u00ebmzgjedhor i cili nuk garanton mandatet shqiptare, por partia n\u00eb pushtet \u00e7do her\u00ebka marr\u00eb m\u00eb s\u00eb pakti 2 mandate.<\/p>\n<p>Forca e re demokratike \u00ebsht\u00eb rritur e konsoliduar dhe n\u00eb m\u00ebnyr\u00ebkonstante jan\u00eb shtuar antar\u00ebt dhe simpatizuest edhe pse ne nuk kemi pasurpushtet n\u00eb dor\u00eb.<\/p>\n<p>Nekemi d\u00ebshmuar k\u00ebmb\u00ebngulje, integritet, aft\u00ebsi dhe vizion.<\/p>\n<p>Prandajne jemi t\u00eb sigurt\u00eb q\u00eb n\u00eb k\u00ebto zgjedhje Forca e re demokratike do t\u00eb ket\u00ebmandatin e sigurt dhe do t\u00eb\u00a0 dalim partiaudh\u00ebheq\u00ebse shqiptare n\u00eb Malit t\u00eb Zi.<\/p>\n<p><strong>Kryetari,<\/strong><\/p>\n<p><strong>NazifCungu<\/strong><\/p>\n<p><strong>Sherbimi informative i Forces <\/strong><\/p>\n<!--YouTube Error: bad URL entered-->\n","protected":false},"excerpt":{"rendered":"<p>Koalicioni i deshtuar Forca e Re Demokratike \u00ebsht\u00eb p\u00ebrpjekur q\u00eb t\u00eb\u00a0 hyj\u00eb n\u00eb koalicion me t\u00eb gjitha partit\u00ebpolitike shqiptare, me p\u00ebrjashtim t\u00eb Unionit Demokratik Shqiptar, duke dashurq\u00eb populli shqiptar t\u00eb flas me nj\u00eb z\u00eb. Unioni Demokratik Shqiptar e ka zgjedhurrrugen e vet dhe me aktivitet e deritashme\u00a0 nuk ka mbrojtur interesat politike t\u00eb shqiptar\u00ebve t\u00eb [&hellip;]<\/p>\n","protected":false},"author":1,"featured_media":0,"comment_status":"open","ping_status":"closed","sticky":false,"template":"","format":"standard","meta":{"spay_email":"","jetpack_publicize_message":"","jetpack_is_tweetstorm":false,"jetpack_publicize_feature_enabled":true},"categories":[6],"tags":[7684,7683,874,7680,503,7681,7685,7682],"jetpack_publicize_connections":[],"yoast_head":"<!-- This site is optimized with the Yoast SEO plugin v19.1 - https:\/\/yoast.com\/wordpress\/plugins\/seo\/ -->\n<title>Video - Forca e Re Demokratike: Konference p\u00ebr Media - Lajme nga Ulqini<\/title>\n<meta name=\"description\" content=\"Koalicioni i deshtuar Forca e Re Demokratike \u00ebsht\u00eb p\u00ebrpjekur q\u00eb t\u00eb\u00a0 hyj\u00eb n\u00eb koalicion me t\u00eb gjitha partit\u00ebpolitike shqiptare, me p\u00ebrjashtim t\u00eb Unionit\" \/>\n<meta name=\"robots\" content=\"index, follow, max-snippet:-1, max-image-preview:large, max-video-preview:-1\" \/>\n<link rel=\"canonical\" href=\"https:\/\/www.visit-ulcinj.com\/blog\/2009\/03\/08\/forca-e-re-demokratike-konference-per-media\/\" \/>\n<meta property=\"og:locale\" content=\"en_US\" \/>\n<meta property=\"og:type\" content=\"article\" \/>\n<meta property=\"og:title\" content=\"Video - Forca e Re Demokratike: Konference p\u00ebr Media - Lajme nga Ulqini\" \/>\n<meta property=\"og:description\" content=\"Koalicioni i deshtuar Forca e Re Demokratike \u00ebsht\u00eb p\u00ebrpjekur q\u00eb t\u00eb\u00a0 hyj\u00eb n\u00eb koalicion me t\u00eb gjitha partit\u00ebpolitike shqiptare, me p\u00ebrjashtim t\u00eb Unionit\" \/>\n<meta property=\"og:url\" content=\"https:\/\/www.visit-ulcinj.com\/blog\/2009\/03\/08\/forca-e-re-demokratike-konference-per-media\/\" \/>\n<meta property=\"og:site_name\" content=\"Lajme nga Ulqini\" \/>\n<meta property=\"article:published_time\" content=\"2009-03-08T17:57:42+00:00\" \/>\n<meta property=\"article:modified_time\" content=\"2009-03-08T17:59:12+00:00\" \/>\n<meta property=\"og:image\" content=\"http:\/\/www.visit-ulcinj.com\/blog\/wp-content\/uploads\/2009\/03\/nazif-cungu_kryetari-i-forces-se-re-demokratike.jpg\" \/>\n<meta name=\"twitter:label1\" content=\"Written by\" \/>\n\t<meta name=\"twitter:data1\" content=\"ulqini\" \/>\n\t<meta name=\"twitter:label2\" content=\"Est. reading time\" \/>\n\t<meta name=\"twitter:data2\" content=\"3 minutes\" \/>\n<script type=\"application\/ld+json\" class=\"yoast-schema-graph\">{\"@context\":\"https:\/\/schema.org\",\"@graph\":[{\"@type\":\"WebSite\",\"@id\":\"https:\/\/www.visit-ulcinj.com\/blog\/#website\",\"url\":\"https:\/\/www.visit-ulcinj.com\/blog\/\",\"name\":\"Lajme nga Ulqini\",\"description\":\"Lajme,Vijesti,Ulqini,Ulqin,Crna Gora,Mali i Zi\",\"potentialAction\":[{\"@type\":\"SearchAction\",\"target\":{\"@type\":\"EntryPoint\",\"urlTemplate\":\"https:\/\/www.visit-ulcinj.com\/blog\/?s={search_term_string}\"},\"query-input\":\"required name=search_term_string\"}],\"inLanguage\":\"en-US\"},{\"@type\":\"ImageObject\",\"inLanguage\":\"en-US\",\"@id\":\"https:\/\/www.visit-ulcinj.com\/blog\/2009\/03\/08\/forca-e-re-demokratike-konference-per-media\/#primaryimage\",\"url\":\"https:\/\/www.visit-ulcinj.com\/blog\/wp-content\/uploads\/2009\/03\/nazif-cungu_kryetari-i-forces-se-re-demokratike.jpg\",\"contentUrl\":\"https:\/\/www.visit-ulcinj.com\/blog\/wp-content\/uploads\/2009\/03\/nazif-cungu_kryetari-i-forces-se-re-demokratike.jpg\",\"width\":\"434\",\"height\":\"485\"},{\"@type\":\"WebPage\",\"@id\":\"https:\/\/www.visit-ulcinj.com\/blog\/2009\/03\/08\/forca-e-re-demokratike-konference-per-media\/#webpage\",\"url\":\"https:\/\/www.visit-ulcinj.com\/blog\/2009\/03\/08\/forca-e-re-demokratike-konference-per-media\/\",\"name\":\"Video - Forca e Re Demokratike: Konference p\u00ebr Media - Lajme nga Ulqini\",\"isPartOf\":{\"@id\":\"https:\/\/www.visit-ulcinj.com\/blog\/#website\"},\"primaryImageOfPage\":{\"@id\":\"https:\/\/www.visit-ulcinj.com\/blog\/2009\/03\/08\/forca-e-re-demokratike-konference-per-media\/#primaryimage\"},\"datePublished\":\"2009-03-08T17:57:42+00:00\",\"dateModified\":\"2009-03-08T17:59:12+00:00\",\"author\":{\"@id\":\"https:\/\/www.visit-ulcinj.com\/blog\/#\/schema\/person\/dcab619c614d3038751c63bc2aadc06d\"},\"description\":\"Koalicioni i deshtuar Forca e Re Demokratike \u00ebsht\u00eb p\u00ebrpjekur q\u00eb t\u00eb\u00a0 hyj\u00eb n\u00eb koalicion me t\u00eb gjitha partit\u00ebpolitike shqiptare, me p\u00ebrjashtim t\u00eb Unionit\",\"breadcrumb\":{\"@id\":\"https:\/\/www.visit-ulcinj.com\/blog\/2009\/03\/08\/forca-e-re-demokratike-konference-per-media\/#breadcrumb\"},\"inLanguage\":\"en-US\",\"potentialAction\":[{\"@type\":\"ReadAction\",\"target\":[\"https:\/\/www.visit-ulcinj.com\/blog\/2009\/03\/08\/forca-e-re-demokratike-konference-per-media\/\"]}]},{\"@type\":\"BreadcrumbList\",\"@id\":\"https:\/\/www.visit-ulcinj.com\/blog\/2009\/03\/08\/forca-e-re-demokratike-konference-per-media\/#breadcrumb\",\"itemListElement\":[{\"@type\":\"ListItem\",\"position\":1,\"name\":\"Video &#8211; Forca e Re Demokratike: Konference p\u00ebr Media\"}]},{\"@type\":\"Person\",\"@id\":\"https:\/\/www.visit-ulcinj.com\/blog\/#\/schema\/person\/dcab619c614d3038751c63bc2aadc06d\",\"name\":\"ulqini\",\"sameAs\":[\"http:\/\/www.visit-ulcinj.com\"],\"url\":\"https:\/\/www.visit-ulcinj.com\/blog\/author\/admin\/\"}]}<\/script>\n<!-- \/ Yoast SEO plugin. -->","yoast_head_json":{"title":"Video - Forca e Re Demokratike: Konference p\u00ebr Media - Lajme nga Ulqini","description":"Koalicioni i deshtuar Forca e Re Demokratike \u00ebsht\u00eb p\u00ebrpjekur q\u00eb t\u00eb\u00a0 hyj\u00eb n\u00eb koalicion me t\u00eb gjitha partit\u00ebpolitike shqiptare, me p\u00ebrjashtim t\u00eb Unionit","robots":{"index":"index","follow":"follow","max-snippet":"max-snippet:-1","max-image-preview":"max-image-preview:large","max-video-preview":"max-video-preview:-1"},"canonical":"https:\/\/www.visit-ulcinj.com\/blog\/2009\/03\/08\/forca-e-re-demokratike-konference-per-media\/","og_locale":"en_US","og_type":"article","og_title":"Video - Forca e Re Demokratike: Konference p\u00ebr Media - Lajme nga Ulqini","og_description":"Koalicioni i deshtuar Forca e Re Demokratike \u00ebsht\u00eb p\u00ebrpjekur q\u00eb t\u00eb\u00a0 hyj\u00eb n\u00eb koalicion me t\u00eb gjitha partit\u00ebpolitike shqiptare, me p\u00ebrjashtim t\u00eb Unionit","og_url":"https:\/\/www.visit-ulcinj.com\/blog\/2009\/03\/08\/forca-e-re-demokratike-konference-per-media\/","og_site_name":"Lajme nga Ulqini","article_published_time":"2009-03-08T17:57:42+00:00","article_modified_time":"2009-03-08T17:59:12+00:00","og_image":[{"url":"http:\/\/www.visit-ulcinj.com\/blog\/wp-content\/uploads\/2009\/03\/nazif-cungu_kryetari-i-forces-se-re-demokratike.jpg"}],"twitter_misc":{"Written by":"ulqini","Est. reading time":"3 minutes"},"schema":{"@context":"https:\/\/schema.org","@graph":[{"@type":"WebSite","@id":"https:\/\/www.visit-ulcinj.com\/blog\/#website","url":"https:\/\/www.visit-ulcinj.com\/blog\/","name":"Lajme nga Ulqini","description":"Lajme,Vijesti,Ulqini,Ulqin,Crna Gora,Mali i Zi","potentialAction":[{"@type":"SearchAction","target":{"@type":"EntryPoint","urlTemplate":"https:\/\/www.visit-ulcinj.com\/blog\/?s={search_term_string}"},"query-input":"required name=search_term_string"}],"inLanguage":"en-US"},{"@type":"ImageObject","inLanguage":"en-US","@id":"https:\/\/www.visit-ulcinj.com\/blog\/2009\/03\/08\/forca-e-re-demokratike-konference-per-media\/#primaryimage","url":"https:\/\/www.visit-ulcinj.com\/blog\/wp-content\/uploads\/2009\/03\/nazif-cungu_kryetari-i-forces-se-re-demokratike.jpg","contentUrl":"https:\/\/www.visit-ulcinj.com\/blog\/wp-content\/uploads\/2009\/03\/nazif-cungu_kryetari-i-forces-se-re-demokratike.jpg","width":"434","height":"485"},{"@type":"WebPage","@id":"https:\/\/www.visit-ulcinj.com\/blog\/2009\/03\/08\/forca-e-re-demokratike-konference-per-media\/#webpage","url":"https:\/\/www.visit-ulcinj.com\/blog\/2009\/03\/08\/forca-e-re-demokratike-konference-per-media\/","name":"Video - Forca e Re Demokratike: Konference p\u00ebr Media - Lajme nga Ulqini","isPartOf":{"@id":"https:\/\/www.visit-ulcinj.com\/blog\/#website"},"primaryImageOfPage":{"@id":"https:\/\/www.visit-ulcinj.com\/blog\/2009\/03\/08\/forca-e-re-demokratike-konference-per-media\/#primaryimage"},"datePublished":"2009-03-08T17:57:42+00:00","dateModified":"2009-03-08T17:59:12+00:00","author":{"@id":"https:\/\/www.visit-ulcinj.com\/blog\/#\/schema\/person\/dcab619c614d3038751c63bc2aadc06d"},"description":"Koalicioni i deshtuar Forca e Re Demokratike \u00ebsht\u00eb p\u00ebrpjekur q\u00eb t\u00eb\u00a0 hyj\u00eb n\u00eb koalicion me t\u00eb gjitha partit\u00ebpolitike shqiptare, me p\u00ebrjashtim t\u00eb Unionit","breadcrumb":{"@id":"https:\/\/www.visit-ulcinj.com\/blog\/2009\/03\/08\/forca-e-re-demokratike-konference-per-media\/#breadcrumb"},"inLanguage":"en-US","potentialAction":[{"@type":"ReadAction","target":["https:\/\/www.visit-ulcinj.com\/blog\/2009\/03\/08\/forca-e-re-demokratike-konference-per-media\/"]}]},{"@type":"BreadcrumbList","@id":"https:\/\/www.visit-ulcinj.com\/blog\/2009\/03\/08\/forca-e-re-demokratike-konference-per-media\/#breadcrumb","itemListElement":[{"@type":"ListItem","position":1,"name":"Video &#8211; Forca e Re Demokratike: Konference p\u00ebr Media"}]},{"@type":"Person","@id":"https:\/\/www.visit-ulcinj.com\/blog\/#\/schema\/person\/dcab619c614d3038751c63bc2aadc06d","name":"ulqini","sameAs":["http:\/\/www.visit-ulcinj.com"],"url":"https:\/\/www.visit-ulcinj.com\/blog\/author\/admin\/"}]}},"jetpack_featured_media_url":"","jetpack_sharing_enabled":true,"jetpack_shortlink":"https:\/\/wp.me\/pe6lTn-3uW","_links":{"self":[{"href":"https:\/\/www.visit-ulcinj.com\/blog\/wp-json\/wp\/v2\/posts\/13450"}],"collection":[{"href":"https:\/\/www.visit-ulcinj.com\/blog\/wp-json\/wp\/v2\/posts"}],"about":[{"href":"https:\/\/www.visit-ulcinj.com\/blog\/wp-json\/wp\/v2\/types\/post"}],"author":[{"embeddable":true,"href":"https:\/\/www.visit-ulcinj.com\/blog\/wp-json\/wp\/v2\/users\/1"}],"replies":[{"embeddable":true,"href":"https:\/\/www.visit-ulcinj.com\/blog\/wp-json\/wp\/v2\/comments?post=13450"}],"version-history":[{"count":0,"href":"https:\/\/www.visit-ulcinj.com\/blog\/wp-json\/wp\/v2\/posts\/13450\/revisions"}],"wp:attachment":[{"href":"https:\/\/www.visit-ulcinj.com\/blog\/wp-json\/wp\/v2\/media?parent=13450"}],"wp:term":[{"taxonomy":"category","embeddable":true,"href":"https:\/\/www.visit-ulcinj.com\/blog\/wp-json\/wp\/v2\/categories?post=13450"},{"taxonomy":"post_tag","embeddable":true,"href":"https:\/\/www.visit-ulcinj.com\/blog\/wp-json\/wp\/v2\/tags?post=13450"}],"curies":[{"name":"wp","href":"https:\/\/api.w.org\/{rel}","templated":true}]}}