{"id":13458,"date":"2009-03-08T19:35:59","date_gmt":"2009-03-08T18:35:59","guid":{"rendered":"http:\/\/www.visit-ulcinj.com\/blog\/?p=13458"},"modified":"2009-03-08T19:35:59","modified_gmt":"2009-03-08T18:35:59","slug":"nimani-%e2%80%9cshqiptaret-e-malit-te-zi-e-fituan-flamurin-edhe-pa-dale-ne-male%e2%80%9d","status":"publish","type":"post","link":"https:\/\/www.visit-ulcinj.com\/blog\/2009\/03\/08\/nimani-%e2%80%9cshqiptaret-e-malit-te-zi-e-fituan-flamurin-edhe-pa-dale-ne-male%e2%80%9d\/","title":{"rendered":"Nimani: \u201cShqiptar\u00ebt e Malit t\u00eb Zi e fituan flamurin edhe pa dal\u00eb n\u00eb male\u201d !"},"content":{"rendered":"<p><strong><a href=\"http:\/\/www.visit-ulcinj.com\/blog\/wp-content\/uploads\/2009\/03\/fuad-nimani.jpg\"><img loading=\"lazy\" class=\"alignleft size-full wp-image-13459\" title=\"fuad-nimani\" src=\"http:\/\/www.visit-ulcinj.com\/blog\/wp-content\/uploads\/2009\/03\/fuad-nimani.jpg\" alt=\"fuad-nimani\" width=\"290\" height=\"208\" \/><\/a>Fuad Nimani, minist\u00ebr i Malit t\u00eb Zi p\u00ebr minoritete<\/strong><br \/>\nKomiteti i OKB-s\u00eb kund\u00ebr diskriminimit racial, ka shqyrtuar t\u00eb premten t\u00eb drejtat e njeriut n\u00eb republik\u00ebn e Malit t\u00eb Zi, pas pavar\u00ebsis\u00eb s\u00eb k\u00ebtij shteti nga Serbia. Kur \u00ebsht\u00eb fjala p\u00ebr t\u00eb drejtat e njeriut, sidomos t\u00eb minoriteteve, sipas ekspert\u00ebve nd\u00ebrkomb\u00ebtar, viteve k\u00ebto dy-tri vitet e fundit, sidomos pas shk\u00ebputjes nga Serbia, Mali i Zi ka p\u00ebrmir\u00ebsuar duksh\u00ebm imazhin e vet n\u00eb k\u00ebt\u00eb drejtim. P\u00ebrmir\u00ebsimin e t\u00eb drejtave t\u00eb njeriut, n\u00eb ve\u00e7anti t\u00eb pakicave n\u00eb ket\u00eb republik\u00eb ish-jugosllave e d\u00ebshmoi edhe z. Fuad Numani, minist\u00ebr i t\u00eb drejtave t\u00eb njeriut i cili po i prin delegacionit nga Mali i Zi n\u00eb punimet sivjetme t\u00eb Komitetit t\u00eb OKB-s\u00eb kund\u00ebr diskriminimit racial q\u00eb po mbahen n\u00eb Gjenev\u00eb. N\u00eb raportin e tij n\u00eb seanc\u00ebn e Komiteti t\u00eb OKB-s\u00eb n\u00eb Gjenev\u00eb, ministri Nimani, theksoi se kur b\u00ebhet fjal\u00eb p\u00ebr arsimimin e pakicave nacionale n\u00eb Mal t\u00eb Zi, mund t\u00eb thuhet me siguri se Mali i Zi ka b\u00ebr\u00eb viteve t\u00eb fundit hapa t\u00eb r\u00ebnd\u00ebsish\u00ebm pozitiv\u00eb n\u00eb k\u00ebt\u00eb drejtim, qoft\u00eb sa i p\u00ebrket miratimit t\u00eb rregullores s\u00eb re ligjore q\u00eb rregullon k\u00ebt\u00eb l\u00ebm\u00eb, qoft\u00eb sa i p\u00ebrket qasjes p\u00ebr zgjidhjen e k\u00ebtij problemi.<\/p>\n<p>&#8220;Arsimimi i pakicave \u00ebsht\u00eb pjes\u00eb e sistemit arsimor t\u00eb p\u00ebrgjithsh\u00ebm integral shtet\u00ebror i cili respekton specifikat e pakicave nacionale dhe iu garanton mund\u00ebsin\u00eb e shkollimit n\u00eb gjuh\u00ebn e tyre amtare, krahas ruajtjes s\u00eb identitetit t\u00eb tyre komb\u00ebtar dhe kulturor&#8221;, ka deklaruar ai. Sipas z.Nimani, n\u00eb programet e reja arsimore t\u00eb cilat jan\u00eb hartuar n\u00eb kuad\u00ebr t\u00eb reform\u00ebs s\u00eb arsimit, nga fusha e gjuh\u00ebs amtare, dituri shoq\u00ebris\u00eb, historis\u00eb, kultur\u00ebs fizike dhe figurative n\u00eb nj\u00eb mas\u00eb t\u00eb konsiderueshme jan\u00eb p\u00ebrfshir\u00eb dhe integruar p\u00ebrmbajtjet q\u00eb p\u00ebrfaq\u00ebsojn\u00eb gjuh\u00ebn, krijimtarin\u00eb, historin\u00eb dhe kultur\u00ebn e pakicave n\u00eb Mal t\u00eb Zi<\/p>\n<p>Ministri p\u00ebr Mbrojtjen e t\u00eb Drejtave t\u00eb Njeriut dhe Pakicave, tha se me q\u00ebllim t\u00eb realizimit t\u00eb parimeve shum\u00eb kulturore dhe toleranc\u00ebs etnike n\u00eb Mal t\u00eb Zi, programet e reja arsimore t\u00eb reformuara p\u00ebrmbajn\u00eb edhe nj\u00eb risi, e kjo \u00ebsht\u00eb natyra e tyre e hapur. &#8220;Me k\u00ebto ndryshime \u00ebsht\u00eb b\u00ebr\u00eb e mundur q\u00eb shkolla dhe komuniteti lokal mund t\u00eb propozojn\u00eb dhe t\u00eb hartojn\u00eb 15-20 p\u00ebr qind t\u00eb programit arsimor n\u00eb pajtim me nevojat dhe specifikat e tyre&#8221;, tha nd\u00ebr t\u00eb tjera Nimani.<\/p>\n<p>Sipas tij pavar\u00ebsia e Malit t\u00eb Zi dhe funksionimi i shtetit juridik, ka b\u00ebr\u00eb q\u00eb sot qytetar\u00ebt e Malit t\u00eb Zi, edhe minoritetet, t\u00eb ndihen t\u00eb lir\u00eb dhe t\u00eb barabart\u00eb. N\u00eb 81 ul\u00ebset e parlamentit malazias, jan\u00eb edhe 5 deputet\u00eb shqiptar\u00eb, 2 kroat\u00eb dhe t\u00eb tjer\u00eb. Kur \u00ebsht\u00eb fjala p\u00ebr t\u00eb drejtat komb\u00ebtare t\u00eb 7 p\u00ebr qind t\u00eb shqiptar\u00ebve n\u00eb Mal t\u00eb Zi, ministri Numani, tha se shqiptar\u00ebt n\u00eb ket\u00eb republik\u00eb, deri n\u00eb nj\u00ebfar\u00eb mase, jan\u00eb t\u00eb trajtuar mir\u00eb dhe t\u00eb integruar, megjith\u00ebse ka ende edhe shum\u00eb\u00e7ka p\u00ebr t\u2019u realizuara.<\/p>\n<p>Nd\u00ebrkaq, duke folur p\u00ebr komb\u00ebtaren &#8220;Bota Sot&#8221;, mbi t\u00eb drejtat e shqiptar\u00ebve n\u00eb Mal t\u00eb Zi, p\u00ebrmendi shembullin se shqiptar\u00ebt e Malit t\u00eb Zi, numerikisht m\u00eb pak se shqiptar\u00ebt n\u00eb disa republika tjera ish-jugosllave, ta z\u00ebm\u00eb ata n\u00eb Maqedoni, nuk u desh t\u00eb dalin n\u00eb male p\u00ebr t\u00eb siguruar flamurin dhe t\u00eb drejtat e tyre komb\u00ebtare, por i fituan n\u00eb m\u00ebnyr\u00eb demokratike, n\u00ebp\u00ebrmjet bisedimeve p\u00ebrmes institucioneve vendore n\u00eb Podgoric\u00eb. Qeveria e Malit t\u00eb Zi ka hartuar ligjin p\u00ebr p\u00ebrdorimin e flamurit shqiptar n\u00eb k\u00ebt\u00eb vend, i cili s\u00eb shpejti, do t\u00eb miratohet edhe nga parlamenti malazias.<\/p>\n<p><strong>Nefail Maliqi<br \/>\nBOTA SOT<\/strong><\/p>\n","protected":false},"excerpt":{"rendered":"<p>Fuad Nimani, minist\u00ebr i Malit t\u00eb Zi p\u00ebr minoritete Komiteti i OKB-s\u00eb kund\u00ebr diskriminimit racial, ka shqyrtuar t\u00eb premten t\u00eb drejtat e njeriut n\u00eb republik\u00ebn e Malit t\u00eb Zi, pas pavar\u00ebsis\u00eb s\u00eb k\u00ebtij shteti nga Serbia. Kur \u00ebsht\u00eb fjala p\u00ebr t\u00eb drejtat e njeriut, sidomos t\u00eb minoriteteve, sipas ekspert\u00ebve nd\u00ebrkomb\u00ebtar, viteve k\u00ebto dy-tri vitet e [&hellip;]<\/p>\n","protected":false},"author":1,"featured_media":0,"comment_status":"open","ping_status":"closed","sticky":false,"template":"","format":"standard","meta":{"spay_email":"","jetpack_publicize_message":"","jetpack_is_tweetstorm":false,"jetpack_publicize_feature_enabled":true},"categories":[5],"tags":[6063,106,7687,7689,7686,5345,7688,7692,7691,1813,7690],"jetpack_publicize_connections":[],"yoast_head":"<!-- This site is optimized with the Yoast SEO plugin v19.1 - https:\/\/yoast.com\/wordpress\/plugins\/seo\/ -->\n<title>Nimani: \u201cShqiptar\u00ebt e Malit t\u00eb Zi e fituan flamurin edhe pa dal\u00eb n\u00eb male\u201d ! - Lajme nga Ulqini<\/title>\n<meta name=\"description\" content=\"Fuad Nimani, minist\u00ebr i Malit t\u00eb Zi p\u00ebr minoritete Komiteti i OKB-s\u00eb kund\u00ebr diskriminimit racial, ka shqyrtuar t\u00eb premten t\u00eb drejtat e njeriut n\u00eb\" \/>\n<meta name=\"robots\" content=\"index, follow, max-snippet:-1, max-image-preview:large, max-video-preview:-1\" \/>\n<link rel=\"canonical\" href=\"https:\/\/www.visit-ulcinj.com\/blog\/2009\/03\/08\/nimani-\u201cshqiptaret-e-malit-te-zi-e-fituan-flamurin-edhe-pa-dale-ne-male\u201d\/\" \/>\n<meta property=\"og:locale\" content=\"en_US\" \/>\n<meta property=\"og:type\" content=\"article\" \/>\n<meta property=\"og:title\" content=\"Nimani: \u201cShqiptar\u00ebt e Malit t\u00eb Zi e fituan flamurin edhe pa dal\u00eb n\u00eb male\u201d ! - Lajme nga Ulqini\" \/>\n<meta property=\"og:description\" content=\"Fuad Nimani, minist\u00ebr i Malit t\u00eb Zi p\u00ebr minoritete Komiteti i OKB-s\u00eb kund\u00ebr diskriminimit racial, ka shqyrtuar t\u00eb premten t\u00eb drejtat e njeriut n\u00eb\" \/>\n<meta property=\"og:url\" content=\"https:\/\/www.visit-ulcinj.com\/blog\/2009\/03\/08\/nimani-\u201cshqiptaret-e-malit-te-zi-e-fituan-flamurin-edhe-pa-dale-ne-male\u201d\/\" \/>\n<meta property=\"og:site_name\" content=\"Lajme nga Ulqini\" \/>\n<meta property=\"article:published_time\" content=\"2009-03-08T18:35:59+00:00\" \/>\n<meta property=\"og:image\" content=\"http:\/\/www.visit-ulcinj.com\/blog\/wp-content\/uploads\/2009\/03\/fuad-nimani.jpg\" \/>\n<meta name=\"twitter:label1\" content=\"Written by\" \/>\n\t<meta name=\"twitter:data1\" content=\"ulqini\" \/>\n\t<meta name=\"twitter:label2\" content=\"Est. reading time\" \/>\n\t<meta name=\"twitter:data2\" content=\"3 minutes\" \/>\n<script type=\"application\/ld+json\" class=\"yoast-schema-graph\">{\"@context\":\"https:\/\/schema.org\",\"@graph\":[{\"@type\":\"WebSite\",\"@id\":\"https:\/\/www.visit-ulcinj.com\/blog\/#website\",\"url\":\"https:\/\/www.visit-ulcinj.com\/blog\/\",\"name\":\"Lajme nga Ulqini\",\"description\":\"Lajme,Vijesti,Ulqini,Ulqin,Crna Gora,Mali i Zi\",\"potentialAction\":[{\"@type\":\"SearchAction\",\"target\":{\"@type\":\"EntryPoint\",\"urlTemplate\":\"https:\/\/www.visit-ulcinj.com\/blog\/?s={search_term_string}\"},\"query-input\":\"required name=search_term_string\"}],\"inLanguage\":\"en-US\"},{\"@type\":\"ImageObject\",\"inLanguage\":\"en-US\",\"@id\":\"https:\/\/www.visit-ulcinj.com\/blog\/2009\/03\/08\/nimani-%e2%80%9cshqiptaret-e-malit-te-zi-e-fituan-flamurin-edhe-pa-dale-ne-male%e2%80%9d\/#primaryimage\",\"url\":\"https:\/\/www.visit-ulcinj.com\/blog\/wp-content\/uploads\/2009\/03\/fuad-nimani.jpg\",\"contentUrl\":\"https:\/\/www.visit-ulcinj.com\/blog\/wp-content\/uploads\/2009\/03\/fuad-nimani.jpg\",\"width\":\"207\",\"height\":\"150\"},{\"@type\":\"WebPage\",\"@id\":\"https:\/\/www.visit-ulcinj.com\/blog\/2009\/03\/08\/nimani-%e2%80%9cshqiptaret-e-malit-te-zi-e-fituan-flamurin-edhe-pa-dale-ne-male%e2%80%9d\/#webpage\",\"url\":\"https:\/\/www.visit-ulcinj.com\/blog\/2009\/03\/08\/nimani-%e2%80%9cshqiptaret-e-malit-te-zi-e-fituan-flamurin-edhe-pa-dale-ne-male%e2%80%9d\/\",\"name\":\"Nimani: \u201cShqiptar\u00ebt e Malit t\u00eb Zi e fituan flamurin edhe pa dal\u00eb n\u00eb male\u201d ! - Lajme nga Ulqini\",\"isPartOf\":{\"@id\":\"https:\/\/www.visit-ulcinj.com\/blog\/#website\"},\"primaryImageOfPage\":{\"@id\":\"https:\/\/www.visit-ulcinj.com\/blog\/2009\/03\/08\/nimani-%e2%80%9cshqiptaret-e-malit-te-zi-e-fituan-flamurin-edhe-pa-dale-ne-male%e2%80%9d\/#primaryimage\"},\"datePublished\":\"2009-03-08T18:35:59+00:00\",\"dateModified\":\"2009-03-08T18:35:59+00:00\",\"author\":{\"@id\":\"https:\/\/www.visit-ulcinj.com\/blog\/#\/schema\/person\/dcab619c614d3038751c63bc2aadc06d\"},\"description\":\"Fuad Nimani, minist\u00ebr i Malit t\u00eb Zi p\u00ebr minoritete Komiteti i OKB-s\u00eb kund\u00ebr diskriminimit racial, ka shqyrtuar t\u00eb premten t\u00eb drejtat e njeriut n\u00eb\",\"breadcrumb\":{\"@id\":\"https:\/\/www.visit-ulcinj.com\/blog\/2009\/03\/08\/nimani-%e2%80%9cshqiptaret-e-malit-te-zi-e-fituan-flamurin-edhe-pa-dale-ne-male%e2%80%9d\/#breadcrumb\"},\"inLanguage\":\"en-US\",\"potentialAction\":[{\"@type\":\"ReadAction\",\"target\":[\"https:\/\/www.visit-ulcinj.com\/blog\/2009\/03\/08\/nimani-%e2%80%9cshqiptaret-e-malit-te-zi-e-fituan-flamurin-edhe-pa-dale-ne-male%e2%80%9d\/\"]}]},{\"@type\":\"BreadcrumbList\",\"@id\":\"https:\/\/www.visit-ulcinj.com\/blog\/2009\/03\/08\/nimani-%e2%80%9cshqiptaret-e-malit-te-zi-e-fituan-flamurin-edhe-pa-dale-ne-male%e2%80%9d\/#breadcrumb\",\"itemListElement\":[{\"@type\":\"ListItem\",\"position\":1,\"name\":\"Nimani: \u201cShqiptar\u00ebt e Malit t\u00eb Zi e fituan flamurin edhe pa dal\u00eb n\u00eb male\u201d !\"}]},{\"@type\":\"Person\",\"@id\":\"https:\/\/www.visit-ulcinj.com\/blog\/#\/schema\/person\/dcab619c614d3038751c63bc2aadc06d\",\"name\":\"ulqini\",\"sameAs\":[\"http:\/\/www.visit-ulcinj.com\"],\"url\":\"https:\/\/www.visit-ulcinj.com\/blog\/author\/admin\/\"}]}<\/script>\n<!-- \/ Yoast SEO plugin. -->","yoast_head_json":{"title":"Nimani: \u201cShqiptar\u00ebt e Malit t\u00eb Zi e fituan flamurin edhe pa dal\u00eb n\u00eb male\u201d ! - Lajme nga Ulqini","description":"Fuad Nimani, minist\u00ebr i Malit t\u00eb Zi p\u00ebr minoritete Komiteti i OKB-s\u00eb kund\u00ebr diskriminimit racial, ka shqyrtuar t\u00eb premten t\u00eb drejtat e njeriut n\u00eb","robots":{"index":"index","follow":"follow","max-snippet":"max-snippet:-1","max-image-preview":"max-image-preview:large","max-video-preview":"max-video-preview:-1"},"canonical":"https:\/\/www.visit-ulcinj.com\/blog\/2009\/03\/08\/nimani-\u201cshqiptaret-e-malit-te-zi-e-fituan-flamurin-edhe-pa-dale-ne-male\u201d\/","og_locale":"en_US","og_type":"article","og_title":"Nimani: \u201cShqiptar\u00ebt e Malit t\u00eb Zi e fituan flamurin edhe pa dal\u00eb n\u00eb male\u201d ! - Lajme nga Ulqini","og_description":"Fuad Nimani, minist\u00ebr i Malit t\u00eb Zi p\u00ebr minoritete Komiteti i OKB-s\u00eb kund\u00ebr diskriminimit racial, ka shqyrtuar t\u00eb premten t\u00eb drejtat e njeriut n\u00eb","og_url":"https:\/\/www.visit-ulcinj.com\/blog\/2009\/03\/08\/nimani-\u201cshqiptaret-e-malit-te-zi-e-fituan-flamurin-edhe-pa-dale-ne-male\u201d\/","og_site_name":"Lajme nga Ulqini","article_published_time":"2009-03-08T18:35:59+00:00","og_image":[{"url":"http:\/\/www.visit-ulcinj.com\/blog\/wp-content\/uploads\/2009\/03\/fuad-nimani.jpg"}],"twitter_misc":{"Written by":"ulqini","Est. reading time":"3 minutes"},"schema":{"@context":"https:\/\/schema.org","@graph":[{"@type":"WebSite","@id":"https:\/\/www.visit-ulcinj.com\/blog\/#website","url":"https:\/\/www.visit-ulcinj.com\/blog\/","name":"Lajme nga Ulqini","description":"Lajme,Vijesti,Ulqini,Ulqin,Crna Gora,Mali i Zi","potentialAction":[{"@type":"SearchAction","target":{"@type":"EntryPoint","urlTemplate":"https:\/\/www.visit-ulcinj.com\/blog\/?s={search_term_string}"},"query-input":"required name=search_term_string"}],"inLanguage":"en-US"},{"@type":"ImageObject","inLanguage":"en-US","@id":"https:\/\/www.visit-ulcinj.com\/blog\/2009\/03\/08\/nimani-%e2%80%9cshqiptaret-e-malit-te-zi-e-fituan-flamurin-edhe-pa-dale-ne-male%e2%80%9d\/#primaryimage","url":"https:\/\/www.visit-ulcinj.com\/blog\/wp-content\/uploads\/2009\/03\/fuad-nimani.jpg","contentUrl":"https:\/\/www.visit-ulcinj.com\/blog\/wp-content\/uploads\/2009\/03\/fuad-nimani.jpg","width":"207","height":"150"},{"@type":"WebPage","@id":"https:\/\/www.visit-ulcinj.com\/blog\/2009\/03\/08\/nimani-%e2%80%9cshqiptaret-e-malit-te-zi-e-fituan-flamurin-edhe-pa-dale-ne-male%e2%80%9d\/#webpage","url":"https:\/\/www.visit-ulcinj.com\/blog\/2009\/03\/08\/nimani-%e2%80%9cshqiptaret-e-malit-te-zi-e-fituan-flamurin-edhe-pa-dale-ne-male%e2%80%9d\/","name":"Nimani: \u201cShqiptar\u00ebt e Malit t\u00eb Zi e fituan flamurin edhe pa dal\u00eb n\u00eb male\u201d ! - Lajme nga Ulqini","isPartOf":{"@id":"https:\/\/www.visit-ulcinj.com\/blog\/#website"},"primaryImageOfPage":{"@id":"https:\/\/www.visit-ulcinj.com\/blog\/2009\/03\/08\/nimani-%e2%80%9cshqiptaret-e-malit-te-zi-e-fituan-flamurin-edhe-pa-dale-ne-male%e2%80%9d\/#primaryimage"},"datePublished":"2009-03-08T18:35:59+00:00","dateModified":"2009-03-08T18:35:59+00:00","author":{"@id":"https:\/\/www.visit-ulcinj.com\/blog\/#\/schema\/person\/dcab619c614d3038751c63bc2aadc06d"},"description":"Fuad Nimani, minist\u00ebr i Malit t\u00eb Zi p\u00ebr minoritete Komiteti i OKB-s\u00eb kund\u00ebr diskriminimit racial, ka shqyrtuar t\u00eb premten t\u00eb drejtat e njeriut n\u00eb","breadcrumb":{"@id":"https:\/\/www.visit-ulcinj.com\/blog\/2009\/03\/08\/nimani-%e2%80%9cshqiptaret-e-malit-te-zi-e-fituan-flamurin-edhe-pa-dale-ne-male%e2%80%9d\/#breadcrumb"},"inLanguage":"en-US","potentialAction":[{"@type":"ReadAction","target":["https:\/\/www.visit-ulcinj.com\/blog\/2009\/03\/08\/nimani-%e2%80%9cshqiptaret-e-malit-te-zi-e-fituan-flamurin-edhe-pa-dale-ne-male%e2%80%9d\/"]}]},{"@type":"BreadcrumbList","@id":"https:\/\/www.visit-ulcinj.com\/blog\/2009\/03\/08\/nimani-%e2%80%9cshqiptaret-e-malit-te-zi-e-fituan-flamurin-edhe-pa-dale-ne-male%e2%80%9d\/#breadcrumb","itemListElement":[{"@type":"ListItem","position":1,"name":"Nimani: \u201cShqiptar\u00ebt e Malit t\u00eb Zi e fituan flamurin edhe pa dal\u00eb n\u00eb male\u201d !"}]},{"@type":"Person","@id":"https:\/\/www.visit-ulcinj.com\/blog\/#\/schema\/person\/dcab619c614d3038751c63bc2aadc06d","name":"ulqini","sameAs":["http:\/\/www.visit-ulcinj.com"],"url":"https:\/\/www.visit-ulcinj.com\/blog\/author\/admin\/"}]}},"jetpack_featured_media_url":"","jetpack_sharing_enabled":true,"jetpack_shortlink":"https:\/\/wp.me\/pe6lTn-3v4","_links":{"self":[{"href":"https:\/\/www.visit-ulcinj.com\/blog\/wp-json\/wp\/v2\/posts\/13458"}],"collection":[{"href":"https:\/\/www.visit-ulcinj.com\/blog\/wp-json\/wp\/v2\/posts"}],"about":[{"href":"https:\/\/www.visit-ulcinj.com\/blog\/wp-json\/wp\/v2\/types\/post"}],"author":[{"embeddable":true,"href":"https:\/\/www.visit-ulcinj.com\/blog\/wp-json\/wp\/v2\/users\/1"}],"replies":[{"embeddable":true,"href":"https:\/\/www.visit-ulcinj.com\/blog\/wp-json\/wp\/v2\/comments?post=13458"}],"version-history":[{"count":0,"href":"https:\/\/www.visit-ulcinj.com\/blog\/wp-json\/wp\/v2\/posts\/13458\/revisions"}],"wp:attachment":[{"href":"https:\/\/www.visit-ulcinj.com\/blog\/wp-json\/wp\/v2\/media?parent=13458"}],"wp:term":[{"taxonomy":"category","embeddable":true,"href":"https:\/\/www.visit-ulcinj.com\/blog\/wp-json\/wp\/v2\/categories?post=13458"},{"taxonomy":"post_tag","embeddable":true,"href":"https:\/\/www.visit-ulcinj.com\/blog\/wp-json\/wp\/v2\/tags?post=13458"}],"curies":[{"name":"wp","href":"https:\/\/api.w.org\/{rel}","templated":true}]}}