{"id":13466,"date":"2009-03-08T20:16:50","date_gmt":"2009-03-08T19:16:50","guid":{"rendered":"http:\/\/www.visit-ulcinj.com\/blog\/?p=13466"},"modified":"2009-03-08T23:14:07","modified_gmt":"2009-03-08T22:14:07","slug":"tola-flaka-nuk-vjen-me-mua","status":"publish","type":"post","link":"https:\/\/www.visit-ulcinj.com\/blog\/2009\/03\/08\/tola-flaka-nuk-vjen-me-mua\/","title":{"rendered":"Kejsi Tola: Flaka nuk vjen me mua"},"content":{"rendered":"<p><strong><a href=\"http:\/\/www.visit-ulcinj.com\/blog\/wp-content\/uploads\/2009\/03\/kejsi_tola.jpg\"><img loading=\"lazy\" class=\"alignleft size-full wp-image-13468\" title=\"kejsi_tola\" src=\"http:\/\/www.visit-ulcinj.com\/blog\/wp-content\/uploads\/2009\/03\/kejsi_tola.jpg\" alt=\"kejsi_tola\" width=\"570\" height=\"350\" \/><\/a>Kejsi Tola do t\u00eb jet\u00eb k\u00ebng\u00ebtarja konkurrente m\u00eb e vog\u00ebl k\u00ebt\u00eb vit n\u00eb Eurovizion.<\/strong><br \/>\nSapo \u00ebsht\u00eb kthyer nga Gjermania, ku ka regjistruar k\u00ebng\u00ebn e saj n\u00eb versionin anglisht, q\u00eb do ta k\u00ebndoj\u00eb m\u00eb 12 maj n\u00eb Festivalin Evropian n\u00eb Rusi. Por e p\u00ebrfolur p\u00ebr q\u00ebndrimin statik n\u00eb Festivalin e 47-t\u00eb t\u00eb K\u00ebng\u00ebs n\u00eb RTSH, patjet\u00ebr i duhet t\u00eb ndryshoj\u00eb. Si do t\u00eb arrij\u00eb t\u00eb jet\u00eb m\u00eb e zhd\u00ebrvjell\u00ebt, dhe natyrisht m\u00eb elegante. 16 vje\u00e7arja tregon se p\u00ebr t\u00eb qen\u00eb n\u00eb form\u00eb do b\u00ebj\u00eb gjith\u00e7ka, q\u00eb do t\u2019i k\u00ebshilloj\u00eb koreografi i saj, Julian Bulku:<\/p>\n<p><strong>Sapo je kthyer nga Gjermania ku regjistrove k\u00ebng\u00ebn \u201cM\u00eb merr n\u00eb \u00ebnd\u00ebrr\u201d n\u00eb versionin anglisht. \u00c7far\u00eb ka ndryshe ky variant i ri?<\/strong><br \/>\nVarianti anglisht i k\u00ebng\u00ebs titullohet \u201cCare me in your dreams\u201d, \u00ebsht\u00eb e riorkestruar dhe regjistruar n\u00eb studion muzikore gjermane \u201cDorian Grei\u201d. K\u00ebnga e ripunuar \u00ebsht\u00eb m\u00eb e fuqishme, ritmike, rinore, e fort\u00eb dhe besoj q\u00eb do t\u00eb ket\u00eb sukses. Teksti \u00ebsht\u00eb p\u00ebrkthyer nga June Myftaraj Taylor.<\/p>\n<p><strong>Po n\u00eb Gjermani jan\u00eb realizuar dhe xhirimet p\u00ebr klipin, mund t\u00eb na thuash detaje?<\/strong><br \/>\nPo sapo kemi p\u00ebrfunduar xhirimet n\u00eb Gjermani. Klipi \u00ebsht\u00eb duke u montuar dhe do t\u00eb filloj\u00eb t\u00eb transmetohet n\u00eb televizionet shqiptare shum\u00eb shpejt. Ajo q\u00eb do t\u00eb shihni aty \u00ebsht\u00eb d\u00ebbora q\u00eb kishte mbuluar Gjermanin\u00eb, nj\u00eb djal\u00eb bjond gjerman 20 vje\u00e7ar, dhe un\u00eb padyshim me t\u00eb nj\u00ebjt\u00ebn gjat\u00ebsi dhe ngjyr\u00eb flok\u00ebsh.<\/p>\n<p><strong>Na thuaj m\u00eb shum\u00eb rreth stafit q\u00eb fshihet pas Kejsit, p\u00ebr k\u00ebt\u00eb konkurrim n\u00eb Eurovizion&#8230;<\/strong><br \/>\nStiliste do t\u00eb jet\u00eb Anila Zajmi, do t\u00eb jen\u00eb tre balerin\u00eb djem q\u00eb do m\u00eb shoq\u00ebrojn\u00eb n\u00eb sken\u00eb, dhe dy k\u00ebng\u00ebtare t\u00eb njohur, t\u00eb cil\u00ebt ende nuk jan\u00eb p\u00ebrzgjedhur.<\/p>\n<p><strong>Thuhet q\u00eb keni k\u00ebrkuar Flaka Krelanin p\u00ebr t\u00eb qen\u00eb nj\u00ebra nga k\u00ebng\u00ebtaret shoq\u00ebruese. \u00cbsht\u00eb e v\u00ebrtet\u00eb?<\/strong><br \/>\nJo nuk do t\u00eb jet\u00eb Flaka. Por patjet\u00ebr q\u00eb k\u00ebng\u00ebtar\u00ebt q\u00eb do m\u00eb shoq\u00ebrojn\u00eb do t\u00eb jen\u00eb m\u00eb t\u00eb mirat.<\/p>\n<p><strong>Julian Bulku, koreografi i Kalomires n\u00eb Eurovizionin e vitit t\u00eb kaluar do t\u00eb jet\u00eb koreografi yt k\u00ebt\u00eb vit. \u00c7far\u00eb mendon se do ndryshoj\u00eb n\u00eb perfomanc\u00ebn t\u00ebnde?<\/strong><br \/>\nJuliani, i cili jeton n\u00eb Greqi ishte para pak dit\u00ebsh k\u00ebtu dhe biseduam paraprakisht p\u00ebr koreografin\u00eb. Ende s\u2019kam filluar t\u00eb b\u00ebj prova por duke par\u00eb k\u00ebng\u00ebn e k\u00ebng\u00ebtares vitin e kaluar, m\u00eb p\u00eblqente k\u00ebng\u00ebtarja greke, ishte n\u00eb sinkroni me k\u00ebng\u00ebn dhe balerin\u00ebt. K\u00ebt\u00eb besoj do ta arrij dhe un\u00eb.<\/p>\n<p><strong>Por ajo q\u00eb kemi par\u00eb tek k\u00ebng\u00ebtaret e tjera kan\u00eb qen\u00eb trupa t\u00eb tonifikuar, zhd\u00ebrvjell\u00ebsi. Sa mendoni se do arrini t\u00eb prezantoheni si e till\u00eb?<\/strong><br \/>\nDo b\u00ebj maksimumin p\u00ebr t\u00eb qen\u00eb n\u00eb form\u00eb. Tashm\u00eb jam 3-4 kg mbipesh\u00eb dhe do b\u00ebj gjith\u00e7ka q\u00eb t\u00eb dob\u00ebsohem. Shum\u00eb shpejt do filloj t\u00eb kem nj\u00eb regjim t\u00eb plot\u00eb me ushqimin, do mbaj diet\u00eb me ushqime t\u00eb sh\u00ebndetshme, t\u00eb b\u00ebj palest\u00ebr. Gjith\u00e7ka do t\u00eb jet\u00eb e llogaritur nga vet\u00eb Juliani.<\/p>\n<p><strong>Sa e p\u00ebrgatitur je p\u00ebr at\u00eb sken\u00eb?<\/strong><br \/>\nDi q\u00eb shpeshher\u00eb k\u00ebng\u00ebtar\u00ebt jan\u00eb ndier shum\u00eb t\u00eb emocionuar atje. P\u00ebr momentin nuk ndiej frik\u00eb, por ndoshta sa t\u00eb afrohet data e Festivalit mbase do ndiej ankth.<\/p>\n<p><strong>I ke d\u00ebgjuar k\u00ebng\u00ebt e tjera konkurente?<\/strong><br \/>\nPo, deri tani kam d\u00ebgjuar k\u00ebng\u00ebt rumune, greke, turke, dhe at\u00eb t\u00eb Qipros.<\/p>\n<p><strong>Por ti je m\u00eb e vogla, me k\u00ebng\u00ebtare tjet\u00ebr po kaq t\u00eb re konkuron?<\/strong><br \/>\nDi q\u00eb k\u00ebng\u00ebtarja e Qipros \u00ebsht\u00eb 17 vje\u00e7e.<\/p>\n<p><strong>\u00c7far\u00eb mendon p\u00ebr k\u00ebng\u00ebtar\u00ebt, q\u00eb kan\u00eb p\u00ebrfaq\u00ebsuar Shqip\u00ebrin\u00eb m\u00eb par\u00eb n\u00eb Eurovizion? <\/strong><br \/>\nMendoj se Shqip\u00ebria nuk ka pasur p\u00ebrfaq\u00ebsime shum\u00eb t\u00eb mira. Un\u00eb do p\u00ebrpiqem t\u00eb jap m\u00eb t\u00eb mir\u00ebn.<\/p>\n<p><strong>Ekzistojn\u00eb \u201chile\u201d, q\u00eb kompozitori Edmond Zhulali t\u2019i ka m\u00ebsuar p\u00ebr t\u00eb pasur sukses?<\/strong><br \/>\nNuk mund t\u2019i quaj \u201chile\u201d, jan\u00eb vet\u00ebm sekrete profesionale q\u00eb duhet t\u2019i m\u00ebsoj\u00eb \u00e7do k\u00ebng\u00ebtar.<\/p>\n<p><strong>Ke besim n\u00eb nj\u00eb p\u00ebrfaq\u00ebsim t\u00eb mir\u00eb dhe \u00e7far\u00eb pretendon?<\/strong><br \/>\nPretendoj t\u00eb realizoj nj\u00eb performanc\u00eb t\u00eb mir\u00eb, q\u00eb t\u00eb mos i zhg\u00ebnjej shqiptar\u00ebt. Kam besim q\u00eb do dal mir\u00eb, se gjithmon\u00eb kam besuar n\u00eb veten time.<\/p>\n<p><strong>Je supersticioze?<\/strong><br \/>\nJo nuk jam supersticioze. E vetmja gj\u00eb \u00ebsht\u00eb t\u00eb mbaj p\u00ebrgjegj\u00ebsi p\u00ebr k\u00ebng\u00ebn.<\/p>\n<p><strong>PanoramaPlus<\/strong><\/p>\n<p><strong><\/p>\n<p><\/strong><\/p>\n<p><strong><\/strong><\/p>\n<p><strong><\/strong><\/p>\n<p><strong><!--YouTube Error: bad URL entered--><br \/>\n<\/strong><\/p>\n","protected":false},"excerpt":{"rendered":"<p>Kejsi Tola do t\u00eb jet\u00eb k\u00ebng\u00ebtarja konkurrente m\u00eb e vog\u00ebl k\u00ebt\u00eb vit n\u00eb Eurovizion. Sapo \u00ebsht\u00eb kthyer nga Gjermania, ku ka regjistruar k\u00ebng\u00ebn e saj n\u00eb versionin anglisht, q\u00eb do ta k\u00ebndoj\u00eb m\u00eb 12 maj n\u00eb Festivalin Evropian n\u00eb Rusi. Por e p\u00ebrfolur p\u00ebr q\u00ebndrimin statik n\u00eb Festivalin e 47-t\u00eb t\u00eb K\u00ebng\u00ebs n\u00eb RTSH, patjet\u00ebr [&hellip;]<\/p>\n","protected":false},"author":1,"featured_media":0,"comment_status":"open","ping_status":"closed","sticky":false,"template":"","format":"standard","meta":{"spay_email":"","jetpack_publicize_message":"","jetpack_is_tweetstorm":false,"jetpack_publicize_feature_enabled":true},"categories":[1],"tags":[5338,7711,7710],"jetpack_publicize_connections":[],"yoast_head":"<!-- This site is optimized with the Yoast SEO plugin v19.1 - https:\/\/yoast.com\/wordpress\/plugins\/seo\/ -->\n<title>Kejsi Tola: Flaka nuk vjen me mua - Lajme nga Ulqini<\/title>\n<meta name=\"description\" content=\"Kejsi Tola do t\u00eb jet\u00eb k\u00ebng\u00ebtarja konkurrente m\u00eb e vog\u00ebl k\u00ebt\u00eb vit n\u00eb Eurovizion. Sapo \u00ebsht\u00eb kthyer nga Gjermania, ku ka regjistruar k\u00ebng\u00ebn e saj n\u00eb\" \/>\n<meta name=\"robots\" content=\"index, follow, max-snippet:-1, max-image-preview:large, max-video-preview:-1\" \/>\n<link rel=\"canonical\" href=\"https:\/\/www.visit-ulcinj.com\/blog\/2009\/03\/08\/tola-flaka-nuk-vjen-me-mua\/\" \/>\n<meta property=\"og:locale\" content=\"en_US\" \/>\n<meta property=\"og:type\" content=\"article\" \/>\n<meta property=\"og:title\" content=\"Kejsi Tola: Flaka nuk vjen me mua - Lajme nga Ulqini\" \/>\n<meta property=\"og:description\" content=\"Kejsi Tola do t\u00eb jet\u00eb k\u00ebng\u00ebtarja konkurrente m\u00eb e vog\u00ebl k\u00ebt\u00eb vit n\u00eb Eurovizion. Sapo \u00ebsht\u00eb kthyer nga Gjermania, ku ka regjistruar k\u00ebng\u00ebn e saj n\u00eb\" \/>\n<meta property=\"og:url\" content=\"https:\/\/www.visit-ulcinj.com\/blog\/2009\/03\/08\/tola-flaka-nuk-vjen-me-mua\/\" \/>\n<meta property=\"og:site_name\" content=\"Lajme nga Ulqini\" \/>\n<meta property=\"article:published_time\" content=\"2009-03-08T19:16:50+00:00\" \/>\n<meta property=\"article:modified_time\" content=\"2009-03-08T22:14:07+00:00\" \/>\n<meta property=\"og:image\" content=\"https:\/\/www.visit-ulcinj.com\/blog\/wp-content\/uploads\/2009\/03\/kejsi-tola-150x150.jpg\" \/>\n<meta name=\"twitter:label1\" content=\"Written by\" \/>\n\t<meta name=\"twitter:data1\" content=\"ulqini\" \/>\n\t<meta name=\"twitter:label2\" content=\"Est. reading time\" \/>\n\t<meta name=\"twitter:data2\" content=\"4 minutes\" \/>\n<script type=\"application\/ld+json\" class=\"yoast-schema-graph\">{\"@context\":\"https:\/\/schema.org\",\"@graph\":[{\"@type\":\"WebSite\",\"@id\":\"https:\/\/www.visit-ulcinj.com\/blog\/#website\",\"url\":\"https:\/\/www.visit-ulcinj.com\/blog\/\",\"name\":\"Lajme nga Ulqini\",\"description\":\"Lajme,Vijesti,Ulqini,Ulqin,Crna Gora,Mali i Zi\",\"potentialAction\":[{\"@type\":\"SearchAction\",\"target\":{\"@type\":\"EntryPoint\",\"urlTemplate\":\"https:\/\/www.visit-ulcinj.com\/blog\/?s={search_term_string}\"},\"query-input\":\"required name=search_term_string\"}],\"inLanguage\":\"en-US\"},{\"@type\":\"ImageObject\",\"inLanguage\":\"en-US\",\"@id\":\"https:\/\/www.visit-ulcinj.com\/blog\/2009\/03\/08\/tola-flaka-nuk-vjen-me-mua\/#primaryimage\",\"url\":\"http:\/\/www.visit-ulcinj.com\/blog\/wp-content\/uploads\/2009\/03\/kejsi_tola.jpg\",\"contentUrl\":\"http:\/\/www.visit-ulcinj.com\/blog\/wp-content\/uploads\/2009\/03\/kejsi_tola.jpg\"},{\"@type\":\"WebPage\",\"@id\":\"https:\/\/www.visit-ulcinj.com\/blog\/2009\/03\/08\/tola-flaka-nuk-vjen-me-mua\/#webpage\",\"url\":\"https:\/\/www.visit-ulcinj.com\/blog\/2009\/03\/08\/tola-flaka-nuk-vjen-me-mua\/\",\"name\":\"Kejsi Tola: Flaka nuk vjen me mua - Lajme nga Ulqini\",\"isPartOf\":{\"@id\":\"https:\/\/www.visit-ulcinj.com\/blog\/#website\"},\"primaryImageOfPage\":{\"@id\":\"https:\/\/www.visit-ulcinj.com\/blog\/2009\/03\/08\/tola-flaka-nuk-vjen-me-mua\/#primaryimage\"},\"datePublished\":\"2009-03-08T19:16:50+00:00\",\"dateModified\":\"2009-03-08T22:14:07+00:00\",\"author\":{\"@id\":\"https:\/\/www.visit-ulcinj.com\/blog\/#\/schema\/person\/dcab619c614d3038751c63bc2aadc06d\"},\"description\":\"Kejsi Tola do t\u00eb jet\u00eb k\u00ebng\u00ebtarja konkurrente m\u00eb e vog\u00ebl k\u00ebt\u00eb vit n\u00eb Eurovizion. Sapo \u00ebsht\u00eb kthyer nga Gjermania, ku ka regjistruar k\u00ebng\u00ebn e saj n\u00eb\",\"breadcrumb\":{\"@id\":\"https:\/\/www.visit-ulcinj.com\/blog\/2009\/03\/08\/tola-flaka-nuk-vjen-me-mua\/#breadcrumb\"},\"inLanguage\":\"en-US\",\"potentialAction\":[{\"@type\":\"ReadAction\",\"target\":[\"https:\/\/www.visit-ulcinj.com\/blog\/2009\/03\/08\/tola-flaka-nuk-vjen-me-mua\/\"]}]},{\"@type\":\"BreadcrumbList\",\"@id\":\"https:\/\/www.visit-ulcinj.com\/blog\/2009\/03\/08\/tola-flaka-nuk-vjen-me-mua\/#breadcrumb\",\"itemListElement\":[{\"@type\":\"ListItem\",\"position\":1,\"name\":\"Kejsi Tola: Flaka nuk vjen me mua\"}]},{\"@type\":\"Person\",\"@id\":\"https:\/\/www.visit-ulcinj.com\/blog\/#\/schema\/person\/dcab619c614d3038751c63bc2aadc06d\",\"name\":\"ulqini\",\"sameAs\":[\"http:\/\/www.visit-ulcinj.com\"],\"url\":\"https:\/\/www.visit-ulcinj.com\/blog\/author\/admin\/\"}]}<\/script>\n<!-- \/ Yoast SEO plugin. -->","yoast_head_json":{"title":"Kejsi Tola: Flaka nuk vjen me mua - Lajme nga Ulqini","description":"Kejsi Tola do t\u00eb jet\u00eb k\u00ebng\u00ebtarja konkurrente m\u00eb e vog\u00ebl k\u00ebt\u00eb vit n\u00eb Eurovizion. Sapo \u00ebsht\u00eb kthyer nga Gjermania, ku ka regjistruar k\u00ebng\u00ebn e saj n\u00eb","robots":{"index":"index","follow":"follow","max-snippet":"max-snippet:-1","max-image-preview":"max-image-preview:large","max-video-preview":"max-video-preview:-1"},"canonical":"https:\/\/www.visit-ulcinj.com\/blog\/2009\/03\/08\/tola-flaka-nuk-vjen-me-mua\/","og_locale":"en_US","og_type":"article","og_title":"Kejsi Tola: Flaka nuk vjen me mua - Lajme nga Ulqini","og_description":"Kejsi Tola do t\u00eb jet\u00eb k\u00ebng\u00ebtarja konkurrente m\u00eb e vog\u00ebl k\u00ebt\u00eb vit n\u00eb Eurovizion. Sapo \u00ebsht\u00eb kthyer nga Gjermania, ku ka regjistruar k\u00ebng\u00ebn e saj n\u00eb","og_url":"https:\/\/www.visit-ulcinj.com\/blog\/2009\/03\/08\/tola-flaka-nuk-vjen-me-mua\/","og_site_name":"Lajme nga Ulqini","article_published_time":"2009-03-08T19:16:50+00:00","article_modified_time":"2009-03-08T22:14:07+00:00","og_image":[{"url":"https:\/\/www.visit-ulcinj.com\/blog\/wp-content\/uploads\/2009\/03\/kejsi-tola-150x150.jpg"}],"twitter_misc":{"Written by":"ulqini","Est. reading time":"4 minutes"},"schema":{"@context":"https:\/\/schema.org","@graph":[{"@type":"WebSite","@id":"https:\/\/www.visit-ulcinj.com\/blog\/#website","url":"https:\/\/www.visit-ulcinj.com\/blog\/","name":"Lajme nga Ulqini","description":"Lajme,Vijesti,Ulqini,Ulqin,Crna Gora,Mali i Zi","potentialAction":[{"@type":"SearchAction","target":{"@type":"EntryPoint","urlTemplate":"https:\/\/www.visit-ulcinj.com\/blog\/?s={search_term_string}"},"query-input":"required name=search_term_string"}],"inLanguage":"en-US"},{"@type":"ImageObject","inLanguage":"en-US","@id":"https:\/\/www.visit-ulcinj.com\/blog\/2009\/03\/08\/tola-flaka-nuk-vjen-me-mua\/#primaryimage","url":"http:\/\/www.visit-ulcinj.com\/blog\/wp-content\/uploads\/2009\/03\/kejsi_tola.jpg","contentUrl":"http:\/\/www.visit-ulcinj.com\/blog\/wp-content\/uploads\/2009\/03\/kejsi_tola.jpg"},{"@type":"WebPage","@id":"https:\/\/www.visit-ulcinj.com\/blog\/2009\/03\/08\/tola-flaka-nuk-vjen-me-mua\/#webpage","url":"https:\/\/www.visit-ulcinj.com\/blog\/2009\/03\/08\/tola-flaka-nuk-vjen-me-mua\/","name":"Kejsi Tola: Flaka nuk vjen me mua - Lajme nga Ulqini","isPartOf":{"@id":"https:\/\/www.visit-ulcinj.com\/blog\/#website"},"primaryImageOfPage":{"@id":"https:\/\/www.visit-ulcinj.com\/blog\/2009\/03\/08\/tola-flaka-nuk-vjen-me-mua\/#primaryimage"},"datePublished":"2009-03-08T19:16:50+00:00","dateModified":"2009-03-08T22:14:07+00:00","author":{"@id":"https:\/\/www.visit-ulcinj.com\/blog\/#\/schema\/person\/dcab619c614d3038751c63bc2aadc06d"},"description":"Kejsi Tola do t\u00eb jet\u00eb k\u00ebng\u00ebtarja konkurrente m\u00eb e vog\u00ebl k\u00ebt\u00eb vit n\u00eb Eurovizion. Sapo \u00ebsht\u00eb kthyer nga Gjermania, ku ka regjistruar k\u00ebng\u00ebn e saj n\u00eb","breadcrumb":{"@id":"https:\/\/www.visit-ulcinj.com\/blog\/2009\/03\/08\/tola-flaka-nuk-vjen-me-mua\/#breadcrumb"},"inLanguage":"en-US","potentialAction":[{"@type":"ReadAction","target":["https:\/\/www.visit-ulcinj.com\/blog\/2009\/03\/08\/tola-flaka-nuk-vjen-me-mua\/"]}]},{"@type":"BreadcrumbList","@id":"https:\/\/www.visit-ulcinj.com\/blog\/2009\/03\/08\/tola-flaka-nuk-vjen-me-mua\/#breadcrumb","itemListElement":[{"@type":"ListItem","position":1,"name":"Kejsi Tola: Flaka nuk vjen me mua"}]},{"@type":"Person","@id":"https:\/\/www.visit-ulcinj.com\/blog\/#\/schema\/person\/dcab619c614d3038751c63bc2aadc06d","name":"ulqini","sameAs":["http:\/\/www.visit-ulcinj.com"],"url":"https:\/\/www.visit-ulcinj.com\/blog\/author\/admin\/"}]}},"jetpack_featured_media_url":"","jetpack_sharing_enabled":true,"jetpack_shortlink":"https:\/\/wp.me\/pe6lTn-3vc","_links":{"self":[{"href":"https:\/\/www.visit-ulcinj.com\/blog\/wp-json\/wp\/v2\/posts\/13466"}],"collection":[{"href":"https:\/\/www.visit-ulcinj.com\/blog\/wp-json\/wp\/v2\/posts"}],"about":[{"href":"https:\/\/www.visit-ulcinj.com\/blog\/wp-json\/wp\/v2\/types\/post"}],"author":[{"embeddable":true,"href":"https:\/\/www.visit-ulcinj.com\/blog\/wp-json\/wp\/v2\/users\/1"}],"replies":[{"embeddable":true,"href":"https:\/\/www.visit-ulcinj.com\/blog\/wp-json\/wp\/v2\/comments?post=13466"}],"version-history":[{"count":0,"href":"https:\/\/www.visit-ulcinj.com\/blog\/wp-json\/wp\/v2\/posts\/13466\/revisions"}],"wp:attachment":[{"href":"https:\/\/www.visit-ulcinj.com\/blog\/wp-json\/wp\/v2\/media?parent=13466"}],"wp:term":[{"taxonomy":"category","embeddable":true,"href":"https:\/\/www.visit-ulcinj.com\/blog\/wp-json\/wp\/v2\/categories?post=13466"},{"taxonomy":"post_tag","embeddable":true,"href":"https:\/\/www.visit-ulcinj.com\/blog\/wp-json\/wp\/v2\/tags?post=13466"}],"curies":[{"name":"wp","href":"https:\/\/api.w.org\/{rel}","templated":true}]}}